{"id":54410,"date":"2024-09-06T12:01:39","date_gmt":"2024-09-06T15:01:39","guid":{"rendered":"http:\/\/lahoradelcampo.com.uy\/site\/?p=54410"},"modified":"2024-09-06T12:01:40","modified_gmt":"2024-09-06T15:01:40","slug":"indicador-de-lanas-merinas-sube-12-en-el-mercado-sudafricano","status":"publish","type":"post","link":"https:\/\/lahoradelcampo.com.uy\/site\/indicador-de-lanas-merinas-sube-12-en-el-mercado-sudafricano\/","title":{"rendered":"Indicador de lanas merinas sube 1,2% en el mercado sudafricano"},"content":{"rendered":"\n<figure class=\"wp-block-image size-full\"><a href=\"https:\/\/i0.wp.com\/lahoradelcampo.com.uy\/site\/wp-content\/uploads\/2024\/09\/Lana-Sudafrica.jpg\"><img data-recalc-dims=\"1\" loading=\"lazy\" decoding=\"async\" width=\"810\" height=\"405\" data-attachment-id=\"54411\" data-permalink=\"https:\/\/lahoradelcampo.com.uy\/site\/indicador-de-lanas-merinas-sube-12-en-el-mercado-sudafricano\/lana-sudafrica\/\" data-orig-file=\"https:\/\/i0.wp.com\/lahoradelcampo.com.uy\/site\/wp-content\/uploads\/2024\/09\/Lana-Sudafrica.jpg?fit=880%2C440&amp;ssl=1\" data-orig-size=\"880,440\" data-comments-opened=\"1\" data-image-meta=\"{&quot;aperture&quot;:&quot;0&quot;,&quot;credit&quot;:&quot;&quot;,&quot;camera&quot;:&quot;&quot;,&quot;caption&quot;:&quot;&quot;,&quot;created_timestamp&quot;:&quot;0&quot;,&quot;copyright&quot;:&quot;&quot;,&quot;focal_length&quot;:&quot;0&quot;,&quot;iso&quot;:&quot;0&quot;,&quot;shutter_speed&quot;:&quot;0&quot;,&quot;title&quot;:&quot;&quot;,&quot;orientation&quot;:&quot;1&quot;}\" data-image-title=\"Lana-Sudafrica\" data-image-description=\"\" data-image-caption=\"\" data-large-file=\"https:\/\/i0.wp.com\/lahoradelcampo.com.uy\/site\/wp-content\/uploads\/2024\/09\/Lana-Sudafrica.jpg?fit=810%2C405&amp;ssl=1\" src=\"https:\/\/i0.wp.com\/lahoradelcampo.com.uy\/site\/wp-content\/uploads\/2024\/09\/Lana-Sudafrica.jpg?resize=810%2C405\" alt=\"\" class=\"wp-image-54411\" srcset=\"https:\/\/i0.wp.com\/lahoradelcampo.com.uy\/site\/wp-content\/uploads\/2024\/09\/Lana-Sudafrica.jpg?w=880&amp;ssl=1 880w, https:\/\/i0.wp.com\/lahoradelcampo.com.uy\/site\/wp-content\/uploads\/2024\/09\/Lana-Sudafrica.jpg?resize=300%2C150&amp;ssl=1 300w, https:\/\/i0.wp.com\/lahoradelcampo.com.uy\/site\/wp-content\/uploads\/2024\/09\/Lana-Sudafrica.jpg?resize=768%2C384&amp;ssl=1 768w, https:\/\/i0.wp.com\/lahoradelcampo.com.uy\/site\/wp-content\/uploads\/2024\/09\/Lana-Sudafrica.jpg?resize=820%2C410&amp;ssl=1 820w\" sizes=\"auto, (max-width: 810px) 100vw, 810px\" \/><\/a><\/figure>\n\n\n\n<p>El mi\u00e9rcoles 4 de setiembre se realiz\u00f3 la tercera venta de la presente zafra 2024\/25, en el mercado lanero sudafricano, en Port Elizabeth, con un 97,2% de comercializaci\u00f3n seg\u00fan inform\u00f3 Cape Wools. La oferta fue de 5.812 fardos, de las que se retir\u00f3 el 12% previo al inicio de la subasta.<\/p>\n\n\n\n<p>El indicador promedio para las lanas merinas se ubic\u00f3 en 161,24 rands por kilogramo base limpia, marcando as\u00ed un incremento del 1,2% respecto a la venta previa, mientras que las lanas certificadas se ubican en 162,34 rands, un 1% superior al remate pasado. Trasladado a la moneda estadounidense, el indicador merino cerr\u00f3 en US$ 9,01, en tanto que las certificadas en US$ 9,07, subiendo 0,45% y 0,22% respectivamente.<\/p>\n\n\n\n<p>El precio m\u00e1s alto se registr\u00f3 por un lote de 3 fardos de lanas de 16,5 micras, que cotiz\u00f3 en 286,54 rands por kilogramo base limpia, lo que representa US$ 16,01. Se trata de un lote con las dos certificaciones RWS y Sustainable Cape Wool Standard.<\/p>\n\n\n\n<p>En este sentido, las lanas certificadas, representaron el 66,7% de la oferta, y contin\u00faan se\u00f1alando una tendencia positiva y con diferencias de precios que llegaron en esta oportunidad hasta 8,58% en lanas de 17 micras. La diferencia porcentual, ponderada, entre las lanas merinas certificadas y las que no, fue de 2,03%.<\/p>\n\n\n\n<p>La pr\u00f3xima venta est\u00e1 prevista para el mi\u00e9rcoles 11 de setiembre, con una oferta estimada en 6.029 fardos.<\/p>\n\n\n\n<p>Salto, 6 de setiembre de 2024<\/p>\n","protected":false},"excerpt":{"rendered":"<p>El mi\u00e9rcoles 4 de setiembre se realiz\u00f3 la tercera venta de la presente zafra 2024\/25, en el mercado lanero sudafricano, en Port Elizabeth, con un 97,2% de comercializaci\u00f3n seg\u00fan inform\u00f3 [&hellip;]<\/p>\n","protected":false},"author":5,"featured_media":54411,"comment_status":"open","ping_status":"open","sticky":false,"template":"","format":"standard","meta":{"_price":"","_stock":"","_tribe_ticket_header":"","_tribe_default_ticket_provider":"","_tribe_ticket_capacity":"0","_ticket_start_date":"","_ticket_end_date":"","_tribe_ticket_show_description":"","_tribe_ticket_show_not_going":false,"_tribe_ticket_use_global_stock":"","_tribe_ticket_global_stock_level":"","_global_stock_mode":"","_global_stock_cap":"","_tribe_rsvp_for_event":"","_tribe_ticket_going_count":"","_tribe_ticket_not_going_count":"","_tribe_tickets_list":"[]","_tribe_ticket_has_attendee_info_fields":false,"h5ap_radio_sources":[],"_jetpack_newsletter_access":"","_jetpack_dont_email_post_to_subs":false,"_jetpack_newsletter_tier_id":0,"_jetpack_memberships_contains_paywalled_content":false,"_jetpack_memberships_contains_paid_content":false,"footnotes":""},"categories":[21,13],"tags":[],"class_list":["post-54410","post","type-post","status-publish","format-standard","has-post-thumbnail","hentry","category-actualidad","category-ovinos"],"jetpack_featured_media_url":"https:\/\/i0.wp.com\/lahoradelcampo.com.uy\/site\/wp-content\/uploads\/2024\/09\/Lana-Sudafrica.jpg?fit=880%2C440&ssl=1","jetpack_sharing_enabled":true,"jetpack_shortlink":"https:\/\/wp.me\/p99IaT-e9A","jetpack-related-posts":[{"id":54337,"url":"https:\/\/lahoradelcampo.com.uy\/site\/lanas-certificadas-cotizaron-338-mas-en-el-mercado-sudafricano\/","url_meta":{"origin":54410,"position":0},"title":"Lanas certificadas cotizaron 3,38% m\u00e1s en el mercado sudafricano","author":"La Hora del Campo","date":"30 agosto, 2024","format":false,"excerpt":"La segunda venta de la zafra 2024\/25 del mercado de Port Elizabeth, en Sud\u00e1frica, se llev\u00f3 a cabo el mi\u00e9rcoles 28 de agosto, con un total de 5.454 fardos. La venta se destac\u00f3 por la creciente presencia de lanas certificadas, que representaron el 56,7% de las lanas merinas ofertadas. Sin\u2026","rel":"","context":"En \u00abActualidad\u00bb","block_context":{"text":"Actualidad","link":"https:\/\/lahoradelcampo.com.uy\/site\/category\/actualidad\/"},"img":{"alt_text":"","src":"https:\/\/i0.wp.com\/lahoradelcampo.com.uy\/site\/wp-content\/uploads\/2024\/08\/Sudafrica-lanas.jpg?fit=880%2C440&ssl=1&resize=350%2C200","width":350,"height":200,"srcset":"https:\/\/i0.wp.com\/lahoradelcampo.com.uy\/site\/wp-content\/uploads\/2024\/08\/Sudafrica-lanas.jpg?fit=880%2C440&ssl=1&resize=350%2C200 1x, https:\/\/i0.wp.com\/lahoradelcampo.com.uy\/site\/wp-content\/uploads\/2024\/08\/Sudafrica-lanas.jpg?fit=880%2C440&ssl=1&resize=525%2C300 1.5x, https:\/\/i0.wp.com\/lahoradelcampo.com.uy\/site\/wp-content\/uploads\/2024\/08\/Sudafrica-lanas.jpg?fit=880%2C440&ssl=1&resize=700%2C400 2x"},"classes":[]},{"id":54536,"url":"https:\/\/lahoradelcampo.com.uy\/site\/indicador-de-lanas-merinas-subio-01-en-sudafrica\/","url_meta":{"origin":54410,"position":1},"title":"Indicador de lanas merinas subi\u00f3 0,1% en Sud\u00e1frica","author":"La Hora del Campo","date":"12 septiembre, 2024","format":false,"excerpt":"La cuarta venta de la zafra 2024\/25 en el mercado lanero sudafricano, realizada el mi\u00e9rcoles 11 de septiembre de 2024, present\u00f3 una oferta reducida de 5.579 fardos, principalmente de lanas merinas finas y con buen largo de mecha. Dentro de esa oferta el 80,5% eran lanas merinas certificadas. La venta\u2026","rel":"","context":"En \u00abActualidad\u00bb","block_context":{"text":"Actualidad","link":"https:\/\/lahoradelcampo.com.uy\/site\/category\/actualidad\/"},"img":{"alt_text":"","src":"https:\/\/i0.wp.com\/lahoradelcampo.com.uy\/site\/wp-content\/uploads\/2024\/09\/Sudafrica-lanas-2.jpg?fit=880%2C440&ssl=1&resize=350%2C200","width":350,"height":200,"srcset":"https:\/\/i0.wp.com\/lahoradelcampo.com.uy\/site\/wp-content\/uploads\/2024\/09\/Sudafrica-lanas-2.jpg?fit=880%2C440&ssl=1&resize=350%2C200 1x, https:\/\/i0.wp.com\/lahoradelcampo.com.uy\/site\/wp-content\/uploads\/2024\/09\/Sudafrica-lanas-2.jpg?fit=880%2C440&ssl=1&resize=525%2C300 1.5x, https:\/\/i0.wp.com\/lahoradelcampo.com.uy\/site\/wp-content\/uploads\/2024\/09\/Sudafrica-lanas-2.jpg?fit=880%2C440&ssl=1&resize=700%2C400 2x"},"classes":[]},{"id":54611,"url":"https:\/\/lahoradelcampo.com.uy\/site\/indicador-merino-en-sudafrica-subio-levemente-en-dolares\/","url_meta":{"origin":54410,"position":2},"title":"Indicador merino en Sud\u00e1frica subi\u00f3 levemente en d\u00f3lares","author":"La Hora del Campo","date":"20 septiembre, 2024","format":false,"excerpt":"El mercado lanero sudafricano celebr\u00f3 la quinta venta de la presente zafra 24\/25, el pasado jueves 18 de setiembre, con una oferta de 7.623 fardos, con un 97,7% de colocaci\u00f3n. De ese volumen, el 68% correspondi\u00f3 a lanas merinas certificadas RWS, en este contexto, las lanas por debajo de las\u2026","rel":"","context":"En \u00abActualidad\u00bb","block_context":{"text":"Actualidad","link":"https:\/\/lahoradelcampo.com.uy\/site\/category\/actualidad\/"},"img":{"alt_text":"","src":"https:\/\/i0.wp.com\/lahoradelcampo.com.uy\/site\/wp-content\/uploads\/2024\/09\/Sudafrica-lanas3.jpg?fit=880%2C440&ssl=1&resize=350%2C200","width":350,"height":200,"srcset":"https:\/\/i0.wp.com\/lahoradelcampo.com.uy\/site\/wp-content\/uploads\/2024\/09\/Sudafrica-lanas3.jpg?fit=880%2C440&ssl=1&resize=350%2C200 1x, https:\/\/i0.wp.com\/lahoradelcampo.com.uy\/site\/wp-content\/uploads\/2024\/09\/Sudafrica-lanas3.jpg?fit=880%2C440&ssl=1&resize=525%2C300 1.5x, https:\/\/i0.wp.com\/lahoradelcampo.com.uy\/site\/wp-content\/uploads\/2024\/09\/Sudafrica-lanas3.jpg?fit=880%2C440&ssl=1&resize=700%2C400 2x"},"classes":[]},{"id":53213,"url":"https:\/\/lahoradelcampo.com.uy\/site\/otra-semana-muy-positiva-para-el-mercado-lanero-australiano\/","url_meta":{"origin":54410,"position":3},"title":"Otra semana muy positiva para el mercado lanero australiano","author":"La Hora del Campo","date":"24 noviembre, 2023","format":false,"excerpt":"Segunda semana muy positiva para el Indicador de Mercados del Este (IME), con una fuerte suba de valores en ambas monedas. El mercado contin\u00faa mostrando una predisposici\u00f3n por adquirir lanas merinas, por sobre las lanas medias y gruesas, aunque los niveles de comercializaci\u00f3n contin\u00faan siendo porcentualmente altos. La demanda se\u2026","rel":"","context":"En \u00abActualidad\u00bb","block_context":{"text":"Actualidad","link":"https:\/\/lahoradelcampo.com.uy\/site\/category\/actualidad\/"},"img":{"alt_text":"","src":"https:\/\/i0.wp.com\/lahoradelcampo.com.uy\/site\/wp-content\/uploads\/2023\/01\/Lana-Australia1.jpg?fit=880%2C440&ssl=1&resize=350%2C200","width":350,"height":200,"srcset":"https:\/\/i0.wp.com\/lahoradelcampo.com.uy\/site\/wp-content\/uploads\/2023\/01\/Lana-Australia1.jpg?fit=880%2C440&ssl=1&resize=350%2C200 1x, https:\/\/i0.wp.com\/lahoradelcampo.com.uy\/site\/wp-content\/uploads\/2023\/01\/Lana-Australia1.jpg?fit=880%2C440&ssl=1&resize=525%2C300 1.5x, https:\/\/i0.wp.com\/lahoradelcampo.com.uy\/site\/wp-content\/uploads\/2023\/01\/Lana-Australia1.jpg?fit=880%2C440&ssl=1&resize=700%2C400 2x"},"classes":[]},{"id":47585,"url":"https:\/\/lahoradelcampo.com.uy\/site\/la-primera-semana-de-diciembre-en-australia-fue-excelente-para-las-lanas\/","url_meta":{"origin":54410,"position":4},"title":"La primera semana de diciembre en Australia fue excelente para las lanas","author":"La Hora del Campo","date":"12 diciembre, 2022","format":false,"excerpt":"La pasada semana, la primera del mes de diciembre, tuvo tres d\u00edas de ventas y el mercado registr\u00f3 un comportamiento alcista donde se visualiz\u00f3 subas en todos los micronajes y para todas las calidades de la fibra. La demanda si bien contin\u00faa focalizada en lanas de excelente calidad, con buen\u2026","rel":"","context":"En \u00abOvinos\u00bb","block_context":{"text":"Ovinos","link":"https:\/\/lahoradelcampo.com.uy\/site\/category\/ovinos\/"},"img":{"alt_text":"","src":"https:\/\/i0.wp.com\/lahoradelcampo.com.uy\/site\/wp-content\/uploads\/2021\/06\/lanaaustralia1.jpg?fit=880%2C440&ssl=1&resize=350%2C200","width":350,"height":200,"srcset":"https:\/\/i0.wp.com\/lahoradelcampo.com.uy\/site\/wp-content\/uploads\/2021\/06\/lanaaustralia1.jpg?fit=880%2C440&ssl=1&resize=350%2C200 1x, https:\/\/i0.wp.com\/lahoradelcampo.com.uy\/site\/wp-content\/uploads\/2021\/06\/lanaaustralia1.jpg?fit=880%2C440&ssl=1&resize=525%2C300 1.5x, https:\/\/i0.wp.com\/lahoradelcampo.com.uy\/site\/wp-content\/uploads\/2021\/06\/lanaaustralia1.jpg?fit=880%2C440&ssl=1&resize=700%2C400 2x"},"classes":[]},{"id":4389,"url":"https:\/\/lahoradelcampo.com.uy\/site\/ime-quebro-la-tendencia-bajista\/","url_meta":{"origin":54410,"position":5},"title":"IME quebr\u00f3 la tendencia bajista","author":"La Hora del Campo","date":"1 diciembre, 2017","format":false,"excerpt":"En Australia esta semana, luego de un comienzo bajista durante las ventas en el centro de Melbourne el d\u00eda martes, el mercado quebr\u00f3 levemente la tendencia bajista que se ven\u00eda reflejando en la cotizaci\u00f3n del Indicador de Mercados del Este en las \u00faltimas semanas. En la jornada de ayer jueves\u2026","rel":"","context":"En \u00abGanader\u00eda\u00bb","block_context":{"text":"Ganader\u00eda","link":"https:\/\/lahoradelcampo.com.uy\/site\/category\/ganaderia\/"},"img":{"alt_text":"","src":"https:\/\/i0.wp.com\/lahoradelcampo.com.uy\/site\/wp-content\/uploads\/2017\/12\/Lana-australia.jpg?fit=880%2C440&ssl=1&resize=350%2C200","width":350,"height":200,"srcset":"https:\/\/i0.wp.com\/lahoradelcampo.com.uy\/site\/wp-content\/uploads\/2017\/12\/Lana-australia.jpg?fit=880%2C440&ssl=1&resize=350%2C200 1x, https:\/\/i0.wp.com\/lahoradelcampo.com.uy\/site\/wp-content\/uploads\/2017\/12\/Lana-australia.jpg?fit=880%2C440&ssl=1&resize=525%2C300 1.5x, https:\/\/i0.wp.com\/lahoradelcampo.com.uy\/site\/wp-content\/uploads\/2017\/12\/Lana-australia.jpg?fit=880%2C440&ssl=1&resize=700%2C400 2x"},"classes":[]}],"jetpack_likes_enabled":true,"_links":{"self":[{"href":"https:\/\/lahoradelcampo.com.uy\/site\/wp-json\/wp\/v2\/posts\/54410","targetHints":{"allow":["GET"]}}],"collection":[{"href":"https:\/\/lahoradelcampo.com.uy\/site\/wp-json\/wp\/v2\/posts"}],"about":[{"href":"https:\/\/lahoradelcampo.com.uy\/site\/wp-json\/wp\/v2\/types\/post"}],"author":[{"embeddable":true,"href":"https:\/\/lahoradelcampo.com.uy\/site\/wp-json\/wp\/v2\/users\/5"}],"replies":[{"embeddable":true,"href":"https:\/\/lahoradelcampo.com.uy\/site\/wp-json\/wp\/v2\/comments?post=54410"}],"version-history":[{"count":1,"href":"https:\/\/lahoradelcampo.com.uy\/site\/wp-json\/wp\/v2\/posts\/54410\/revisions"}],"predecessor-version":[{"id":54412,"href":"https:\/\/lahoradelcampo.com.uy\/site\/wp-json\/wp\/v2\/posts\/54410\/revisions\/54412"}],"wp:featuredmedia":[{"embeddable":true,"href":"https:\/\/lahoradelcampo.com.uy\/site\/wp-json\/wp\/v2\/media\/54411"}],"wp:attachment":[{"href":"https:\/\/lahoradelcampo.com.uy\/site\/wp-json\/wp\/v2\/media?parent=54410"}],"wp:term":[{"taxonomy":"category","embeddable":true,"href":"https:\/\/lahoradelcampo.com.uy\/site\/wp-json\/wp\/v2\/categories?post=54410"},{"taxonomy":"post_tag","embeddable":true,"href":"https:\/\/lahoradelcampo.com.uy\/site\/wp-json\/wp\/v2\/tags?post=54410"}],"curies":[{"name":"wp","href":"https:\/\/api.w.org\/{rel}","templated":true}]}}