{"id":54407,"date":"2024-09-06T11:57:13","date_gmt":"2024-09-06T14:57:13","guid":{"rendered":"http:\/\/lahoradelcampo.com.uy\/site\/?p=54407"},"modified":"2024-09-06T11:57:14","modified_gmt":"2024-09-06T14:57:14","slug":"nueva-zelanda-el-indicador-en-la-isla-norte-tambien-registro-bajas","status":"publish","type":"post","link":"https:\/\/lahoradelcampo.com.uy\/site\/nueva-zelanda-el-indicador-en-la-isla-norte-tambien-registro-bajas\/","title":{"rendered":"Nueva Zelanda: El indicador en la isla Norte tambi\u00e9n registr\u00f3 bajas"},"content":{"rendered":"\n<figure class=\"wp-block-image size-full\"><a href=\"https:\/\/i0.wp.com\/lahoradelcampo.com.uy\/site\/wp-content\/uploads\/2024\/09\/Lana-NZ-Norte.jpg\"><img data-recalc-dims=\"1\" loading=\"lazy\" decoding=\"async\" width=\"810\" height=\"405\" data-attachment-id=\"54408\" data-permalink=\"https:\/\/lahoradelcampo.com.uy\/site\/nueva-zelanda-el-indicador-en-la-isla-norte-tambien-registro-bajas\/lana-nz-norte\/\" data-orig-file=\"https:\/\/i0.wp.com\/lahoradelcampo.com.uy\/site\/wp-content\/uploads\/2024\/09\/Lana-NZ-Norte.jpg?fit=880%2C440&amp;ssl=1\" data-orig-size=\"880,440\" data-comments-opened=\"1\" data-image-meta=\"{&quot;aperture&quot;:&quot;0&quot;,&quot;credit&quot;:&quot;&quot;,&quot;camera&quot;:&quot;&quot;,&quot;caption&quot;:&quot;&quot;,&quot;created_timestamp&quot;:&quot;0&quot;,&quot;copyright&quot;:&quot;&quot;,&quot;focal_length&quot;:&quot;0&quot;,&quot;iso&quot;:&quot;0&quot;,&quot;shutter_speed&quot;:&quot;0&quot;,&quot;title&quot;:&quot;&quot;,&quot;orientation&quot;:&quot;1&quot;}\" data-image-title=\"Lana-NZ Norte\" data-image-description=\"\" data-image-caption=\"\" data-large-file=\"https:\/\/i0.wp.com\/lahoradelcampo.com.uy\/site\/wp-content\/uploads\/2024\/09\/Lana-NZ-Norte.jpg?fit=810%2C405&amp;ssl=1\" src=\"https:\/\/i0.wp.com\/lahoradelcampo.com.uy\/site\/wp-content\/uploads\/2024\/09\/Lana-NZ-Norte.jpg?resize=810%2C405\" alt=\"\" class=\"wp-image-54408\" srcset=\"https:\/\/i0.wp.com\/lahoradelcampo.com.uy\/site\/wp-content\/uploads\/2024\/09\/Lana-NZ-Norte.jpg?w=880&amp;ssl=1 880w, https:\/\/i0.wp.com\/lahoradelcampo.com.uy\/site\/wp-content\/uploads\/2024\/09\/Lana-NZ-Norte.jpg?resize=300%2C150&amp;ssl=1 300w, https:\/\/i0.wp.com\/lahoradelcampo.com.uy\/site\/wp-content\/uploads\/2024\/09\/Lana-NZ-Norte.jpg?resize=768%2C384&amp;ssl=1 768w, https:\/\/i0.wp.com\/lahoradelcampo.com.uy\/site\/wp-content\/uploads\/2024\/09\/Lana-NZ-Norte.jpg?resize=820%2C410&amp;ssl=1 820w\" sizes=\"auto, (max-width: 810px) 100vw, 810px\" \/><\/a><\/figure>\n\n\n\n<p>Las ventas de lanas esta semana en Napier, en la Isla Norte de Nueva Zelanda, concluy\u00f3 con bajas en el indicador, continuando con la tendencia observada en la venta anterior. Aunque la mayor\u00eda de los tipos de lana se vendieron a favor de los compradores, algunas categor\u00edas especializadas destacaron al generar un inter\u00e9s considerable entre los postores.<\/p>\n\n\n\n<p>Entre los resultados de la operativa, las lanas gruesas de baja calidad cerraron con 6% de bajas, en 3,05 d\u00f3lares neozelandeses (1,89 en d\u00f3lares estadounidenses). Las lanas de buena calidad con un largo de mecha entre 75 y 100 mil\u00edmetros registraron subas del 3%, ubic\u00e1ndose en 3,33 d\u00f3lares neozelandeses (US$ 2,06).<\/p>\n\n\n\n<p>El porcentaje de ventas concretadas alcanz\u00f3 el 88% de la oferta.<\/p>\n\n\n\n<p>Indicador de lana fuerte de la Isla Norte (SWI), contin\u00faa mostrando una tendencia a la baja, siguiendo un patr\u00f3n de debilidad a lo largo del \u00faltimo a\u00f1o.<\/p>\n\n\n\n<p>La pr\u00f3xima venta en la Isla Norte est\u00e1 programada para el 19 de septiembre de 2024, donde se espera que las tendencias recientes se mantengan, a menos que haya un cambio significativo en la demanda o en las condiciones econ\u00f3micas globales.<\/p>\n\n\n\n<p>Salto, 6 de setiembre de 2024<\/p>\n","protected":false},"excerpt":{"rendered":"<p>Las ventas de lanas esta semana en Napier, en la Isla Norte de Nueva Zelanda, concluy\u00f3 con bajas en el indicador, continuando con la tendencia observada en la venta anterior. [&hellip;]<\/p>\n","protected":false},"author":5,"featured_media":54408,"comment_status":"open","ping_status":"open","sticky":false,"template":"","format":"standard","meta":{"_price":"","_stock":"","_tribe_ticket_header":"","_tribe_default_ticket_provider":"","_tribe_ticket_capacity":"0","_ticket_start_date":"","_ticket_end_date":"","_tribe_ticket_show_description":"","_tribe_ticket_show_not_going":false,"_tribe_ticket_use_global_stock":"","_tribe_ticket_global_stock_level":"","_global_stock_mode":"","_global_stock_cap":"","_tribe_rsvp_for_event":"","_tribe_ticket_going_count":"","_tribe_ticket_not_going_count":"","_tribe_tickets_list":"[]","_tribe_ticket_has_attendee_info_fields":false,"h5ap_radio_sources":[],"_jetpack_newsletter_access":"","_jetpack_dont_email_post_to_subs":false,"_jetpack_newsletter_tier_id":0,"_jetpack_memberships_contains_paywalled_content":false,"_jetpack_memberships_contains_paid_content":false,"footnotes":""},"categories":[21,13],"tags":[],"class_list":["post-54407","post","type-post","status-publish","format-standard","has-post-thumbnail","hentry","category-actualidad","category-ovinos"],"jetpack_featured_media_url":"https:\/\/i0.wp.com\/lahoradelcampo.com.uy\/site\/wp-content\/uploads\/2024\/09\/Lana-NZ-Norte.jpg?fit=880%2C440&ssl=1","jetpack_sharing_enabled":true,"jetpack_shortlink":"https:\/\/wp.me\/p99IaT-e9x","jetpack-related-posts":[{"id":54340,"url":"https:\/\/lahoradelcampo.com.uy\/site\/nueva-zelanda-ventas-de-lana-en-la-isla-sur-cierran-con-bajas\/","url_meta":{"origin":54407,"position":0},"title":"Nueva Zelanda: Ventas de lana en la isla Sur cierran con bajas","author":"La Hora del Campo","date":"30 agosto, 2024","format":false,"excerpt":"En la subasta llevada a cabo el 29 de agosto de 2024 en la Isla Sur, el mercado present\u00f3 una din\u00e1mica que mayormente estuvo del lado de los compradores. En esta novena venta de la zafra, registr\u00f3 la primera oferta de lanas finas, lo que atrajo adem\u00e1s la atenci\u00f3n de\u2026","rel":"","context":"En \u00abActualidad\u00bb","block_context":{"text":"Actualidad","link":"https:\/\/lahoradelcampo.com.uy\/site\/category\/actualidad\/"},"img":{"alt_text":"","src":"https:\/\/i0.wp.com\/lahoradelcampo.com.uy\/site\/wp-content\/uploads\/2024\/08\/NZ-lanas.jpg?fit=880%2C440&ssl=1&resize=350%2C200","width":350,"height":200,"srcset":"https:\/\/i0.wp.com\/lahoradelcampo.com.uy\/site\/wp-content\/uploads\/2024\/08\/NZ-lanas.jpg?fit=880%2C440&ssl=1&resize=350%2C200 1x, https:\/\/i0.wp.com\/lahoradelcampo.com.uy\/site\/wp-content\/uploads\/2024\/08\/NZ-lanas.jpg?fit=880%2C440&ssl=1&resize=525%2C300 1.5x, https:\/\/i0.wp.com\/lahoradelcampo.com.uy\/site\/wp-content\/uploads\/2024\/08\/NZ-lanas.jpg?fit=880%2C440&ssl=1&resize=700%2C400 2x"},"classes":[]},{"id":6911,"url":"https:\/\/lahoradelcampo.com.uy\/site\/sul-informo-caida-en-las-referencias-de-la-lana-a-nivel-internacional\/","url_meta":{"origin":54407,"position":1},"title":"SUL inform\u00f3 ca\u00edda en las referencias de la lana a nivel internacional","author":"La Hora del Campo","date":"7 mayo, 2018","format":false,"excerpt":"El Secretariado Uruguayo de la Lana en su informe semanal del mercado lanero, dio a conocer bajas en pr\u00e1cticamente todos los mercados a nivel internacional, en tanto que a nivel pa\u00eds no se dan a conocer negocios. Australia registra bajas cerrando a US$ 13,81 el Indicador de Mercados del Este,\u2026","rel":"","context":"En \u00abActualidad\u00bb","block_context":{"text":"Actualidad","link":"https:\/\/lahoradelcampo.com.uy\/site\/category\/actualidad\/"},"img":{"alt_text":"","src":"https:\/\/i0.wp.com\/lahoradelcampo.com.uy\/site\/wp-content\/uploads\/2018\/05\/Lanas-SUL.jpg?fit=880%2C440&ssl=1&resize=350%2C200","width":350,"height":200,"srcset":"https:\/\/i0.wp.com\/lahoradelcampo.com.uy\/site\/wp-content\/uploads\/2018\/05\/Lanas-SUL.jpg?fit=880%2C440&ssl=1&resize=350%2C200 1x, https:\/\/i0.wp.com\/lahoradelcampo.com.uy\/site\/wp-content\/uploads\/2018\/05\/Lanas-SUL.jpg?fit=880%2C440&ssl=1&resize=525%2C300 1.5x, https:\/\/i0.wp.com\/lahoradelcampo.com.uy\/site\/wp-content\/uploads\/2018\/05\/Lanas-SUL.jpg?fit=880%2C440&ssl=1&resize=700%2C400 2x"},"classes":[]},{"id":54614,"url":"https:\/\/lahoradelcampo.com.uy\/site\/menor-oferta-y-demanda-firme-impulso-los-precios-en-nueva-zelanda\/","url_meta":{"origin":54407,"position":2},"title":"Menor oferta y demanda firme impulso los precios en Nueva Zelanda","author":"La Hora del Campo","date":"20 septiembre, 2024","format":false,"excerpt":"Las ventas en la isla Norte esta semana, cerraron ayer con subas en el promedio, debido a una oferta muy limitada y una demanda que se mantuvo firme. Ayer, 19 de septiembre, la oferta fue alrededor del 40% inferior a lo esperado, en tanto que los compradores se encontraron en\u2026","rel":"","context":"En \u00abActualidad\u00bb","block_context":{"text":"Actualidad","link":"https:\/\/lahoradelcampo.com.uy\/site\/category\/actualidad\/"},"img":{"alt_text":"","src":"https:\/\/i0.wp.com\/lahoradelcampo.com.uy\/site\/wp-content\/uploads\/2024\/09\/NZ-Lanas2.jpg?fit=880%2C440&ssl=1&resize=350%2C200","width":350,"height":200,"srcset":"https:\/\/i0.wp.com\/lahoradelcampo.com.uy\/site\/wp-content\/uploads\/2024\/09\/NZ-Lanas2.jpg?fit=880%2C440&ssl=1&resize=350%2C200 1x, https:\/\/i0.wp.com\/lahoradelcampo.com.uy\/site\/wp-content\/uploads\/2024\/09\/NZ-Lanas2.jpg?fit=880%2C440&ssl=1&resize=525%2C300 1.5x, https:\/\/i0.wp.com\/lahoradelcampo.com.uy\/site\/wp-content\/uploads\/2024\/09\/NZ-Lanas2.jpg?fit=880%2C440&ssl=1&resize=700%2C400 2x"},"classes":[]},{"id":54703,"url":"https:\/\/lahoradelcampo.com.uy\/site\/valores-de-la-lana-rebotan-a-favor-de-los-productores-en-nz\/","url_meta":{"origin":54407,"position":3},"title":"Valores de la lana rebotan a favor de los productores en NZ","author":"La Hora del Campo","date":"27 septiembre, 2024","format":false,"excerpt":"La subasta de lanas del 26 de septiembre de 2024 en la Isla Sur, en Nueva Zelanda, mostr\u00f3 un repunte en los precios, favoreciendo a los productores tras la secuencia de bajas consecutivas. La oferta limitada de lanas cruzas impuls\u00f3 la demanda, lo que gener\u00f3 una intensa competencia entre los\u2026","rel":"","context":"En \u00abActualidad\u00bb","block_context":{"text":"Actualidad","link":"https:\/\/lahoradelcampo.com.uy\/site\/category\/actualidad\/"},"img":{"alt_text":"","src":"https:\/\/i0.wp.com\/lahoradelcampo.com.uy\/site\/wp-content\/uploads\/2024\/09\/NZ-lanas-26-9.jpg?fit=880%2C440&ssl=1&resize=350%2C200","width":350,"height":200,"srcset":"https:\/\/i0.wp.com\/lahoradelcampo.com.uy\/site\/wp-content\/uploads\/2024\/09\/NZ-lanas-26-9.jpg?fit=880%2C440&ssl=1&resize=350%2C200 1x, https:\/\/i0.wp.com\/lahoradelcampo.com.uy\/site\/wp-content\/uploads\/2024\/09\/NZ-lanas-26-9.jpg?fit=880%2C440&ssl=1&resize=525%2C300 1.5x, https:\/\/i0.wp.com\/lahoradelcampo.com.uy\/site\/wp-content\/uploads\/2024\/09\/NZ-lanas-26-9.jpg?fit=880%2C440&ssl=1&resize=700%2C400 2x"},"classes":[]},{"id":53455,"url":"https:\/\/lahoradelcampo.com.uy\/site\/mercado-lanero-australiano-cerro-nueva-semana-con-subas-en-el-ime\/","url_meta":{"origin":54407,"position":4},"title":"Mercado australiano cerr\u00f3 nueva semana con subas en el IME","author":"La Hora del Campo","date":"23 febrero, 2024","format":false,"excerpt":"En una semana de tres jornadas de ventas, el mercado lanero australiano marc\u00f3 subas en el Indicador de Mercados del Este (IME) en las dos primeras jornadas de actividad, ya que el jueves se ofertaron exclusivamente lanas de Nueva Zelanda, lo que no incide en la formaci\u00f3n de los distintos\u2026","rel":"","context":"En \u00abActualidad\u00bb","block_context":{"text":"Actualidad","link":"https:\/\/lahoradelcampo.com.uy\/site\/category\/actualidad\/"},"img":{"alt_text":"","src":"https:\/\/i0.wp.com\/lahoradelcampo.com.uy\/site\/wp-content\/uploads\/2019\/04\/Lanas-Australia.jpg?fit=880%2C440&ssl=1&resize=350%2C200","width":350,"height":200,"srcset":"https:\/\/i0.wp.com\/lahoradelcampo.com.uy\/site\/wp-content\/uploads\/2019\/04\/Lanas-Australia.jpg?fit=880%2C440&ssl=1&resize=350%2C200 1x, https:\/\/i0.wp.com\/lahoradelcampo.com.uy\/site\/wp-content\/uploads\/2019\/04\/Lanas-Australia.jpg?fit=880%2C440&ssl=1&resize=525%2C300 1.5x, https:\/\/i0.wp.com\/lahoradelcampo.com.uy\/site\/wp-content\/uploads\/2019\/04\/Lanas-Australia.jpg?fit=880%2C440&ssl=1&resize=700%2C400 2x"},"classes":[]},{"id":46323,"url":"https:\/\/lahoradelcampo.com.uy\/site\/lanas-en-australia-sumaron-la-novena-semana-consecutiva-a-la-baja\/","url_meta":{"origin":54407,"position":5},"title":"Lanas en Australia sumaron la novena semana consecutiva a la baja","author":"La Hora del Campo","date":"14 octubre, 2022","format":false,"excerpt":"A pesar de la suba al cierre de la semana, en la suma de las dos jornadas de ventas, el mercado lanero australiano alcanz\u00f3 la novena semana consecutiva de bajas en el Indicador de Mercados del Este (IME). La fibra viene con el viento en contra esta zafra, donde el\u2026","rel":"","context":"En \u00abActualidad\u00bb","block_context":{"text":"Actualidad","link":"https:\/\/lahoradelcampo.com.uy\/site\/category\/actualidad\/"},"img":{"alt_text":"","src":"https:\/\/i0.wp.com\/lahoradelcampo.com.uy\/site\/wp-content\/uploads\/2021\/06\/lanaaustralia1.jpg?fit=880%2C440&ssl=1&resize=350%2C200","width":350,"height":200,"srcset":"https:\/\/i0.wp.com\/lahoradelcampo.com.uy\/site\/wp-content\/uploads\/2021\/06\/lanaaustralia1.jpg?fit=880%2C440&ssl=1&resize=350%2C200 1x, https:\/\/i0.wp.com\/lahoradelcampo.com.uy\/site\/wp-content\/uploads\/2021\/06\/lanaaustralia1.jpg?fit=880%2C440&ssl=1&resize=525%2C300 1.5x, https:\/\/i0.wp.com\/lahoradelcampo.com.uy\/site\/wp-content\/uploads\/2021\/06\/lanaaustralia1.jpg?fit=880%2C440&ssl=1&resize=700%2C400 2x"},"classes":[]}],"jetpack_likes_enabled":true,"_links":{"self":[{"href":"https:\/\/lahoradelcampo.com.uy\/site\/wp-json\/wp\/v2\/posts\/54407","targetHints":{"allow":["GET"]}}],"collection":[{"href":"https:\/\/lahoradelcampo.com.uy\/site\/wp-json\/wp\/v2\/posts"}],"about":[{"href":"https:\/\/lahoradelcampo.com.uy\/site\/wp-json\/wp\/v2\/types\/post"}],"author":[{"embeddable":true,"href":"https:\/\/lahoradelcampo.com.uy\/site\/wp-json\/wp\/v2\/users\/5"}],"replies":[{"embeddable":true,"href":"https:\/\/lahoradelcampo.com.uy\/site\/wp-json\/wp\/v2\/comments?post=54407"}],"version-history":[{"count":1,"href":"https:\/\/lahoradelcampo.com.uy\/site\/wp-json\/wp\/v2\/posts\/54407\/revisions"}],"predecessor-version":[{"id":54409,"href":"https:\/\/lahoradelcampo.com.uy\/site\/wp-json\/wp\/v2\/posts\/54407\/revisions\/54409"}],"wp:featuredmedia":[{"embeddable":true,"href":"https:\/\/lahoradelcampo.com.uy\/site\/wp-json\/wp\/v2\/media\/54408"}],"wp:attachment":[{"href":"https:\/\/lahoradelcampo.com.uy\/site\/wp-json\/wp\/v2\/media?parent=54407"}],"wp:term":[{"taxonomy":"category","embeddable":true,"href":"https:\/\/lahoradelcampo.com.uy\/site\/wp-json\/wp\/v2\/categories?post=54407"},{"taxonomy":"post_tag","embeddable":true,"href":"https:\/\/lahoradelcampo.com.uy\/site\/wp-json\/wp\/v2\/tags?post=54407"}],"curies":[{"name":"wp","href":"https:\/\/api.w.org\/{rel}","templated":true}]}}