{"id":54402,"date":"2024-09-04T07:02:02","date_gmt":"2024-09-04T10:02:02","guid":{"rendered":"http:\/\/lahoradelcampo.com.uy\/site\/?p=54402"},"modified":"2024-09-04T07:02:03","modified_gmt":"2024-09-04T10:02:03","slug":"inac-con-una-propuesta-educativa-en-la-expo-prado","status":"publish","type":"post","link":"https:\/\/lahoradelcampo.com.uy\/site\/inac-con-una-propuesta-educativa-en-la-expo-prado\/","title":{"rendered":"INAC con una propuesta educativa en la Expo Prado"},"content":{"rendered":"\n<figure class=\"wp-block-image size-full\"><a href=\"https:\/\/i0.wp.com\/lahoradelcampo.com.uy\/site\/wp-content\/uploads\/2024\/09\/Stand-INAC.jpg\"><img data-recalc-dims=\"1\" loading=\"lazy\" decoding=\"async\" width=\"810\" height=\"405\" data-attachment-id=\"54405\" data-permalink=\"https:\/\/lahoradelcampo.com.uy\/site\/inac-con-una-propuesta-educativa-en-la-expo-prado\/stand-inac\/\" data-orig-file=\"https:\/\/i0.wp.com\/lahoradelcampo.com.uy\/site\/wp-content\/uploads\/2024\/09\/Stand-INAC.jpg?fit=880%2C440&amp;ssl=1\" data-orig-size=\"880,440\" data-comments-opened=\"1\" data-image-meta=\"{&quot;aperture&quot;:&quot;0&quot;,&quot;credit&quot;:&quot;&quot;,&quot;camera&quot;:&quot;&quot;,&quot;caption&quot;:&quot;&quot;,&quot;created_timestamp&quot;:&quot;0&quot;,&quot;copyright&quot;:&quot;&quot;,&quot;focal_length&quot;:&quot;0&quot;,&quot;iso&quot;:&quot;0&quot;,&quot;shutter_speed&quot;:&quot;0&quot;,&quot;title&quot;:&quot;&quot;,&quot;orientation&quot;:&quot;1&quot;}\" data-image-title=\"Stand-INAC\" data-image-description=\"\" data-image-caption=\"\" data-large-file=\"https:\/\/i0.wp.com\/lahoradelcampo.com.uy\/site\/wp-content\/uploads\/2024\/09\/Stand-INAC.jpg?fit=810%2C405&amp;ssl=1\" src=\"https:\/\/i0.wp.com\/lahoradelcampo.com.uy\/site\/wp-content\/uploads\/2024\/09\/Stand-INAC.jpg?resize=810%2C405\" alt=\"\" class=\"wp-image-54405\" srcset=\"https:\/\/i0.wp.com\/lahoradelcampo.com.uy\/site\/wp-content\/uploads\/2024\/09\/Stand-INAC.jpg?w=880&amp;ssl=1 880w, https:\/\/i0.wp.com\/lahoradelcampo.com.uy\/site\/wp-content\/uploads\/2024\/09\/Stand-INAC.jpg?resize=300%2C150&amp;ssl=1 300w, https:\/\/i0.wp.com\/lahoradelcampo.com.uy\/site\/wp-content\/uploads\/2024\/09\/Stand-INAC.jpg?resize=768%2C384&amp;ssl=1 768w, https:\/\/i0.wp.com\/lahoradelcampo.com.uy\/site\/wp-content\/uploads\/2024\/09\/Stand-INAC.jpg?resize=820%2C410&amp;ssl=1 820w\" sizes=\"auto, (max-width: 810px) 100vw, 810px\" \/><\/a><\/figure>\n\n\n\n<p>El Instituto Nacional de Carnes (INAC) estar\u00e1 presente en la Expo Prado 2024 con un stand de 360 metros cuadrados, ubicado frente al ruedo, dise\u00f1ado para resaltar la conexi\u00f3n con el campo uruguayo. Este espacio ofrecer\u00e1 una experiencia educativa e inmersiva para escuelas, familias y visitantes en general. Adem\u00e1s, se realizar\u00e1n actividades gastron\u00f3micas lideradas por chefs que cocinar\u00e1n diversos cortes de carne a la parrilla, ense\u00f1ando t\u00e9cnicas de cocci\u00f3n y degustaci\u00f3n.<\/p>\n\n\n\n<p>Las tardes estar\u00e1n animadas con espect\u00e1culos musicales, mientras que en la sala Multiespacio se llevar\u00e1n a cabo dos conferencias relevantes para la cadena c\u00e1rnica, programadas para el 10 y 13 de septiembre, abordando temas de inserci\u00f3n internacional de las carnes uruguayas y cuestiones de inter\u00e9s para la ganader\u00eda y la sociedad.<\/p>\n\n\n\n<figure class=\"wp-block-image size-full\"><a href=\"https:\/\/i0.wp.com\/lahoradelcampo.com.uy\/site\/wp-content\/uploads\/2024\/09\/conferencia10web.jpg\"><img data-recalc-dims=\"1\" loading=\"lazy\" decoding=\"async\" width=\"810\" height=\"810\" data-attachment-id=\"54403\" data-permalink=\"https:\/\/lahoradelcampo.com.uy\/site\/inac-con-una-propuesta-educativa-en-la-expo-prado\/conferencia10web\/\" data-orig-file=\"https:\/\/i0.wp.com\/lahoradelcampo.com.uy\/site\/wp-content\/uploads\/2024\/09\/conferencia10web.jpg?fit=1024%2C1024&amp;ssl=1\" data-orig-size=\"1024,1024\" data-comments-opened=\"1\" data-image-meta=\"{&quot;aperture&quot;:&quot;0&quot;,&quot;credit&quot;:&quot;&quot;,&quot;camera&quot;:&quot;&quot;,&quot;caption&quot;:&quot;&quot;,&quot;created_timestamp&quot;:&quot;0&quot;,&quot;copyright&quot;:&quot;&quot;,&quot;focal_length&quot;:&quot;0&quot;,&quot;iso&quot;:&quot;0&quot;,&quot;shutter_speed&quot;:&quot;0&quot;,&quot;title&quot;:&quot;&quot;,&quot;orientation&quot;:&quot;0&quot;}\" data-image-title=\"conferencia10web\" data-image-description=\"\" data-image-caption=\"\" data-large-file=\"https:\/\/i0.wp.com\/lahoradelcampo.com.uy\/site\/wp-content\/uploads\/2024\/09\/conferencia10web.jpg?fit=810%2C810&amp;ssl=1\" src=\"https:\/\/i0.wp.com\/lahoradelcampo.com.uy\/site\/wp-content\/uploads\/2024\/09\/conferencia10web.jpg?resize=810%2C810\" alt=\"\" class=\"wp-image-54403\" srcset=\"https:\/\/i0.wp.com\/lahoradelcampo.com.uy\/site\/wp-content\/uploads\/2024\/09\/conferencia10web.jpg?w=1024&amp;ssl=1 1024w, https:\/\/i0.wp.com\/lahoradelcampo.com.uy\/site\/wp-content\/uploads\/2024\/09\/conferencia10web.jpg?resize=300%2C300&amp;ssl=1 300w, https:\/\/i0.wp.com\/lahoradelcampo.com.uy\/site\/wp-content\/uploads\/2024\/09\/conferencia10web.jpg?resize=150%2C150&amp;ssl=1 150w, https:\/\/i0.wp.com\/lahoradelcampo.com.uy\/site\/wp-content\/uploads\/2024\/09\/conferencia10web.jpg?resize=768%2C768&amp;ssl=1 768w, https:\/\/i0.wp.com\/lahoradelcampo.com.uy\/site\/wp-content\/uploads\/2024\/09\/conferencia10web.jpg?resize=45%2C45&amp;ssl=1 45w\" sizes=\"auto, (max-width: 810px) 100vw, 810px\" \/><\/a><\/figure>\n\n\n\n<figure class=\"wp-block-image size-full\"><a href=\"https:\/\/i0.wp.com\/lahoradelcampo.com.uy\/site\/wp-content\/uploads\/2024\/09\/conferencia13web.png\"><img data-recalc-dims=\"1\" loading=\"lazy\" decoding=\"async\" width=\"810\" height=\"810\" data-attachment-id=\"54404\" data-permalink=\"https:\/\/lahoradelcampo.com.uy\/site\/inac-con-una-propuesta-educativa-en-la-expo-prado\/conferencia13web\/\" data-orig-file=\"https:\/\/i0.wp.com\/lahoradelcampo.com.uy\/site\/wp-content\/uploads\/2024\/09\/conferencia13web.png?fit=1024%2C1024&amp;ssl=1\" data-orig-size=\"1024,1024\" data-comments-opened=\"1\" data-image-meta=\"{&quot;aperture&quot;:&quot;0&quot;,&quot;credit&quot;:&quot;&quot;,&quot;camera&quot;:&quot;&quot;,&quot;caption&quot;:&quot;&quot;,&quot;created_timestamp&quot;:&quot;0&quot;,&quot;copyright&quot;:&quot;&quot;,&quot;focal_length&quot;:&quot;0&quot;,&quot;iso&quot;:&quot;0&quot;,&quot;shutter_speed&quot;:&quot;0&quot;,&quot;title&quot;:&quot;&quot;,&quot;orientation&quot;:&quot;0&quot;}\" data-image-title=\"conferencia13web\" data-image-description=\"\" data-image-caption=\"\" data-large-file=\"https:\/\/i0.wp.com\/lahoradelcampo.com.uy\/site\/wp-content\/uploads\/2024\/09\/conferencia13web.png?fit=810%2C810&amp;ssl=1\" src=\"https:\/\/i0.wp.com\/lahoradelcampo.com.uy\/site\/wp-content\/uploads\/2024\/09\/conferencia13web.png?resize=810%2C810\" alt=\"\" class=\"wp-image-54404\" srcset=\"https:\/\/i0.wp.com\/lahoradelcampo.com.uy\/site\/wp-content\/uploads\/2024\/09\/conferencia13web.png?w=1024&amp;ssl=1 1024w, https:\/\/i0.wp.com\/lahoradelcampo.com.uy\/site\/wp-content\/uploads\/2024\/09\/conferencia13web.png?resize=300%2C300&amp;ssl=1 300w, https:\/\/i0.wp.com\/lahoradelcampo.com.uy\/site\/wp-content\/uploads\/2024\/09\/conferencia13web.png?resize=150%2C150&amp;ssl=1 150w, https:\/\/i0.wp.com\/lahoradelcampo.com.uy\/site\/wp-content\/uploads\/2024\/09\/conferencia13web.png?resize=768%2C768&amp;ssl=1 768w, https:\/\/i0.wp.com\/lahoradelcampo.com.uy\/site\/wp-content\/uploads\/2024\/09\/conferencia13web.png?resize=45%2C45&amp;ssl=1 45w\" sizes=\"auto, (max-width: 810px) 100vw, 810px\" \/><\/a><\/figure>\n\n\n\n<p>Salto, 4 de setiembre de 2024<\/p>\n","protected":false},"excerpt":{"rendered":"<p>El Instituto Nacional de Carnes (INAC) estar\u00e1 presente en la Expo Prado 2024 con un stand de 360 metros cuadrados, ubicado frente al ruedo, dise\u00f1ado para resaltar la conexi\u00f3n con [&hellip;]<\/p>\n","protected":false},"author":5,"featured_media":54405,"comment_status":"open","ping_status":"open","sticky":false,"template":"","format":"standard","meta":{"_price":"","_stock":"","_tribe_ticket_header":"","_tribe_default_ticket_provider":"","_tribe_ticket_capacity":"0","_ticket_start_date":"","_ticket_end_date":"","_tribe_ticket_show_description":"","_tribe_ticket_show_not_going":false,"_tribe_ticket_use_global_stock":"","_tribe_ticket_global_stock_level":"","_global_stock_mode":"","_global_stock_cap":"","_tribe_rsvp_for_event":"","_tribe_ticket_going_count":"","_tribe_ticket_not_going_count":"","_tribe_tickets_list":"[]","_tribe_ticket_has_attendee_info_fields":false,"h5ap_radio_sources":[],"_jetpack_newsletter_access":"","_jetpack_dont_email_post_to_subs":false,"_jetpack_newsletter_tier_id":0,"_jetpack_memberships_contains_paywalled_content":false,"_jetpack_memberships_contains_paid_content":false,"footnotes":""},"categories":[21,5],"tags":[],"class_list":["post-54402","post","type-post","status-publish","format-standard","has-post-thumbnail","hentry","category-actualidad","category-ganaderia"],"jetpack_featured_media_url":"https:\/\/i0.wp.com\/lahoradelcampo.com.uy\/site\/wp-content\/uploads\/2024\/09\/Stand-INAC.jpg?fit=880%2C440&ssl=1","jetpack_sharing_enabled":true,"jetpack_shortlink":"https:\/\/wp.me\/p99IaT-e9s","jetpack-related-posts":[{"id":34029,"url":"https:\/\/lahoradelcampo.com.uy\/site\/inac-instalo-su-stand-frente-al-ruedo-de-la-expo-prado\/","url_meta":{"origin":54402,"position":0},"title":"INAC instal\u00f3 su stand frente al ruedo de la Expo Prado","author":"La Hora del Campo","date":"13 septiembre, 2021","format":false,"excerpt":"La propuesta del Instituto Nacional de Carnes (INAC), con su stand en el marco de la Expo Prado es acercar informaci\u00f3n a los consumidores sobre nutrici\u00f3n, h\u00e1bitos saludables y ejercicio f\u00edsico, desde las bases de nuestra producci\u00f3n natural de carnes y la importancia de las prote\u00ednas en la dieta. Este\u2026","rel":"","context":"En \u00abActualidad\u00bb","block_context":{"text":"Actualidad","link":"https:\/\/lahoradelcampo.com.uy\/site\/category\/actualidad\/"},"img":{"alt_text":"","src":"https:\/\/i0.wp.com\/lahoradelcampo.com.uy\/site\/wp-content\/uploads\/2021\/09\/INACstand.jpg?fit=880%2C440&ssl=1&resize=350%2C200","width":350,"height":200,"srcset":"https:\/\/i0.wp.com\/lahoradelcampo.com.uy\/site\/wp-content\/uploads\/2021\/09\/INACstand.jpg?fit=880%2C440&ssl=1&resize=350%2C200 1x, https:\/\/i0.wp.com\/lahoradelcampo.com.uy\/site\/wp-content\/uploads\/2021\/09\/INACstand.jpg?fit=880%2C440&ssl=1&resize=525%2C300 1.5x, https:\/\/i0.wp.com\/lahoradelcampo.com.uy\/site\/wp-content\/uploads\/2021\/09\/INACstand.jpg?fit=880%2C440&ssl=1&resize=700%2C400 2x"},"classes":[]},{"id":45453,"url":"https:\/\/lahoradelcampo.com.uy\/site\/inac-propone-un-espacio-educativo-en-la-expo-prado\/","url_meta":{"origin":54402,"position":1},"title":"INAC propone un espacio educativo en la Expo Prado","author":"La Hora del Campo","date":"12 septiembre, 2022","format":false,"excerpt":"La propuesta de este a\u00f1o del stand del Instituto Nacional de Carnes (INAC), esta basada en informar y educar sobre la sostenibilidad de los sistemas productivos que apuntan al cuidado del medioambiente y el impacto de este manejo sobre la calidad de la carne que llega al plato del consumidor\u2026","rel":"","context":"En \u00abActualidad\u00bb","block_context":{"text":"Actualidad","link":"https:\/\/lahoradelcampo.com.uy\/site\/category\/actualidad\/"},"img":{"alt_text":"","src":"https:\/\/i0.wp.com\/lahoradelcampo.com.uy\/site\/wp-content\/uploads\/2022\/09\/INAC-Prado.jpg?fit=880%2C440&ssl=1&resize=350%2C200","width":350,"height":200,"srcset":"https:\/\/i0.wp.com\/lahoradelcampo.com.uy\/site\/wp-content\/uploads\/2022\/09\/INAC-Prado.jpg?fit=880%2C440&ssl=1&resize=350%2C200 1x, https:\/\/i0.wp.com\/lahoradelcampo.com.uy\/site\/wp-content\/uploads\/2022\/09\/INAC-Prado.jpg?fit=880%2C440&ssl=1&resize=525%2C300 1.5x, https:\/\/i0.wp.com\/lahoradelcampo.com.uy\/site\/wp-content\/uploads\/2022\/09\/INAC-Prado.jpg?fit=880%2C440&ssl=1&resize=700%2C400 2x"},"classes":[]},{"id":56816,"url":"https:\/\/lahoradelcampo.com.uy\/site\/biogenesis-bago-exito-en-expo-prado-2025-y-compromiso-renovado-con-la-ganaderia-uruguaya\/","url_meta":{"origin":54402,"position":2},"title":"Biog\u00e9nesis Bag\u00f3: \u00e9xito en Expo Prado 2025 y compromiso renovado con la ganader\u00eda uruguaya","author":"La Hora del Campo","date":"13 septiembre, 2025","format":false,"excerpt":"Biog\u00e9nesis Bag\u00f3 culmin\u00f3 su participaci\u00f3n en la Expo Prado 2025 con un balance altamente positivo, celebrando el inter\u00e9s y la respuesta del sector ganadero, que una vez m\u00e1s reconoci\u00f3 a la compa\u00f1\u00eda como un socio estrat\u00e9gico para el desarrollo de la producci\u00f3n en Uruguay. Durante la muestra, productores, veterinarios y\u2026","rel":"","context":"En \u00abActualidad\u00bb","block_context":{"text":"Actualidad","link":"https:\/\/lahoradelcampo.com.uy\/site\/category\/actualidad\/"},"img":{"alt_text":"","src":"https:\/\/i0.wp.com\/lahoradelcampo.com.uy\/site\/wp-content\/uploads\/2025\/09\/Prado-2025-ignacio-arrospide.jpg?fit=880%2C440&ssl=1&resize=350%2C200","width":350,"height":200,"srcset":"https:\/\/i0.wp.com\/lahoradelcampo.com.uy\/site\/wp-content\/uploads\/2025\/09\/Prado-2025-ignacio-arrospide.jpg?fit=880%2C440&ssl=1&resize=350%2C200 1x, https:\/\/i0.wp.com\/lahoradelcampo.com.uy\/site\/wp-content\/uploads\/2025\/09\/Prado-2025-ignacio-arrospide.jpg?fit=880%2C440&ssl=1&resize=525%2C300 1.5x, https:\/\/i0.wp.com\/lahoradelcampo.com.uy\/site\/wp-content\/uploads\/2025\/09\/Prado-2025-ignacio-arrospide.jpg?fit=880%2C440&ssl=1&resize=700%2C400 2x"},"classes":[]},{"id":19222,"url":"https:\/\/lahoradelcampo.com.uy\/site\/expo-melilla-se-pospone-para-junio-pero-la-expo-prado-se-mantiene-en-setiembre\/","url_meta":{"origin":54402,"position":3},"title":"Expo Melilla se pospone para junio, pero la Expo Prado se mantiene en setiembre","author":"La Hora del Campo","date":"27 abril, 2020","format":false,"excerpt":"La Asociaci\u00f3n Rural del Uruguay comunic\u00f3 en las \u00faltimas horas que pospone la realizaci\u00f3n de Expo Melilla para el mes de junio, aunque sin una fecha determinada. La adversa situaci\u00f3n sanitaria nacional e internacional ha sido fundamental para inclinarse por esta decisi\u00f3n. \u201cTomamos al mes de junio como \u00faltima opci\u00f3n,\u2026","rel":"","context":"En \u00abActualidad\u00bb","block_context":{"text":"Actualidad","link":"https:\/\/lahoradelcampo.com.uy\/site\/category\/actualidad\/"},"img":{"alt_text":"","src":"https:\/\/i0.wp.com\/lahoradelcampo.com.uy\/site\/wp-content\/uploads\/2020\/04\/Expomelilla.jpg?fit=880%2C440&ssl=1&resize=350%2C200","width":350,"height":200,"srcset":"https:\/\/i0.wp.com\/lahoradelcampo.com.uy\/site\/wp-content\/uploads\/2020\/04\/Expomelilla.jpg?fit=880%2C440&ssl=1&resize=350%2C200 1x, https:\/\/i0.wp.com\/lahoradelcampo.com.uy\/site\/wp-content\/uploads\/2020\/04\/Expomelilla.jpg?fit=880%2C440&ssl=1&resize=525%2C300 1.5x, https:\/\/i0.wp.com\/lahoradelcampo.com.uy\/site\/wp-content\/uploads\/2020\/04\/Expomelilla.jpg?fit=880%2C440&ssl=1&resize=700%2C400 2x"},"classes":[]},{"id":50040,"url":"https:\/\/lahoradelcampo.com.uy\/site\/hereford-y-una-iniciativa-que-une-la-ganaderia-y-la-educacion\/","url_meta":{"origin":54402,"position":4},"title":"Hereford y una iniciativa que une la ganader\u00eda y la educaci\u00f3n","author":"La Hora del Campo","date":"18 abril, 2023","format":false,"excerpt":"La Sociedad Criadores de Hereford present\u00f3 una novedosa iniciativa en la Expo Melilla: la Jura de Novillos a Bozal, en colaboraci\u00f3n con la Direcci\u00f3n General de Educaci\u00f3n T\u00e9cnico Profesional (Anep-UTU), Hereford Uruguay, Erro Nutrici\u00f3n Animal, Instituto Nacional de Carnes y Marfrig. Esta iniciativa tiene como objetivo vincular a la gremial\u2026","rel":"","context":"En \u00abActualidad\u00bb","block_context":{"text":"Actualidad","link":"https:\/\/lahoradelcampo.com.uy\/site\/category\/actualidad\/"},"img":{"alt_text":"","src":"https:\/\/i0.wp.com\/lahoradelcampo.com.uy\/site\/wp-content\/uploads\/2023\/04\/Hereford-melilla.jpg?fit=880%2C440&ssl=1&resize=350%2C200","width":350,"height":200,"srcset":"https:\/\/i0.wp.com\/lahoradelcampo.com.uy\/site\/wp-content\/uploads\/2023\/04\/Hereford-melilla.jpg?fit=880%2C440&ssl=1&resize=350%2C200 1x, https:\/\/i0.wp.com\/lahoradelcampo.com.uy\/site\/wp-content\/uploads\/2023\/04\/Hereford-melilla.jpg?fit=880%2C440&ssl=1&resize=525%2C300 1.5x, https:\/\/i0.wp.com\/lahoradelcampo.com.uy\/site\/wp-content\/uploads\/2023\/04\/Hereford-melilla.jpg?fit=880%2C440&ssl=1&resize=700%2C400 2x"},"classes":[]},{"id":51846,"url":"https:\/\/lahoradelcampo.com.uy\/site\/aru-prepara-reservas-de-agua-para-la-expo-prado-2023\/","url_meta":{"origin":54402,"position":5},"title":"ARU prepara reservas de agua para la Expo Prado 2023","author":"La Hora del Campo","date":"19 julio, 2023","format":false,"excerpt":"La Expo Prado, uno de los eventos m\u00e1s importantes del sector agropecuario en Uruguay, se acerca y trae consigo expectativas y desaf\u00edos para los organizadores. El Ing. Agr. Patricio Cortabarr\u00eda, presidente de la Asociaci\u00f3n Rural del Uruguay (ARU), se\u00f1al\u00f3 que uno de los m\u00e1s importantes retos que tendr\u00e1 la gremial,\u2026","rel":"","context":"En \u00abActualidad\u00bb","block_context":{"text":"Actualidad","link":"https:\/\/lahoradelcampo.com.uy\/site\/category\/actualidad\/"},"img":{"alt_text":"","src":"https:\/\/i0.wp.com\/lahoradelcampo.com.uy\/site\/wp-content\/uploads\/2023\/07\/ARU-prado1.jpg?fit=880%2C440&ssl=1&resize=350%2C200","width":350,"height":200,"srcset":"https:\/\/i0.wp.com\/lahoradelcampo.com.uy\/site\/wp-content\/uploads\/2023\/07\/ARU-prado1.jpg?fit=880%2C440&ssl=1&resize=350%2C200 1x, https:\/\/i0.wp.com\/lahoradelcampo.com.uy\/site\/wp-content\/uploads\/2023\/07\/ARU-prado1.jpg?fit=880%2C440&ssl=1&resize=525%2C300 1.5x, https:\/\/i0.wp.com\/lahoradelcampo.com.uy\/site\/wp-content\/uploads\/2023\/07\/ARU-prado1.jpg?fit=880%2C440&ssl=1&resize=700%2C400 2x"},"classes":[]}],"jetpack_likes_enabled":true,"_links":{"self":[{"href":"https:\/\/lahoradelcampo.com.uy\/site\/wp-json\/wp\/v2\/posts\/54402","targetHints":{"allow":["GET"]}}],"collection":[{"href":"https:\/\/lahoradelcampo.com.uy\/site\/wp-json\/wp\/v2\/posts"}],"about":[{"href":"https:\/\/lahoradelcampo.com.uy\/site\/wp-json\/wp\/v2\/types\/post"}],"author":[{"embeddable":true,"href":"https:\/\/lahoradelcampo.com.uy\/site\/wp-json\/wp\/v2\/users\/5"}],"replies":[{"embeddable":true,"href":"https:\/\/lahoradelcampo.com.uy\/site\/wp-json\/wp\/v2\/comments?post=54402"}],"version-history":[{"count":1,"href":"https:\/\/lahoradelcampo.com.uy\/site\/wp-json\/wp\/v2\/posts\/54402\/revisions"}],"predecessor-version":[{"id":54406,"href":"https:\/\/lahoradelcampo.com.uy\/site\/wp-json\/wp\/v2\/posts\/54402\/revisions\/54406"}],"wp:featuredmedia":[{"embeddable":true,"href":"https:\/\/lahoradelcampo.com.uy\/site\/wp-json\/wp\/v2\/media\/54405"}],"wp:attachment":[{"href":"https:\/\/lahoradelcampo.com.uy\/site\/wp-json\/wp\/v2\/media?parent=54402"}],"wp:term":[{"taxonomy":"category","embeddable":true,"href":"https:\/\/lahoradelcampo.com.uy\/site\/wp-json\/wp\/v2\/categories?post=54402"},{"taxonomy":"post_tag","embeddable":true,"href":"https:\/\/lahoradelcampo.com.uy\/site\/wp-json\/wp\/v2\/tags?post=54402"}],"curies":[{"name":"wp","href":"https:\/\/api.w.org\/{rel}","templated":true}]}}