{"id":54400,"date":"2024-09-04T06:54:23","date_gmt":"2024-09-04T09:54:23","guid":{"rendered":"http:\/\/lahoradelcampo.com.uy\/site\/?p=54400"},"modified":"2024-09-04T06:54:24","modified_gmt":"2024-09-04T09:54:24","slug":"abiertas-las-inscripciones-para-el-paspalum-de-oro-2024","status":"publish","type":"post","link":"https:\/\/lahoradelcampo.com.uy\/site\/abiertas-las-inscripciones-para-el-paspalum-de-oro-2024\/","title":{"rendered":"Abiertas las inscripciones para el Paspalum de Oro 2024"},"content":{"rendered":"\n<figure class=\"wp-block-image size-full\"><a href=\"https:\/\/i0.wp.com\/lahoradelcampo.com.uy\/site\/wp-content\/uploads\/2024\/04\/ganados-pastura.jpg\"><img data-recalc-dims=\"1\" loading=\"lazy\" decoding=\"async\" width=\"810\" height=\"405\" data-attachment-id=\"53688\" data-permalink=\"https:\/\/lahoradelcampo.com.uy\/site\/mercado-de-haciendas-estable-y-oferta-pretenciosa\/ganados-pastura-2\/\" data-orig-file=\"https:\/\/i0.wp.com\/lahoradelcampo.com.uy\/site\/wp-content\/uploads\/2024\/04\/ganados-pastura.jpg?fit=880%2C440&amp;ssl=1\" data-orig-size=\"880,440\" data-comments-opened=\"1\" data-image-meta=\"{&quot;aperture&quot;:&quot;0&quot;,&quot;credit&quot;:&quot;&quot;,&quot;camera&quot;:&quot;&quot;,&quot;caption&quot;:&quot;&quot;,&quot;created_timestamp&quot;:&quot;0&quot;,&quot;copyright&quot;:&quot;&quot;,&quot;focal_length&quot;:&quot;0&quot;,&quot;iso&quot;:&quot;0&quot;,&quot;shutter_speed&quot;:&quot;0&quot;,&quot;title&quot;:&quot;&quot;,&quot;orientation&quot;:&quot;1&quot;}\" data-image-title=\"ganados-pastura\" data-image-description=\"\" data-image-caption=\"\" data-large-file=\"https:\/\/i0.wp.com\/lahoradelcampo.com.uy\/site\/wp-content\/uploads\/2024\/04\/ganados-pastura.jpg?fit=810%2C405&amp;ssl=1\" src=\"https:\/\/i0.wp.com\/lahoradelcampo.com.uy\/site\/wp-content\/uploads\/2024\/04\/ganados-pastura.jpg?resize=810%2C405\" alt=\"\" class=\"wp-image-53688\" srcset=\"https:\/\/i0.wp.com\/lahoradelcampo.com.uy\/site\/wp-content\/uploads\/2024\/04\/ganados-pastura.jpg?w=880&amp;ssl=1 880w, https:\/\/i0.wp.com\/lahoradelcampo.com.uy\/site\/wp-content\/uploads\/2024\/04\/ganados-pastura.jpg?resize=300%2C150&amp;ssl=1 300w, https:\/\/i0.wp.com\/lahoradelcampo.com.uy\/site\/wp-content\/uploads\/2024\/04\/ganados-pastura.jpg?resize=768%2C384&amp;ssl=1 768w, https:\/\/i0.wp.com\/lahoradelcampo.com.uy\/site\/wp-content\/uploads\/2024\/04\/ganados-pastura.jpg?resize=820%2C410&amp;ssl=1 820w\" sizes=\"auto, (max-width: 810px) 100vw, 810px\" \/><\/a><\/figure>\n\n\n\n<p>La Mesa de Ganader\u00eda sobre Campo Natural (MGCN) ha lanzado la convocatoria para la quinta edici\u00f3n del \u00abPaspalum de Oro\u00bb, un reconocimiento que destaca a quienes contribuyen significativamente a la ganader\u00eda sobre campo natural en Uruguay.<\/p>\n\n\n\n<p>Las postulaciones estar\u00e1n abiertas hasta el 1 de octubre de 2024 y podr\u00e1n participar ciudadanos uruguayos en las categor\u00edas de Producci\u00f3n, Extensi\u00f3n, Investigaci\u00f3n, Educaci\u00f3n\/Docencia, Comunicaci\u00f3n\/Arte\/Cultura y Revelaci\u00f3n (para menores de 30 a\u00f1os).<\/p>\n\n\n\n<p>El galard\u00f3n se entregar\u00e1 el 11 de noviembre en Merinos, Paysand\u00fa, durante la celebraci\u00f3n del \u00abD\u00eda Nacional del Campo Natural\u00bb.<\/p>\n\n\n\n<p>Los interesados deber\u00e1n postularse a trav\u00e9s del sitio web del Instituto Plan Agropecuario, donde se encuentran las bases y el formulario de inscripci\u00f3n.<\/p>\n\n\n\n<p>Salto, 4 de setiembre de 2024<\/p>\n","protected":false},"excerpt":{"rendered":"<p>La Mesa de Ganader\u00eda sobre Campo Natural (MGCN) ha lanzado la convocatoria para la quinta edici\u00f3n del \u00abPaspalum de Oro\u00bb, un reconocimiento que destaca a quienes contribuyen significativamente a la [&hellip;]<\/p>\n","protected":false},"author":5,"featured_media":53688,"comment_status":"open","ping_status":"open","sticky":false,"template":"","format":"standard","meta":{"_price":"","_stock":"","_tribe_ticket_header":"","_tribe_default_ticket_provider":"","_tribe_ticket_capacity":"0","_ticket_start_date":"","_ticket_end_date":"","_tribe_ticket_show_description":"","_tribe_ticket_show_not_going":false,"_tribe_ticket_use_global_stock":"","_tribe_ticket_global_stock_level":"","_global_stock_mode":"","_global_stock_cap":"","_tribe_rsvp_for_event":"","_tribe_ticket_going_count":"","_tribe_ticket_not_going_count":"","_tribe_tickets_list":"[]","_tribe_ticket_has_attendee_info_fields":false,"h5ap_radio_sources":[],"_jetpack_newsletter_access":"","_jetpack_dont_email_post_to_subs":false,"_jetpack_newsletter_tier_id":0,"_jetpack_memberships_contains_paywalled_content":false,"_jetpack_memberships_contains_paid_content":false,"footnotes":""},"categories":[21,5],"tags":[],"class_list":["post-54400","post","type-post","status-publish","format-standard","has-post-thumbnail","hentry","category-actualidad","category-ganaderia"],"jetpack_featured_media_url":"https:\/\/i0.wp.com\/lahoradelcampo.com.uy\/site\/wp-content\/uploads\/2024\/04\/ganados-pastura.jpg?fit=880%2C440&ssl=1","jetpack_sharing_enabled":true,"jetpack_shortlink":"https:\/\/wp.me\/p99IaT-e9q","jetpack-related-posts":[{"id":24438,"url":"https:\/\/lahoradelcampo.com.uy\/site\/paspalum-de-oro-para-festejar-los-8-anos-de-la-mesa-de-ganaderia-sobre-campo-natural\/","url_meta":{"origin":54400,"position":0},"title":"\u00abPaspalum de oro\u00bb para festejar los 8 a\u00f1os  de la Mesa de ganader\u00eda sobre campo natural","author":"La Hora del Campo","date":"8 octubre, 2020","format":false,"excerpt":"En el marco de los festejos de los 8 a\u00f1os de la Mesa de ganader\u00eda sobre campo natural (MGCN) las instituciones integrantes de la misma convocan a participar de la pimera edici\u00f3n del reconocimiento \"Paspalum de oro\" a quienes hayan hecho una constribuci\u00f3n significativa a la ganader\u00eda sobre campo natural\u2026","rel":"","context":"En \u00abActualidad\u00bb","block_context":{"text":"Actualidad","link":"https:\/\/lahoradelcampo.com.uy\/site\/category\/actualidad\/"},"img":{"alt_text":"","src":"https:\/\/i0.wp.com\/lahoradelcampo.com.uy\/site\/wp-content\/uploads\/2020\/04\/campossemiseco.jpg?fit=880%2C440&ssl=1&resize=350%2C200","width":350,"height":200,"srcset":"https:\/\/i0.wp.com\/lahoradelcampo.com.uy\/site\/wp-content\/uploads\/2020\/04\/campossemiseco.jpg?fit=880%2C440&ssl=1&resize=350%2C200 1x, https:\/\/i0.wp.com\/lahoradelcampo.com.uy\/site\/wp-content\/uploads\/2020\/04\/campossemiseco.jpg?fit=880%2C440&ssl=1&resize=525%2C300 1.5x, https:\/\/i0.wp.com\/lahoradelcampo.com.uy\/site\/wp-content\/uploads\/2020\/04\/campossemiseco.jpg?fit=880%2C440&ssl=1&resize=700%2C400 2x"},"classes":[]},{"id":34571,"url":"https:\/\/lahoradelcampo.com.uy\/site\/se-realiza-este-ano-la-segunda-edicion-del-paspalum-de-oro\/","url_meta":{"origin":54400,"position":1},"title":"Se realiza este a\u00f1o la segunda edici\u00f3n del \u00abPaspalum  de Oro\u00bb","author":"La Hora del Campo","date":"23 septiembre, 2021","format":false,"excerpt":"La Mesa de Ganader\u00eda sobre Campo Natural (MGCN) invita a participar de las postulaciones de la segunda edici\u00f3n del reconocimiento \u201cPaspalum de oro\u201d. Este reconocimiento busca destacar a quienes hayan hecho una contribuci\u00f3n significativa a la ganader\u00eda sobre campo natural del Uruguay. Las postulaciones se recibir\u00e1n hasta el d\u00eda 15\u2026","rel":"","context":"En \u00abActualidad\u00bb","block_context":{"text":"Actualidad","link":"https:\/\/lahoradelcampo.com.uy\/site\/category\/actualidad\/"},"img":{"alt_text":"","src":"https:\/\/i0.wp.com\/lahoradelcampo.com.uy\/site\/wp-content\/uploads\/2021\/09\/Paspalumdeoro.jpg?fit=880%2C440&ssl=1&resize=350%2C200","width":350,"height":200,"srcset":"https:\/\/i0.wp.com\/lahoradelcampo.com.uy\/site\/wp-content\/uploads\/2021\/09\/Paspalumdeoro.jpg?fit=880%2C440&ssl=1&resize=350%2C200 1x, https:\/\/i0.wp.com\/lahoradelcampo.com.uy\/site\/wp-content\/uploads\/2021\/09\/Paspalumdeoro.jpg?fit=880%2C440&ssl=1&resize=525%2C300 1.5x, https:\/\/i0.wp.com\/lahoradelcampo.com.uy\/site\/wp-content\/uploads\/2021\/09\/Paspalumdeoro.jpg?fit=880%2C440&ssl=1&resize=700%2C400 2x"},"classes":[]},{"id":36459,"url":"https:\/\/lahoradelcampo.com.uy\/site\/el-ing-elbio-berreta-recibira-hoy-el-paspalum-de-oro\/","url_meta":{"origin":54400,"position":2},"title":"El Ing. Elbio Berreta recibir\u00e1 hoy el \u00abPaspalum de Oro\u00bb","author":"La Hora del Campo","date":"11 noviembre, 2021","format":false,"excerpt":"En la jornada de hoy se entrega el \"Paspalum\" de Oro a quienes contribuyen a la ganader\u00eda sobre campo natural en nuestro pa\u00eds. La actividad ser\u00e1 transmitida por el canal de YouTube del Ministerio de Ganader\u00eda, Agricultura y Pesca. El acto de entrega de reconocimientos ser\u00e1 a las 14 horas,\u2026","rel":"","context":"En \u00abActualidad\u00bb","block_context":{"text":"Actualidad","link":"https:\/\/lahoradelcampo.com.uy\/site\/category\/actualidad\/"},"img":{"alt_text":"","src":"https:\/\/i0.wp.com\/lahoradelcampo.com.uy\/site\/wp-content\/uploads\/2021\/11\/ElbioBerreta.jpg?fit=880%2C440&ssl=1&resize=350%2C200","width":350,"height":200,"srcset":"https:\/\/i0.wp.com\/lahoradelcampo.com.uy\/site\/wp-content\/uploads\/2021\/11\/ElbioBerreta.jpg?fit=880%2C440&ssl=1&resize=350%2C200 1x, https:\/\/i0.wp.com\/lahoradelcampo.com.uy\/site\/wp-content\/uploads\/2021\/11\/ElbioBerreta.jpg?fit=880%2C440&ssl=1&resize=525%2C300 1.5x, https:\/\/i0.wp.com\/lahoradelcampo.com.uy\/site\/wp-content\/uploads\/2021\/11\/ElbioBerreta.jpg?fit=880%2C440&ssl=1&resize=700%2C400 2x"},"classes":[]},{"id":53113,"url":"https:\/\/lahoradelcampo.com.uy\/site\/campo-natural-el-viernes-10-se-entregaron-los-paspalum-de-oro\/","url_meta":{"origin":54400,"position":3},"title":"Campo Natural: El viernes 10 se entregaron los Paspalum de Oro","author":"La Hora del Campo","date":"16 noviembre, 2023","format":false,"excerpt":"El pasado viernes 10 de noviembre, el Instituto Nacional de Investigaci\u00f3n Agropecuaria (INIA) Tacuaremb\u00f3 fue el escenario de la entrega de los reconocimientos \"Paspalum de Oro\", en el marco del D\u00eda Nacional del Campo Natural, conmemorado cada 11 de noviembre en Uruguay. La jornada conmemorativa, que se instituy\u00f3 en el\u2026","rel":"","context":"En \u00abActualidad\u00bb","block_context":{"text":"Actualidad","link":"https:\/\/lahoradelcampo.com.uy\/site\/category\/actualidad\/"},"img":{"alt_text":"","src":"https:\/\/i0.wp.com\/lahoradelcampo.com.uy\/site\/wp-content\/uploads\/2023\/11\/CampoNatural-Paspalum.jpg?fit=880%2C440&ssl=1&resize=350%2C200","width":350,"height":200,"srcset":"https:\/\/i0.wp.com\/lahoradelcampo.com.uy\/site\/wp-content\/uploads\/2023\/11\/CampoNatural-Paspalum.jpg?fit=880%2C440&ssl=1&resize=350%2C200 1x, https:\/\/i0.wp.com\/lahoradelcampo.com.uy\/site\/wp-content\/uploads\/2023\/11\/CampoNatural-Paspalum.jpg?fit=880%2C440&ssl=1&resize=525%2C300 1.5x, https:\/\/i0.wp.com\/lahoradelcampo.com.uy\/site\/wp-content\/uploads\/2023\/11\/CampoNatural-Paspalum.jpg?fit=880%2C440&ssl=1&resize=700%2C400 2x"},"classes":[]},{"id":25474,"url":"https:\/\/lahoradelcampo.com.uy\/site\/el-ing-rafeal-gallinal-recibio-el-paspalum-de-oro-a-la-produccion\/","url_meta":{"origin":54400,"position":4},"title":"El Ing. Rafeal Gallinal recibi\u00f3 el \u00abPaspalum  de Oro\u00bb a la Producci\u00f3n","author":"La Hora del Campo","date":"13 noviembre, 2020","format":false,"excerpt":"En la jornada de ayer, tal cual se inform\u00f3 previamente en CAMBIO, se realiz\u00f3 la celebraci\u00f3n del D\u00eda Nacional del Campo Natural, en una actividad que cont\u00f3 con la presencia del ministro de Ganader\u00eda, Agricultura y Pesca, Carlos Ma. Uriarte, el ministro de Medioambiente, Adri\u00e1n Pe\u00f1a, el subsecretario del MGAP,\u2026","rel":"","context":"En \u00abActualidad\u00bb","block_context":{"text":"Actualidad","link":"https:\/\/lahoradelcampo.com.uy\/site\/category\/actualidad\/"},"img":{"alt_text":"","src":"https:\/\/i0.wp.com\/lahoradelcampo.com.uy\/site\/wp-content\/uploads\/2020\/11\/Camponatural.jpg?fit=880%2C440&ssl=1&resize=350%2C200","width":350,"height":200,"srcset":"https:\/\/i0.wp.com\/lahoradelcampo.com.uy\/site\/wp-content\/uploads\/2020\/11\/Camponatural.jpg?fit=880%2C440&ssl=1&resize=350%2C200 1x, https:\/\/i0.wp.com\/lahoradelcampo.com.uy\/site\/wp-content\/uploads\/2020\/11\/Camponatural.jpg?fit=880%2C440&ssl=1&resize=525%2C300 1.5x, https:\/\/i0.wp.com\/lahoradelcampo.com.uy\/site\/wp-content\/uploads\/2020\/11\/Camponatural.jpg?fit=880%2C440&ssl=1&resize=700%2C400 2x"},"classes":[]},{"id":55086,"url":"https:\/\/lahoradelcampo.com.uy\/site\/dia-nacional-del-campo-natural-se-realiza-hoy-en-cerro-del-bombero\/","url_meta":{"origin":54400,"position":5},"title":"D\u00eda Nacional del Campo Natural se realiza hoy en \u201cCerro del Bombero\u201d","author":"La Hora del Campo","date":"11 noviembre, 2024","format":false,"excerpt":"En el marco del D\u00eda Nacional del Campo Natural, se realiza la \u00faltima jornada de campo del proyecto Gesti\u00f3n del Pasto y Entrega Paspalum de Oro 2024, actividad a realizarse hoy lunes 11 de noviembre en el establecimiento \u201cCerro del Bombero\u201d de la familia Bazzano Falcone, en la zona de\u2026","rel":"","context":"En \u00abActualidad\u00bb","block_context":{"text":"Actualidad","link":"https:\/\/lahoradelcampo.com.uy\/site\/category\/actualidad\/"},"img":{"alt_text":"","src":"https:\/\/i0.wp.com\/lahoradelcampo.com.uy\/site\/wp-content\/uploads\/2024\/03\/campocolonos.jpg?fit=880%2C440&ssl=1&resize=350%2C200","width":350,"height":200,"srcset":"https:\/\/i0.wp.com\/lahoradelcampo.com.uy\/site\/wp-content\/uploads\/2024\/03\/campocolonos.jpg?fit=880%2C440&ssl=1&resize=350%2C200 1x, https:\/\/i0.wp.com\/lahoradelcampo.com.uy\/site\/wp-content\/uploads\/2024\/03\/campocolonos.jpg?fit=880%2C440&ssl=1&resize=525%2C300 1.5x, https:\/\/i0.wp.com\/lahoradelcampo.com.uy\/site\/wp-content\/uploads\/2024\/03\/campocolonos.jpg?fit=880%2C440&ssl=1&resize=700%2C400 2x"},"classes":[]}],"jetpack_likes_enabled":true,"_links":{"self":[{"href":"https:\/\/lahoradelcampo.com.uy\/site\/wp-json\/wp\/v2\/posts\/54400","targetHints":{"allow":["GET"]}}],"collection":[{"href":"https:\/\/lahoradelcampo.com.uy\/site\/wp-json\/wp\/v2\/posts"}],"about":[{"href":"https:\/\/lahoradelcampo.com.uy\/site\/wp-json\/wp\/v2\/types\/post"}],"author":[{"embeddable":true,"href":"https:\/\/lahoradelcampo.com.uy\/site\/wp-json\/wp\/v2\/users\/5"}],"replies":[{"embeddable":true,"href":"https:\/\/lahoradelcampo.com.uy\/site\/wp-json\/wp\/v2\/comments?post=54400"}],"version-history":[{"count":1,"href":"https:\/\/lahoradelcampo.com.uy\/site\/wp-json\/wp\/v2\/posts\/54400\/revisions"}],"predecessor-version":[{"id":54401,"href":"https:\/\/lahoradelcampo.com.uy\/site\/wp-json\/wp\/v2\/posts\/54400\/revisions\/54401"}],"wp:featuredmedia":[{"embeddable":true,"href":"https:\/\/lahoradelcampo.com.uy\/site\/wp-json\/wp\/v2\/media\/53688"}],"wp:attachment":[{"href":"https:\/\/lahoradelcampo.com.uy\/site\/wp-json\/wp\/v2\/media?parent=54400"}],"wp:term":[{"taxonomy":"category","embeddable":true,"href":"https:\/\/lahoradelcampo.com.uy\/site\/wp-json\/wp\/v2\/categories?post=54400"},{"taxonomy":"post_tag","embeddable":true,"href":"https:\/\/lahoradelcampo.com.uy\/site\/wp-json\/wp\/v2\/tags?post=54400"}],"curies":[{"name":"wp","href":"https:\/\/api.w.org\/{rel}","templated":true}]}}