{"id":54397,"date":"2024-09-04T06:52:34","date_gmt":"2024-09-04T09:52:34","guid":{"rendered":"http:\/\/lahoradelcampo.com.uy\/site\/?p=54397"},"modified":"2024-09-04T06:52:35","modified_gmt":"2024-09-04T09:52:35","slug":"lanas-rws-registran-primas-importantes-en-australia","status":"publish","type":"post","link":"https:\/\/lahoradelcampo.com.uy\/site\/lanas-rws-registran-primas-importantes-en-australia\/","title":{"rendered":"Lanas RWS registran primas importantes en Australia"},"content":{"rendered":"\n<figure class=\"wp-block-image size-full\"><a href=\"https:\/\/i0.wp.com\/lahoradelcampo.com.uy\/site\/wp-content\/uploads\/2024\/09\/Lana-RWS.jpg\"><img data-recalc-dims=\"1\" loading=\"lazy\" decoding=\"async\" width=\"810\" height=\"405\" data-attachment-id=\"54398\" data-permalink=\"https:\/\/lahoradelcampo.com.uy\/site\/lanas-rws-registran-primas-importantes-en-australia\/lana-rws\/\" data-orig-file=\"https:\/\/i0.wp.com\/lahoradelcampo.com.uy\/site\/wp-content\/uploads\/2024\/09\/Lana-RWS.jpg?fit=880%2C440&amp;ssl=1\" data-orig-size=\"880,440\" data-comments-opened=\"1\" data-image-meta=\"{&quot;aperture&quot;:&quot;0&quot;,&quot;credit&quot;:&quot;&quot;,&quot;camera&quot;:&quot;&quot;,&quot;caption&quot;:&quot;&quot;,&quot;created_timestamp&quot;:&quot;0&quot;,&quot;copyright&quot;:&quot;&quot;,&quot;focal_length&quot;:&quot;0&quot;,&quot;iso&quot;:&quot;0&quot;,&quot;shutter_speed&quot;:&quot;0&quot;,&quot;title&quot;:&quot;&quot;,&quot;orientation&quot;:&quot;1&quot;}\" data-image-title=\"Lana RWS\" data-image-description=\"\" data-image-caption=\"\" data-large-file=\"https:\/\/i0.wp.com\/lahoradelcampo.com.uy\/site\/wp-content\/uploads\/2024\/09\/Lana-RWS.jpg?fit=810%2C405&amp;ssl=1\" src=\"https:\/\/i0.wp.com\/lahoradelcampo.com.uy\/site\/wp-content\/uploads\/2024\/09\/Lana-RWS.jpg?resize=810%2C405\" alt=\"\" class=\"wp-image-54398\" srcset=\"https:\/\/i0.wp.com\/lahoradelcampo.com.uy\/site\/wp-content\/uploads\/2024\/09\/Lana-RWS.jpg?w=880&amp;ssl=1 880w, https:\/\/i0.wp.com\/lahoradelcampo.com.uy\/site\/wp-content\/uploads\/2024\/09\/Lana-RWS.jpg?resize=300%2C150&amp;ssl=1 300w, https:\/\/i0.wp.com\/lahoradelcampo.com.uy\/site\/wp-content\/uploads\/2024\/09\/Lana-RWS.jpg?resize=768%2C384&amp;ssl=1 768w, https:\/\/i0.wp.com\/lahoradelcampo.com.uy\/site\/wp-content\/uploads\/2024\/09\/Lana-RWS.jpg?resize=820%2C410&amp;ssl=1 820w\" sizes=\"auto, (max-width: 810px) 100vw, 810px\" \/><\/a><\/figure>\n\n\n\n<p>En los \u00faltimos tres meses, la lana certificada bajo el programa de calidad RWS (Responsible Wool Standard) ha continuado obteniendo primas significativas en el mercado de lana sucia, especialmente en las subastas de Australia y Sud\u00e1frica, seg\u00fan inform\u00f3 esta semana, la consultora australiana Mecardo. <\/p>\n\n\n\n<p>Los datos de Cape Wools para el mercado sudafricano y las subastas australianas muestran que las primas para la lana de merino de 19.5 micrones han experimentado un ligero aumento en los \u00faltimos meses, similar a lo observado en la zafra 2021-2022.<\/p>\n\n\n\n<p>En t\u00e9rminos de impacto de precio, los vellones de lana certificada RWS han mostrado una mediana cercana a los 50 centavos de d\u00f3lares australianos por kilogramo base limpia, con variaciones que dependen de la oferta y la demanda presentes en cada d\u00eda de venta.<\/p>\n\n\n\n<p>En el caso de los vellones merino, de alta calidad, se han visto primas a\u00fan m\u00e1s destacadas, que oscilan entre 100 y 300 centavos de d\u00f3lares australianos por kilogramo base limpia, lo que representa un incremento del 30-35% sobre el precio base.<\/p>\n\n\n\n<p>A pesar de el marcado inter\u00e9s de la demanda, y las primas que se han registrado en el mercado, los vol\u00famenes de oferta en Australia contin\u00faan siendo reducidos.<\/p>\n\n\n\n<p>Pr\u00e1cticamente el 60% de la oferta de lanas merinas certificadas RWS es procedente de Sud\u00e1frica.<\/p>\n\n\n\n<p>Salto, 4 de setiembre de 2024<\/p>\n","protected":false},"excerpt":{"rendered":"<p>En los \u00faltimos tres meses, la lana certificada bajo el programa de calidad RWS (Responsible Wool Standard) ha continuado obteniendo primas significativas en el mercado de lana sucia, especialmente en [&hellip;]<\/p>\n","protected":false},"author":5,"featured_media":54398,"comment_status":"open","ping_status":"open","sticky":false,"template":"","format":"standard","meta":{"_price":"","_stock":"","_tribe_ticket_header":"","_tribe_default_ticket_provider":"","_tribe_ticket_capacity":"0","_ticket_start_date":"","_ticket_end_date":"","_tribe_ticket_show_description":"","_tribe_ticket_show_not_going":false,"_tribe_ticket_use_global_stock":"","_tribe_ticket_global_stock_level":"","_global_stock_mode":"","_global_stock_cap":"","_tribe_rsvp_for_event":"","_tribe_ticket_going_count":"","_tribe_ticket_not_going_count":"","_tribe_tickets_list":"[]","_tribe_ticket_has_attendee_info_fields":false,"h5ap_radio_sources":[],"_jetpack_newsletter_access":"","_jetpack_dont_email_post_to_subs":false,"_jetpack_newsletter_tier_id":0,"_jetpack_memberships_contains_paywalled_content":false,"_jetpack_memberships_contains_paid_content":false,"footnotes":""},"categories":[21,13],"tags":[],"class_list":["post-54397","post","type-post","status-publish","format-standard","has-post-thumbnail","hentry","category-actualidad","category-ovinos"],"jetpack_featured_media_url":"https:\/\/i0.wp.com\/lahoradelcampo.com.uy\/site\/wp-content\/uploads\/2024\/09\/Lana-RWS.jpg?fit=880%2C440&ssl=1","jetpack_sharing_enabled":true,"jetpack_shortlink":"https:\/\/wp.me\/p99IaT-e9n","jetpack-related-posts":[{"id":28292,"url":"https:\/\/lahoradelcampo.com.uy\/site\/lanas-certificadas-non-mulesed-reciben-importantes-primas-en-australia\/","url_meta":{"origin":54397,"position":0},"title":"Lanas certificadas \u00abNon Mulesed\u00bb, reciben  importantes primas en Australia","author":"La Hora del Campo","date":"6 marzo, 2021","format":false,"excerpt":"En los primeros seis meses de subastas de la temporada 2020\/21, se continuaron pagando primas s\u00f3lidas para las lanas con certificaci\u00f3n \"Non Mulesed\", seg\u00fan los datos analizados por Australian Wool Exchange (AWEX) y publicados por el Consejo Nacional de Corredores de Venta de Lana de Australia (NCWSBA, por sus siglas\u2026","rel":"","context":"En \u00abActualidad\u00bb","block_context":{"text":"Actualidad","link":"https:\/\/lahoradelcampo.com.uy\/site\/category\/actualidad\/"},"img":{"alt_text":"","src":"https:\/\/i0.wp.com\/lahoradelcampo.com.uy\/site\/wp-content\/uploads\/2021\/03\/ovinos1.jpg?fit=880%2C440&ssl=1&resize=350%2C200","width":350,"height":200,"srcset":"https:\/\/i0.wp.com\/lahoradelcampo.com.uy\/site\/wp-content\/uploads\/2021\/03\/ovinos1.jpg?fit=880%2C440&ssl=1&resize=350%2C200 1x, https:\/\/i0.wp.com\/lahoradelcampo.com.uy\/site\/wp-content\/uploads\/2021\/03\/ovinos1.jpg?fit=880%2C440&ssl=1&resize=525%2C300 1.5x, https:\/\/i0.wp.com\/lahoradelcampo.com.uy\/site\/wp-content\/uploads\/2021\/03\/ovinos1.jpg?fit=880%2C440&ssl=1&resize=700%2C400 2x"},"classes":[]},{"id":42925,"url":"https:\/\/lahoradelcampo.com.uy\/site\/el-tipo-de-cambio-presiono-fuerte-el-ime-esta-semana\/","url_meta":{"origin":54397,"position":1},"title":"El tipo de cambio presion\u00f3 fuerte el IME esta semana","author":"La Hora del Campo","date":"17 junio, 2022","format":false,"excerpt":"La semana del mercado lanero australiano se vio marcada por la fuerte variaci\u00f3n del tipo de cambio y su impacto en las cotizaciones de la fibra en los diferentes mercados. Tras las fuertes bajas del mi\u00e9rcoles en la moneda norteamericana, el mercado recuper\u00f3 terreno ayer jueves aunque en el balance\u2026","rel":"","context":"En \u00abActualidad\u00bb","block_context":{"text":"Actualidad","link":"https:\/\/lahoradelcampo.com.uy\/site\/category\/actualidad\/"},"img":{"alt_text":"","src":"https:\/\/i0.wp.com\/lahoradelcampo.com.uy\/site\/wp-content\/uploads\/2019\/06\/Lana-australia-1.jpg?fit=880%2C440&ssl=1&resize=350%2C200","width":350,"height":200,"srcset":"https:\/\/i0.wp.com\/lahoradelcampo.com.uy\/site\/wp-content\/uploads\/2019\/06\/Lana-australia-1.jpg?fit=880%2C440&ssl=1&resize=350%2C200 1x, https:\/\/i0.wp.com\/lahoradelcampo.com.uy\/site\/wp-content\/uploads\/2019\/06\/Lana-australia-1.jpg?fit=880%2C440&ssl=1&resize=525%2C300 1.5x, https:\/\/i0.wp.com\/lahoradelcampo.com.uy\/site\/wp-content\/uploads\/2019\/06\/Lana-australia-1.jpg?fit=880%2C440&ssl=1&resize=700%2C400 2x"},"classes":[]},{"id":18388,"url":"https:\/\/lahoradelcampo.com.uy\/site\/cape-wools-suspendio-las-subastas-de-lana-en-sudafrica\/","url_meta":{"origin":54397,"position":2},"title":"Cape Wools suspendi\u00f3 las subastas de lana en Sud\u00e1frica","author":"La Hora del Campo","date":"26 marzo, 2020","format":false,"excerpt":"Una vez que el gobierno sudafricano adopt\u00f3 la cuarentena por 21 d\u00edas, el pasado 23 de marzo, Cape Wools y los corredores del mercado lanero tomaron la decisi\u00f3n \u201cpor dif\u00edcil que sea\u201d de posponer todas las subastas y actividades de lana a partir de esta semana. \u201cComo industria, somos conscientes\u2026","rel":"","context":"En \u00abActualidad\u00bb","block_context":{"text":"Actualidad","link":"https:\/\/lahoradelcampo.com.uy\/site\/category\/actualidad\/"},"img":{"alt_text":"","src":"https:\/\/i0.wp.com\/lahoradelcampo.com.uy\/site\/wp-content\/uploads\/2017\/09\/Lanas-1.jpg?fit=880%2C440&ssl=1&resize=350%2C200","width":350,"height":200,"srcset":"https:\/\/i0.wp.com\/lahoradelcampo.com.uy\/site\/wp-content\/uploads\/2017\/09\/Lanas-1.jpg?fit=880%2C440&ssl=1&resize=350%2C200 1x, https:\/\/i0.wp.com\/lahoradelcampo.com.uy\/site\/wp-content\/uploads\/2017\/09\/Lanas-1.jpg?fit=880%2C440&ssl=1&resize=525%2C300 1.5x, https:\/\/i0.wp.com\/lahoradelcampo.com.uy\/site\/wp-content\/uploads\/2017\/09\/Lanas-1.jpg?fit=880%2C440&ssl=1&resize=700%2C400 2x"},"classes":[]},{"id":56939,"url":"https:\/\/lahoradelcampo.com.uy\/site\/conferencia-lanera-en-nanjing-fue-la-mas-positiva-desde-2018\/","url_meta":{"origin":54397,"position":3},"title":"Conferencia lanera en Nanjing fue \u00abla m\u00e1s positiva\u00bb desde 2018","author":"La Hora del Campo","date":"28 septiembre, 2025","format":false,"excerpt":"La conferencia en el mercado lanero de Nank\u00edn (Nanjing), celebrada en China la pasada semana, fue descripta por las empresas australianas como \"la m\u00e1s positiva y con mejores oportunidades de negocio desde 2018\". Dos grandes factores determinaron esta evaluaci\u00f3n, en primer lugar, los mensajes de una menor oferta en toda\u2026","rel":"","context":"En \u00abActualidad\u00bb","block_context":{"text":"Actualidad","link":"https:\/\/lahoradelcampo.com.uy\/site\/category\/actualidad\/"},"img":{"alt_text":"","src":"https:\/\/i0.wp.com\/lahoradelcampo.com.uy\/site\/wp-content\/uploads\/2025\/09\/Lana-Nanjing.jpg?fit=880%2C440&ssl=1&resize=350%2C200","width":350,"height":200,"srcset":"https:\/\/i0.wp.com\/lahoradelcampo.com.uy\/site\/wp-content\/uploads\/2025\/09\/Lana-Nanjing.jpg?fit=880%2C440&ssl=1&resize=350%2C200 1x, https:\/\/i0.wp.com\/lahoradelcampo.com.uy\/site\/wp-content\/uploads\/2025\/09\/Lana-Nanjing.jpg?fit=880%2C440&ssl=1&resize=525%2C300 1.5x, https:\/\/i0.wp.com\/lahoradelcampo.com.uy\/site\/wp-content\/uploads\/2025\/09\/Lana-Nanjing.jpg?fit=880%2C440&ssl=1&resize=700%2C400 2x"},"classes":[]},{"id":56936,"url":"https:\/\/lahoradelcampo.com.uy\/site\/produccion-mundial-de-fibras-alcanzo-record-en-2024-la-lana-se-mantuvo-sin-cambios\/","url_meta":{"origin":54397,"position":4},"title":"Producci\u00f3n mundial de fibras alcanz\u00f3 r\u00e9cord en 2024, la lana se mantuvo sin cambios","author":"La Hora del Campo","date":"28 septiembre, 2025","format":false,"excerpt":"La producci\u00f3n global de fibras mantuvo su tendencia alcista y alcanz\u00f3 un r\u00e9cord de 132 millones de toneladas en 2024, frente a los 125 millones registrados en 2023, seg\u00fan la 12\u00b0 edici\u00f3n del Textile Exchange's Material Market Report. Este crecimiento estuvo impulsado fundamentalmente por el incremento en la elaboraci\u00f3n de\u2026","rel":"","context":"En \u00abActualidad\u00bb","block_context":{"text":"Actualidad","link":"https:\/\/lahoradelcampo.com.uy\/site\/category\/actualidad\/"},"img":{"alt_text":"","src":"https:\/\/i0.wp.com\/lahoradelcampo.com.uy\/site\/wp-content\/uploads\/2025\/09\/Lanassemana.jpg?fit=880%2C440&ssl=1&resize=350%2C200","width":350,"height":200,"srcset":"https:\/\/i0.wp.com\/lahoradelcampo.com.uy\/site\/wp-content\/uploads\/2025\/09\/Lanassemana.jpg?fit=880%2C440&ssl=1&resize=350%2C200 1x, https:\/\/i0.wp.com\/lahoradelcampo.com.uy\/site\/wp-content\/uploads\/2025\/09\/Lanassemana.jpg?fit=880%2C440&ssl=1&resize=525%2C300 1.5x, https:\/\/i0.wp.com\/lahoradelcampo.com.uy\/site\/wp-content\/uploads\/2025\/09\/Lanassemana.jpg?fit=880%2C440&ssl=1&resize=700%2C400 2x"},"classes":[]},{"id":51411,"url":"https:\/\/lahoradelcampo.com.uy\/site\/en-el-mercado-interno-se-concretan-algunos-negocios\/","url_meta":{"origin":54397,"position":5},"title":"En el mercado interno se concretan algunos negocios","author":"La Hora del Campo","date":"23 junio, 2023","format":false,"excerpt":"Despu\u00e9s de varios meses sin actividad y con frecuentes ausencias de referencias de precios claras para algunos micronajes, se han cerrado algunos negocios durante esta semana. Aunque los precios propuestos por la demanda no siempre cumplen las expectativas de los productores, en los casos en que se acercan las puntas,\u2026","rel":"","context":"En \u00abActualidad\u00bb","block_context":{"text":"Actualidad","link":"https:\/\/lahoradelcampo.com.uy\/site\/category\/actualidad\/"},"img":{"alt_text":"","src":"https:\/\/i0.wp.com\/lahoradelcampo.com.uy\/site\/wp-content\/uploads\/2023\/06\/Lana-uruguay3.jpg?fit=880%2C440&ssl=1&resize=350%2C200","width":350,"height":200,"srcset":"https:\/\/i0.wp.com\/lahoradelcampo.com.uy\/site\/wp-content\/uploads\/2023\/06\/Lana-uruguay3.jpg?fit=880%2C440&ssl=1&resize=350%2C200 1x, https:\/\/i0.wp.com\/lahoradelcampo.com.uy\/site\/wp-content\/uploads\/2023\/06\/Lana-uruguay3.jpg?fit=880%2C440&ssl=1&resize=525%2C300 1.5x, https:\/\/i0.wp.com\/lahoradelcampo.com.uy\/site\/wp-content\/uploads\/2023\/06\/Lana-uruguay3.jpg?fit=880%2C440&ssl=1&resize=700%2C400 2x"},"classes":[]}],"jetpack_likes_enabled":true,"_links":{"self":[{"href":"https:\/\/lahoradelcampo.com.uy\/site\/wp-json\/wp\/v2\/posts\/54397","targetHints":{"allow":["GET"]}}],"collection":[{"href":"https:\/\/lahoradelcampo.com.uy\/site\/wp-json\/wp\/v2\/posts"}],"about":[{"href":"https:\/\/lahoradelcampo.com.uy\/site\/wp-json\/wp\/v2\/types\/post"}],"author":[{"embeddable":true,"href":"https:\/\/lahoradelcampo.com.uy\/site\/wp-json\/wp\/v2\/users\/5"}],"replies":[{"embeddable":true,"href":"https:\/\/lahoradelcampo.com.uy\/site\/wp-json\/wp\/v2\/comments?post=54397"}],"version-history":[{"count":1,"href":"https:\/\/lahoradelcampo.com.uy\/site\/wp-json\/wp\/v2\/posts\/54397\/revisions"}],"predecessor-version":[{"id":54399,"href":"https:\/\/lahoradelcampo.com.uy\/site\/wp-json\/wp\/v2\/posts\/54397\/revisions\/54399"}],"wp:featuredmedia":[{"embeddable":true,"href":"https:\/\/lahoradelcampo.com.uy\/site\/wp-json\/wp\/v2\/media\/54398"}],"wp:attachment":[{"href":"https:\/\/lahoradelcampo.com.uy\/site\/wp-json\/wp\/v2\/media?parent=54397"}],"wp:term":[{"taxonomy":"category","embeddable":true,"href":"https:\/\/lahoradelcampo.com.uy\/site\/wp-json\/wp\/v2\/categories?post=54397"},{"taxonomy":"post_tag","embeddable":true,"href":"https:\/\/lahoradelcampo.com.uy\/site\/wp-json\/wp\/v2\/tags?post=54397"}],"curies":[{"name":"wp","href":"https:\/\/api.w.org\/{rel}","templated":true}]}}