{"id":54394,"date":"2024-09-04T06:44:35","date_gmt":"2024-09-04T09:44:35","guid":{"rendered":"http:\/\/lahoradelcampo.com.uy\/site\/?p=54394"},"modified":"2024-09-04T06:44:36","modified_gmt":"2024-09-04T09:44:36","slug":"mgap-entrego-17-camionetas-nuevas-a-los-servicios-ganaderos","status":"publish","type":"post","link":"https:\/\/lahoradelcampo.com.uy\/site\/mgap-entrego-17-camionetas-nuevas-a-los-servicios-ganaderos\/","title":{"rendered":"MGAP entreg\u00f3 17 camionetas nuevas a los Servicios ganaderos"},"content":{"rendered":"\n<figure class=\"wp-block-image size-full\"><a href=\"https:\/\/i0.wp.com\/lahoradelcampo.com.uy\/site\/wp-content\/uploads\/2024\/09\/MGAP-camionetas.jpg\"><img data-recalc-dims=\"1\" loading=\"lazy\" decoding=\"async\" width=\"810\" height=\"405\" data-attachment-id=\"54395\" data-permalink=\"https:\/\/lahoradelcampo.com.uy\/site\/mgap-entrego-17-camionetas-nuevas-a-los-servicios-ganaderos\/mgap-camionetas\/\" data-orig-file=\"https:\/\/i0.wp.com\/lahoradelcampo.com.uy\/site\/wp-content\/uploads\/2024\/09\/MGAP-camionetas.jpg?fit=880%2C440&amp;ssl=1\" data-orig-size=\"880,440\" data-comments-opened=\"1\" data-image-meta=\"{&quot;aperture&quot;:&quot;0&quot;,&quot;credit&quot;:&quot;&quot;,&quot;camera&quot;:&quot;&quot;,&quot;caption&quot;:&quot;&quot;,&quot;created_timestamp&quot;:&quot;0&quot;,&quot;copyright&quot;:&quot;&quot;,&quot;focal_length&quot;:&quot;0&quot;,&quot;iso&quot;:&quot;0&quot;,&quot;shutter_speed&quot;:&quot;0&quot;,&quot;title&quot;:&quot;&quot;,&quot;orientation&quot;:&quot;1&quot;}\" data-image-title=\"MGAP-camionetas\" data-image-description=\"\" data-image-caption=\"\" data-large-file=\"https:\/\/i0.wp.com\/lahoradelcampo.com.uy\/site\/wp-content\/uploads\/2024\/09\/MGAP-camionetas.jpg?fit=810%2C405&amp;ssl=1\" src=\"https:\/\/i0.wp.com\/lahoradelcampo.com.uy\/site\/wp-content\/uploads\/2024\/09\/MGAP-camionetas.jpg?resize=810%2C405\" alt=\"\" class=\"wp-image-54395\" srcset=\"https:\/\/i0.wp.com\/lahoradelcampo.com.uy\/site\/wp-content\/uploads\/2024\/09\/MGAP-camionetas.jpg?w=880&amp;ssl=1 880w, https:\/\/i0.wp.com\/lahoradelcampo.com.uy\/site\/wp-content\/uploads\/2024\/09\/MGAP-camionetas.jpg?resize=300%2C150&amp;ssl=1 300w, https:\/\/i0.wp.com\/lahoradelcampo.com.uy\/site\/wp-content\/uploads\/2024\/09\/MGAP-camionetas.jpg?resize=768%2C384&amp;ssl=1 768w, https:\/\/i0.wp.com\/lahoradelcampo.com.uy\/site\/wp-content\/uploads\/2024\/09\/MGAP-camionetas.jpg?resize=820%2C410&amp;ssl=1 820w\" sizes=\"auto, (max-width: 810px) 100vw, 810px\" \/><\/a><\/figure>\n\n\n\n<p>El ministro Fernando Mattos, el subsecretario Ignacio Buffa y la directora general Fernanda Maldonado hicieron entrega al director de los Servicios Ganaderos, Diego de Freitas, de 17 de las 90 camionetas que a trav\u00e9s de un convenio con el Instituto Nacional de Carnes pasar\u00e1n a reforzar la flota del MGAP. Mattos dijo que gracias a las gestiones llevadas adelante por esta administraci\u00f3n se est\u00e1 logrando renovar el 50% del total de la flota del ministerio. Explic\u00f3 que algunos veh\u00edculos ten\u00edan entre 400 y 500.000 kms. y m\u00e1s de 20 a\u00f1os de uso por lo cual hab\u00eda una necesidad imperiosa de recambio.<\/p>\n\n\n\n<p>El ministro agradeci\u00f3 especialmente la generosidad del INAC; \u00aben funci\u00f3n de que no ten\u00edamos una l\u00ednea presupuestal para la renovaci\u00f3n vehicular\u00bb. El MGAP cuenta con m\u00e1s de 300 veh\u00edculos. \u00abLa pr\u00f3xima administraci\u00f3n tendr\u00e1 el beneficio de contar con una gran cantidad de m\u00f3viles nuevos lo que permitir\u00e1 trabajar con mayor seguridad y comodidad. En el pr\u00f3ximo presupuesto debe preverse un rubro espec\u00edfico para la renovaci\u00f3n vehicular porque esto no es un gasto, esto es una inversi\u00f3n para brindar un mejor servicio y que los funcionarios puedan trabajar en mejores condiciones\u00bb.<\/p>\n\n\n\n<p>Por su parte, Buffa destac\u00f3 que esta inversi\u00f3n significar\u00e1 bajar \u00ablos enormes costos de mantenimiento a trav\u00e9s de una flota actualizada\u00bb y se\u00f1al\u00f3 que \u00abrealizar traslados adecuados para los funcionarios nos va a permitir adem\u00e1s generar mejor trabajo con y para los productores. Hay que destacar la gesti\u00f3n interna del ministerio y la excelente coordinaci\u00f3n con la institucionalidad agropecuaria, que en este caso le permiti\u00f3 a INAC volcar recursos a la cadena productiva del pa\u00eds\u00bb.<\/p>\n\n\n\n<p>De Freitas felicit\u00f3 el trabajo que realizaron los encargados automotrices del MGAP logrando hacer que los veh\u00edculos anteriores tuvieran un uso que fue m\u00e1s all\u00e1 de lo esperado. \u00abEsta inversi\u00f3n nos hace ahorrar plata porque ya no tenemos que gastar en los permanentes arreglos\u00bb, concluy\u00f3.<\/p>\n\n\n\n<p>Salto, 4 de setiembre de 2024<\/p>\n","protected":false},"excerpt":{"rendered":"<p>El ministro Fernando Mattos, el subsecretario Ignacio Buffa y la directora general Fernanda Maldonado hicieron entrega al director de los Servicios Ganaderos, Diego de Freitas, de 17 de las 90 [&hellip;]<\/p>\n","protected":false},"author":5,"featured_media":54395,"comment_status":"open","ping_status":"open","sticky":false,"template":"","format":"standard","meta":{"_price":"","_stock":"","_tribe_ticket_header":"","_tribe_default_ticket_provider":"","_tribe_ticket_capacity":"0","_ticket_start_date":"","_ticket_end_date":"","_tribe_ticket_show_description":"","_tribe_ticket_show_not_going":false,"_tribe_ticket_use_global_stock":"","_tribe_ticket_global_stock_level":"","_global_stock_mode":"","_global_stock_cap":"","_tribe_rsvp_for_event":"","_tribe_ticket_going_count":"","_tribe_ticket_not_going_count":"","_tribe_tickets_list":"[]","_tribe_ticket_has_attendee_info_fields":false,"h5ap_radio_sources":[],"_jetpack_newsletter_access":"","_jetpack_dont_email_post_to_subs":false,"_jetpack_newsletter_tier_id":0,"_jetpack_memberships_contains_paywalled_content":false,"_jetpack_memberships_contains_paid_content":false,"footnotes":""},"categories":[21,5],"tags":[],"class_list":["post-54394","post","type-post","status-publish","format-standard","has-post-thumbnail","hentry","category-actualidad","category-ganaderia"],"jetpack_featured_media_url":"https:\/\/i0.wp.com\/lahoradelcampo.com.uy\/site\/wp-content\/uploads\/2024\/09\/MGAP-camionetas.jpg?fit=880%2C440&ssl=1","jetpack_sharing_enabled":true,"jetpack_shortlink":"https:\/\/wp.me\/p99IaT-e9k","jetpack-related-posts":[{"id":33002,"url":"https:\/\/lahoradelcampo.com.uy\/site\/irazoqui-y-negri-fueron-presentados-como-asesores-del-mgap\/","url_meta":{"origin":54394,"position":0},"title":"Irazoqui y Negri, fueron presentados como asesores del MGAP","author":"La Hora del Campo","date":"12 agosto, 2021","format":false,"excerpt":"Mattos destac\u00f3 que \"nuestra misi\u00f3n adem\u00e1s de respaldarlos, es presentar una medida importante para reforzar las capacidades t\u00e9cnicas\". En ese sentido se\u00f1al\u00f3 que se convoc\u00f3 como asesores del ministro al Dr. Diego Irazoqui y al Ing. Ricardo Negri. Irazoqui es M\u00e9dico Veterinario de profesi\u00f3n con destacada trayectoria a nivel privado\u2026","rel":"","context":"En \u00abActualidad\u00bb","block_context":{"text":"Actualidad","link":"https:\/\/lahoradelcampo.com.uy\/site\/category\/actualidad\/"},"img":{"alt_text":"","src":"https:\/\/i0.wp.com\/lahoradelcampo.com.uy\/site\/wp-content\/uploads\/2021\/08\/MGAP-Asesores.jpg?fit=880%2C440&ssl=1&resize=350%2C200","width":350,"height":200,"srcset":"https:\/\/i0.wp.com\/lahoradelcampo.com.uy\/site\/wp-content\/uploads\/2021\/08\/MGAP-Asesores.jpg?fit=880%2C440&ssl=1&resize=350%2C200 1x, https:\/\/i0.wp.com\/lahoradelcampo.com.uy\/site\/wp-content\/uploads\/2021\/08\/MGAP-Asesores.jpg?fit=880%2C440&ssl=1&resize=525%2C300 1.5x, https:\/\/i0.wp.com\/lahoradelcampo.com.uy\/site\/wp-content\/uploads\/2021\/08\/MGAP-Asesores.jpg?fit=880%2C440&ssl=1&resize=700%2C400 2x"},"classes":[]},{"id":33971,"url":"https:\/\/lahoradelcampo.com.uy\/site\/uruguay-no-ha-tomado-la-decision-de-dejar-de-vacunar-contra-aftosa\/","url_meta":{"origin":54394,"position":1},"title":"\u00abUruguay no ha tomado la decisi\u00f3n  de dejar de vacunar contra aftosa\u00bb","author":"La Hora del Campo","date":"10 septiembre, 2021","format":false,"excerpt":"El Ministro de Ganader\u00eda, Agricultura y Pesca, Fernando Mattos viaj\u00f3 hacia Brasil, donde en la ma\u00f1ana de este viernes 10, mantendr\u00e1 una reuni\u00f3n de trabajo con su par del vecino pa\u00eds, la ministra del Ministerio Agricultura, Pecuaria y Abastecimiento (MAPA), Tereza Cristina. Los mandatarios intercambiar\u00e1n sobre aspectos claves entre ambos\u2026","rel":"","context":"En \u00abActualidad\u00bb","block_context":{"text":"Actualidad","link":"https:\/\/lahoradelcampo.com.uy\/site\/category\/actualidad\/"},"img":{"alt_text":"","src":"https:\/\/i0.wp.com\/lahoradelcampo.com.uy\/site\/wp-content\/uploads\/2021\/09\/Mattos-Brasil.jpg?fit=880%2C440&ssl=1&resize=350%2C200","width":350,"height":200,"srcset":"https:\/\/i0.wp.com\/lahoradelcampo.com.uy\/site\/wp-content\/uploads\/2021\/09\/Mattos-Brasil.jpg?fit=880%2C440&ssl=1&resize=350%2C200 1x, https:\/\/i0.wp.com\/lahoradelcampo.com.uy\/site\/wp-content\/uploads\/2021\/09\/Mattos-Brasil.jpg?fit=880%2C440&ssl=1&resize=525%2C300 1.5x, https:\/\/i0.wp.com\/lahoradelcampo.com.uy\/site\/wp-content\/uploads\/2021\/09\/Mattos-Brasil.jpg?fit=880%2C440&ssl=1&resize=700%2C400 2x"},"classes":[]},{"id":46471,"url":"https:\/\/lahoradelcampo.com.uy\/site\/mgap-realizo-una-puesta-a-punto-sobre-brucelosis-bovina\/","url_meta":{"origin":54394,"position":2},"title":"MGAP realiz\u00f3 una puesta a punto sobre Brucelosis bovina","author":"La Hora del Campo","date":"20 octubre, 2022","format":false,"excerpt":"Debido a que en meses recientes la Brucelosis bovina present\u00f3 una mayor incidencia de casos, detectados a trav\u00e9s de la investigaci\u00f3n y monitoreo que realizan los servicios oficiales del MGAP, el ministro Fernando Mattos conjuntamente con autoridades de los Servicios Ganaderos llevaron adelante una conferencia de prensa para mostrar datos\u2026","rel":"","context":"En \u00abActualidad\u00bb","block_context":{"text":"Actualidad","link":"https:\/\/lahoradelcampo.com.uy\/site\/category\/actualidad\/"},"img":{"alt_text":"","src":"https:\/\/i0.wp.com\/lahoradelcampo.com.uy\/site\/wp-content\/uploads\/2022\/10\/MGAP-brucelosis.jpg?fit=880%2C440&ssl=1&resize=350%2C200","width":350,"height":200,"srcset":"https:\/\/i0.wp.com\/lahoradelcampo.com.uy\/site\/wp-content\/uploads\/2022\/10\/MGAP-brucelosis.jpg?fit=880%2C440&ssl=1&resize=350%2C200 1x, https:\/\/i0.wp.com\/lahoradelcampo.com.uy\/site\/wp-content\/uploads\/2022\/10\/MGAP-brucelosis.jpg?fit=880%2C440&ssl=1&resize=525%2C300 1.5x, https:\/\/i0.wp.com\/lahoradelcampo.com.uy\/site\/wp-content\/uploads\/2022\/10\/MGAP-brucelosis.jpg?fit=880%2C440&ssl=1&resize=700%2C400 2x"},"classes":[]},{"id":29658,"url":"https:\/\/lahoradelcampo.com.uy\/site\/asumio-la-primera-plana-de-los-servicios-ganaderos-del-mgap-encabezados-por-el-dr-diego-de-freitas\/","url_meta":{"origin":54394,"position":3},"title":"Asumi\u00f3 la primera plana de los Servicios Ganaderos del MGAP encabezados por el Dr. Diego de Freitas","author":"La Hora del Campo","date":"5 mayo, 2021","format":false,"excerpt":"En la jornada de ayer el Ministerio de Ganader\u00eda, Agricultura y Pesca (MGAP) present\u00f3 en conferencia de prensa a las nuevas autoridades que estar\u00e1n encabezando la plana mayor de la Direcci\u00f3n General de los Servicios Ganaderos, en donde se ratific\u00f3 al Dr. Diego de Freitas como el nuevo director de\u2026","rel":"","context":"En \u00abActualidad\u00bb","block_context":{"text":"Actualidad","link":"https:\/\/lahoradelcampo.com.uy\/site\/category\/actualidad\/"},"img":{"alt_text":"","src":"https:\/\/i0.wp.com\/lahoradelcampo.com.uy\/site\/wp-content\/uploads\/2021\/05\/mgapdgsg.jpg?fit=880%2C440&ssl=1&resize=350%2C200","width":350,"height":200,"srcset":"https:\/\/i0.wp.com\/lahoradelcampo.com.uy\/site\/wp-content\/uploads\/2021\/05\/mgapdgsg.jpg?fit=880%2C440&ssl=1&resize=350%2C200 1x, https:\/\/i0.wp.com\/lahoradelcampo.com.uy\/site\/wp-content\/uploads\/2021\/05\/mgapdgsg.jpg?fit=880%2C440&ssl=1&resize=525%2C300 1.5x, https:\/\/i0.wp.com\/lahoradelcampo.com.uy\/site\/wp-content\/uploads\/2021\/05\/mgapdgsg.jpg?fit=880%2C440&ssl=1&resize=700%2C400 2x"},"classes":[]},{"id":30986,"url":"https:\/\/lahoradelcampo.com.uy\/site\/mgap-renovo-parte-de-su-flota-vehicular-a-costo-cero\/","url_meta":{"origin":54394,"position":4},"title":"MGAP renov\u00f3 parte de su flota vehicular  a \u00abcosto cero\u00bb","author":"La Hora del Campo","date":"7 junio, 2021","format":false,"excerpt":"El Ministerio de Ganader\u00eda, Agricultura y Pesca (MGAP) inform\u00f3 que el organismo cuenta con una flota vehicular que est\u00e1 compuesta por 394 autos y camionetas, 167 motos y dos casas rodantes. Al mismo tiempo dio a conocer en un comunicado que gran parte de dichos veh\u00edculos se encuentran fuera de\u2026","rel":"","context":"En \u00abActualidad\u00bb","block_context":{"text":"Actualidad","link":"https:\/\/lahoradelcampo.com.uy\/site\/category\/actualidad\/"},"img":{"alt_text":"","src":"https:\/\/i0.wp.com\/lahoradelcampo.com.uy\/site\/wp-content\/uploads\/2021\/06\/MGAPAutos.jpg?fit=880%2C440&ssl=1&resize=350%2C200","width":350,"height":200,"srcset":"https:\/\/i0.wp.com\/lahoradelcampo.com.uy\/site\/wp-content\/uploads\/2021\/06\/MGAPAutos.jpg?fit=880%2C440&ssl=1&resize=350%2C200 1x, https:\/\/i0.wp.com\/lahoradelcampo.com.uy\/site\/wp-content\/uploads\/2021\/06\/MGAPAutos.jpg?fit=880%2C440&ssl=1&resize=525%2C300 1.5x, https:\/\/i0.wp.com\/lahoradelcampo.com.uy\/site\/wp-content\/uploads\/2021\/06\/MGAPAutos.jpg?fit=880%2C440&ssl=1&resize=700%2C400 2x"},"classes":[]},{"id":37817,"url":"https:\/\/lahoradelcampo.com.uy\/site\/se-alcanzo-acuerdo-tecnico-para-la-erradicacion-de-la-bichera\/","url_meta":{"origin":54394,"position":5},"title":"Se alcanz\u00f3 acuerdo t\u00e9cnico para la erradicaci\u00f3n de la bichera","author":"La Hora del Campo","date":"24 diciembre, 2021","format":false,"excerpt":"Con la presencia del ministro, Fernando Mattos, el director de la Direcci\u00f3n General de Servicios Ganaderos, Diego de Freitas, el director de la Divisi\u00f3n Sanidad Animal, Mart\u00edn Altuna y el presidente de la Federaci\u00f3n rural del Uruguay, en representaci\u00f3n de Campo Unido, Gonzalo Valdez se llev\u00f3 adelante en conferencia de\u2026","rel":"","context":"En \u00abActualidad\u00bb","block_context":{"text":"Actualidad","link":"https:\/\/lahoradelcampo.com.uy\/site\/category\/actualidad\/"},"img":{"alt_text":"","src":"https:\/\/i0.wp.com\/lahoradelcampo.com.uy\/site\/wp-content\/uploads\/2021\/12\/MGAP-Bichera.jpg?fit=880%2C440&ssl=1&resize=350%2C200","width":350,"height":200,"srcset":"https:\/\/i0.wp.com\/lahoradelcampo.com.uy\/site\/wp-content\/uploads\/2021\/12\/MGAP-Bichera.jpg?fit=880%2C440&ssl=1&resize=350%2C200 1x, https:\/\/i0.wp.com\/lahoradelcampo.com.uy\/site\/wp-content\/uploads\/2021\/12\/MGAP-Bichera.jpg?fit=880%2C440&ssl=1&resize=525%2C300 1.5x, https:\/\/i0.wp.com\/lahoradelcampo.com.uy\/site\/wp-content\/uploads\/2021\/12\/MGAP-Bichera.jpg?fit=880%2C440&ssl=1&resize=700%2C400 2x"},"classes":[]}],"jetpack_likes_enabled":true,"_links":{"self":[{"href":"https:\/\/lahoradelcampo.com.uy\/site\/wp-json\/wp\/v2\/posts\/54394","targetHints":{"allow":["GET"]}}],"collection":[{"href":"https:\/\/lahoradelcampo.com.uy\/site\/wp-json\/wp\/v2\/posts"}],"about":[{"href":"https:\/\/lahoradelcampo.com.uy\/site\/wp-json\/wp\/v2\/types\/post"}],"author":[{"embeddable":true,"href":"https:\/\/lahoradelcampo.com.uy\/site\/wp-json\/wp\/v2\/users\/5"}],"replies":[{"embeddable":true,"href":"https:\/\/lahoradelcampo.com.uy\/site\/wp-json\/wp\/v2\/comments?post=54394"}],"version-history":[{"count":1,"href":"https:\/\/lahoradelcampo.com.uy\/site\/wp-json\/wp\/v2\/posts\/54394\/revisions"}],"predecessor-version":[{"id":54396,"href":"https:\/\/lahoradelcampo.com.uy\/site\/wp-json\/wp\/v2\/posts\/54394\/revisions\/54396"}],"wp:featuredmedia":[{"embeddable":true,"href":"https:\/\/lahoradelcampo.com.uy\/site\/wp-json\/wp\/v2\/media\/54395"}],"wp:attachment":[{"href":"https:\/\/lahoradelcampo.com.uy\/site\/wp-json\/wp\/v2\/media?parent=54394"}],"wp:term":[{"taxonomy":"category","embeddable":true,"href":"https:\/\/lahoradelcampo.com.uy\/site\/wp-json\/wp\/v2\/categories?post=54394"},{"taxonomy":"post_tag","embeddable":true,"href":"https:\/\/lahoradelcampo.com.uy\/site\/wp-json\/wp\/v2\/tags?post=54394"}],"curies":[{"name":"wp","href":"https:\/\/api.w.org\/{rel}","templated":true}]}}