{"id":54391,"date":"2024-09-04T06:36:59","date_gmt":"2024-09-04T09:36:59","guid":{"rendered":"http:\/\/lahoradelcampo.com.uy\/site\/?p=54391"},"modified":"2024-09-04T06:37:00","modified_gmt":"2024-09-04T09:37:00","slug":"lpe-freno-las-subas-y-descendio-un-25","status":"publish","type":"post","link":"https:\/\/lahoradelcampo.com.uy\/site\/lpe-freno-las-subas-y-descendio-un-25\/","title":{"rendered":"LPE fren\u00f3 las subas y descendi\u00f3 un 2,5%"},"content":{"rendered":"\n<figure class=\"wp-block-image size-full\"><a href=\"https:\/\/i0.wp.com\/lahoradelcampo.com.uy\/site\/wp-content\/uploads\/2024\/09\/Fonterra-GDT363.jpg\"><img data-recalc-dims=\"1\" loading=\"lazy\" decoding=\"async\" width=\"810\" height=\"405\" data-attachment-id=\"54392\" data-permalink=\"https:\/\/lahoradelcampo.com.uy\/site\/lpe-freno-las-subas-y-descendio-un-25\/fonterra-gdt363\/\" data-orig-file=\"https:\/\/i0.wp.com\/lahoradelcampo.com.uy\/site\/wp-content\/uploads\/2024\/09\/Fonterra-GDT363.jpg?fit=880%2C440&amp;ssl=1\" data-orig-size=\"880,440\" data-comments-opened=\"1\" data-image-meta=\"{&quot;aperture&quot;:&quot;0&quot;,&quot;credit&quot;:&quot;&quot;,&quot;camera&quot;:&quot;&quot;,&quot;caption&quot;:&quot;&quot;,&quot;created_timestamp&quot;:&quot;0&quot;,&quot;copyright&quot;:&quot;&quot;,&quot;focal_length&quot;:&quot;0&quot;,&quot;iso&quot;:&quot;0&quot;,&quot;shutter_speed&quot;:&quot;0&quot;,&quot;title&quot;:&quot;&quot;,&quot;orientation&quot;:&quot;1&quot;}\" data-image-title=\"Fonterra-GDT363\" data-image-description=\"\" data-image-caption=\"\" data-large-file=\"https:\/\/i0.wp.com\/lahoradelcampo.com.uy\/site\/wp-content\/uploads\/2024\/09\/Fonterra-GDT363.jpg?fit=810%2C405&amp;ssl=1\" src=\"https:\/\/i0.wp.com\/lahoradelcampo.com.uy\/site\/wp-content\/uploads\/2024\/09\/Fonterra-GDT363.jpg?resize=810%2C405\" alt=\"\" class=\"wp-image-54392\" srcset=\"https:\/\/i0.wp.com\/lahoradelcampo.com.uy\/site\/wp-content\/uploads\/2024\/09\/Fonterra-GDT363.jpg?w=880&amp;ssl=1 880w, https:\/\/i0.wp.com\/lahoradelcampo.com.uy\/site\/wp-content\/uploads\/2024\/09\/Fonterra-GDT363.jpg?resize=300%2C150&amp;ssl=1 300w, https:\/\/i0.wp.com\/lahoradelcampo.com.uy\/site\/wp-content\/uploads\/2024\/09\/Fonterra-GDT363.jpg?resize=768%2C384&amp;ssl=1 768w, https:\/\/i0.wp.com\/lahoradelcampo.com.uy\/site\/wp-content\/uploads\/2024\/09\/Fonterra-GDT363.jpg?resize=820%2C410&amp;ssl=1 820w\" sizes=\"auto, (max-width: 810px) 100vw, 810px\" \/><\/a><\/figure>\n\n\n\n<p>La licitaci\u00f3n 363 de la plataforma electr\u00f3nica Global Dairy Trade (GDT), la primera del mes de setiembre, ayer martes 3, marc\u00f3 un incremento del 9,8% en el volumen de la oferta, pero con resultados mixtos frente al remate pasado, donde la leche en polvo entera y la manteca registran bajas y la leche en polvo descremada y los quesos superan las referencias anteriores. El promedio registrado en el d\u00eda de ayer fue 0,4% inferior a la subasta previa.<\/p>\n\n\n\n<p>El promedio ponderado para todos los l\u00e1cteos, donde mayormente se comercializan productos de Fonterra, cerr\u00f3 en US$ 3.833 por tonelada, US$ 87 menos que la licitaci\u00f3n anterior. El volumen comercializado en la jornada fue de 38.346 toneladas, 3.430 toneladas m\u00e1s que la subasta anterior.<\/p>\n\n\n\n<p><strong>Leches en polvo<\/strong><\/p>\n\n\n\n<p>El valor promedio para la leche en polvo entera (LPE) fue de US$ 3.396 por tonelada en esta licitaci\u00f3n y marc\u00f3 una baja del 2,5% respecto a la venta anterior (US$\/ton 86 menos). La oferta de este producto fue de 19.934 toneladas, 6,3% m\u00e1s que la licitaci\u00f3n previa, siendo los oferentes Solarec y Fonterra.<\/p>\n\n\n\n<p>Los contratos de LPE a futuro cerraron todos en baja, con descensos del 2,7% y 3% en los contratos de noviembre y diciembre, en tanto que los contratos a febrero de 2025 cerraron un 1,9% a la baja.<br>En el caso de Fonterra los contratos para la LPE regular cerraron entre US$ 3.590 y US$ 3.305, entre octubre y febrero. La instant\u00e1nea entre US$ 3.715 y US$ 3.400, en tanto que la UHT cotiz\u00f3 entre US$ 3.670 y US$ 3.395. Por su parte los contratos de octubre a diciembre de Solarec para la LPE regular se ubicaron entre US$ 4.775 y US$ 4.760.<\/p>\n\n\n\n<p>Por su lado, la leche en polvo descremada (LPD) cerr\u00f3 en US$ 2.753, US$ 117 m\u00e1s por tonelada frente a la venta anterior (+4,5%). La oferta fue de 10.136 toneladas, 15,2% m\u00e1s que en la segunda licitaci\u00f3n del agosto, siendo los tres oferentes Arla, Solarec y Fonterra.<\/p>\n\n\n\n<p>Los contratos cerraron con subas en todas las posiciones, las posiciones de noviembre y diciembre, meses que suman entre ambos casi 15.000 toneladas, registraron subas del 5,4% y 3,7% respectivamente. El resto de los negocios cerraron con subas fijadas entre 6,2% en octubre y 0,7% en marzo del a\u00f1o que viene.<\/p>\n\n\n\n<p><strong>Manteca y quesos<\/strong><\/p>\n\n\n\n<p>La manteca, al igual que la LPE, registr\u00f3 bajas en sus cotizaciones. El promedio de esta licitaci\u00f3n fue de US$ 6.675 por tonelada, descendiendo 0,9% (US$ 31). El volumen ofertado fue de 3.006 toneladas, 4,9% m\u00e1s que la venta anterior. Los oferentes contin\u00faan siendo Solarec y Fonterra. En este caso, los contratos de febrero registraron una suba del 1,2%, en tanto que el resto de los contratos entre octubre y marzo cerraron con bajas ubicadas entre 0,5% y 1,5% dependiendo del volumen y momento de venta.<\/p>\n\n\n\n<p>Para Solarec, los valores de la manteca sin sal se ubicaron entre US$ 8.625 por tonelada para el mes de octubre y diciembre, mientras que en noviembre cotiz\u00f3 en US$ 8.600. Por su parte, los valores en los contratos de Fonterra fueron entre US$ 6.690 en los contratos de octubre y US$ 6.405 para marzo, hablando de la manteca sin sal, mientras que se registraron valores entre US$ 6.570 y 6.540 para la manteca con sal entre las posiciones de los contratos de noviembre a febrero.<\/p>\n\n\n\n<p>En los quesos, el cheddar cerr\u00f3 en US$ 4.324 por tonelada, registrando subas al igual que el queso mozzarella. El incremento fue del 0,9% (US$ 50) por tonelada. El volumen ofertado \u00fanicamente por Fonterra sum\u00f3 785 toneladas, 0,9% menos que venta anterior. Los contratos a futuro de octubre y febrero cerraron con subas del 2% y 2,9%, mientras que entre ellos los valores subieron entre 0,3% y 1%. Por su parte, los valores oscilaron entre US$ 4,385 en octubre y US$ 4,315 en febrero del a\u00f1o pr\u00f3ximo.<\/p>\n\n\n\n<p>Para el queso mozzarella, se ofertaron 95 toneladas en los contratos de noviembre, 29 toneladas m\u00e1s que en la segunda licitaci\u00f3n de agosto, con un valor promedio de US$ 5.145 lo que marc\u00f3 un incremento del 7%. El \u00fanico oferente de este producto es Solarec, en tanto que en la pr\u00f3xima venta tradicional, del martes 17 de setiembre, la firma Arla tambi\u00e9n ofrecer\u00e1 este producto.<\/p>\n\n\n\n<p>Salto, 4 de setiembre de 2024<\/p>\n","protected":false},"excerpt":{"rendered":"<p>La licitaci\u00f3n 363 de la plataforma electr\u00f3nica Global Dairy Trade (GDT), la primera del mes de setiembre, ayer martes 3, marc\u00f3 un incremento del 9,8% en el volumen de la [&hellip;]<\/p>\n","protected":false},"author":5,"featured_media":54392,"comment_status":"open","ping_status":"open","sticky":false,"template":"","format":"standard","meta":{"_price":"","_stock":"","_tribe_ticket_header":"","_tribe_default_ticket_provider":"","_tribe_ticket_capacity":"0","_ticket_start_date":"","_ticket_end_date":"","_tribe_ticket_show_description":"","_tribe_ticket_show_not_going":false,"_tribe_ticket_use_global_stock":"","_tribe_ticket_global_stock_level":"","_global_stock_mode":"","_global_stock_cap":"","_tribe_rsvp_for_event":"","_tribe_ticket_going_count":"","_tribe_ticket_not_going_count":"","_tribe_tickets_list":"[]","_tribe_ticket_has_attendee_info_fields":false,"h5ap_radio_sources":[],"_jetpack_newsletter_access":"","_jetpack_dont_email_post_to_subs":false,"_jetpack_newsletter_tier_id":0,"_jetpack_memberships_contains_paywalled_content":false,"_jetpack_memberships_contains_paid_content":false,"footnotes":""},"categories":[21,11],"tags":[],"class_list":["post-54391","post","type-post","status-publish","format-standard","has-post-thumbnail","hentry","category-actualidad","category-lecheria"],"jetpack_featured_media_url":"https:\/\/i0.wp.com\/lahoradelcampo.com.uy\/site\/wp-content\/uploads\/2024\/09\/Fonterra-GDT363.jpg?fit=880%2C440&ssl=1","jetpack_sharing_enabled":true,"jetpack_shortlink":"https:\/\/wp.me\/p99IaT-e9h","jetpack-related-posts":[{"id":31312,"url":"https:\/\/lahoradelcampo.com.uy\/site\/la-leche-en-polvo-entera-perforo-el-piso-de-los-us-4-000\/","url_meta":{"origin":54391,"position":0},"title":"La Leche en Polvo Entera perfor\u00f3 el piso de los US$ 4.000","author":"La Hora del Campo","date":"16 junio, 2021","format":false,"excerpt":"La segunda licitaci\u00f3n del mes de junio realizada en la plataforma electr\u00f3nica GlobalDairyTrade, donde mayormente vende la neozelandesa Fonterra, cerr\u00f3 en la jornada de ayer con su quinta ca\u00edda consecutiva en el indicador general de los l\u00e1cteos. Desde la primera venta del mes de marzo, donde el promedio de los\u2026","rel":"","context":"En \u00abActualidad\u00bb","block_context":{"text":"Actualidad","link":"https:\/\/lahoradelcampo.com.uy\/site\/category\/actualidad\/"},"img":{"alt_text":"","src":"https:\/\/i0.wp.com\/lahoradelcampo.com.uy\/site\/wp-content\/uploads\/2018\/05\/Fonterra.jpg?fit=880%2C440&ssl=1&resize=350%2C200","width":350,"height":200,"srcset":"https:\/\/i0.wp.com\/lahoradelcampo.com.uy\/site\/wp-content\/uploads\/2018\/05\/Fonterra.jpg?fit=880%2C440&ssl=1&resize=350%2C200 1x, https:\/\/i0.wp.com\/lahoradelcampo.com.uy\/site\/wp-content\/uploads\/2018\/05\/Fonterra.jpg?fit=880%2C440&ssl=1&resize=525%2C300 1.5x, https:\/\/i0.wp.com\/lahoradelcampo.com.uy\/site\/wp-content\/uploads\/2018\/05\/Fonterra.jpg?fit=880%2C440&ssl=1&resize=700%2C400 2x"},"classes":[]},{"id":31874,"url":"https:\/\/lahoradelcampo.com.uy\/site\/nueva-baja-en-el-promedio-de-los-lacteos-en-fonterra\/","url_meta":{"origin":54391,"position":1},"title":"Nueva baja en el promedio de los l\u00e1cteos en Fonterra","author":"La Hora del Campo","date":"7 julio, 2021","format":false,"excerpt":"Luego de seis bajas consecutivas y a pesar de que las cinco anteriores fueron leves, se consolida una tendencia bajista en el mercado de los l\u00e1cteos a nivel internacional. Ayer, en su primera licitaci\u00f3n de julio, el promedio de los productos comercializados en la plataforma electr\u00f3nica GlobalDairyTrade, donde comercializa mayormente\u2026","rel":"","context":"En \u00abActualidad\u00bb","block_context":{"text":"Actualidad","link":"https:\/\/lahoradelcampo.com.uy\/site\/category\/actualidad\/"},"img":{"alt_text":"","src":"https:\/\/i0.wp.com\/lahoradelcampo.com.uy\/site\/wp-content\/uploads\/2019\/04\/Fonterra.jpg?fit=880%2C440&ssl=1&resize=350%2C200","width":350,"height":200,"srcset":"https:\/\/i0.wp.com\/lahoradelcampo.com.uy\/site\/wp-content\/uploads\/2019\/04\/Fonterra.jpg?fit=880%2C440&ssl=1&resize=350%2C200 1x, https:\/\/i0.wp.com\/lahoradelcampo.com.uy\/site\/wp-content\/uploads\/2019\/04\/Fonterra.jpg?fit=880%2C440&ssl=1&resize=525%2C300 1.5x, https:\/\/i0.wp.com\/lahoradelcampo.com.uy\/site\/wp-content\/uploads\/2019\/04\/Fonterra.jpg?fit=880%2C440&ssl=1&resize=700%2C400 2x"},"classes":[]},{"id":4649,"url":"https:\/\/lahoradelcampo.com.uy\/site\/lacteos-revirtieron-cuatro-bajas-en-las-licitaciones-de-fonterra\/","url_meta":{"origin":54391,"position":2},"title":"L\u00e1cteos revirtieron cuatro bajas en las licitaciones de Fonterra","author":"La Hora del Campo","date":"6 diciembre, 2017","format":false,"excerpt":"En la jornada de ayer se realiz\u00f3 la primera licitaci\u00f3n del mes de diciembre de la neozelandesa Fonterra a trav\u00e9s de la plataforma electr\u00f3nica Global Dairy Trade en su evento N\u00ba 201, donde el mercado revirti\u00f3 cuatro bajas consecutivas a nivel internacional de los l\u00e1cteos. La tonelada promedio comercializada cerr\u00f3\u2026","rel":"","context":"En \u00abLecher\u00eda\u00bb","block_context":{"text":"Lecher\u00eda","link":"https:\/\/lahoradelcampo.com.uy\/site\/category\/lecheria\/"},"img":{"alt_text":"","src":"https:\/\/i0.wp.com\/lahoradelcampo.com.uy\/site\/wp-content\/uploads\/2017\/12\/fonterra.jpg?fit=880%2C440&ssl=1&resize=350%2C200","width":350,"height":200,"srcset":"https:\/\/i0.wp.com\/lahoradelcampo.com.uy\/site\/wp-content\/uploads\/2017\/12\/fonterra.jpg?fit=880%2C440&ssl=1&resize=350%2C200 1x, https:\/\/i0.wp.com\/lahoradelcampo.com.uy\/site\/wp-content\/uploads\/2017\/12\/fonterra.jpg?fit=880%2C440&ssl=1&resize=525%2C300 1.5x, https:\/\/i0.wp.com\/lahoradelcampo.com.uy\/site\/wp-content\/uploads\/2017\/12\/fonterra.jpg?fit=880%2C440&ssl=1&resize=700%2C400 2x"},"classes":[]},{"id":32694,"url":"https:\/\/lahoradelcampo.com.uy\/site\/nueva-baja-en-la-primera-venta-del-mes-de-fonterra\/","url_meta":{"origin":54391,"position":3},"title":"Nueva baja en la primera venta del mes de Fonterra","author":"La Hora del Campo","date":"4 agosto, 2021","format":false,"excerpt":"La plataforma electr\u00f3nica de subastas de productos l\u00e1cteos, GloblalDairyTrade, donde comercializa la neozelandesa Fonterra y se toman las referencias para el mercado internacional, realiz\u00f3 ayer su primera licitaci\u00f3n del mes de agosto, con un nuevo descenso en el promedio general del total comercializado, sin embargo al analizarse los principales productos\u2026","rel":"","context":"En \u00abActualidad\u00bb","block_context":{"text":"Actualidad","link":"https:\/\/lahoradelcampo.com.uy\/site\/category\/actualidad\/"},"img":{"alt_text":"","src":"https:\/\/i0.wp.com\/lahoradelcampo.com.uy\/site\/wp-content\/uploads\/2019\/09\/fonterra-3.jpg?fit=880%2C440&ssl=1&resize=350%2C200","width":350,"height":200,"srcset":"https:\/\/i0.wp.com\/lahoradelcampo.com.uy\/site\/wp-content\/uploads\/2019\/09\/fonterra-3.jpg?fit=880%2C440&ssl=1&resize=350%2C200 1x, https:\/\/i0.wp.com\/lahoradelcampo.com.uy\/site\/wp-content\/uploads\/2019\/09\/fonterra-3.jpg?fit=880%2C440&ssl=1&resize=525%2C300 1.5x, https:\/\/i0.wp.com\/lahoradelcampo.com.uy\/site\/wp-content\/uploads\/2019\/09\/fonterra-3.jpg?fit=880%2C440&ssl=1&resize=700%2C400 2x"},"classes":[]},{"id":52771,"url":"https:\/\/lahoradelcampo.com.uy\/site\/gdt-pulse-marco-nuevas-subas-de-precios-en-los-lacteos-a-nivel-internacional\/","url_meta":{"origin":54391,"position":4},"title":"GDT Pulse marc\u00f3 nuevas subas de precios en los l\u00e1cteos a nivel internacional","author":"La Hora del Campo","date":"13 octubre, 2023","format":false,"excerpt":"En la jornada de ayer se realiz\u00f3 la subasta n\u00famero 34 del sistema Pulse, en la plataforma electr\u00f3nica GlobalDairyTrade (GDT Pulse), que tiene la particularidad de ser la primera licitaci\u00f3n donde se comercializa leche en polvo descremada. Recordemos que este sistema comenz\u00f3 con la venta \u00fanicamente de leche en polvo\u2026","rel":"","context":"En \u00abActualidad\u00bb","block_context":{"text":"Actualidad","link":"https:\/\/lahoradelcampo.com.uy\/site\/category\/actualidad\/"},"img":{"alt_text":"","src":"https:\/\/i0.wp.com\/lahoradelcampo.com.uy\/site\/wp-content\/uploads\/2023\/10\/GlobalPULSE.jpg?fit=880%2C440&ssl=1&resize=350%2C200","width":350,"height":200,"srcset":"https:\/\/i0.wp.com\/lahoradelcampo.com.uy\/site\/wp-content\/uploads\/2023\/10\/GlobalPULSE.jpg?fit=880%2C440&ssl=1&resize=350%2C200 1x, https:\/\/i0.wp.com\/lahoradelcampo.com.uy\/site\/wp-content\/uploads\/2023\/10\/GlobalPULSE.jpg?fit=880%2C440&ssl=1&resize=525%2C300 1.5x, https:\/\/i0.wp.com\/lahoradelcampo.com.uy\/site\/wp-content\/uploads\/2023\/10\/GlobalPULSE.jpg?fit=880%2C440&ssl=1&resize=700%2C400 2x"},"classes":[]},{"id":44825,"url":"https:\/\/lahoradelcampo.com.uy\/site\/fonterra-cayo-un-29-en-su-segunda-licitacion-de-agosto\/","url_meta":{"origin":54391,"position":5},"title":"Fonterra cay\u00f3 un 2,9% en su segunda licitaci\u00f3n de agosto","author":"La Hora del Campo","date":"17 agosto, 2022","format":false,"excerpt":"Ayer se realiz\u00f3 la licitaci\u00f3n 314 en la plataforma electr\u00f3nica GlobalDairyTrade (GDT) donde comercializa principalmente la neozelandesa Fonterra, con un nuevo ajuste a la baja en el promedio de las cotizaciones de sus productos, sumando as\u00ed su quinta ca\u00edda consecutiva.\u00a0 El volumen comercializado en esta venta creci\u00f3 un 10,2% respecto\u2026","rel":"","context":"En \u00abActualidad\u00bb","block_context":{"text":"Actualidad","link":"https:\/\/lahoradelcampo.com.uy\/site\/category\/actualidad\/"},"img":{"alt_text":"","src":"https:\/\/i0.wp.com\/lahoradelcampo.com.uy\/site\/wp-content\/uploads\/2021\/11\/Fonterra3.jpg?fit=880%2C440&ssl=1&resize=350%2C200","width":350,"height":200,"srcset":"https:\/\/i0.wp.com\/lahoradelcampo.com.uy\/site\/wp-content\/uploads\/2021\/11\/Fonterra3.jpg?fit=880%2C440&ssl=1&resize=350%2C200 1x, https:\/\/i0.wp.com\/lahoradelcampo.com.uy\/site\/wp-content\/uploads\/2021\/11\/Fonterra3.jpg?fit=880%2C440&ssl=1&resize=525%2C300 1.5x, https:\/\/i0.wp.com\/lahoradelcampo.com.uy\/site\/wp-content\/uploads\/2021\/11\/Fonterra3.jpg?fit=880%2C440&ssl=1&resize=700%2C400 2x"},"classes":[]}],"jetpack_likes_enabled":true,"_links":{"self":[{"href":"https:\/\/lahoradelcampo.com.uy\/site\/wp-json\/wp\/v2\/posts\/54391","targetHints":{"allow":["GET"]}}],"collection":[{"href":"https:\/\/lahoradelcampo.com.uy\/site\/wp-json\/wp\/v2\/posts"}],"about":[{"href":"https:\/\/lahoradelcampo.com.uy\/site\/wp-json\/wp\/v2\/types\/post"}],"author":[{"embeddable":true,"href":"https:\/\/lahoradelcampo.com.uy\/site\/wp-json\/wp\/v2\/users\/5"}],"replies":[{"embeddable":true,"href":"https:\/\/lahoradelcampo.com.uy\/site\/wp-json\/wp\/v2\/comments?post=54391"}],"version-history":[{"count":1,"href":"https:\/\/lahoradelcampo.com.uy\/site\/wp-json\/wp\/v2\/posts\/54391\/revisions"}],"predecessor-version":[{"id":54393,"href":"https:\/\/lahoradelcampo.com.uy\/site\/wp-json\/wp\/v2\/posts\/54391\/revisions\/54393"}],"wp:featuredmedia":[{"embeddable":true,"href":"https:\/\/lahoradelcampo.com.uy\/site\/wp-json\/wp\/v2\/media\/54392"}],"wp:attachment":[{"href":"https:\/\/lahoradelcampo.com.uy\/site\/wp-json\/wp\/v2\/media?parent=54391"}],"wp:term":[{"taxonomy":"category","embeddable":true,"href":"https:\/\/lahoradelcampo.com.uy\/site\/wp-json\/wp\/v2\/categories?post=54391"},{"taxonomy":"post_tag","embeddable":true,"href":"https:\/\/lahoradelcampo.com.uy\/site\/wp-json\/wp\/v2\/tags?post=54391"}],"curies":[{"name":"wp","href":"https:\/\/api.w.org\/{rel}","templated":true}]}}