{"id":54388,"date":"2024-09-03T16:42:34","date_gmt":"2024-09-03T19:42:34","guid":{"rendered":"http:\/\/lahoradelcampo.com.uy\/site\/?p=54388"},"modified":"2024-09-03T16:42:35","modified_gmt":"2024-09-03T19:42:35","slug":"mgap-confirmo-oficialmente-la-deteccion-de-hlb-en-una-quinta-comercial-en-artigas","status":"publish","type":"post","link":"https:\/\/lahoradelcampo.com.uy\/site\/mgap-confirmo-oficialmente-la-deteccion-de-hlb-en-una-quinta-comercial-en-artigas\/","title":{"rendered":"MGAP confirm\u00f3 oficialmente la detecci\u00f3n de HLB en una quinta comercial en Artigas"},"content":{"rendered":"\n<figure class=\"wp-block-image size-full\"><a href=\"https:\/\/i0.wp.com\/lahoradelcampo.com.uy\/site\/wp-content\/uploads\/2023\/01\/hlb-bELLA.jpg\"><img data-recalc-dims=\"1\" loading=\"lazy\" decoding=\"async\" width=\"810\" height=\"405\" data-attachment-id=\"48205\" data-permalink=\"https:\/\/lahoradelcampo.com.uy\/site\/se-detecto-hlb-por-primera-vez-en-uruguay\/hlb-bella\/\" data-orig-file=\"https:\/\/i0.wp.com\/lahoradelcampo.com.uy\/site\/wp-content\/uploads\/2023\/01\/hlb-bELLA.jpg?fit=880%2C440&amp;ssl=1\" data-orig-size=\"880,440\" data-comments-opened=\"1\" data-image-meta=\"{&quot;aperture&quot;:&quot;0&quot;,&quot;credit&quot;:&quot;&quot;,&quot;camera&quot;:&quot;&quot;,&quot;caption&quot;:&quot;&quot;,&quot;created_timestamp&quot;:&quot;0&quot;,&quot;copyright&quot;:&quot;&quot;,&quot;focal_length&quot;:&quot;0&quot;,&quot;iso&quot;:&quot;0&quot;,&quot;shutter_speed&quot;:&quot;0&quot;,&quot;title&quot;:&quot;&quot;,&quot;orientation&quot;:&quot;1&quot;}\" data-image-title=\"hlb-bELLA\" data-image-description=\"\" data-image-caption=\"\" data-large-file=\"https:\/\/i0.wp.com\/lahoradelcampo.com.uy\/site\/wp-content\/uploads\/2023\/01\/hlb-bELLA.jpg?fit=810%2C405&amp;ssl=1\" src=\"https:\/\/i0.wp.com\/lahoradelcampo.com.uy\/site\/wp-content\/uploads\/2023\/01\/hlb-bELLA.jpg?resize=810%2C405\" alt=\"\" class=\"wp-image-48205\" srcset=\"https:\/\/i0.wp.com\/lahoradelcampo.com.uy\/site\/wp-content\/uploads\/2023\/01\/hlb-bELLA.jpg?w=880&amp;ssl=1 880w, https:\/\/i0.wp.com\/lahoradelcampo.com.uy\/site\/wp-content\/uploads\/2023\/01\/hlb-bELLA.jpg?resize=300%2C150&amp;ssl=1 300w, https:\/\/i0.wp.com\/lahoradelcampo.com.uy\/site\/wp-content\/uploads\/2023\/01\/hlb-bELLA.jpg?resize=768%2C384&amp;ssl=1 768w, https:\/\/i0.wp.com\/lahoradelcampo.com.uy\/site\/wp-content\/uploads\/2023\/01\/hlb-bELLA.jpg?resize=820%2C410&amp;ssl=1 820w\" sizes=\"auto, (max-width: 810px) 100vw, 810px\" \/><\/a><\/figure>\n\n\n\n<p>El Ministerio de Ganader\u00eda, Agricultura y Pesca (MGAP) inform\u00f3 oficialmente, la confirmaci\u00f3n del caso de HLB en una quinta comercial en el departamento de Artigas, en la jornada de ayer, tal cual lo ha informado CAMBIO, en di\u00e1logo con las autoridades desde el pasado 25 de junio. En aquel momento, en Valent\u00edn, el ministro Fernando Mattos confirm\u00f3 la toma de muestras para an\u00e1lisis de una quinta comercial en Artigas, posteriormente el 21 de julio, el director de los Servicios Agr\u00edcolas, Leonardo Olivera, lo ratific\u00f3 e inform\u00f3 de un caso en un traspatio de Salto, y el 12 de abril, el ministro volvi\u00f3 a ratificar la presencia de la enfermedad a nivel comercial en el marco del lanzamiento de la zafra ovina en Paysand\u00fa.<\/p>\n\n\n\n<p>Ayer, la Direcci\u00f3n General de Servicios Agr\u00edcolas (DGSA), record\u00f3 que el Huanglongbing o HLB como es llamada com\u00fanmente, es la enfermedad m\u00e1s destructiva de los c\u00edtricos en el mundo. La produce una bacteria (Candidatus liberibacter spp.), que es trasmitida por un vector presente en Uruguay, la Diaphorina citri. En sus inicios la enfermedad produce perdidas de rendimiento y finalmente termina matando los \u00e1rboles, lo que significa enormes p\u00e9rdidas socioecon\u00f3micas en la citricultura y conlleva a serios desaf\u00edos para mantener las quintas en producci\u00f3n.<\/p>\n\n\n\n<p>En 2023 se detect\u00f3 el primer caso en un traspatio de la ciudad de Bella Uni\u00f3n, declar\u00e1ndose el departamento de Artigas, bajo cuarentena y reforz\u00e1ndose las acciones de monitoreo en todas las casas y predios de las \u00e1reas urbana, suburbana y rural. Asimismo, se intensific\u00f3 la b\u00fasqueda de plantas afectadas en las quintas del circuito exportador y del mercado interno.<\/p>\n\n\n\n<p>Debido a dicho trabajo, el 12 de junio de este a\u00f1o, se detect\u00f3 el primer foco de la enfermedad en un predio comercial, productor de lim\u00f3n para industria, en la zona declarada bajo cuarentena de Artigas.<br>Inmediatamente, se notific\u00f3 a la empresa afectada y se convoc\u00f3 al Comit\u00e9 Asesor de HLB para informar sobre la situaci\u00f3n y coordinar las acciones necesarias. Dada la importancia de esta noticia, se enviaron muestras a Fundecitrus en Brasil para respaldar los resultados obtenidos por el laboratorio oficial de la DGSA, los cuales fueron confirmados. \u00abCabe destacar que las medidas de control se implementaron desde el primer momento de la detecci\u00f3n\u00bb seg\u00fan el comunicado del MGAP.<\/p>\n\n\n\n<p>La empresa afectada procedi\u00f3 al corte total de las plantas del \u00e1rea involucrada y comenz\u00f3 a implementar acciones de control qu\u00edmico contra el vector Diaphorina citri en las zonas aleda\u00f1as. Adicionalmente, se adoptaron medidas para mitigar el riesgo de dispersi\u00f3n del vector, tanto en el transporte de mercader\u00eda como en veh\u00edculos y personal que salen del predio. \u00abLa empresa tambi\u00e9n enviar\u00e1 un plan de monitoreo y control del insecto, junto con un plan de inspecci\u00f3n exhaustiva del 100% de las plantas\u00bb dice el comunicado.<\/p>\n\n\n\n<p>Adem\u00e1s, la comunicaci\u00f3n se\u00f1ala la detecci\u00f3n, el 12 de julio se detect\u00f3 un caso positivo en un traspatio en la ciudad de Salto, lo que llev\u00f3 al redireccionamiento de la mayor\u00eda de los recursos humanos hacia esta nueva zona de detecci\u00f3n.<\/p>\n\n\n\n<p>\u00abEl MGAP y el Comit\u00e9 Asesor de HLB siguen evaluando nuevas medidas fitosanitarias para mitigar el riesgo en toda la zona citr\u00edcola. Se recuerda a toda la poblaci\u00f3n la importancia de no ingresar plantas c\u00edtricas o frutas desde pa\u00edses vecinos y de no trasladar ning\u00fan material c\u00edtrico desde la zona de cuarentena al resto del pa\u00eds\u00bb dice el comunicado oficial.<\/p>\n\n\n\n<p>Salto, 3 de setiembre de 2024<\/p>\n","protected":false},"excerpt":{"rendered":"<p>El Ministerio de Ganader\u00eda, Agricultura y Pesca (MGAP) inform\u00f3 oficialmente, la confirmaci\u00f3n del caso de HLB en una quinta comercial en el departamento de Artigas, en la jornada de ayer, [&hellip;]<\/p>\n","protected":false},"author":5,"featured_media":48209,"comment_status":"open","ping_status":"open","sticky":false,"template":"","format":"standard","meta":{"_price":"","_stock":"","_tribe_ticket_header":"","_tribe_default_ticket_provider":"","_tribe_ticket_capacity":"0","_ticket_start_date":"","_ticket_end_date":"","_tribe_ticket_show_description":"","_tribe_ticket_show_not_going":false,"_tribe_ticket_use_global_stock":"","_tribe_ticket_global_stock_level":"","_global_stock_mode":"","_global_stock_cap":"","_tribe_rsvp_for_event":"","_tribe_ticket_going_count":"","_tribe_ticket_not_going_count":"","_tribe_tickets_list":"[]","_tribe_ticket_has_attendee_info_fields":false,"h5ap_radio_sources":[],"_jetpack_newsletter_access":"","_jetpack_dont_email_post_to_subs":false,"_jetpack_newsletter_tier_id":0,"_jetpack_memberships_contains_paywalled_content":false,"_jetpack_memberships_contains_paid_content":false,"footnotes":""},"categories":[21,9],"tags":[],"class_list":["post-54388","post","type-post","status-publish","format-standard","has-post-thumbnail","hentry","category-actualidad","category-granja"],"jetpack_featured_media_url":"https:\/\/i0.wp.com\/lahoradelcampo.com.uy\/site\/wp-content\/uploads\/2023\/01\/hlb-bELLA-2.jpg?fit=880%2C440&ssl=1","jetpack_sharing_enabled":true,"jetpack_shortlink":"https:\/\/wp.me\/p99IaT-e9e","jetpack-related-posts":[{"id":54136,"url":"https:\/\/lahoradelcampo.com.uy\/site\/se-confirmo-la-presencia-de-hlb-en-quintas-comerciales-en-artigas\/","url_meta":{"origin":54388,"position":0},"title":"Se confirm\u00f3 la presencia de HLB en quintas comerciales en Artigas","author":"La Hora del Campo","date":"6 agosto, 2024","format":false,"excerpt":"Tras la detecci\u00f3n de los casos de HLB en el traspatio de la ciudad de Bella Uni\u00f3n y posteriormente en la localidad de Tom\u00e1s Gomensoro, en Artigas, el Ministerio de Ganader\u00eda, Agricultura y Pesca (MGAP) continu\u00f3 realizando monitoreos y controles a nivel de las localidades cercanas a las zonas citr\u00edcolas\u2026","rel":"","context":"En \u00abActualidad\u00bb","block_context":{"text":"Actualidad","link":"https:\/\/lahoradelcampo.com.uy\/site\/category\/actualidad\/"},"img":{"alt_text":"","src":"https:\/\/i0.wp.com\/lahoradelcampo.com.uy\/site\/wp-content\/uploads\/2024\/08\/FernandoMattos3.jpg?fit=880%2C440&ssl=1&resize=350%2C200","width":350,"height":200,"srcset":"https:\/\/i0.wp.com\/lahoradelcampo.com.uy\/site\/wp-content\/uploads\/2024\/08\/FernandoMattos3.jpg?fit=880%2C440&ssl=1&resize=350%2C200 1x, https:\/\/i0.wp.com\/lahoradelcampo.com.uy\/site\/wp-content\/uploads\/2024\/08\/FernandoMattos3.jpg?fit=880%2C440&ssl=1&resize=525%2C300 1.5x, https:\/\/i0.wp.com\/lahoradelcampo.com.uy\/site\/wp-content\/uploads\/2024\/08\/FernandoMattos3.jpg?fit=880%2C440&ssl=1&resize=700%2C400 2x"},"classes":[]},{"id":53473,"url":"https:\/\/lahoradelcampo.com.uy\/site\/hlb-mgap-y-pasantes-de-utu-visitan-hogares-en-artigas-salto-y-paysandu\/","url_meta":{"origin":54388,"position":1},"title":"HLB: MGAP y pasantes de UTU visitan hogares en Artigas, Salto y Paysand\u00fa","author":"La Hora del Campo","date":"27 febrero, 2024","format":false,"excerpt":"En un esfuerzo para prevenir la propagaci\u00f3n del Huanglongbing (HLB), tambi\u00e9n conocido como \"greening\" o \"drag\u00f3n amarillo\", el Ministerio de Ganader\u00eda, Agricultura y Pesca (MGAP) se encuentra realizando monitoreos casa por casa en los departamentos de Artigas, Salto y Paysand\u00fa. La campa\u00f1a, llevada a cabo por funcionarios del MGAP y\u2026","rel":"","context":"En \u00abActualidad\u00bb","block_context":{"text":"Actualidad","link":"https:\/\/lahoradelcampo.com.uy\/site\/category\/actualidad\/"},"img":{"alt_text":"","src":"https:\/\/i0.wp.com\/lahoradelcampo.com.uy\/site\/wp-content\/uploads\/2024\/02\/HLB-mgap.jpg?fit=880%2C440&ssl=1&resize=350%2C200","width":350,"height":200,"srcset":"https:\/\/i0.wp.com\/lahoradelcampo.com.uy\/site\/wp-content\/uploads\/2024\/02\/HLB-mgap.jpg?fit=880%2C440&ssl=1&resize=350%2C200 1x, https:\/\/i0.wp.com\/lahoradelcampo.com.uy\/site\/wp-content\/uploads\/2024\/02\/HLB-mgap.jpg?fit=880%2C440&ssl=1&resize=525%2C300 1.5x, https:\/\/i0.wp.com\/lahoradelcampo.com.uy\/site\/wp-content\/uploads\/2024\/02\/HLB-mgap.jpg?fit=880%2C440&ssl=1&resize=700%2C400 2x"},"classes":[]},{"id":48241,"url":"https:\/\/lahoradelcampo.com.uy\/site\/mattos-se-reunio-con-productores-de-bella-union-ante-la-presencia-de-hlb\/","url_meta":{"origin":54388,"position":2},"title":"Mattos se reuni\u00f3 con  productores de Bella Uni\u00f3n ante la presencia de HLB","author":"La Hora del Campo","date":"22 enero, 2023","format":false,"excerpt":"En el marco de la recorrida que autoridades del MGAP est\u00e1n realizando por diferentes puntos del pa\u00eds en apoyo a los productores ante el grave nivel de sequ\u00eda imperante, el ministro Mattos recibi\u00f3 a trabajadores del sector en Bella Uni\u00f3n. Adem\u00e1s del titular del ministerio participaron el subsecretario Ignacio Buffa,\u2026","rel":"","context":"En \u00abActualidad\u00bb","block_context":{"text":"Actualidad","link":"https:\/\/lahoradelcampo.com.uy\/site\/category\/actualidad\/"},"img":{"alt_text":"","src":"https:\/\/i0.wp.com\/lahoradelcampo.com.uy\/site\/wp-content\/uploads\/2023\/01\/MGAP-HLB.jpg?fit=880%2C440&ssl=1&resize=350%2C200","width":350,"height":200,"srcset":"https:\/\/i0.wp.com\/lahoradelcampo.com.uy\/site\/wp-content\/uploads\/2023\/01\/MGAP-HLB.jpg?fit=880%2C440&ssl=1&resize=350%2C200 1x, https:\/\/i0.wp.com\/lahoradelcampo.com.uy\/site\/wp-content\/uploads\/2023\/01\/MGAP-HLB.jpg?fit=880%2C440&ssl=1&resize=525%2C300 1.5x, https:\/\/i0.wp.com\/lahoradelcampo.com.uy\/site\/wp-content\/uploads\/2023\/01\/MGAP-HLB.jpg?fit=880%2C440&ssl=1&resize=700%2C400 2x"},"classes":[]},{"id":39335,"url":"https:\/\/lahoradelcampo.com.uy\/site\/buffa-se-reunio-con-productores-en-artigas-para-conocer-la-realidad-de-primera-mano\/","url_meta":{"origin":54388,"position":3},"title":"Buffa se reuni\u00f3 con productores en Artigas para \u00abconocer la realidad de primera mano\u00bb","author":"La Hora del Campo","date":"22 febrero, 2022","format":false,"excerpt":"El pasado fin de semana, el Ministro Interino, Ing. Agr. Ignacio Buffa, conjuntamente con al Directora General del MGAP, Dra. Fernanda Maldonado, y la Subdirectora de la Direcci\u00f3n General de Desarrollo Rural (DGDR), Mercedes Ant\u00eda, se reunieron con el Intendente de Artigas, Pablo Caram, as\u00ed como tambi\u00e9n las instituciones gremiales\u2026","rel":"","context":"En \u00abActualidad\u00bb","block_context":{"text":"Actualidad","link":"https:\/\/lahoradelcampo.com.uy\/site\/category\/actualidad\/"},"img":{"alt_text":"","src":"https:\/\/i0.wp.com\/lahoradelcampo.com.uy\/site\/wp-content\/uploads\/2022\/02\/MGAP-Buffa-Artigas.jpg?fit=880%2C440&ssl=1&resize=350%2C200","width":350,"height":200,"srcset":"https:\/\/i0.wp.com\/lahoradelcampo.com.uy\/site\/wp-content\/uploads\/2022\/02\/MGAP-Buffa-Artigas.jpg?fit=880%2C440&ssl=1&resize=350%2C200 1x, https:\/\/i0.wp.com\/lahoradelcampo.com.uy\/site\/wp-content\/uploads\/2022\/02\/MGAP-Buffa-Artigas.jpg?fit=880%2C440&ssl=1&resize=525%2C300 1.5x, https:\/\/i0.wp.com\/lahoradelcampo.com.uy\/site\/wp-content\/uploads\/2022\/02\/MGAP-Buffa-Artigas.jpg?fit=880%2C440&ssl=1&resize=700%2C400 2x"},"classes":[]},{"id":52268,"url":"https:\/\/lahoradelcampo.com.uy\/site\/hoy-en-inia-salto-grande-jornada-de-capacitacion-sobre-el-hlb\/","url_meta":{"origin":54388,"position":4},"title":"Hoy en INIA Salto Grande, jornada de capacitaci\u00f3n sobre el HLB","author":"La Hora del Campo","date":"22 agosto, 2023","format":false,"excerpt":"El Instituto Nacional de Investigaci\u00f3n Agropecuaria (INIA) Salto Grande, realiza en la jornada de hoy, desde la hora 9:00, una actividad de capacitaci\u00f3n sobre el \"Manejo integrado de Diaphorina citri, vector del HLB, en quintas citr\u00edcolas\". La Ing. Agr. Mariana Espino, directora de INIA Salto Grande, dijo que la oportunidad\u2026","rel":"","context":"En \u00abGranja\u00bb","block_context":{"text":"Granja","link":"https:\/\/lahoradelcampo.com.uy\/site\/category\/granja\/"},"img":{"alt_text":"","src":"https:\/\/i0.wp.com\/lahoradelcampo.com.uy\/site\/wp-content\/uploads\/2023\/08\/Mariana-Espino.jpg?fit=880%2C440&ssl=1&resize=350%2C200","width":350,"height":200,"srcset":"https:\/\/i0.wp.com\/lahoradelcampo.com.uy\/site\/wp-content\/uploads\/2023\/08\/Mariana-Espino.jpg?fit=880%2C440&ssl=1&resize=350%2C200 1x, https:\/\/i0.wp.com\/lahoradelcampo.com.uy\/site\/wp-content\/uploads\/2023\/08\/Mariana-Espino.jpg?fit=880%2C440&ssl=1&resize=525%2C300 1.5x, https:\/\/i0.wp.com\/lahoradelcampo.com.uy\/site\/wp-content\/uploads\/2023\/08\/Mariana-Espino.jpg?fit=880%2C440&ssl=1&resize=700%2C400 2x"},"classes":[]},{"id":23178,"url":"https:\/\/lahoradelcampo.com.uy\/site\/se-presento-el-puesto-de-control-sanitario-para-el-paso-de-frontera-en-artigas\/","url_meta":{"origin":54388,"position":5},"title":"Se present\u00f3 el \u00abpuesto de control sanitario\u00bb para el paso de frontera en Artigas","author":"La Hora del Campo","date":"2 septiembre, 2020","format":false,"excerpt":"El ministro del MGAP, Carlos Uriarte, particip\u00f3 de un encuentro con el ministro de Defensa Nacional, Javier Garc\u00eda, c\u00f3nsules de Brasil y Uruguay y representantes del Ministerio de Agricultura, Pecuaria y Abastecimiento de Brasil. En presencia de productores y vecinos de Artigas se present\u00f3 el proyecto del \u201ccuarentenario\u201d para posibilitar\u2026","rel":"","context":"En \u00abActualidad\u00bb","block_context":{"text":"Actualidad","link":"https:\/\/lahoradelcampo.com.uy\/site\/category\/actualidad\/"},"img":{"alt_text":"","src":"https:\/\/i0.wp.com\/lahoradelcampo.com.uy\/site\/wp-content\/uploads\/2020\/09\/paso-de-frontera.jpg?fit=880%2C440&ssl=1&resize=350%2C200","width":350,"height":200,"srcset":"https:\/\/i0.wp.com\/lahoradelcampo.com.uy\/site\/wp-content\/uploads\/2020\/09\/paso-de-frontera.jpg?fit=880%2C440&ssl=1&resize=350%2C200 1x, https:\/\/i0.wp.com\/lahoradelcampo.com.uy\/site\/wp-content\/uploads\/2020\/09\/paso-de-frontera.jpg?fit=880%2C440&ssl=1&resize=525%2C300 1.5x, https:\/\/i0.wp.com\/lahoradelcampo.com.uy\/site\/wp-content\/uploads\/2020\/09\/paso-de-frontera.jpg?fit=880%2C440&ssl=1&resize=700%2C400 2x"},"classes":[]}],"jetpack_likes_enabled":true,"_links":{"self":[{"href":"https:\/\/lahoradelcampo.com.uy\/site\/wp-json\/wp\/v2\/posts\/54388","targetHints":{"allow":["GET"]}}],"collection":[{"href":"https:\/\/lahoradelcampo.com.uy\/site\/wp-json\/wp\/v2\/posts"}],"about":[{"href":"https:\/\/lahoradelcampo.com.uy\/site\/wp-json\/wp\/v2\/types\/post"}],"author":[{"embeddable":true,"href":"https:\/\/lahoradelcampo.com.uy\/site\/wp-json\/wp\/v2\/users\/5"}],"replies":[{"embeddable":true,"href":"https:\/\/lahoradelcampo.com.uy\/site\/wp-json\/wp\/v2\/comments?post=54388"}],"version-history":[{"count":1,"href":"https:\/\/lahoradelcampo.com.uy\/site\/wp-json\/wp\/v2\/posts\/54388\/revisions"}],"predecessor-version":[{"id":54389,"href":"https:\/\/lahoradelcampo.com.uy\/site\/wp-json\/wp\/v2\/posts\/54388\/revisions\/54389"}],"wp:featuredmedia":[{"embeddable":true,"href":"https:\/\/lahoradelcampo.com.uy\/site\/wp-json\/wp\/v2\/media\/48209"}],"wp:attachment":[{"href":"https:\/\/lahoradelcampo.com.uy\/site\/wp-json\/wp\/v2\/media?parent=54388"}],"wp:term":[{"taxonomy":"category","embeddable":true,"href":"https:\/\/lahoradelcampo.com.uy\/site\/wp-json\/wp\/v2\/categories?post=54388"},{"taxonomy":"post_tag","embeddable":true,"href":"https:\/\/lahoradelcampo.com.uy\/site\/wp-json\/wp\/v2\/tags?post=54388"}],"curies":[{"name":"wp","href":"https:\/\/api.w.org\/{rel}","templated":true}]}}