{"id":54385,"date":"2024-09-03T16:40:15","date_gmt":"2024-09-03T19:40:15","guid":{"rendered":"http:\/\/lahoradelcampo.com.uy\/site\/?p=54385"},"modified":"2024-09-03T16:40:15","modified_gmt":"2024-09-03T19:40:15","slug":"el-viernes-inicia-expo-prado-con-la-presencia-de-los-presidenciables","status":"publish","type":"post","link":"https:\/\/lahoradelcampo.com.uy\/site\/el-viernes-inicia-expo-prado-con-la-presencia-de-los-presidenciables\/","title":{"rendered":"El viernes inicia Expo Prado, con la presencia de los presidenciables"},"content":{"rendered":"\n<figure class=\"wp-block-image size-full\"><a href=\"https:\/\/i0.wp.com\/lahoradelcampo.com.uy\/site\/wp-content\/uploads\/2024\/09\/expo-prado1.jpg\"><img data-recalc-dims=\"1\" loading=\"lazy\" decoding=\"async\" width=\"810\" height=\"405\" data-attachment-id=\"54386\" data-permalink=\"https:\/\/lahoradelcampo.com.uy\/site\/el-viernes-inicia-expo-prado-con-la-presencia-de-los-presidenciables\/expo-prado1\/\" data-orig-file=\"https:\/\/i0.wp.com\/lahoradelcampo.com.uy\/site\/wp-content\/uploads\/2024\/09\/expo-prado1.jpg?fit=880%2C440&amp;ssl=1\" data-orig-size=\"880,440\" data-comments-opened=\"1\" data-image-meta=\"{&quot;aperture&quot;:&quot;0&quot;,&quot;credit&quot;:&quot;&quot;,&quot;camera&quot;:&quot;&quot;,&quot;caption&quot;:&quot;&quot;,&quot;created_timestamp&quot;:&quot;0&quot;,&quot;copyright&quot;:&quot;&quot;,&quot;focal_length&quot;:&quot;0&quot;,&quot;iso&quot;:&quot;0&quot;,&quot;shutter_speed&quot;:&quot;0&quot;,&quot;title&quot;:&quot;&quot;,&quot;orientation&quot;:&quot;1&quot;}\" data-image-title=\"expo-prado1\" data-image-description=\"\" data-image-caption=\"\" data-large-file=\"https:\/\/i0.wp.com\/lahoradelcampo.com.uy\/site\/wp-content\/uploads\/2024\/09\/expo-prado1.jpg?fit=810%2C405&amp;ssl=1\" src=\"https:\/\/i0.wp.com\/lahoradelcampo.com.uy\/site\/wp-content\/uploads\/2024\/09\/expo-prado1.jpg?resize=810%2C405\" alt=\"\" class=\"wp-image-54386\" srcset=\"https:\/\/i0.wp.com\/lahoradelcampo.com.uy\/site\/wp-content\/uploads\/2024\/09\/expo-prado1.jpg?w=880&amp;ssl=1 880w, https:\/\/i0.wp.com\/lahoradelcampo.com.uy\/site\/wp-content\/uploads\/2024\/09\/expo-prado1.jpg?resize=300%2C150&amp;ssl=1 300w, https:\/\/i0.wp.com\/lahoradelcampo.com.uy\/site\/wp-content\/uploads\/2024\/09\/expo-prado1.jpg?resize=768%2C384&amp;ssl=1 768w, https:\/\/i0.wp.com\/lahoradelcampo.com.uy\/site\/wp-content\/uploads\/2024\/09\/expo-prado1.jpg?resize=820%2C410&amp;ssl=1 820w\" sizes=\"auto, (max-width: 810px) 100vw, 810px\" \/><\/a><\/figure>\n\n\n\n<p>Desde el viernes 6 al domingo 15, se realiza la 119\u00b0 edici\u00f3n de la exposici\u00f3n internacional de ganader\u00eda, muestra agroindustrial y comercial, Expo Prado 2024, organizada por la Asociaci\u00f3n Rural del Uruguay (ARU) donde se exhibe lo mejor de la gen\u00e9tica nacional, este a\u00f1o con el adicional de ser un a\u00f1o electoral y desde el inicio tener la presencia de los candidatos a la Presidencia de la Rep\u00fablica, de los cuales en su gran mayor\u00eda han confirmado su presencia.<\/p>\n\n\n\n<p>Este a\u00f1o se tienen m\u00e1s de 2.000 animales inscriptos para la muestra, teniendo en cuenta 637 bovinos, los 431 ovinos y los 133 equinos a los que se suman las aves, conejos, suinos y canes que participan de la exposici\u00f3n.<\/p>\n\n\n\n<p>La inauguraci\u00f3n esta prevista para el viernes 6 de setiembre, a las 14 horas, para su realizaci\u00f3n en el Galp\u00f3n de ventas, a diferencia de a\u00f1os anteriores cuando se realizaba en pista central.<\/p>\n\n\n\n<p>Posteriormente, a las 16 horas, se realizar\u00e1 el encuentro \u00abDi\u00e1logo por el futuro\u00bb, donde participaran los candidatos presidenciales. Para el encuentro organizado por la Confederaci\u00f3n de las C\u00e1maras empresariales y THOT, ya est\u00e1n confirmados el Dr. \u00c1lvaro Delgado, Guido Manini R\u00edos, Pablo Mieres y el Dr. Andr\u00e9s Ojeda. En este sentido se ha se\u00f1alado desde la organizaci\u00f3n, que se ha cursado invitaci\u00f3n al Prof. Yamand\u00fa Orsi, para qui\u00e9n est\u00e1 destinado un lugar en el evento, a\u00fan sin que el mismo haya confirmado oficialmente su presencia.<\/p>\n\n\n\n<p>En lo que respecta exclusivamente al sector ganadero, a partir de las 13 horas, se realizar\u00e1n las calificaciones de las razas Appaloosa y Paint Horse, en el ruedo central, mientras que por la ma\u00f1ana se realizar\u00e1n las calificaciones de conejos. El s\u00e1bado va a ser la jornada principal para las calificaciones del primer turno, donde se realizar\u00e1 la jura de la raza Texel en ovinos durante la ma\u00f1ana. Al mismo tiempo se calificar\u00e1n los equinos de las razas \u00c1rabes, Deportivos, Lusitano, Silla Uruguayo, Percheron y Akhal Teke.<\/p>\n\n\n\n<p>El d\u00eda lunes las juras en la pista central ser\u00e1 de las razas ovinas Hampshire Down, Poll Dorset, Southdown, Dorper y Frisona Milchschaff. El martes 10 se calificar\u00e1 las razas Aberdeen Angus en hembras, Wagyu, Red Poll, Braford y Charolais, en tanto que el mi\u00e9rcoles se finaliza con la raza Aberdeen Angus (machos), se realiza el primer d\u00eda de calificaci\u00f3n de la raza Hereford (Hembras) y se premiaran los mejores Limousin, Limangus y Shorthorn.<\/p>\n\n\n\n<p>El jueves 12 se finaliza la jura de la raza Hereford (machos) y tambi\u00e9n se califican el Brangus, Jersey, Normando, Holando y el Ile de France en ovinos. El viernes se califica los ejemplares de las razas Criollos y Cuarto de Milla en equinos, y en las razas ovinas se seleccionar\u00e1n los ejemplares de Ideal, Meril\u00edn, Romney Marsh, Suffolk, Border Leicester, Merino Australiano, Corriedale y Merino Dohne.<\/p>\n\n\n\n<p>El acto de clausura est\u00e1 previsto para s\u00e1bado 14 de setiembre, a partir de las 11 horas, donde se tendr\u00e1 el discurso de las autoridades, el desfile de los grandes campeones y el tercer encuentro de tropillas.<\/p>\n\n\n\n<p>Salto, 3 de setiembre de 2024<\/p>\n","protected":false},"excerpt":{"rendered":"<p>Desde el viernes 6 al domingo 15, se realiza la 119\u00b0 edici\u00f3n de la exposici\u00f3n internacional de ganader\u00eda, muestra agroindustrial y comercial, Expo Prado 2024, organizada por la Asociaci\u00f3n Rural [&hellip;]<\/p>\n","protected":false},"author":5,"featured_media":54386,"comment_status":"open","ping_status":"open","sticky":false,"template":"","format":"standard","meta":{"_price":"","_stock":"","_tribe_ticket_header":"","_tribe_default_ticket_provider":"","_tribe_ticket_capacity":"0","_ticket_start_date":"","_ticket_end_date":"","_tribe_ticket_show_description":"","_tribe_ticket_show_not_going":false,"_tribe_ticket_use_global_stock":"","_tribe_ticket_global_stock_level":"","_global_stock_mode":"","_global_stock_cap":"","_tribe_rsvp_for_event":"","_tribe_ticket_going_count":"","_tribe_ticket_not_going_count":"","_tribe_tickets_list":"[]","_tribe_ticket_has_attendee_info_fields":false,"h5ap_radio_sources":[],"_jetpack_newsletter_access":"","_jetpack_dont_email_post_to_subs":false,"_jetpack_newsletter_tier_id":0,"_jetpack_memberships_contains_paywalled_content":false,"_jetpack_memberships_contains_paid_content":false,"footnotes":""},"categories":[21,5],"tags":[],"class_list":["post-54385","post","type-post","status-publish","format-standard","has-post-thumbnail","hentry","category-actualidad","category-ganaderia"],"jetpack_featured_media_url":"https:\/\/i0.wp.com\/lahoradelcampo.com.uy\/site\/wp-content\/uploads\/2024\/09\/expo-prado1.jpg?fit=880%2C440&ssl=1","jetpack_sharing_enabled":true,"jetpack_shortlink":"https:\/\/wp.me\/p99IaT-e9b","jetpack-related-posts":[{"id":45243,"url":"https:\/\/lahoradelcampo.com.uy\/site\/el-viernes-9-comienza-una-nueva-exposicion-del-prado\/","url_meta":{"origin":54385,"position":0},"title":"El viernes 9 comienza una nueva Exposici\u00f3n del Prado","author":"La Hora del Campo","date":"5 septiembre, 2022","format":false,"excerpt":"El viernes 9 de setiembre da inicio una nueva edici\u00f3n de la Exposici\u00f3n Internacional de Ganader\u00eda, Muestra Agroindustrial y Comercial en el predio de la Rural del Prado, organizada por la Asociaci\u00f3n Rural del Uruguay (ARU), y se extender\u00e1 hasta el domingo 19 de setiembre. El gran cambio de esta\u2026","rel":"","context":"En \u00abActualidad\u00bb","block_context":{"text":"Actualidad","link":"https:\/\/lahoradelcampo.com.uy\/site\/category\/actualidad\/"},"img":{"alt_text":"","src":"https:\/\/i0.wp.com\/lahoradelcampo.com.uy\/site\/wp-content\/uploads\/2019\/09\/Angus-Prado.jpg?fit=880%2C440&ssl=1&resize=350%2C200","width":350,"height":200,"srcset":"https:\/\/i0.wp.com\/lahoradelcampo.com.uy\/site\/wp-content\/uploads\/2019\/09\/Angus-Prado.jpg?fit=880%2C440&ssl=1&resize=350%2C200 1x, https:\/\/i0.wp.com\/lahoradelcampo.com.uy\/site\/wp-content\/uploads\/2019\/09\/Angus-Prado.jpg?fit=880%2C440&ssl=1&resize=525%2C300 1.5x, https:\/\/i0.wp.com\/lahoradelcampo.com.uy\/site\/wp-content\/uploads\/2019\/09\/Angus-Prado.jpg?fit=880%2C440&ssl=1&resize=700%2C400 2x"},"classes":[]},{"id":13092,"url":"https:\/\/lahoradelcampo.com.uy\/site\/la-expo-prado-contara-con-dos-turnos-de-juzgamientos-en-todas-las-especies\/","url_meta":{"origin":54385,"position":1},"title":"La Expo Prado contar\u00e1 con dos turnos de juzgamientos en todas las especies","author":"La Hora del Campo","date":"29 julio, 2019","format":false,"excerpt":"Atendiendo un pedido de las caba\u00f1as, de reducir los d\u00edas de estad\u00eda en el predio de la rural y por ende los costos para la participaci\u00f3n en la muestra, la Asociaci\u00f3n Rural del Uruguay ha definido dos turnos de calificaciones para las razas ovinas y bovinas, que hasta el momento\u2026","rel":"","context":"En \u00abActualidad\u00bb","block_context":{"text":"Actualidad","link":"https:\/\/lahoradelcampo.com.uy\/site\/category\/actualidad\/"},"img":{"alt_text":"","src":"https:\/\/i0.wp.com\/lahoradelcampo.com.uy\/site\/wp-content\/uploads\/2019\/07\/Expoprado.jpg?fit=880%2C440&ssl=1&resize=350%2C200","width":350,"height":200,"srcset":"https:\/\/i0.wp.com\/lahoradelcampo.com.uy\/site\/wp-content\/uploads\/2019\/07\/Expoprado.jpg?fit=880%2C440&ssl=1&resize=350%2C200 1x, https:\/\/i0.wp.com\/lahoradelcampo.com.uy\/site\/wp-content\/uploads\/2019\/07\/Expoprado.jpg?fit=880%2C440&ssl=1&resize=525%2C300 1.5x, https:\/\/i0.wp.com\/lahoradelcampo.com.uy\/site\/wp-content\/uploads\/2019\/07\/Expoprado.jpg?fit=880%2C440&ssl=1&resize=700%2C400 2x"},"classes":[]},{"id":30826,"url":"https:\/\/lahoradelcampo.com.uy\/site\/expo-prado-exigira-la-vacunacion-contra-el-covid-19-para-autorizar-el-ingreso\/","url_meta":{"origin":54385,"position":2},"title":"Expo Prado exigir\u00e1 la vacunaci\u00f3n contra el Covid-19 para autorizar el ingreso","author":"La Hora del Campo","date":"2 junio, 2021","format":false,"excerpt":"En su reuni\u00f3n semanal, la directiva de la Asociaci\u00f3n Rural del Uruguay tomo definici\u00f3n en varios temas de cara a la Edici\u00f3n 2021 de la Expo Prado, donde adem\u00e1s se celebraran los 150 a\u00f1os de la gremial organizadora. Uno de los cambios m\u00e1s importantes tiene que ver con la duraci\u00f3n\u2026","rel":"","context":"En \u00abActualidad\u00bb","block_context":{"text":"Actualidad","link":"https:\/\/lahoradelcampo.com.uy\/site\/category\/actualidad\/"},"img":{"alt_text":"","src":"https:\/\/i0.wp.com\/lahoradelcampo.com.uy\/site\/wp-content\/uploads\/2021\/06\/expoprado.jpg?fit=880%2C440&ssl=1&resize=350%2C200","width":350,"height":200,"srcset":"https:\/\/i0.wp.com\/lahoradelcampo.com.uy\/site\/wp-content\/uploads\/2021\/06\/expoprado.jpg?fit=880%2C440&ssl=1&resize=350%2C200 1x, https:\/\/i0.wp.com\/lahoradelcampo.com.uy\/site\/wp-content\/uploads\/2021\/06\/expoprado.jpg?fit=880%2C440&ssl=1&resize=525%2C300 1.5x, https:\/\/i0.wp.com\/lahoradelcampo.com.uy\/site\/wp-content\/uploads\/2021\/06\/expoprado.jpg?fit=880%2C440&ssl=1&resize=700%2C400 2x"},"classes":[]},{"id":44201,"url":"https:\/\/lahoradelcampo.com.uy\/site\/salto-sera-sede-de-la-expo-nacional-hereford-2023\/","url_meta":{"origin":54385,"position":3},"title":"Salto ser\u00e1 sede de la Expo Nacional Hereford 2023","author":"La Hora del Campo","date":"27 julio, 2022","format":false,"excerpt":"La Sociedad de Criadores de Hereford del Uruguay (SCHU) se prepara para lo que ser\u00e1 la participaci\u00f3n de la Expo Prado 2022, con el Ing. Agr. Andr\u00e9s Pe\u00f1agaricano como jurado de la muestra este a\u00f1o, donde se tienen pre-inscriptos 179 animales, entre ambas variedades (mocha y astada). Se recuerda que\u2026","rel":"","context":"En \u00abActualidad\u00bb","block_context":{"text":"Actualidad","link":"https:\/\/lahoradelcampo.com.uy\/site\/category\/actualidad\/"},"img":{"alt_text":"","src":"https:\/\/i0.wp.com\/lahoradelcampo.com.uy\/site\/wp-content\/uploads\/2022\/04\/Hereford-nacional.jpg?fit=880%2C440&ssl=1&resize=350%2C200","width":350,"height":200,"srcset":"https:\/\/i0.wp.com\/lahoradelcampo.com.uy\/site\/wp-content\/uploads\/2022\/04\/Hereford-nacional.jpg?fit=880%2C440&ssl=1&resize=350%2C200 1x, https:\/\/i0.wp.com\/lahoradelcampo.com.uy\/site\/wp-content\/uploads\/2022\/04\/Hereford-nacional.jpg?fit=880%2C440&ssl=1&resize=525%2C300 1.5x, https:\/\/i0.wp.com\/lahoradelcampo.com.uy\/site\/wp-content\/uploads\/2022\/04\/Hereford-nacional.jpg?fit=880%2C440&ssl=1&resize=700%2C400 2x"},"classes":[]},{"id":23374,"url":"https:\/\/lahoradelcampo.com.uy\/site\/expo-prado-2020-hoy-abre-sus-puertas-la-unica-muestra-ganadera-de-la-region-con-publico\/","url_meta":{"origin":54385,"position":4},"title":"Expo Prado 2020: Hoy abre sus puertas la \u00fanica muestra ganadera de la regi\u00f3n con p\u00fablico","author":"La Hora del Campo","date":"9 septiembre, 2020","format":false,"excerpt":"A partir de la hora 10, se abrir\u00e1n las puertas de una nueva y especial edici\u00f3n de la Expo Prado, en la capital del pa\u00eds. La muestra ganadera, comercial y agroindustrial que organiza la Asociaci\u00f3n Rural del Uruguay ser\u00e1 la \u00fanica de la regi\u00f3n que contar\u00e1 con la presencia de\u2026","rel":"","context":"En \u00abActualidad\u00bb","block_context":{"text":"Actualidad","link":"https:\/\/lahoradelcampo.com.uy\/site\/category\/actualidad\/"},"img":{"alt_text":"","src":"https:\/\/i0.wp.com\/lahoradelcampo.com.uy\/site\/wp-content\/uploads\/2020\/07\/expopradoweb.jpg?fit=880%2C440&ssl=1&resize=350%2C200","width":350,"height":200,"srcset":"https:\/\/i0.wp.com\/lahoradelcampo.com.uy\/site\/wp-content\/uploads\/2020\/07\/expopradoweb.jpg?fit=880%2C440&ssl=1&resize=350%2C200 1x, https:\/\/i0.wp.com\/lahoradelcampo.com.uy\/site\/wp-content\/uploads\/2020\/07\/expopradoweb.jpg?fit=880%2C440&ssl=1&resize=525%2C300 1.5x, https:\/\/i0.wp.com\/lahoradelcampo.com.uy\/site\/wp-content\/uploads\/2020\/07\/expopradoweb.jpg?fit=880%2C440&ssl=1&resize=700%2C400 2x"},"classes":[]},{"id":33923,"url":"https:\/\/lahoradelcampo.com.uy\/site\/mattos-inaugurara-el-viernes-el-stand-en-la-expo-prado\/","url_meta":{"origin":54385,"position":5},"title":"Mattos inaugurar\u00e1 el viernes  el stand en la Expo Prado","author":"La Hora del Campo","date":"9 septiembre, 2021","format":false,"excerpt":"Ma\u00f1ana viernes, 10 de setiembre, a las 17:30 horas se realizar\u00e1 el acto inaugural del stand del Ministerio de Ganader\u00eda, Agricultura y Pesca (MGAP) en el marco de la Expo Prado 2021. En dicho evento har\u00e1 uso de la palabra el Ministro Fernando Mattos en compa\u00f1\u00eda de las m\u00e1ximas autoridades\u2026","rel":"","context":"En \u00abActualidad\u00bb","block_context":{"text":"Actualidad","link":"https:\/\/lahoradelcampo.com.uy\/site\/category\/actualidad\/"},"img":{"alt_text":"","src":"https:\/\/i0.wp.com\/lahoradelcampo.com.uy\/site\/wp-content\/uploads\/2021\/09\/mgap-prado.jpg?fit=880%2C440&ssl=1&resize=350%2C200","width":350,"height":200,"srcset":"https:\/\/i0.wp.com\/lahoradelcampo.com.uy\/site\/wp-content\/uploads\/2021\/09\/mgap-prado.jpg?fit=880%2C440&ssl=1&resize=350%2C200 1x, https:\/\/i0.wp.com\/lahoradelcampo.com.uy\/site\/wp-content\/uploads\/2021\/09\/mgap-prado.jpg?fit=880%2C440&ssl=1&resize=525%2C300 1.5x, https:\/\/i0.wp.com\/lahoradelcampo.com.uy\/site\/wp-content\/uploads\/2021\/09\/mgap-prado.jpg?fit=880%2C440&ssl=1&resize=700%2C400 2x"},"classes":[]}],"jetpack_likes_enabled":true,"_links":{"self":[{"href":"https:\/\/lahoradelcampo.com.uy\/site\/wp-json\/wp\/v2\/posts\/54385","targetHints":{"allow":["GET"]}}],"collection":[{"href":"https:\/\/lahoradelcampo.com.uy\/site\/wp-json\/wp\/v2\/posts"}],"about":[{"href":"https:\/\/lahoradelcampo.com.uy\/site\/wp-json\/wp\/v2\/types\/post"}],"author":[{"embeddable":true,"href":"https:\/\/lahoradelcampo.com.uy\/site\/wp-json\/wp\/v2\/users\/5"}],"replies":[{"embeddable":true,"href":"https:\/\/lahoradelcampo.com.uy\/site\/wp-json\/wp\/v2\/comments?post=54385"}],"version-history":[{"count":1,"href":"https:\/\/lahoradelcampo.com.uy\/site\/wp-json\/wp\/v2\/posts\/54385\/revisions"}],"predecessor-version":[{"id":54387,"href":"https:\/\/lahoradelcampo.com.uy\/site\/wp-json\/wp\/v2\/posts\/54385\/revisions\/54387"}],"wp:featuredmedia":[{"embeddable":true,"href":"https:\/\/lahoradelcampo.com.uy\/site\/wp-json\/wp\/v2\/media\/54386"}],"wp:attachment":[{"href":"https:\/\/lahoradelcampo.com.uy\/site\/wp-json\/wp\/v2\/media?parent=54385"}],"wp:term":[{"taxonomy":"category","embeddable":true,"href":"https:\/\/lahoradelcampo.com.uy\/site\/wp-json\/wp\/v2\/categories?post=54385"},{"taxonomy":"post_tag","embeddable":true,"href":"https:\/\/lahoradelcampo.com.uy\/site\/wp-json\/wp\/v2\/tags?post=54385"}],"curies":[{"name":"wp","href":"https:\/\/api.w.org\/{rel}","templated":true}]}}