{"id":54382,"date":"2024-09-03T21:00:00","date_gmt":"2024-09-04T00:00:00","guid":{"rendered":"http:\/\/lahoradelcampo.com.uy\/site\/?p=54382"},"modified":"2024-09-03T21:13:47","modified_gmt":"2024-09-04T00:13:47","slug":"arrendamientos-ganaderos-aumentaron-23-en-kilos-de-novillo-en-4ta-balanza","status":"publish","type":"post","link":"https:\/\/lahoradelcampo.com.uy\/site\/arrendamientos-ganaderos-aumentaron-23-en-kilos-de-novillo-en-4ta-balanza\/","title":{"rendered":"Arrendamientos ganaderos aumentaron 23% en kilos de novillo en 4ta balanza"},"content":{"rendered":"\n<figure class=\"wp-block-image size-full\"><a href=\"https:\/\/i0.wp.com\/lahoradelcampo.com.uy\/site\/wp-content\/uploads\/2024\/09\/Kilos-ha.jpg\"><img data-recalc-dims=\"1\" loading=\"lazy\" decoding=\"async\" width=\"810\" height=\"405\" data-attachment-id=\"54383\" data-permalink=\"https:\/\/lahoradelcampo.com.uy\/site\/arrendamientos-ganaderos-aumentaron-23-en-kilos-de-novillo-en-4ta-balanza\/kilos-ha\/\" data-orig-file=\"https:\/\/i0.wp.com\/lahoradelcampo.com.uy\/site\/wp-content\/uploads\/2024\/09\/Kilos-ha.jpg?fit=880%2C440&amp;ssl=1\" data-orig-size=\"880,440\" data-comments-opened=\"1\" data-image-meta=\"{&quot;aperture&quot;:&quot;0&quot;,&quot;credit&quot;:&quot;&quot;,&quot;camera&quot;:&quot;&quot;,&quot;caption&quot;:&quot;&quot;,&quot;created_timestamp&quot;:&quot;0&quot;,&quot;copyright&quot;:&quot;&quot;,&quot;focal_length&quot;:&quot;0&quot;,&quot;iso&quot;:&quot;0&quot;,&quot;shutter_speed&quot;:&quot;0&quot;,&quot;title&quot;:&quot;&quot;,&quot;orientation&quot;:&quot;1&quot;}\" data-image-title=\"Kilos-ha\" data-image-description=\"\" data-image-caption=\"\" data-large-file=\"https:\/\/i0.wp.com\/lahoradelcampo.com.uy\/site\/wp-content\/uploads\/2024\/09\/Kilos-ha.jpg?fit=810%2C405&amp;ssl=1\" src=\"https:\/\/i0.wp.com\/lahoradelcampo.com.uy\/site\/wp-content\/uploads\/2024\/09\/Kilos-ha.jpg?resize=810%2C405\" alt=\"\" class=\"wp-image-54383\" srcset=\"https:\/\/i0.wp.com\/lahoradelcampo.com.uy\/site\/wp-content\/uploads\/2024\/09\/Kilos-ha.jpg?w=880&amp;ssl=1 880w, https:\/\/i0.wp.com\/lahoradelcampo.com.uy\/site\/wp-content\/uploads\/2024\/09\/Kilos-ha.jpg?resize=300%2C150&amp;ssl=1 300w, https:\/\/i0.wp.com\/lahoradelcampo.com.uy\/site\/wp-content\/uploads\/2024\/09\/Kilos-ha.jpg?resize=768%2C384&amp;ssl=1 768w, https:\/\/i0.wp.com\/lahoradelcampo.com.uy\/site\/wp-content\/uploads\/2024\/09\/Kilos-ha.jpg?resize=820%2C410&amp;ssl=1 820w\" sizes=\"auto, (max-width: 810px) 100vw, 810px\" \/><\/a><\/figure>\n\n\n\n<p>La Direcci\u00f3n de Informaci\u00f3n y Estad\u00edsticas Agropecuarias (DIEA) del Ministerio de Ganader\u00eda, Agricultura y Pesca (MGAP) present\u00f3 el informe de \u201cArrendamientos\u201d del a\u00f1o 2023, donde se visualiza un descenso en el valor promedio de todos los contratos de un 3,5%, situ\u00e1ndose en US$ 149 por hect\u00e1rea, por a\u00f1o.<\/p>\n\n\n\n<p>Al desglosar dicha informaci\u00f3n, los arrendamientos de \u00e1reas netamente ganaderas tambi\u00e9n muestran un descenso, en este caso del 5%, tras situarse en US$ 82 ha\/a\u00f1o. Siendo este el segundo mayor valor de los \u00faltimos cinco a\u00f1os, con un incremento en dicha serie del 19%.<\/p>\n\n\n\n<p>Estos contratos de arrendamiento se realizan, en varias ocasiones, en kilos de novillos en cuarta balanza. Por lo que tomamos la referencia del valor promedio del novillo de campo en la web del Instituto Nacional de Carnes (INAC) para cada a\u00f1o, donde se observa un descenso del 22% del valor de la hacienda, que pas\u00f3 de US$ 4,77 en 2022 a US$ 3,70 en 2023 de promedio.<\/p>\n\n\n\n<p>Por lo que, trasladados a kilos de novillo, el valor promedio de los arrendamientos ganaderos en 2023 se posicion\u00f3 en 22 kilos por hect\u00e1rea, lo que marc\u00f3 un aumento del 23% en comparaci\u00f3n con los 18 kilos por hect\u00e1rea del 2022. Este es el valor m\u00e1s alto de la serie de los \u00faltimos cinco a\u00f1os.<\/p>\n\n\n\n<p><strong>En kilos de terneros sube 11%<\/strong><\/p>\n\n\n\n<p>Al mirarlo desde el punto de vista de la cr\u00eda, en kilos de terneros, tambi\u00e9n se registra el mayor incremento en kilos por hect\u00e1rea arrendada de los \u00faltimos cinco a\u00f1os. En este caso, el valor promedio del kilogramo del ternero de menos de 140 kilos en la planilla de ACG se ubica en US$ 2,48 para el a\u00f1o 2023, un 14% menos que el US$ 2,89 del 2022.<\/p>\n\n\n\n<p>Al trasladar el valor promedio de los arrendamientos en kilos de terneros, se puede se\u00f1alar que en 2023, se necesito 33 kilos de terneros por hect\u00e1rea para pagar la renta, lo cual significo un aumento del 11% respecto a los 30 kilos de 2022.<\/p>\n\n\n\n<p><strong>Salto<\/strong><\/p>\n\n\n\n<p>Puntualmente en el departamento de Salto, si bien se registr\u00f3 un descenso en el valor promedio de la hect\u00e1rea arrendada para la ganader\u00eda, al trasladar a kilos de novillos se registr\u00f3 un aumento del 20%, en tanto que en kilos de terneros subi\u00f3 un 8%.<\/p>\n\n\n\n<p>El valor promedio de la hect\u00e1rea ganadera en Salto se ubic\u00f3 en US$ 79 durante el a\u00f1o 2023, lo que indica un descenso del 7% respecto a los US$ 85 de 2022. Tomando en cuenta los valores ya mencionados, para el novillo gordo de campo en cuarta balanza se necesitan 21 kilos para pagar la renta, en tanto que en kilos de terneros se necesitan 32 kilogramos.<\/p>\n\n\n\n<p>Salto, 4 de setiembre de 2024<\/p>\n","protected":false},"excerpt":{"rendered":"<p>La Direcci\u00f3n de Informaci\u00f3n y Estad\u00edsticas Agropecuarias (DIEA) del Ministerio de Ganader\u00eda, Agricultura y Pesca (MGAP) present\u00f3 el informe de \u201cArrendamientos\u201d del a\u00f1o 2023, donde se visualiza un descenso en [&hellip;]<\/p>\n","protected":false},"author":5,"featured_media":54383,"comment_status":"open","ping_status":"open","sticky":false,"template":"","format":"standard","meta":{"_price":"","_stock":"","_tribe_ticket_header":"","_tribe_default_ticket_provider":"","_tribe_ticket_capacity":"0","_ticket_start_date":"","_ticket_end_date":"","_tribe_ticket_show_description":"","_tribe_ticket_show_not_going":false,"_tribe_ticket_use_global_stock":"","_tribe_ticket_global_stock_level":"","_global_stock_mode":"","_global_stock_cap":"","_tribe_rsvp_for_event":"","_tribe_ticket_going_count":"","_tribe_ticket_not_going_count":"","_tribe_tickets_list":"[]","_tribe_ticket_has_attendee_info_fields":false,"h5ap_radio_sources":[],"_jetpack_newsletter_access":"","_jetpack_dont_email_post_to_subs":false,"_jetpack_newsletter_tier_id":0,"_jetpack_memberships_contains_paywalled_content":false,"_jetpack_memberships_contains_paid_content":false,"footnotes":""},"categories":[21,5],"tags":[],"class_list":["post-54382","post","type-post","status-publish","format-standard","has-post-thumbnail","hentry","category-actualidad","category-ganaderia"],"jetpack_featured_media_url":"https:\/\/i0.wp.com\/lahoradelcampo.com.uy\/site\/wp-content\/uploads\/2024\/09\/Kilos-ha.jpg?fit=880%2C440&ssl=1","jetpack_sharing_enabled":true,"jetpack_shortlink":"https:\/\/wp.me\/p99IaT-e98","jetpack-related-posts":[{"id":15636,"url":"https:\/\/lahoradelcampo.com.uy\/site\/las-rentas-agricolas-cayeron-un-21-en-el-primer-semestre\/","url_meta":{"origin":54382,"position":0},"title":"Las rentas agr\u00edcolas cayeron  un 21% en el primer semestre","author":"La Hora del Campo","date":"6 noviembre, 2019","format":false,"excerpt":"Durante el primer semestre del a\u00f1o 2019 los contratos de arrendamientos de \u00e1reas agr\u00edcolas de secano registrados muestran un descenso de 21% en el valor promedio respecto a igual per\u00edodo de 2018, en tanto que los negocios de \u00e1reas agr\u00edcolas ganaderas mejoro un 1%. En el contexto general el valor\u2026","rel":"","context":"En \u00abActualidad\u00bb","block_context":{"text":"Actualidad","link":"https:\/\/lahoradelcampo.com.uy\/site\/category\/actualidad\/"},"img":{"alt_text":"","src":"https:\/\/i0.wp.com\/lahoradelcampo.com.uy\/site\/wp-content\/uploads\/2017\/10\/Arrendamientos.jpg?fit=880%2C440&ssl=1&resize=350%2C200","width":350,"height":200,"srcset":"https:\/\/i0.wp.com\/lahoradelcampo.com.uy\/site\/wp-content\/uploads\/2017\/10\/Arrendamientos.jpg?fit=880%2C440&ssl=1&resize=350%2C200 1x, https:\/\/i0.wp.com\/lahoradelcampo.com.uy\/site\/wp-content\/uploads\/2017\/10\/Arrendamientos.jpg?fit=880%2C440&ssl=1&resize=525%2C300 1.5x, https:\/\/i0.wp.com\/lahoradelcampo.com.uy\/site\/wp-content\/uploads\/2017\/10\/Arrendamientos.jpg?fit=880%2C440&ssl=1&resize=700%2C400 2x"},"classes":[]},{"id":56694,"url":"https:\/\/lahoradelcampo.com.uy\/site\/en-kilos-de-novillos-el-arrendamiento-ganadero-cayo-2-en-2024\/","url_meta":{"origin":54382,"position":1},"title":"En kilos de novillos, el arrendamiento ganadero cay\u00f3 2% en 2024","author":"La Hora del Campo","date":"3 septiembre, 2025","format":false,"excerpt":"La Direcci\u00f3n de Informaci\u00f3n y Estad\u00edsticas Agropecuarias (DIEA) del Ministerio de Ganader\u00eda, Agricultura y Pesca (MGAP) present\u00f3 el informe de \"Arrendamientos\" del a\u00f1o 2024, donde se visualiza un descenso en el valor promedio de todos los contratos de un 8%, situ\u00e1ndose en US$ 139 por hect\u00e1rea por a\u00f1o. Al desglosar\u2026","rel":"","context":"En \u00abActualidad\u00bb","block_context":{"text":"Actualidad","link":"https:\/\/lahoradelcampo.com.uy\/site\/category\/actualidad\/"},"img":{"alt_text":"","src":"https:\/\/i0.wp.com\/lahoradelcampo.com.uy\/site\/wp-content\/uploads\/2025\/09\/kilos-ha-novillos.jpg?fit=880%2C440&ssl=1&resize=350%2C200","width":350,"height":200,"srcset":"https:\/\/i0.wp.com\/lahoradelcampo.com.uy\/site\/wp-content\/uploads\/2025\/09\/kilos-ha-novillos.jpg?fit=880%2C440&ssl=1&resize=350%2C200 1x, https:\/\/i0.wp.com\/lahoradelcampo.com.uy\/site\/wp-content\/uploads\/2025\/09\/kilos-ha-novillos.jpg?fit=880%2C440&ssl=1&resize=525%2C300 1.5x, https:\/\/i0.wp.com\/lahoradelcampo.com.uy\/site\/wp-content\/uploads\/2025\/09\/kilos-ha-novillos.jpg?fit=880%2C440&ssl=1&resize=700%2C400 2x"},"classes":[]},{"id":2701,"url":"https:\/\/lahoradelcampo.com.uy\/site\/precios-de-arrendamientos-subio-2-en-el-primer-semestre-de-2017\/","url_meta":{"origin":54382,"position":2},"title":"Precios de arrendamientos subi\u00f3 2% en el primer semestre de 2017","author":"La Hora del Campo","date":"15 octubre, 2017","format":false,"excerpt":"El estudio realizado por al Oficina de Estad\u00edsticas\u00a0 Agropecuarias del Ministerio de Ganader\u00eda, Agricultura y Pesca, se\u00f1ala que en el per\u00edodo de enero a junio de este a\u00f1o, los arrendamientos subieron aproximadamente un 2% en promedio respecto al mismo per\u00edodo del a\u00f1o pasado. En el primer semestre del a\u00f1o 2017\u2026","rel":"","context":"En \u00abActualidad\u00bb","block_context":{"text":"Actualidad","link":"https:\/\/lahoradelcampo.com.uy\/site\/category\/actualidad\/"},"img":{"alt_text":"","src":"https:\/\/i0.wp.com\/lahoradelcampo.com.uy\/site\/wp-content\/uploads\/2017\/10\/Arrendamientos.jpg?fit=880%2C440&ssl=1&resize=350%2C200","width":350,"height":200,"srcset":"https:\/\/i0.wp.com\/lahoradelcampo.com.uy\/site\/wp-content\/uploads\/2017\/10\/Arrendamientos.jpg?fit=880%2C440&ssl=1&resize=350%2C200 1x, https:\/\/i0.wp.com\/lahoradelcampo.com.uy\/site\/wp-content\/uploads\/2017\/10\/Arrendamientos.jpg?fit=880%2C440&ssl=1&resize=525%2C300 1.5x, https:\/\/i0.wp.com\/lahoradelcampo.com.uy\/site\/wp-content\/uploads\/2017\/10\/Arrendamientos.jpg?fit=880%2C440&ssl=1&resize=700%2C400 2x"},"classes":[]},{"id":53560,"url":"https:\/\/lahoradelcampo.com.uy\/site\/los-arrendamientos-se-mantuvieron-estables-en-el-primer-semestre-de-2023\/","url_meta":{"origin":54382,"position":3},"title":"Los arrendamientos se mantuvieron estables en el primer semestre de 2023","author":"La Hora del Campo","date":"6 marzo, 2024","format":false,"excerpt":"El Ministerio de Ganader\u00eda, Agricultura y Pesca, a trav\u00e9s de la Oficina de Estad\u00edsticas Agropecuarias (DIEA), present\u00f3 el an\u00e1lisis de los arrendamientos de tierras destinadas a uso agropecuario en el primer semestre de 2023, donde se marca una baja en el volumen del \u00e1rea arrendada, pero con un valor estable\u2026","rel":"","context":"En \u00abActualidad\u00bb","block_context":{"text":"Actualidad","link":"https:\/\/lahoradelcampo.com.uy\/site\/category\/actualidad\/"},"img":{"alt_text":"","src":"https:\/\/i0.wp.com\/lahoradelcampo.com.uy\/site\/wp-content\/uploads\/2023\/06\/Ganadoycampo.jpg?fit=880%2C440&ssl=1&resize=350%2C200","width":350,"height":200,"srcset":"https:\/\/i0.wp.com\/lahoradelcampo.com.uy\/site\/wp-content\/uploads\/2023\/06\/Ganadoycampo.jpg?fit=880%2C440&ssl=1&resize=350%2C200 1x, https:\/\/i0.wp.com\/lahoradelcampo.com.uy\/site\/wp-content\/uploads\/2023\/06\/Ganadoycampo.jpg?fit=880%2C440&ssl=1&resize=525%2C300 1.5x, https:\/\/i0.wp.com\/lahoradelcampo.com.uy\/site\/wp-content\/uploads\/2023\/06\/Ganadoycampo.jpg?fit=880%2C440&ssl=1&resize=700%2C400 2x"},"classes":[]},{"id":56670,"url":"https:\/\/lahoradelcampo.com.uy\/site\/arrendamientos-mas-contratos-mas-areapero-menor-valor-promedio-en-2024\/","url_meta":{"origin":54382,"position":4},"title":"Arrendamientos: M\u00e1s contratos, m\u00e1s \u00e1rea,pero menor valor promedio en 2024","author":"La Hora del Campo","date":"1 septiembre, 2025","format":false,"excerpt":"El Ministerio de Ganader\u00eda, Agricultura y Pesca (MGAP) dio a conocer el an\u00e1lisis del mercado de arrendamientos de tierras agropecuarias durante el a\u00f1o 2024, donde se observa un incremento del 18% en el volumen de hect\u00e1reas involucradas en los negocios respecto a 2023, en tanto que el valor promedio descendi\u00f3\u2026","rel":"","context":"En \u00abActualidad\u00bb","block_context":{"text":"Actualidad","link":"https:\/\/lahoradelcampo.com.uy\/site\/category\/actualidad\/"},"img":{"alt_text":"","src":"https:\/\/i0.wp.com\/lahoradelcampo.com.uy\/site\/wp-content\/uploads\/2025\/09\/arrendamietnos.jpg?fit=880%2C440&ssl=1&resize=350%2C200","width":350,"height":200,"srcset":"https:\/\/i0.wp.com\/lahoradelcampo.com.uy\/site\/wp-content\/uploads\/2025\/09\/arrendamietnos.jpg?fit=880%2C440&ssl=1&resize=350%2C200 1x, https:\/\/i0.wp.com\/lahoradelcampo.com.uy\/site\/wp-content\/uploads\/2025\/09\/arrendamietnos.jpg?fit=880%2C440&ssl=1&resize=525%2C300 1.5x, https:\/\/i0.wp.com\/lahoradelcampo.com.uy\/site\/wp-content\/uploads\/2025\/09\/arrendamietnos.jpg?fit=880%2C440&ssl=1&resize=700%2C400 2x"},"classes":[]},{"id":23258,"url":"https:\/\/lahoradelcampo.com.uy\/site\/en-salto-se-realizaron-79-operaciones-de-arrendamientos-a-us-70\/","url_meta":{"origin":54382,"position":5},"title":"Arrendamientos del primer semestre en Salto promediario US$ 70 la h\u00e1.","author":"La Hora del Campo","date":"5 septiembre, 2020","format":false,"excerpt":"En el primer semestre del a\u00f1o 2020 se realizaron 968 contratos de arrendamientos a nivel de todo el pa\u00eds, seg\u00fan el informe realizado por la Direcci\u00f3n de Informaci\u00f3n y Estad\u00edsticas del Ministerio de Ganader\u00eda, Agricultura y Pesca (DIEA-MGAP). Este volumen de negocio signific\u00f3 un 5% m\u00e1s que los celebrados al\u2026","rel":"","context":"En \u00abActualidad\u00bb","block_context":{"text":"Actualidad","link":"https:\/\/lahoradelcampo.com.uy\/site\/category\/actualidad\/"},"img":{"alt_text":"","src":"https:\/\/i0.wp.com\/lahoradelcampo.com.uy\/site\/wp-content\/uploads\/2020\/04\/campossemiseco.jpg?fit=880%2C440&ssl=1&resize=350%2C200","width":350,"height":200,"srcset":"https:\/\/i0.wp.com\/lahoradelcampo.com.uy\/site\/wp-content\/uploads\/2020\/04\/campossemiseco.jpg?fit=880%2C440&ssl=1&resize=350%2C200 1x, https:\/\/i0.wp.com\/lahoradelcampo.com.uy\/site\/wp-content\/uploads\/2020\/04\/campossemiseco.jpg?fit=880%2C440&ssl=1&resize=525%2C300 1.5x, https:\/\/i0.wp.com\/lahoradelcampo.com.uy\/site\/wp-content\/uploads\/2020\/04\/campossemiseco.jpg?fit=880%2C440&ssl=1&resize=700%2C400 2x"},"classes":[]}],"jetpack_likes_enabled":true,"_links":{"self":[{"href":"https:\/\/lahoradelcampo.com.uy\/site\/wp-json\/wp\/v2\/posts\/54382","targetHints":{"allow":["GET"]}}],"collection":[{"href":"https:\/\/lahoradelcampo.com.uy\/site\/wp-json\/wp\/v2\/posts"}],"about":[{"href":"https:\/\/lahoradelcampo.com.uy\/site\/wp-json\/wp\/v2\/types\/post"}],"author":[{"embeddable":true,"href":"https:\/\/lahoradelcampo.com.uy\/site\/wp-json\/wp\/v2\/users\/5"}],"replies":[{"embeddable":true,"href":"https:\/\/lahoradelcampo.com.uy\/site\/wp-json\/wp\/v2\/comments?post=54382"}],"version-history":[{"count":1,"href":"https:\/\/lahoradelcampo.com.uy\/site\/wp-json\/wp\/v2\/posts\/54382\/revisions"}],"predecessor-version":[{"id":54384,"href":"https:\/\/lahoradelcampo.com.uy\/site\/wp-json\/wp\/v2\/posts\/54382\/revisions\/54384"}],"wp:featuredmedia":[{"embeddable":true,"href":"https:\/\/lahoradelcampo.com.uy\/site\/wp-json\/wp\/v2\/media\/54383"}],"wp:attachment":[{"href":"https:\/\/lahoradelcampo.com.uy\/site\/wp-json\/wp\/v2\/media?parent=54382"}],"wp:term":[{"taxonomy":"category","embeddable":true,"href":"https:\/\/lahoradelcampo.com.uy\/site\/wp-json\/wp\/v2\/categories?post=54382"},{"taxonomy":"post_tag","embeddable":true,"href":"https:\/\/lahoradelcampo.com.uy\/site\/wp-json\/wp\/v2\/tags?post=54382"}],"curies":[{"name":"wp","href":"https:\/\/api.w.org\/{rel}","templated":true}]}}