{"id":54376,"date":"2024-09-03T13:21:59","date_gmt":"2024-09-03T16:21:59","guid":{"rendered":"http:\/\/lahoradelcampo.com.uy\/site\/?p=54376"},"modified":"2024-09-03T13:22:00","modified_gmt":"2024-09-03T16:22:00","slug":"foica-anuncio-paro-de-48-horas-para-esta-semana","status":"publish","type":"post","link":"https:\/\/lahoradelcampo.com.uy\/site\/foica-anuncio-paro-de-48-horas-para-esta-semana\/","title":{"rendered":"FOICA anunci\u00f3 paro de 48 horas para esta semana"},"content":{"rendered":"\n<figure class=\"wp-block-image size-full\"><a href=\"https:\/\/i0.wp.com\/lahoradelcampo.com.uy\/site\/wp-content\/uploads\/2017\/12\/Foica.jpg\"><img data-recalc-dims=\"1\" loading=\"lazy\" decoding=\"async\" width=\"810\" height=\"405\" data-attachment-id=\"4563\" data-permalink=\"https:\/\/lahoradelcampo.com.uy\/site\/en-12-dias-los-precios-del-gordo-bajaron-20-centavos\/foica-2\/\" data-orig-file=\"https:\/\/i0.wp.com\/lahoradelcampo.com.uy\/site\/wp-content\/uploads\/2017\/12\/Foica.jpg?fit=880%2C440&amp;ssl=1\" data-orig-size=\"880,440\" data-comments-opened=\"1\" data-image-meta=\"{&quot;aperture&quot;:&quot;0&quot;,&quot;credit&quot;:&quot;Vicente-Manuel-Tort&quot;,&quot;camera&quot;:&quot;&quot;,&quot;caption&quot;:&quot;&quot;,&quot;created_timestamp&quot;:&quot;0&quot;,&quot;copyright&quot;:&quot;Presidencia de la Republica - Sec.Com.Inst.&quot;,&quot;focal_length&quot;:&quot;0&quot;,&quot;iso&quot;:&quot;0&quot;,&quot;shutter_speed&quot;:&quot;0&quot;,&quot;title&quot;:&quot;&quot;,&quot;orientation&quot;:&quot;1&quot;}\" data-image-title=\"Foica\" data-image-description=\"\" data-image-caption=\"\" data-large-file=\"https:\/\/i0.wp.com\/lahoradelcampo.com.uy\/site\/wp-content\/uploads\/2017\/12\/Foica.jpg?fit=810%2C405&amp;ssl=1\" src=\"https:\/\/i0.wp.com\/lahoradelcampo.com.uy\/site\/wp-content\/uploads\/2017\/12\/Foica.jpg?resize=810%2C405\" alt=\"\" class=\"wp-image-4563\" srcset=\"https:\/\/i0.wp.com\/lahoradelcampo.com.uy\/site\/wp-content\/uploads\/2017\/12\/Foica.jpg?w=880&amp;ssl=1 880w, https:\/\/i0.wp.com\/lahoradelcampo.com.uy\/site\/wp-content\/uploads\/2017\/12\/Foica.jpg?resize=300%2C150&amp;ssl=1 300w, https:\/\/i0.wp.com\/lahoradelcampo.com.uy\/site\/wp-content\/uploads\/2017\/12\/Foica.jpg?resize=768%2C384&amp;ssl=1 768w, https:\/\/i0.wp.com\/lahoradelcampo.com.uy\/site\/wp-content\/uploads\/2017\/12\/Foica.jpg?resize=820%2C410&amp;ssl=1 820w\" sizes=\"auto, (max-width: 810px) 100vw, 810px\" \/><\/a><\/figure>\n\n\n\n<p>La Federaci\u00f3n de Obreros de la Industria de la Carne y Afines (Foica) ha decidido convocar un paro de 48 horas este mi\u00e9rcoles 4 y jueves 5 de septiembre, en protesta por la falta de acuerdo en la renovaci\u00f3n del convenio colectivo del sector triper\u00eda. Esta medida se produce en un momento crucial para el mercado de la hacienda, generando preocupaci\u00f3n por el impacto que podr\u00eda tener en los valores del sector. La Foica expresa su descontento con la postura del sector empresarial y con la propuesta del Poder Ejecutivo, la cual consideran que ignora los derechos laborales conquistados por los trabajadores.<\/p>\n\n\n\n<p>El conflicto se origin\u00f3 por lo que la Foica considera una imposici\u00f3n en las negociaciones por parte de los empresarios de triper\u00eda. Seg\u00fan un comunicado en su cuenta de X, la federaci\u00f3n manifest\u00f3 un \u00abprofundo rechazo\u00bb a estas imposiciones y a la propuesta del Poder Ejecutivo, la cual, en su opini\u00f3n, condena a los trabajadores a una situaci\u00f3n de \u00absemiesclavitud\u00bb. El sindicato critica que la propuesta solo incluye salarios m\u00ednimos por categor\u00edas, omitiendo beneficios acordados previamente y cl\u00e1usulas de paz, lo que ven como un retroceso en los derechos laborales de los trabajadores de la industria c\u00e1rnica.<\/p>\n\n\n\n<p>La decisi\u00f3n de detener las actividades en la industria de la carne durante dos d\u00edas ha generado preocupaci\u00f3n en un sector ya sensible por la fluctuaci\u00f3n de precios y la din\u00e1mica de mercado. La industria de la carne es una pieza clave en la econom\u00eda del pa\u00eds y cualquier interrupci\u00f3n en su funcionamiento puede tener repercusiones significativas tanto en la oferta como en la demanda. Este paro ocurre en un contexto de alta incertidumbre para los precios de la hacienda, con los productores atentos a c\u00f3mo estas acciones sindicales podr\u00edan influir en el mercado.<\/p>\n\n\n\n<p>En su comunicado, la Foica hizo un llamado al Poder Ejecutivo para que reconsidere su postura y promueva un espacio de di\u00e1logo real y constructivo que incluya a todas las partes involucradas. La federaci\u00f3n subraya la importancia de mantener los derechos laborales y asegurar que los avances logrados en convenios anteriores no sean desmantelados. La esperanza de la Foica es que, a trav\u00e9s del di\u00e1logo, se pueda llegar a un acuerdo justo que respete las condiciones laborales de los trabajadores y mantenga la paz laboral en un sector tan vital para la econom\u00eda uruguaya.<\/p>\n\n\n\n<p>Salto, 3 de setiembre de 2024<\/p>\n","protected":false},"excerpt":{"rendered":"<p>La Federaci\u00f3n de Obreros de la Industria de la Carne y Afines (Foica) ha decidido convocar un paro de 48 horas este mi\u00e9rcoles 4 y jueves 5 de septiembre, en [&hellip;]<\/p>\n","protected":false},"author":5,"featured_media":4563,"comment_status":"open","ping_status":"open","sticky":false,"template":"","format":"standard","meta":{"_price":"","_stock":"","_tribe_ticket_header":"","_tribe_default_ticket_provider":"","_tribe_ticket_capacity":"0","_ticket_start_date":"","_ticket_end_date":"","_tribe_ticket_show_description":"","_tribe_ticket_show_not_going":false,"_tribe_ticket_use_global_stock":"","_tribe_ticket_global_stock_level":"","_global_stock_mode":"","_global_stock_cap":"","_tribe_rsvp_for_event":"","_tribe_ticket_going_count":"","_tribe_ticket_not_going_count":"","_tribe_tickets_list":"[]","_tribe_ticket_has_attendee_info_fields":false,"h5ap_radio_sources":[],"_jetpack_newsletter_access":"","_jetpack_dont_email_post_to_subs":false,"_jetpack_newsletter_tier_id":0,"_jetpack_memberships_contains_paywalled_content":false,"_jetpack_memberships_contains_paid_content":false,"footnotes":""},"categories":[21,5],"tags":[],"class_list":["post-54376","post","type-post","status-publish","format-standard","has-post-thumbnail","hentry","category-actualidad","category-ganaderia"],"jetpack_featured_media_url":"https:\/\/i0.wp.com\/lahoradelcampo.com.uy\/site\/wp-content\/uploads\/2017\/12\/Foica.jpg?fit=880%2C440&ssl=1","jetpack_sharing_enabled":true,"jetpack_shortlink":"https:\/\/wp.me\/p99IaT-e92","jetpack-related-posts":[{"id":43011,"url":"https:\/\/lahoradelcampo.com.uy\/site\/foica-anuncio-paro-de-24-horas-para-el-7-de-julio\/","url_meta":{"origin":54376,"position":0},"title":"FOICA anunci\u00f3 paro de 24 horas para  el 7 de julio","author":"La Hora del Campo","date":"21 junio, 2022","format":false,"excerpt":"La Federaci\u00f3n Obrera de la Industria de la Carne y Afines (Foica) anunci\u00f3 que realizar\u00e1 un paro general de 24 horas, el pr\u00f3ximo jueves 7 de julio de 2022. Dicha decisi\u00f3n se enmarca dentro del Paro General Metropolitano con Movilizaci\u00f3n entre las 9 y las 13 horas, coordinado por el\u2026","rel":"","context":"En \u00abActualidad\u00bb","block_context":{"text":"Actualidad","link":"https:\/\/lahoradelcampo.com.uy\/site\/category\/actualidad\/"},"img":{"alt_text":"","src":"https:\/\/i0.wp.com\/lahoradelcampo.com.uy\/site\/wp-content\/uploads\/2017\/12\/Foica.jpg?fit=880%2C440&ssl=1&resize=350%2C200","width":350,"height":200,"srcset":"https:\/\/i0.wp.com\/lahoradelcampo.com.uy\/site\/wp-content\/uploads\/2017\/12\/Foica.jpg?fit=880%2C440&ssl=1&resize=350%2C200 1x, https:\/\/i0.wp.com\/lahoradelcampo.com.uy\/site\/wp-content\/uploads\/2017\/12\/Foica.jpg?fit=880%2C440&ssl=1&resize=525%2C300 1.5x, https:\/\/i0.wp.com\/lahoradelcampo.com.uy\/site\/wp-content\/uploads\/2017\/12\/Foica.jpg?fit=880%2C440&ssl=1&resize=700%2C400 2x"},"classes":[]},{"id":7221,"url":"https:\/\/lahoradelcampo.com.uy\/site\/foica-anuncio-paro-de-24-horas-en-toda-la-industria\/","url_meta":{"origin":54376,"position":1},"title":"FOICA anunci\u00f3 paro de 24 horas en toda la industria","author":"La Hora del Campo","date":"16 mayo, 2018","format":false,"excerpt":"La problem\u00e1tica en la empresa Somicar, responsable por la planta del ex-Matadero Municipal de Salto, contin\u00faa incambiada, por lo cual la Federaci\u00f3n de Obreros de la Industria de la Carne y Afines (FOICA) anunci\u00f3 que realizar\u00e1 en la jornada de ma\u00f1ana un nuevo paro de 24 horas en toda la\u2026","rel":"","context":"En \u00abActualidad\u00bb","block_context":{"text":"Actualidad","link":"https:\/\/lahoradelcampo.com.uy\/site\/category\/actualidad\/"},"img":{"alt_text":"","src":"https:\/\/i0.wp.com\/lahoradelcampo.com.uy\/site\/wp-content\/uploads\/2018\/05\/somicar.jpg?fit=880%2C440&ssl=1&resize=350%2C200","width":350,"height":200,"srcset":"https:\/\/i0.wp.com\/lahoradelcampo.com.uy\/site\/wp-content\/uploads\/2018\/05\/somicar.jpg?fit=880%2C440&ssl=1&resize=350%2C200 1x, https:\/\/i0.wp.com\/lahoradelcampo.com.uy\/site\/wp-content\/uploads\/2018\/05\/somicar.jpg?fit=880%2C440&ssl=1&resize=525%2C300 1.5x, https:\/\/i0.wp.com\/lahoradelcampo.com.uy\/site\/wp-content\/uploads\/2018\/05\/somicar.jpg?fit=880%2C440&ssl=1&resize=700%2C400 2x"},"classes":[]},{"id":6745,"url":"https:\/\/lahoradelcampo.com.uy\/site\/hoy-se-realiza-paro-nacional-en-la-industria-frigorifica\/","url_meta":{"origin":54376,"position":2},"title":"Hoy se realiza Paro Nacional en la industria frigor\u00edfica","author":"La Hora del Campo","date":"2 mayo, 2018","format":false,"excerpt":"Hoy mi\u00e9rcoles 2 de mayo los frigor\u00edficos paran por 24 horas. La Federaci\u00f3n de Obreros de la Industria de la Carne y Afines (FOICA) resolvi\u00f3 hacer un paro para reclamar el reintegro del presidente del sindicato del Frigor\u00edfico Somicar, qui\u00e9n fue despedido por la empresa. La FOICA se reuni\u00f3 en\u2026","rel":"","context":"En \u00abActualidad\u00bb","block_context":{"text":"Actualidad","link":"https:\/\/lahoradelcampo.com.uy\/site\/category\/actualidad\/"},"img":{"alt_text":"","src":"https:\/\/i0.wp.com\/lahoradelcampo.com.uy\/site\/wp-content\/uploads\/2017\/09\/Faena-vacuna.jpg?fit=880%2C440&ssl=1&resize=350%2C200","width":350,"height":200,"srcset":"https:\/\/i0.wp.com\/lahoradelcampo.com.uy\/site\/wp-content\/uploads\/2017\/09\/Faena-vacuna.jpg?fit=880%2C440&ssl=1&resize=350%2C200 1x, https:\/\/i0.wp.com\/lahoradelcampo.com.uy\/site\/wp-content\/uploads\/2017\/09\/Faena-vacuna.jpg?fit=880%2C440&ssl=1&resize=525%2C300 1.5x, https:\/\/i0.wp.com\/lahoradelcampo.com.uy\/site\/wp-content\/uploads\/2017\/09\/Faena-vacuna.jpg?fit=880%2C440&ssl=1&resize=700%2C400 2x"},"classes":[]},{"id":4313,"url":"https:\/\/lahoradelcampo.com.uy\/site\/foica-no-acepto-faenar-para-la-auditoria-canadiense\/","url_meta":{"origin":54376,"position":3},"title":"Foica no acept\u00f3 faenar para la auditoria canadiense","author":"La Hora del Campo ADMIN","date":"29 noviembre, 2017","format":false,"excerpt":"La cadena c\u00e1rnica nacional se encuentra atravesando un conflicto laboral que puede terminar en la p\u00e9rdida de un mercado debido a la falta de flexibilidad del sindicato de trabajadores. La Federaci\u00f3n de Obreros de la Industria C\u00e1rnica y Afines (Foica) luego de no mediar un acuerdo con frigor\u00edfico Solis mantuvo\u2026","rel":"","context":"En \u00abActualidad\u00bb","block_context":{"text":"Actualidad","link":"https:\/\/lahoradelcampo.com.uy\/site\/category\/actualidad\/"},"img":{"alt_text":"","src":"https:\/\/i0.wp.com\/lahoradelcampo.com.uy\/site\/wp-content\/uploads\/2017\/11\/Carne.jpg?fit=880%2C440&ssl=1&resize=350%2C200","width":350,"height":200,"srcset":"https:\/\/i0.wp.com\/lahoradelcampo.com.uy\/site\/wp-content\/uploads\/2017\/11\/Carne.jpg?fit=880%2C440&ssl=1&resize=350%2C200 1x, https:\/\/i0.wp.com\/lahoradelcampo.com.uy\/site\/wp-content\/uploads\/2017\/11\/Carne.jpg?fit=880%2C440&ssl=1&resize=525%2C300 1.5x, https:\/\/i0.wp.com\/lahoradelcampo.com.uy\/site\/wp-content\/uploads\/2017\/11\/Carne.jpg?fit=880%2C440&ssl=1&resize=700%2C400 2x"},"classes":[]},{"id":4589,"url":"https:\/\/lahoradelcampo.com.uy\/site\/trabajadores-rechazaron-propuesta-de-frigorifico-solis\/","url_meta":{"origin":54376,"position":4},"title":"Trabajadores rechazaron propuesta de Frigor\u00edfico Sol\u00eds","author":"La Hora del Campo","date":"5 diciembre, 2017","format":false,"excerpt":"Luego del paro de 48 horas realizado por la Federaci\u00f3n de Obreros de la Industria C\u00e1rnica y Afines (Foica) la pasada semana, que afectara todas las plantas frigor\u00edficas del pa\u00eds,se realizaron dos reuniones llevadas adelante por parte de mediadores del MTSS con ambas partes del conflicto y todo hacia parecer\u2026","rel":"","context":"En \u00abActualidad\u00bb","block_context":{"text":"Actualidad","link":"https:\/\/lahoradelcampo.com.uy\/site\/category\/actualidad\/"},"img":{"alt_text":"","src":"https:\/\/i0.wp.com\/lahoradelcampo.com.uy\/site\/wp-content\/uploads\/2017\/12\/Foica.jpg?fit=880%2C440&ssl=1&resize=350%2C200","width":350,"height":200,"srcset":"https:\/\/i0.wp.com\/lahoradelcampo.com.uy\/site\/wp-content\/uploads\/2017\/12\/Foica.jpg?fit=880%2C440&ssl=1&resize=350%2C200 1x, https:\/\/i0.wp.com\/lahoradelcampo.com.uy\/site\/wp-content\/uploads\/2017\/12\/Foica.jpg?fit=880%2C440&ssl=1&resize=525%2C300 1.5x, https:\/\/i0.wp.com\/lahoradelcampo.com.uy\/site\/wp-content\/uploads\/2017\/12\/Foica.jpg?fit=880%2C440&ssl=1&resize=700%2C400 2x"},"classes":[]},{"id":4787,"url":"https:\/\/lahoradelcampo.com.uy\/site\/propuesta-del-gobierno-respalda-pedido-de-los-trabajadores\/","url_meta":{"origin":54376,"position":5},"title":"Propuesta del gobierno respalda pedido de los trabajadores","author":"La Hora del Campo","date":"11 diciembre, 2017","format":false,"excerpt":"La problem\u00e1tica entorno al frigor\u00edfico Sol\u00eds, contin\u00faa siendo uno de los puntos de mayor preocupaci\u00f3n de todo el sector productivo. Los productores se encuentran frente al incremento de la oferta, una baja de los valores de la hacienda y con entradas a la industria que se han distanciado en el\u2026","rel":"","context":"En \u00abActualidad\u00bb","block_context":{"text":"Actualidad","link":"https:\/\/lahoradelcampo.com.uy\/site\/category\/actualidad\/"},"img":{"alt_text":"","src":"https:\/\/i0.wp.com\/lahoradelcampo.com.uy\/site\/wp-content\/uploads\/2017\/12\/Solis.jpg?fit=880%2C440&ssl=1&resize=350%2C200","width":350,"height":200,"srcset":"https:\/\/i0.wp.com\/lahoradelcampo.com.uy\/site\/wp-content\/uploads\/2017\/12\/Solis.jpg?fit=880%2C440&ssl=1&resize=350%2C200 1x, https:\/\/i0.wp.com\/lahoradelcampo.com.uy\/site\/wp-content\/uploads\/2017\/12\/Solis.jpg?fit=880%2C440&ssl=1&resize=525%2C300 1.5x, https:\/\/i0.wp.com\/lahoradelcampo.com.uy\/site\/wp-content\/uploads\/2017\/12\/Solis.jpg?fit=880%2C440&ssl=1&resize=700%2C400 2x"},"classes":[]}],"jetpack_likes_enabled":true,"_links":{"self":[{"href":"https:\/\/lahoradelcampo.com.uy\/site\/wp-json\/wp\/v2\/posts\/54376","targetHints":{"allow":["GET"]}}],"collection":[{"href":"https:\/\/lahoradelcampo.com.uy\/site\/wp-json\/wp\/v2\/posts"}],"about":[{"href":"https:\/\/lahoradelcampo.com.uy\/site\/wp-json\/wp\/v2\/types\/post"}],"author":[{"embeddable":true,"href":"https:\/\/lahoradelcampo.com.uy\/site\/wp-json\/wp\/v2\/users\/5"}],"replies":[{"embeddable":true,"href":"https:\/\/lahoradelcampo.com.uy\/site\/wp-json\/wp\/v2\/comments?post=54376"}],"version-history":[{"count":1,"href":"https:\/\/lahoradelcampo.com.uy\/site\/wp-json\/wp\/v2\/posts\/54376\/revisions"}],"predecessor-version":[{"id":54377,"href":"https:\/\/lahoradelcampo.com.uy\/site\/wp-json\/wp\/v2\/posts\/54376\/revisions\/54377"}],"wp:featuredmedia":[{"embeddable":true,"href":"https:\/\/lahoradelcampo.com.uy\/site\/wp-json\/wp\/v2\/media\/4563"}],"wp:attachment":[{"href":"https:\/\/lahoradelcampo.com.uy\/site\/wp-json\/wp\/v2\/media?parent=54376"}],"wp:term":[{"taxonomy":"category","embeddable":true,"href":"https:\/\/lahoradelcampo.com.uy\/site\/wp-json\/wp\/v2\/categories?post=54376"},{"taxonomy":"post_tag","embeddable":true,"href":"https:\/\/lahoradelcampo.com.uy\/site\/wp-json\/wp\/v2\/tags?post=54376"}],"curies":[{"name":"wp","href":"https:\/\/api.w.org\/{rel}","templated":true}]}}