{"id":54367,"date":"2024-09-02T06:00:00","date_gmt":"2024-09-02T09:00:00","guid":{"rendered":"http:\/\/lahoradelcampo.com.uy\/site\/?p=54367"},"modified":"2024-09-02T08:15:34","modified_gmt":"2024-09-02T11:15:34","slug":"plaza-rural-ofrece-13-377-vacunos-en-el-primer-remate-de-setiembre","status":"publish","type":"post","link":"https:\/\/lahoradelcampo.com.uy\/site\/plaza-rural-ofrece-13-377-vacunos-en-el-primer-remate-de-setiembre\/","title":{"rendered":"Plaza Rural ofrece 13.377 vacunos en el primer remate de setiembre"},"content":{"rendered":"\n<figure class=\"wp-block-image size-full\"><a href=\"https:\/\/i0.wp.com\/lahoradelcampo.com.uy\/site\/wp-content\/uploads\/2023\/06\/Plaza-Rural-1.jpg\"><img data-recalc-dims=\"1\" loading=\"lazy\" decoding=\"async\" width=\"810\" height=\"405\" data-attachment-id=\"51399\" data-permalink=\"https:\/\/lahoradelcampo.com.uy\/site\/remate-270-de-plaza-rural-dias-con-tonos-diferentes-y-buena-colocacion\/plaza-rural-1-2\/\" data-orig-file=\"https:\/\/i0.wp.com\/lahoradelcampo.com.uy\/site\/wp-content\/uploads\/2023\/06\/Plaza-Rural-1.jpg?fit=880%2C440&amp;ssl=1\" data-orig-size=\"880,440\" data-comments-opened=\"1\" data-image-meta=\"{&quot;aperture&quot;:&quot;0&quot;,&quot;credit&quot;:&quot;&quot;,&quot;camera&quot;:&quot;&quot;,&quot;caption&quot;:&quot;&quot;,&quot;created_timestamp&quot;:&quot;0&quot;,&quot;copyright&quot;:&quot;&quot;,&quot;focal_length&quot;:&quot;0&quot;,&quot;iso&quot;:&quot;0&quot;,&quot;shutter_speed&quot;:&quot;0&quot;,&quot;title&quot;:&quot;&quot;,&quot;orientation&quot;:&quot;1&quot;}\" data-image-title=\"Plaza Rural 1\" data-image-description=\"\" data-image-caption=\"\" data-large-file=\"https:\/\/i0.wp.com\/lahoradelcampo.com.uy\/site\/wp-content\/uploads\/2023\/06\/Plaza-Rural-1.jpg?fit=810%2C405&amp;ssl=1\" src=\"https:\/\/i0.wp.com\/lahoradelcampo.com.uy\/site\/wp-content\/uploads\/2023\/06\/Plaza-Rural-1.jpg?resize=810%2C405\" alt=\"\" class=\"wp-image-51399\" srcset=\"https:\/\/i0.wp.com\/lahoradelcampo.com.uy\/site\/wp-content\/uploads\/2023\/06\/Plaza-Rural-1.jpg?w=880&amp;ssl=1 880w, https:\/\/i0.wp.com\/lahoradelcampo.com.uy\/site\/wp-content\/uploads\/2023\/06\/Plaza-Rural-1.jpg?resize=300%2C150&amp;ssl=1 300w, https:\/\/i0.wp.com\/lahoradelcampo.com.uy\/site\/wp-content\/uploads\/2023\/06\/Plaza-Rural-1.jpg?resize=768%2C384&amp;ssl=1 768w, https:\/\/i0.wp.com\/lahoradelcampo.com.uy\/site\/wp-content\/uploads\/2023\/06\/Plaza-Rural-1.jpg?resize=820%2C410&amp;ssl=1 820w\" sizes=\"auto, (max-width: 810px) 100vw, 810px\" \/><\/a><\/figure>\n\n\n\n<p>Este mi\u00e9rcoles 4 y jueves 5 de septiembre, Plaza Rural realizar\u00e1 su remate n\u00famero 291, ofreciendo 13.377 vacunos. Este evento se llevar\u00e1 a cabo en el hotel Cottage de Carrasco, con transmisi\u00f3n en vivo por televisi\u00f3n y v\u00eda internet. Con la financiaci\u00f3n del Banco Rep\u00fablica (BROU) y la novedad de una herramienta digital impulsada por inteligencia artificial.<\/p>\n\n\n\n<p>La oferta ya est\u00e1 habilitada en la p\u00e1gina web de Plaza Rural, permitiendo a los interesados a realizar preofertas. Los cat\u00e1logos impresos tambi\u00e9n est\u00e1n disponibles en las sedes de los escritorios para quienes prefieren la revisi\u00f3n f\u00edsica de la oferta.<\/p>\n\n\n\n<p><strong>La Oferta<\/strong><\/p>\n\n\n\n<p>Mi\u00e9rcoles 4: 2.679 terneros, 1.727 terneras, 251 terneros\/as, 42 mixtos m\u00e1s de 1 a\u00f1o, 719 novillos 1 a 2 a\u00f1os, 657 novillos 2 a 3 a\u00f1os, 78 novillos de m\u00e1s de 3 a\u00f1os y 799 vacas de invernada.<\/p>\n\n\n\n<p>Jueves 5: 1.242 vaquillonas 1 a 2 a\u00f1os, 365 vaquillonas m\u00e1s de 2 a\u00f1os, 3.048 vientres pre\u00f1ados, 1.718 piezas de cr\u00eda y 42 vientres.<\/p>\n\n\n\n<p><strong>PRIA<\/strong><\/p>\n\n\n\n<p>En esta ocasi\u00f3n, Plaza Rural presenta PRIA, una innovadora herramienta desarrollada con inteligencia artificial que busca agilizar el acceso a la informaci\u00f3n sobre los remates. PRIA, accesible a trav\u00e9s de WhatsApp en el n\u00famero 092.22.00.44, permite a los usuarios realizar consultas r\u00e1pidas mediante mensajes de texto o audio, facilitando el proceso de participaci\u00f3n en las subastas.<\/p>\n\n\n\n<p><strong>Condiciones<\/strong><\/p>\n\n\n\n<p>Los vendedores, por su parte, disfrutar\u00e1n de un cobro al contado sin descuentos financieros, una ventaja que no afecta las condiciones tradicionales ofrecidas a los compradores. Estos dispondr\u00e1n de 90 d\u00edas libres de intereses para realizar sus pagos, con la posibilidad de extender el plazo hasta 180 d\u00edas para los vientres pre\u00f1ados, o incluso hasta cuatro a\u00f1os si se trata de operaciones respaldadas por el BROU.<\/p>\n\n\n\n<p>Adem\u00e1s, los compradores tienen la opci\u00f3n de acceder a financiamientos adicionales a trav\u00e9s del Cr\u00e9dito Plus o el Fideicomiso Express del BROU, que pueden alcanzar hasta US$ 70.000. El Fideicomiso Ganadero Plaza Rural sigue disponible, brindando condiciones atractivas que pueden ser consultadas directamente en los escritorios participantes.<\/p>\n\n\n\n<p>Las operaciones del remate estar\u00e1n aseguradas por Mapfre durante 30 d\u00edas, brindando mayor seguridad tanto a vendedores como a compradores. Asimismo, aquellos que realicen preofertas podr\u00e1n beneficiarse con descuentos en sus compras, incentivando la participaci\u00f3n anticipada en la subasta.<\/p>\n\n\n\n<p>Salto, 2 de setiembre de 2024<\/p>\n","protected":false},"excerpt":{"rendered":"<p>Este mi\u00e9rcoles 4 y jueves 5 de septiembre, Plaza Rural realizar\u00e1 su remate n\u00famero 291, ofreciendo 13.377 vacunos. Este evento se llevar\u00e1 a cabo en el hotel Cottage de Carrasco, [&hellip;]<\/p>\n","protected":false},"author":5,"featured_media":51399,"comment_status":"open","ping_status":"open","sticky":false,"template":"","format":"standard","meta":{"_price":"","_stock":"","_tribe_ticket_header":"","_tribe_default_ticket_provider":"","_tribe_ticket_capacity":"0","_ticket_start_date":"","_ticket_end_date":"","_tribe_ticket_show_description":"","_tribe_ticket_show_not_going":false,"_tribe_ticket_use_global_stock":"","_tribe_ticket_global_stock_level":"","_global_stock_mode":"","_global_stock_cap":"","_tribe_rsvp_for_event":"","_tribe_ticket_going_count":"","_tribe_ticket_not_going_count":"","_tribe_tickets_list":"[]","_tribe_ticket_has_attendee_info_fields":false,"h5ap_radio_sources":[],"_jetpack_newsletter_access":"","_jetpack_dont_email_post_to_subs":false,"_jetpack_newsletter_tier_id":0,"_jetpack_memberships_contains_paywalled_content":false,"_jetpack_memberships_contains_paid_content":false,"footnotes":""},"categories":[21,5],"tags":[],"class_list":["post-54367","post","type-post","status-publish","format-standard","has-post-thumbnail","hentry","category-actualidad","category-ganaderia"],"jetpack_featured_media_url":"https:\/\/i0.wp.com\/lahoradelcampo.com.uy\/site\/wp-content\/uploads\/2023\/06\/Plaza-Rural-1.jpg?fit=880%2C440&ssl=1","jetpack_sharing_enabled":true,"jetpack_shortlink":"https:\/\/wp.me\/p99IaT-e8T","jetpack-related-posts":[{"id":29726,"url":"https:\/\/lahoradelcampo.com.uy\/site\/plaza-rural-coloco-27-000-vacunos-el-95-de-la-oferta\/","url_meta":{"origin":54367,"position":0},"title":"Plaza Rural coloc\u00f3 27.000 vacunos, el 95% de la oferta","author":"La Hora del Campo","date":"6 mayo, 2021","format":false,"excerpt":"Plaza Rural cerr\u00f3 su remate 233, con un colocaci\u00f3n de 27.000 cabezas de vacunos, representando el 95% de la oferta total presentada en los cuatro d\u00edas de ventas. \u00c1lvaro Garc\u00eda, presidente del consorcio de rematadores, se\u00f1al\u00f3 su satisfacci\u00f3n con el final del remate, su nivel de colocaci\u00f3n y record\u00f3 que\u2026","rel":"","context":"En \u00abActualidad\u00bb","block_context":{"text":"Actualidad","link":"https:\/\/lahoradelcampo.com.uy\/site\/category\/actualidad\/"},"img":{"alt_text":"","src":"https:\/\/i0.wp.com\/lahoradelcampo.com.uy\/site\/wp-content\/uploads\/2021\/02\/PLazarural.jpg?fit=880%2C440&ssl=1&resize=350%2C200","width":350,"height":200,"srcset":"https:\/\/i0.wp.com\/lahoradelcampo.com.uy\/site\/wp-content\/uploads\/2021\/02\/PLazarural.jpg?fit=880%2C440&ssl=1&resize=350%2C200 1x, https:\/\/i0.wp.com\/lahoradelcampo.com.uy\/site\/wp-content\/uploads\/2021\/02\/PLazarural.jpg?fit=880%2C440&ssl=1&resize=525%2C300 1.5x, https:\/\/i0.wp.com\/lahoradelcampo.com.uy\/site\/wp-content\/uploads\/2021\/02\/PLazarural.jpg?fit=880%2C440&ssl=1&resize=700%2C400 2x"},"classes":[]},{"id":50232,"url":"https:\/\/lahoradelcampo.com.uy\/site\/plaza-rural-cierra-abril-con-exito-en-venta-de-casi-30-mil-vacunos\/","url_meta":{"origin":54367,"position":1},"title":"Plaza Rural cierra abril con \u00e9xito en venta de casi 30 mil vacunos","author":"La Hora del Campo","date":"28 abril, 2023","format":false,"excerpt":"En el mes de abril, Plaza Rural complet\u00f3 la comercializaci\u00f3n de 29.937 vacunos, logrando vender en dos d\u00edas un total de 19.184 cabezas. El Ing. Agr. Fernando Indarte, se mostr\u00f3 gratamente sorprendido por el \u00e9xito del remate, ya que se esperaba un panorama m\u00e1s dif\u00edcil. Indarte destac\u00f3 la participaci\u00f3n de\u2026","rel":"","context":"En \u00abActualidad\u00bb","block_context":{"text":"Actualidad","link":"https:\/\/lahoradelcampo.com.uy\/site\/category\/actualidad\/"},"img":{"alt_text":"","src":"https:\/\/i0.wp.com\/lahoradelcampo.com.uy\/site\/wp-content\/uploads\/2023\/04\/PlazaRural-PlazaAngus.jpg?fit=880%2C440&ssl=1&resize=350%2C200","width":350,"height":200,"srcset":"https:\/\/i0.wp.com\/lahoradelcampo.com.uy\/site\/wp-content\/uploads\/2023\/04\/PlazaRural-PlazaAngus.jpg?fit=880%2C440&ssl=1&resize=350%2C200 1x, https:\/\/i0.wp.com\/lahoradelcampo.com.uy\/site\/wp-content\/uploads\/2023\/04\/PlazaRural-PlazaAngus.jpg?fit=880%2C440&ssl=1&resize=525%2C300 1.5x, https:\/\/i0.wp.com\/lahoradelcampo.com.uy\/site\/wp-content\/uploads\/2023\/04\/PlazaRural-PlazaAngus.jpg?fit=880%2C440&ssl=1&resize=700%2C400 2x"},"classes":[]},{"id":4047,"url":"https:\/\/lahoradelcampo.com.uy\/site\/plaza-rural-coloco-el-944-de-la-oferta-de-noviembre\/","url_meta":{"origin":54367,"position":2},"title":"Plaza Rural coloc\u00f3 el 94,4% de la oferta de noviembre","author":"La Hora del Campo","date":"16 noviembre, 2017","format":false,"excerpt":"Plaza Rural realiz\u00f3 durante los d\u00edas 15 y 16 de noviembre su remate 188, donde se incluy\u00f3 una nueva edici\u00f3n de Plaza Braford, donde se incluy\u00f3 ganados certificados por la Sociedad de Criadores de Braford y Ceb\u00fa del Uruguay. El consorcio de rematadores logr\u00f3 colocar 10.632 vacunos del total de\u2026","rel":"","context":"En \u00abActualidad\u00bb","block_context":{"text":"Actualidad","link":"https:\/\/lahoradelcampo.com.uy\/site\/category\/actualidad\/"},"img":{"alt_text":"","src":"https:\/\/i0.wp.com\/lahoradelcampo.com.uy\/site\/wp-content\/uploads\/2017\/11\/plazarural.jpg?fit=880%2C440&ssl=1&resize=350%2C200","width":350,"height":200,"srcset":"https:\/\/i0.wp.com\/lahoradelcampo.com.uy\/site\/wp-content\/uploads\/2017\/11\/plazarural.jpg?fit=880%2C440&ssl=1&resize=350%2C200 1x, https:\/\/i0.wp.com\/lahoradelcampo.com.uy\/site\/wp-content\/uploads\/2017\/11\/plazarural.jpg?fit=880%2C440&ssl=1&resize=525%2C300 1.5x, https:\/\/i0.wp.com\/lahoradelcampo.com.uy\/site\/wp-content\/uploads\/2017\/11\/plazarural.jpg?fit=880%2C440&ssl=1&resize=700%2C400 2x"},"classes":[]},{"id":53865,"url":"https:\/\/lahoradelcampo.com.uy\/site\/plaza-rural-coloco-el-14-888-vacunos-en-el-primer-remate-de-mayo\/","url_meta":{"origin":54367,"position":3},"title":"Plaza Rural coloc\u00f3 el 14.888 vacunos en el primer remate de mayo","author":"La Hora del Campo","date":"13 mayo, 2024","format":false,"excerpt":"En su primer remate del mes de mayo, Plaza Rural alcanz\u00f3 la venta de 14.888 vacunos, lo que representa el 93,40% de la oferta total. Este evento fue el primero de los dos programados para este mes. La jornada estuvo marcada por una alta dispersi\u00f3n de ganado, generando satisfacci\u00f3n entre\u2026","rel":"","context":"En \u00abActualidad\u00bb","block_context":{"text":"Actualidad","link":"https:\/\/lahoradelcampo.com.uy\/site\/category\/actualidad\/"},"img":{"alt_text":"","src":"https:\/\/i0.wp.com\/lahoradelcampo.com.uy\/site\/wp-content\/uploads\/2023\/06\/Plaza-Rural-1.jpg?fit=880%2C440&ssl=1&resize=350%2C200","width":350,"height":200,"srcset":"https:\/\/i0.wp.com\/lahoradelcampo.com.uy\/site\/wp-content\/uploads\/2023\/06\/Plaza-Rural-1.jpg?fit=880%2C440&ssl=1&resize=350%2C200 1x, https:\/\/i0.wp.com\/lahoradelcampo.com.uy\/site\/wp-content\/uploads\/2023\/06\/Plaza-Rural-1.jpg?fit=880%2C440&ssl=1&resize=525%2C300 1.5x, https:\/\/i0.wp.com\/lahoradelcampo.com.uy\/site\/wp-content\/uploads\/2023\/06\/Plaza-Rural-1.jpg?fit=880%2C440&ssl=1&resize=700%2C400 2x"},"classes":[]},{"id":30272,"url":"https:\/\/lahoradelcampo.com.uy\/site\/plaza-rural-comienza-hoy-su-remate-234-con-24-000-vacunos\/","url_meta":{"origin":54367,"position":4},"title":"Plaza Rural comienza hoy su remate 234, con 24.000 vacunos","author":"La Hora del Campo","date":"19 mayo, 2021","format":false,"excerpt":"A partir de la hora 9:00 y por tv cable e internet, comienza las ventas del remate 234 de Plaza Rural, que en esta oportunidad incluye el Plaza Angus, con ganados certificados por la Sociedad de Criadores de Aberdeen Angus del Uruguay. El remate que comienza hoy, se extender\u00e1 hasta\u2026","rel":"","context":"En \u00abActualidad\u00bb","block_context":{"text":"Actualidad","link":"https:\/\/lahoradelcampo.com.uy\/site\/category\/actualidad\/"},"img":{"alt_text":"","src":"https:\/\/i0.wp.com\/lahoradelcampo.com.uy\/site\/wp-content\/uploads\/2021\/02\/PLazarural.jpg?fit=880%2C440&ssl=1&resize=350%2C200","width":350,"height":200,"srcset":"https:\/\/i0.wp.com\/lahoradelcampo.com.uy\/site\/wp-content\/uploads\/2021\/02\/PLazarural.jpg?fit=880%2C440&ssl=1&resize=350%2C200 1x, https:\/\/i0.wp.com\/lahoradelcampo.com.uy\/site\/wp-content\/uploads\/2021\/02\/PLazarural.jpg?fit=880%2C440&ssl=1&resize=525%2C300 1.5x, https:\/\/i0.wp.com\/lahoradelcampo.com.uy\/site\/wp-content\/uploads\/2021\/02\/PLazarural.jpg?fit=880%2C440&ssl=1&resize=700%2C400 2x"},"classes":[]},{"id":3175,"url":"https:\/\/lahoradelcampo.com.uy\/site\/plaza-rural-coloco-el-92-de-la-oferta-en-el-primer-dia-de-ventas\/","url_meta":{"origin":54367,"position":5},"title":"Plaza Rural coloc\u00f3 el 92% de la oferta en el primer d\u00eda de ventas","author":"La Hora del Campo","date":"26 octubre, 2017","format":false,"excerpt":"En la jornada de ayer el consorcio de rematadores de Plaza Rural coloc\u00f3 el 92% de la oferta de ganados de invernada, en el primer d\u00eda de ventas del remate 187, que incluye el Plaza Hereford. Las ventas contin\u00faan hoy con las categor\u00edas de cr\u00eda, desde el hotel Cottage y\u2026","rel":"","context":"En \u00abActualidad\u00bb","block_context":{"text":"Actualidad","link":"https:\/\/lahoradelcampo.com.uy\/site\/category\/actualidad\/"},"img":{"alt_text":"","src":"https:\/\/i0.wp.com\/lahoradelcampo.com.uy\/site\/wp-content\/uploads\/2017\/10\/Plaza-Rural-1.jpg?fit=880%2C440&ssl=1&resize=350%2C200","width":350,"height":200,"srcset":"https:\/\/i0.wp.com\/lahoradelcampo.com.uy\/site\/wp-content\/uploads\/2017\/10\/Plaza-Rural-1.jpg?fit=880%2C440&ssl=1&resize=350%2C200 1x, https:\/\/i0.wp.com\/lahoradelcampo.com.uy\/site\/wp-content\/uploads\/2017\/10\/Plaza-Rural-1.jpg?fit=880%2C440&ssl=1&resize=525%2C300 1.5x, https:\/\/i0.wp.com\/lahoradelcampo.com.uy\/site\/wp-content\/uploads\/2017\/10\/Plaza-Rural-1.jpg?fit=880%2C440&ssl=1&resize=700%2C400 2x"},"classes":[]}],"jetpack_likes_enabled":true,"_links":{"self":[{"href":"https:\/\/lahoradelcampo.com.uy\/site\/wp-json\/wp\/v2\/posts\/54367","targetHints":{"allow":["GET"]}}],"collection":[{"href":"https:\/\/lahoradelcampo.com.uy\/site\/wp-json\/wp\/v2\/posts"}],"about":[{"href":"https:\/\/lahoradelcampo.com.uy\/site\/wp-json\/wp\/v2\/types\/post"}],"author":[{"embeddable":true,"href":"https:\/\/lahoradelcampo.com.uy\/site\/wp-json\/wp\/v2\/users\/5"}],"replies":[{"embeddable":true,"href":"https:\/\/lahoradelcampo.com.uy\/site\/wp-json\/wp\/v2\/comments?post=54367"}],"version-history":[{"count":2,"href":"https:\/\/lahoradelcampo.com.uy\/site\/wp-json\/wp\/v2\/posts\/54367\/revisions"}],"predecessor-version":[{"id":54374,"href":"https:\/\/lahoradelcampo.com.uy\/site\/wp-json\/wp\/v2\/posts\/54367\/revisions\/54374"}],"wp:featuredmedia":[{"embeddable":true,"href":"https:\/\/lahoradelcampo.com.uy\/site\/wp-json\/wp\/v2\/media\/51399"}],"wp:attachment":[{"href":"https:\/\/lahoradelcampo.com.uy\/site\/wp-json\/wp\/v2\/media?parent=54367"}],"wp:term":[{"taxonomy":"category","embeddable":true,"href":"https:\/\/lahoradelcampo.com.uy\/site\/wp-json\/wp\/v2\/categories?post=54367"},{"taxonomy":"post_tag","embeddable":true,"href":"https:\/\/lahoradelcampo.com.uy\/site\/wp-json\/wp\/v2\/tags?post=54367"}],"curies":[{"name":"wp","href":"https:\/\/api.w.org\/{rel}","templated":true}]}}