{"id":54364,"date":"2024-09-02T06:10:00","date_gmt":"2024-09-02T09:10:00","guid":{"rendered":"http:\/\/lahoradelcampo.com.uy\/site\/?p=54364"},"modified":"2024-09-02T08:13:55","modified_gmt":"2024-09-02T11:13:55","slug":"100-de-venta-en-el-remate-criollos-para-ganar-en-salto","status":"publish","type":"post","link":"https:\/\/lahoradelcampo.com.uy\/site\/100-de-venta-en-el-remate-criollos-para-ganar-en-salto\/","title":{"rendered":"100% de venta en el remate \u00abCriollos para ganar\u00bb en Salto"},"content":{"rendered":"\n<figure class=\"wp-block-image size-full\"><a href=\"https:\/\/i0.wp.com\/lahoradelcampo.com.uy\/site\/wp-content\/uploads\/2024\/09\/Criollosparaganar.jpg\"><img data-recalc-dims=\"1\" loading=\"lazy\" decoding=\"async\" width=\"810\" height=\"405\" data-attachment-id=\"54365\" data-permalink=\"https:\/\/lahoradelcampo.com.uy\/site\/100-de-venta-en-el-remate-criollos-para-ganar-en-salto\/criollosparaganar\/\" data-orig-file=\"https:\/\/i0.wp.com\/lahoradelcampo.com.uy\/site\/wp-content\/uploads\/2024\/09\/Criollosparaganar.jpg?fit=880%2C440&amp;ssl=1\" data-orig-size=\"880,440\" data-comments-opened=\"1\" data-image-meta=\"{&quot;aperture&quot;:&quot;0&quot;,&quot;credit&quot;:&quot;&quot;,&quot;camera&quot;:&quot;&quot;,&quot;caption&quot;:&quot;&quot;,&quot;created_timestamp&quot;:&quot;0&quot;,&quot;copyright&quot;:&quot;&quot;,&quot;focal_length&quot;:&quot;0&quot;,&quot;iso&quot;:&quot;0&quot;,&quot;shutter_speed&quot;:&quot;0&quot;,&quot;title&quot;:&quot;&quot;,&quot;orientation&quot;:&quot;1&quot;}\" data-image-title=\"Criollosparaganar\" data-image-description=\"\" data-image-caption=\"\" data-large-file=\"https:\/\/i0.wp.com\/lahoradelcampo.com.uy\/site\/wp-content\/uploads\/2024\/09\/Criollosparaganar.jpg?fit=810%2C405&amp;ssl=1\" src=\"https:\/\/i0.wp.com\/lahoradelcampo.com.uy\/site\/wp-content\/uploads\/2024\/09\/Criollosparaganar.jpg?resize=810%2C405\" alt=\"\" class=\"wp-image-54365\" srcset=\"https:\/\/i0.wp.com\/lahoradelcampo.com.uy\/site\/wp-content\/uploads\/2024\/09\/Criollosparaganar.jpg?w=880&amp;ssl=1 880w, https:\/\/i0.wp.com\/lahoradelcampo.com.uy\/site\/wp-content\/uploads\/2024\/09\/Criollosparaganar.jpg?resize=300%2C150&amp;ssl=1 300w, https:\/\/i0.wp.com\/lahoradelcampo.com.uy\/site\/wp-content\/uploads\/2024\/09\/Criollosparaganar.jpg?resize=768%2C384&amp;ssl=1 768w, https:\/\/i0.wp.com\/lahoradelcampo.com.uy\/site\/wp-content\/uploads\/2024\/09\/Criollosparaganar.jpg?resize=820%2C410&amp;ssl=1 820w\" sizes=\"auto, (max-width: 810px) 100vw, 810px\" \/><\/a><\/figure>\n\n\n\n<p>El remate cumpli\u00f3 con los tres pilares principales de una subasta, se vendi\u00f3 el 100% de la oferta, la demanda pujo por todos los lotes y los valores cumplieron con las expectativas de los vendedores y los compradores, adem\u00e1s la gen\u00e9tica se dispers\u00f3 a varios puntos del pa\u00eds. <\/p>\n\n\n\n<p>Las ventas iniciaron con dos yeguas de la caba\u00f1a \u201cEl Rumbo\u201d de De Souza y luego se fueron intercalando con las distintas caba\u00f1as, coloc\u00e1ndose 27 yeguas a US$ 2.750 de promedio, un padrillo en US$ 4.590 y dos caballos castrados en US$ 1.890 de promedio.<\/p>\n\n\n\n<p>El precio m\u00e1ximo del remate fue de US$ 5.490 por \u201cPulga San Telmo\u201d, de caba\u00f1a San Telmo de Diego y Horacio de Brum, que fue adquirida por Ignacio Cuj\u00f3. El segundo mayor valor fue para \u201cParaguaya Rumbeadora\u201d de la caba\u00f1a \u201cEl Rumbo\u201d de Gustavo de Souza adquirida en US$ 5.400 por la caba\u00f1a \u201cLa Calavera\u201d de Magallanes. El piso de las ventas fue de US$ 1.440.<\/p>\n\n\n\n<p>Al cierre de la subasta, Juan Pablo Guti\u00e9rrez, del escritorio Indarte &amp; C\u00eda, la defini\u00f3 como \u201cun flor de remate\u201d. Al respecto destac\u00f3 \u201cse vendieron todos los caballos, que estaban pr\u00e1cticamente todos pre ofertados antes de empezar el remate. Hubo puja en el 100% de los lotes y la verdad que los valores, los promedios son muy buenos\u201d.<\/p>\n\n\n\n<p>Destac\u00f3 el \u201corgullo\u201d que significa para la firma el realizar este remate, \u201cvienen siendo cinco \u00e9xitos simult\u00e1neos\u201d y con ejemplares que se destinan \u201ca varios puntos del pa\u00eds, tenemos caballos para Florida, para muy cerca de Montevideo, para Paysand\u00fa, Tacuaremb\u00f3, Salto, Artigas\u201d.<\/p>\n\n\n\n<p>Guti\u00e9rrez explic\u00f3 que las ventas fueron \u201cmuy distribuidas, porque la gente conoce esta caballada, ya sabe que esta caballada da resultado y por eso es que la sigue viniendo a buscar\u201d.<\/p>\n\n\n\n<p>Gast\u00f3n Araujo, quien condujo las ventas en el martillo, catalog\u00f3 el remate como \u201cun \u00e9xito\u201d, destac\u00f3 \u201cla tranquilidad\u201d de haber tenido el 95% de los animales pre ofertados y remarc\u00f3 que \u201cen el 100% de los lotes hubo puja y se vendi\u00f3 para todo el pa\u00eds\u201d.<\/p>\n\n\n\n<p>El martillero destac\u00f3 la importancia de la gen\u00e9tica que han presentado estas caba\u00f1as en la pista del remate, \u201cson yeguas importantes, de caba\u00f1as que han andado bien, han ganado \u201cCriollos para ganar\u201d, han ganado marchas, han ganado pruebas de resistencia, entonces sabemos que este es un remate que anda bien y por eso la buena puja\u201d.<\/p>\n\n\n\n<p>Por caba\u00f1as<\/p>\n\n\n\n<p>La caba\u00f1a \u201cEl Rumbo\u201d de Gustavo de Souza vendi\u00f3 10 yeguas entre US$ 5.400 de m\u00e1ximo y US$ 1.800 de m\u00ednimo, con un promedio de US$ 2.745. Por su parte \u201cLa Porf\u00eda\u201d de Luis Astore, comercializ\u00f3 6 yeguas a un promedio de US$ 3.105, con un m\u00e1ximo de US$ 4.050 y m\u00ednimo de US$ 1.620. Adem\u00e1s vendi\u00f3 un padrillo que cotiz\u00f3 a US$ 4.590.<\/p>\n\n\n\n<p>Por su parte, la caba\u00f1a \u201cSan Telmo\u201d de Diego y Horacio de Brum, vendi\u00f3 tres yeguas entre US$ 5.940 de m\u00e1ximo y US$ 2.700 de m\u00ednimo, con un promedio de US$ 4.080. Adem\u00e1s, la caba\u00f1a artiguense, vendi\u00f3 dos caballos castrados en US$ 1.890 de promedio.<\/p>\n\n\n\n<p>La caba\u00f1a \u201cEl Virar\u00f3\u201d de H y A Mart\u00ednez, vendi\u00f3 cuatro yeguas entre US$ 1.980 y US$ 1.530, con un promedio de US$ 1.688, en tanto que \u201cTres Cerros\u201d, de A &amp; E Stolovas vendi\u00f3 dos yeguas a un promedio de US$ 1.710. En este remate tambi\u00e9n se ofertaron dos yeguas de la caba\u00f1a \u201cSociedad\u201d de Luis Astore, El Virar\u00f3 y Santa Cecilia, que obtuvieron US$ 2.880 de promedio. &nbsp;<\/p>\n\n\n\n<p>Salto, 2 de setiembre de 2024<\/p>\n","protected":false},"excerpt":{"rendered":"<p>El remate cumpli\u00f3 con los tres pilares principales de una subasta, se vendi\u00f3 el 100% de la oferta, la demanda pujo por todos los lotes y los valores cumplieron con [&hellip;]<\/p>\n","protected":false},"author":5,"featured_media":54365,"comment_status":"open","ping_status":"open","sticky":false,"template":"","format":"standard","meta":{"_price":"","_stock":"","_tribe_ticket_header":"","_tribe_default_ticket_provider":"","_tribe_ticket_capacity":"0","_ticket_start_date":"","_ticket_end_date":"","_tribe_ticket_show_description":"","_tribe_ticket_show_not_going":false,"_tribe_ticket_use_global_stock":"","_tribe_ticket_global_stock_level":"","_global_stock_mode":"","_global_stock_cap":"","_tribe_rsvp_for_event":"","_tribe_ticket_going_count":"","_tribe_ticket_not_going_count":"","_tribe_tickets_list":"[]","_tribe_ticket_has_attendee_info_fields":false,"h5ap_radio_sources":[],"_jetpack_newsletter_access":"","_jetpack_dont_email_post_to_subs":false,"_jetpack_newsletter_tier_id":0,"_jetpack_memberships_contains_paywalled_content":false,"_jetpack_memberships_contains_paid_content":false,"footnotes":""},"categories":[21,23],"tags":[],"class_list":["post-54364","post","type-post","status-publish","format-standard","has-post-thumbnail","hentry","category-actualidad","category-equinos"],"jetpack_featured_media_url":"https:\/\/i0.wp.com\/lahoradelcampo.com.uy\/site\/wp-content\/uploads\/2024\/09\/Criollosparaganar.jpg?fit=880%2C440&ssl=1","jetpack_sharing_enabled":true,"jetpack_shortlink":"https:\/\/wp.me\/p99IaT-e8Q","jetpack-related-posts":[{"id":16478,"url":"https:\/\/lahoradelcampo.com.uy\/site\/parada-farina-con-colocacion-total-de-ovinos-y-vacunos-en-artigas\/","url_meta":{"origin":54364,"position":0},"title":"Parada Fari\u00f1a con colocaci\u00f3n total de ovinos y vacunos en Artigas","author":"La Hora del Campo","date":"18 diciembre, 2019","format":false,"excerpt":"En la jornada de ayer, el escritorio Otto Fern\u00e1ndez, realiz\u00f3 su \u00faltimo remate del a\u00f1o en el local Parada Fari\u00f1a, con la colocaci\u00f3n total tanto de ovinos como de vacunos y yeguarizos de la feria general y un 75% de la oferta de caballos criollos de pedigree de caba\u00f1a San\u2026","rel":"","context":"En \u00abActualidad\u00bb","block_context":{"text":"Actualidad","link":"https:\/\/lahoradelcampo.com.uy\/site\/category\/actualidad\/"},"img":{"alt_text":"","src":"https:\/\/i0.wp.com\/lahoradelcampo.com.uy\/site\/wp-content\/uploads\/2019\/12\/ottokiko.jpg?fit=880%2C440&ssl=1&resize=350%2C200","width":350,"height":200,"srcset":"https:\/\/i0.wp.com\/lahoradelcampo.com.uy\/site\/wp-content\/uploads\/2019\/12\/ottokiko.jpg?fit=880%2C440&ssl=1&resize=350%2C200 1x, https:\/\/i0.wp.com\/lahoradelcampo.com.uy\/site\/wp-content\/uploads\/2019\/12\/ottokiko.jpg?fit=880%2C440&ssl=1&resize=525%2C300 1.5x, https:\/\/i0.wp.com\/lahoradelcampo.com.uy\/site\/wp-content\/uploads\/2019\/12\/ottokiko.jpg?fit=880%2C440&ssl=1&resize=700%2C400 2x"},"classes":[]},{"id":2687,"url":"https:\/\/lahoradelcampo.com.uy\/site\/la-madrugada-de-gaudin-coloco-su-oferta-en-us-2-611\/","url_meta":{"origin":54364,"position":1},"title":"La Madrugada de Gaud\u00edn coloc\u00f3 su oferta en U$S 2.611","author":"La Hora del Campo","date":"15 octubre, 2017","format":false,"excerpt":"En la propia estancia, como es tradicional, la caba\u00f1a La Madrugada de Juan Luis Gaud\u00edn comercializ\u00f3 sus reproductores en la presente zafra.\u00a0 Las ventas estuvieron a cargo de los martilleros Enrique Beriau y Gast\u00f3n Araujo. Los negocios se fueron concretando \u00e1gilmente durante todo el remate, con un promedio que se\u2026","rel":"","context":"En \u00abActualidad\u00bb","block_context":{"text":"Actualidad","link":"https:\/\/lahoradelcampo.com.uy\/site\/category\/actualidad\/"},"img":{"alt_text":"","src":"https:\/\/i0.wp.com\/lahoradelcampo.com.uy\/site\/wp-content\/uploads\/2017\/10\/La-Madrugada.jpg?fit=880%2C440&ssl=1&resize=350%2C200","width":350,"height":200,"srcset":"https:\/\/i0.wp.com\/lahoradelcampo.com.uy\/site\/wp-content\/uploads\/2017\/10\/La-Madrugada.jpg?fit=880%2C440&ssl=1&resize=350%2C200 1x, https:\/\/i0.wp.com\/lahoradelcampo.com.uy\/site\/wp-content\/uploads\/2017\/10\/La-Madrugada.jpg?fit=880%2C440&ssl=1&resize=525%2C300 1.5x, https:\/\/i0.wp.com\/lahoradelcampo.com.uy\/site\/wp-content\/uploads\/2017\/10\/La-Madrugada.jpg?fit=880%2C440&ssl=1&resize=700%2C400 2x"},"classes":[]},{"id":35895,"url":"https:\/\/lahoradelcampo.com.uy\/site\/don-roberto-coloco-sus-44-toros-us-3-895-de-promedio\/","url_meta":{"origin":54364,"position":2},"title":"Don Roberto coloc\u00f3 sus 44 toros US$ 3.895 de promedio","author":"La Hora del Campo","date":"25 octubre, 2021","format":false,"excerpt":"El a\u00f1o pasado llovi\u00f3 durante el remate, este a\u00f1o llovi\u00f3 en la ma\u00f1ana, pero al final de las ventas qued\u00f3 la colocaci\u00f3n total, la agilidad en los negocios y los promedios que superan en un 13,7% los alcanzados en 2020. En el local de la Agropecuaria de Salto, con un\u2026","rel":"","context":"En \u00abActualidad\u00bb","block_context":{"text":"Actualidad","link":"https:\/\/lahoradelcampo.com.uy\/site\/category\/actualidad\/"},"img":{"alt_text":"","src":"https:\/\/i0.wp.com\/lahoradelcampo.com.uy\/site\/wp-content\/uploads\/2021\/10\/Zafra-DonRoberto.jpg?fit=880%2C440&ssl=1&resize=350%2C200","width":350,"height":200,"srcset":"https:\/\/i0.wp.com\/lahoradelcampo.com.uy\/site\/wp-content\/uploads\/2021\/10\/Zafra-DonRoberto.jpg?fit=880%2C440&ssl=1&resize=350%2C200 1x, https:\/\/i0.wp.com\/lahoradelcampo.com.uy\/site\/wp-content\/uploads\/2021\/10\/Zafra-DonRoberto.jpg?fit=880%2C440&ssl=1&resize=525%2C300 1.5x, https:\/\/i0.wp.com\/lahoradelcampo.com.uy\/site\/wp-content\/uploads\/2021\/10\/Zafra-DonRoberto.jpg?fit=880%2C440&ssl=1&resize=700%2C400 2x"},"classes":[]},{"id":24978,"url":"https:\/\/lahoradelcampo.com.uy\/site\/don-roberto-vendio-sus-toros-hereford-y-angus-en-us-3-441-de-promedio\/","url_meta":{"origin":54364,"position":3},"title":"\u00abDon Roberto\u00bb vendi\u00f3 sus toros Hereford  y Angus en US$  3.441 de promedio","author":"La Hora del Campo","date":"25 octubre, 2020","format":false,"excerpt":"Primer remate y con la llegada de la lluvia tan esperada a la zona, las ventas los Aberdeen Angus y Polled Hereford de caba\u00f1a Don Roberto en el predio de la Asociaci\u00f3n Agropecuaria de Salto, fueron \u00e1giles, r\u00e1pidas y totales. Los negocios estuvieron a cargo de los escritorios Gaud\u00edn Hnos\u2026","rel":"","context":"En \u00abActualidad\u00bb","block_context":{"text":"Actualidad","link":"https:\/\/lahoradelcampo.com.uy\/site\/category\/actualidad\/"},"img":{"alt_text":"","src":"https:\/\/i0.wp.com\/lahoradelcampo.com.uy\/site\/wp-content\/uploads\/2020\/10\/Donrobertoremate.jpg?fit=880%2C440&ssl=1&resize=350%2C200","width":350,"height":200,"srcset":"https:\/\/i0.wp.com\/lahoradelcampo.com.uy\/site\/wp-content\/uploads\/2020\/10\/Donrobertoremate.jpg?fit=880%2C440&ssl=1&resize=350%2C200 1x, https:\/\/i0.wp.com\/lahoradelcampo.com.uy\/site\/wp-content\/uploads\/2020\/10\/Donrobertoremate.jpg?fit=880%2C440&ssl=1&resize=525%2C300 1.5x, https:\/\/i0.wp.com\/lahoradelcampo.com.uy\/site\/wp-content\/uploads\/2020\/10\/Donrobertoremate.jpg?fit=880%2C440&ssl=1&resize=700%2C400 2x"},"classes":[]},{"id":14725,"url":"https:\/\/lahoradelcampo.com.uy\/site\/el-hereford-de-la-elisa-alcanzo-us-3-620\/","url_meta":{"origin":54364,"position":4},"title":"El Hereford de La Elisa alcanz\u00f3 US$ 3.620","author":"La Hora del Campo","date":"2 octubre, 2019","format":false,"excerpt":"Caba\u00f1a La Elisa, del Dr. Walter Romay Elorza, concret\u00f3 su venta dentro de esta zafra de reproductores con la colocac\u00f3n del 100% de la oferta. El remate estuvo a cargo de la firma Jos\u00e9 A. Valdez & C\u00eda y cont\u00f3 con las caba\u00f1as invitadas \"Tauro\" de Nin Elorza y \"La\u2026","rel":"","context":"En \u00abActualidad\u00bb","block_context":{"text":"Actualidad","link":"https:\/\/lahoradelcampo.com.uy\/site\/category\/actualidad\/"},"img":{"alt_text":"","src":"https:\/\/i0.wp.com\/lahoradelcampo.com.uy\/site\/wp-content\/uploads\/2019\/10\/la-elisa.jpg?fit=880%2C440&ssl=1&resize=350%2C200","width":350,"height":200,"srcset":"https:\/\/i0.wp.com\/lahoradelcampo.com.uy\/site\/wp-content\/uploads\/2019\/10\/la-elisa.jpg?fit=880%2C440&ssl=1&resize=350%2C200 1x, https:\/\/i0.wp.com\/lahoradelcampo.com.uy\/site\/wp-content\/uploads\/2019\/10\/la-elisa.jpg?fit=880%2C440&ssl=1&resize=525%2C300 1.5x, https:\/\/i0.wp.com\/lahoradelcampo.com.uy\/site\/wp-content\/uploads\/2019\/10\/la-elisa.jpg?fit=880%2C440&ssl=1&resize=700%2C400 2x"},"classes":[]},{"id":54750,"url":"https:\/\/lahoradelcampo.com.uy\/site\/el-puesto-y-santa-graciana-vendieron-toda-la-oferta-en-flores\/","url_meta":{"origin":54364,"position":5},"title":"\u201cEl Puesto\u201d y \u201cSanta Graciana\u201d vendieron toda la oferta en Flores","author":"La Hora del Campo","date":"29 septiembre, 2024","format":false,"excerpt":"Foto: \u00c1lvaro Aguiar En un remate \u00e1gil para el Aberdeen Angus y selectivo en el Hereford, se realiz\u00f3 el s\u00e1bado, una nueva edici\u00f3n del Remate Productivo, en la Sociedad Fomento de Flores, con las caba\u00f1as \u201cEl Puesto\u201d de Nazario Iraz\u00e1bal y \u201cSanta Graciana\u201d de la familia Sanguinetti Larriera. Bajo el\u2026","rel":"","context":"En \u00abActualidad\u00bb","block_context":{"text":"Actualidad","link":"https:\/\/lahoradelcampo.com.uy\/site\/category\/actualidad\/"},"img":{"alt_text":"","src":"https:\/\/i0.wp.com\/lahoradelcampo.com.uy\/site\/wp-content\/uploads\/2024\/09\/Remateproductivo-2024.jpg?fit=880%2C440&ssl=1&resize=350%2C200","width":350,"height":200,"srcset":"https:\/\/i0.wp.com\/lahoradelcampo.com.uy\/site\/wp-content\/uploads\/2024\/09\/Remateproductivo-2024.jpg?fit=880%2C440&ssl=1&resize=350%2C200 1x, https:\/\/i0.wp.com\/lahoradelcampo.com.uy\/site\/wp-content\/uploads\/2024\/09\/Remateproductivo-2024.jpg?fit=880%2C440&ssl=1&resize=525%2C300 1.5x, https:\/\/i0.wp.com\/lahoradelcampo.com.uy\/site\/wp-content\/uploads\/2024\/09\/Remateproductivo-2024.jpg?fit=880%2C440&ssl=1&resize=700%2C400 2x"},"classes":[]}],"jetpack_likes_enabled":true,"_links":{"self":[{"href":"https:\/\/lahoradelcampo.com.uy\/site\/wp-json\/wp\/v2\/posts\/54364","targetHints":{"allow":["GET"]}}],"collection":[{"href":"https:\/\/lahoradelcampo.com.uy\/site\/wp-json\/wp\/v2\/posts"}],"about":[{"href":"https:\/\/lahoradelcampo.com.uy\/site\/wp-json\/wp\/v2\/types\/post"}],"author":[{"embeddable":true,"href":"https:\/\/lahoradelcampo.com.uy\/site\/wp-json\/wp\/v2\/users\/5"}],"replies":[{"embeddable":true,"href":"https:\/\/lahoradelcampo.com.uy\/site\/wp-json\/wp\/v2\/comments?post=54364"}],"version-history":[{"count":2,"href":"https:\/\/lahoradelcampo.com.uy\/site\/wp-json\/wp\/v2\/posts\/54364\/revisions"}],"predecessor-version":[{"id":54375,"href":"https:\/\/lahoradelcampo.com.uy\/site\/wp-json\/wp\/v2\/posts\/54364\/revisions\/54375"}],"wp:featuredmedia":[{"embeddable":true,"href":"https:\/\/lahoradelcampo.com.uy\/site\/wp-json\/wp\/v2\/media\/54365"}],"wp:attachment":[{"href":"https:\/\/lahoradelcampo.com.uy\/site\/wp-json\/wp\/v2\/media?parent=54364"}],"wp:term":[{"taxonomy":"category","embeddable":true,"href":"https:\/\/lahoradelcampo.com.uy\/site\/wp-json\/wp\/v2\/categories?post=54364"},{"taxonomy":"post_tag","embeddable":true,"href":"https:\/\/lahoradelcampo.com.uy\/site\/wp-json\/wp\/v2\/tags?post=54364"}],"curies":[{"name":"wp","href":"https:\/\/api.w.org\/{rel}","templated":true}]}}