{"id":53859,"date":"2024-05-12T10:33:38","date_gmt":"2024-05-12T13:33:38","guid":{"rendered":"http:\/\/lahoradelcampo.com.uy\/site\/?p=53859"},"modified":"2024-05-12T10:33:41","modified_gmt":"2024-05-12T13:33:41","slug":"novillo-gordo-cotiza-a-us-356-segun-acg","status":"publish","type":"post","link":"https:\/\/lahoradelcampo.com.uy\/site\/novillo-gordo-cotiza-a-us-356-segun-acg\/","title":{"rendered":"Novillo gordo cotiza a US$ 3,56, seg\u00fan ACG"},"content":{"rendered":"\n<figure class=\"wp-block-image size-full\"><a href=\"https:\/\/i0.wp.com\/lahoradelcampo.com.uy\/site\/wp-content\/uploads\/2020\/08\/Novillossorgo.jpg\"><img data-recalc-dims=\"1\" loading=\"lazy\" decoding=\"async\" width=\"810\" height=\"405\" data-attachment-id=\"22562\" data-permalink=\"https:\/\/lahoradelcampo.com.uy\/site\/el-sorgo-forrajero-en-la-recria-y-el-engorde-de-novillos-en-el-verano\/novillossorgo\/\" data-orig-file=\"https:\/\/i0.wp.com\/lahoradelcampo.com.uy\/site\/wp-content\/uploads\/2020\/08\/Novillossorgo.jpg?fit=880%2C440&amp;ssl=1\" data-orig-size=\"880,440\" data-comments-opened=\"1\" data-image-meta=\"{&quot;aperture&quot;:&quot;0&quot;,&quot;credit&quot;:&quot;&quot;,&quot;camera&quot;:&quot;&quot;,&quot;caption&quot;:&quot;&quot;,&quot;created_timestamp&quot;:&quot;0&quot;,&quot;copyright&quot;:&quot;&quot;,&quot;focal_length&quot;:&quot;0&quot;,&quot;iso&quot;:&quot;0&quot;,&quot;shutter_speed&quot;:&quot;0&quot;,&quot;title&quot;:&quot;&quot;,&quot;orientation&quot;:&quot;1&quot;}\" data-image-title=\"Novillossorgo\" data-image-description=\"\" data-image-caption=\"\" data-large-file=\"https:\/\/i0.wp.com\/lahoradelcampo.com.uy\/site\/wp-content\/uploads\/2020\/08\/Novillossorgo.jpg?fit=810%2C405&amp;ssl=1\" src=\"https:\/\/i0.wp.com\/lahoradelcampo.com.uy\/site\/wp-content\/uploads\/2020\/08\/Novillossorgo.jpg?resize=810%2C405\" alt=\"\" class=\"wp-image-22562\" srcset=\"https:\/\/i0.wp.com\/lahoradelcampo.com.uy\/site\/wp-content\/uploads\/2020\/08\/Novillossorgo.jpg?w=880&amp;ssl=1 880w, https:\/\/i0.wp.com\/lahoradelcampo.com.uy\/site\/wp-content\/uploads\/2020\/08\/Novillossorgo.jpg?resize=300%2C150&amp;ssl=1 300w, https:\/\/i0.wp.com\/lahoradelcampo.com.uy\/site\/wp-content\/uploads\/2020\/08\/Novillossorgo.jpg?resize=768%2C384&amp;ssl=1 768w, https:\/\/i0.wp.com\/lahoradelcampo.com.uy\/site\/wp-content\/uploads\/2020\/08\/Novillossorgo.jpg?resize=820%2C410&amp;ssl=1 820w\" sizes=\"auto, (max-width: 810px) 100vw, 810px\" \/><\/a><\/figure>\n\n\n\n<p><strong>Comentario: <\/strong>Con faena abastecida mayormente por ganados de corral, menor din\u00e1mica de negocios frente a las nuevas propuestas de valores. Mercado dispar, entradas \u00e1giles.<\/p>\n\n\n\n<figure class=\"wp-block-table is-style-stripes\"><table><tbody><tr><td><strong>Precios en d\u00f3lares por kilo<\/strong><\/td><td class=\"has-text-align-center\" data-align=\"center\"><strong>En pie<\/strong><\/td><td class=\"has-text-align-center\" data-align=\"center\"><\/td><td class=\"has-text-align-center\" data-align=\"center\"><strong>A la carne<\/strong><\/td><td class=\"has-text-align-center\" data-align=\"center\"><\/td><\/tr><tr><td><\/td><td class=\"has-text-align-center\" data-align=\"center\">Semana Anterior<\/td><td class=\"has-text-align-center\" data-align=\"center\">Semana 18  <\/td><td class=\"has-text-align-center\" data-align=\"center\">Semana Anterior<\/td><td class=\"has-text-align-center\" data-align=\"center\">Semana 18<\/td><\/tr><tr><td><strong>Novillo Gordo<\/strong><\/td><td class=\"has-text-align-center\" data-align=\"center\">1,91<\/td><td class=\"has-text-align-center\" data-align=\"center\"><strong>1,91<\/strong><\/td><td class=\"has-text-align-center\" data-align=\"center\">3,60<\/td><td class=\"has-text-align-center\" data-align=\"center\"><strong>3,56<\/strong><\/td><\/tr><tr><td><strong>Vaca Gorda<\/strong><\/td><td class=\"has-text-align-center\" data-align=\"center\">1,56<\/td><td class=\"has-text-align-center\" data-align=\"center\"><strong>1,54<\/strong><\/td><td class=\"has-text-align-center\" data-align=\"center\">3,30<\/td><td class=\"has-text-align-center\" data-align=\"center\"><strong>3,24<\/strong><\/td><\/tr><tr><td><strong>Vaquillona Gorda<\/strong><\/td><td class=\"has-text-align-center\" data-align=\"center\">1,99<\/td><td class=\"has-text-align-center\" data-align=\"center\"><strong>1,99<\/strong><\/td><td class=\"has-text-align-center\" data-align=\"center\">3,53<\/td><td class=\"has-text-align-center\" data-align=\"center\"><strong>3,46<\/strong><\/td><\/tr><\/tbody><\/table><figcaption class=\"wp-element-caption\">En base a la informaci\u00f3n de ACG<\/figcaption><\/figure>\n","protected":false},"excerpt":{"rendered":"<p>Comentario: Con faena abastecida mayormente por ganados de corral, menor din\u00e1mica de negocios frente a las nuevas propuestas de valores. Mercado dispar, entradas \u00e1giles. Precios en d\u00f3lares por kilo En [&hellip;]<\/p>\n","protected":false},"author":5,"featured_media":22562,"comment_status":"open","ping_status":"open","sticky":false,"template":"","format":"standard","meta":{"_price":"","_stock":"","_tribe_ticket_header":"","_tribe_default_ticket_provider":"","_tribe_ticket_capacity":"0","_ticket_start_date":"","_ticket_end_date":"","_tribe_ticket_show_description":"","_tribe_ticket_show_not_going":false,"_tribe_ticket_use_global_stock":"","_tribe_ticket_global_stock_level":"","_global_stock_mode":"","_global_stock_cap":"","_tribe_rsvp_for_event":"","_tribe_ticket_going_count":"","_tribe_ticket_not_going_count":"","_tribe_tickets_list":"[]","_tribe_ticket_has_attendee_info_fields":false,"h5ap_radio_sources":[],"_jetpack_newsletter_access":"","_jetpack_dont_email_post_to_subs":false,"_jetpack_newsletter_tier_id":0,"_jetpack_memberships_contains_paywalled_content":false,"_jetpack_memberships_contains_paid_content":false,"footnotes":""},"categories":[21],"tags":[],"class_list":["post-53859","post","type-post","status-publish","format-standard","has-post-thumbnail","hentry","category-actualidad"],"jetpack_featured_media_url":"https:\/\/i0.wp.com\/lahoradelcampo.com.uy\/site\/wp-content\/uploads\/2020\/08\/Novillossorgo.jpg?fit=880%2C440&ssl=1","jetpack_sharing_enabled":true,"jetpack_shortlink":"https:\/\/wp.me\/p99IaT-e0H","jetpack-related-posts":[{"id":47137,"url":"https:\/\/lahoradelcampo.com.uy\/site\/precio-de-la-leche-recibida-por-la-industria-subio-19-y-al-productor-14\/","url_meta":{"origin":53859,"position":0},"title":"Precio de la leche recibida por la industria subi\u00f3 19% y al productor 14%","author":"La Hora del Campo","date":"21 noviembre, 2022","format":false,"excerpt":"De acuerdo al informe publicado este viernes por el Instituto Nacional de la Leche (INALE), durante el pasado mes de setiembre se registr\u00f3 un incremento del 19% anual, en el valor de la leche recibido por la industria l\u00e1ctea y del 14% en el caso del precio recibido por el\u2026","rel":"","context":"En \u00abActualidad\u00bb","block_context":{"text":"Actualidad","link":"https:\/\/lahoradelcampo.com.uy\/site\/category\/actualidad\/"},"img":{"alt_text":"","src":"https:\/\/i0.wp.com\/lahoradelcampo.com.uy\/site\/wp-content\/uploads\/2022\/04\/Lecheria-orde%C3%B1e.jpg?fit=880%2C440&ssl=1&resize=350%2C200","width":350,"height":200,"srcset":"https:\/\/i0.wp.com\/lahoradelcampo.com.uy\/site\/wp-content\/uploads\/2022\/04\/Lecheria-orde%C3%B1e.jpg?fit=880%2C440&ssl=1&resize=350%2C200 1x, https:\/\/i0.wp.com\/lahoradelcampo.com.uy\/site\/wp-content\/uploads\/2022\/04\/Lecheria-orde%C3%B1e.jpg?fit=880%2C440&ssl=1&resize=525%2C300 1.5x, https:\/\/i0.wp.com\/lahoradelcampo.com.uy\/site\/wp-content\/uploads\/2022\/04\/Lecheria-orde%C3%B1e.jpg?fit=880%2C440&ssl=1&resize=700%2C400 2x"},"classes":[]},{"id":21918,"url":"https:\/\/lahoradelcampo.com.uy\/site\/novillo-tipo-cotizo-a-us-1-122-por-cabeza-durante-el-mes-de-junio\/","url_meta":{"origin":53859,"position":1},"title":"Novillo tipo cotiz\u00f3 a US$ 1.122 por cabeza durante el mes de junio","author":"La Hora del Campo","date":"17 julio, 2020","format":false,"excerpt":"Durante el pasado mes de junio, el valor generado por la venta de todos los productos generados por un novillo tipo, comercializados al mercado interno y la exportaci\u00f3n, generaron un valor de US$ 1.122 por cabeza. Este valor es un 1% inferior al valor del mes de mayo y un\u2026","rel":"","context":"En \u00abActualidad\u00bb","block_context":{"text":"Actualidad","link":"https:\/\/lahoradelcampo.com.uy\/site\/category\/actualidad\/"},"img":{"alt_text":"","src":"https:\/\/i0.wp.com\/lahoradelcampo.com.uy\/site\/wp-content\/uploads\/2017\/09\/Novillo.jpg?fit=880%2C440&ssl=1&resize=350%2C200","width":350,"height":200,"srcset":"https:\/\/i0.wp.com\/lahoradelcampo.com.uy\/site\/wp-content\/uploads\/2017\/09\/Novillo.jpg?fit=880%2C440&ssl=1&resize=350%2C200 1x, https:\/\/i0.wp.com\/lahoradelcampo.com.uy\/site\/wp-content\/uploads\/2017\/09\/Novillo.jpg?fit=880%2C440&ssl=1&resize=525%2C300 1.5x, https:\/\/i0.wp.com\/lahoradelcampo.com.uy\/site\/wp-content\/uploads\/2017\/09\/Novillo.jpg?fit=880%2C440&ssl=1&resize=700%2C400 2x"},"classes":[]},{"id":12191,"url":"https:\/\/lahoradelcampo.com.uy\/site\/arroz-con-rendimiento-de-165-bolsas-por-hectarea\/","url_meta":{"origin":53859,"position":2},"title":"Arroz con rendimiento de 165 bolsas por hect\u00e1rea","author":"La Hora del Campo","date":"26 junio, 2019","format":false,"excerpt":"El sector arrocero realiz\u00f3 el 15\u00ba Taller de an\u00e1lisis tecnol\u00f3gico productivo de la zafra de arroz, en este caso la 2018-19. En dicho encuentro de trabajo se presenta informaci\u00f3n por parte de los molinos en los distintos puntos del pa\u00eds, as\u00ed como tambi\u00e9n de parte de los t\u00e9cnicos de INIA\u2026","rel":"","context":"En \u00abActualidad\u00bb","block_context":{"text":"Actualidad","link":"https:\/\/lahoradelcampo.com.uy\/site\/category\/actualidad\/"},"img":{"alt_text":"","src":"https:\/\/i0.wp.com\/lahoradelcampo.com.uy\/site\/wp-content\/uploads\/2019\/04\/arroz.jpg?fit=880%2C440&ssl=1&resize=350%2C200","width":350,"height":200,"srcset":"https:\/\/i0.wp.com\/lahoradelcampo.com.uy\/site\/wp-content\/uploads\/2019\/04\/arroz.jpg?fit=880%2C440&ssl=1&resize=350%2C200 1x, https:\/\/i0.wp.com\/lahoradelcampo.com.uy\/site\/wp-content\/uploads\/2019\/04\/arroz.jpg?fit=880%2C440&ssl=1&resize=525%2C300 1.5x, https:\/\/i0.wp.com\/lahoradelcampo.com.uy\/site\/wp-content\/uploads\/2019\/04\/arroz.jpg?fit=880%2C440&ssl=1&resize=700%2C400 2x"},"classes":[]},{"id":40329,"url":"https:\/\/lahoradelcampo.com.uy\/site\/rendimiento-de-equilibrio-para-la-colza-sera-de-138-ton-ha\/","url_meta":{"origin":53859,"position":3},"title":"Rendimiento de equilibrio para la colza ser\u00e1 de 1,38 ton\/ha","author":"La Hora del Campo","date":"29 marzo, 2022","format":false,"excerpt":"La firma Granosur, dio a conocer sus estimaciones para la producci\u00f3n de colza en la zafra 2022-2023, teniendo en cuenta los cambios en los valores de los insumos, as\u00ed como tambi\u00e9n en los precios de los granos, en particular de la oleaginosa de invierno. En este trabajo se estiman los\u2026","rel":"","context":"En \u00abActualidad\u00bb","block_context":{"text":"Actualidad","link":"https:\/\/lahoradelcampo.com.uy\/site\/category\/actualidad\/"},"img":{"alt_text":"","src":"https:\/\/i0.wp.com\/lahoradelcampo.com.uy\/site\/wp-content\/uploads\/2021\/06\/colza.jpg?fit=880%2C440&ssl=1&resize=350%2C200","width":350,"height":200,"srcset":"https:\/\/i0.wp.com\/lahoradelcampo.com.uy\/site\/wp-content\/uploads\/2021\/06\/colza.jpg?fit=880%2C440&ssl=1&resize=350%2C200 1x, https:\/\/i0.wp.com\/lahoradelcampo.com.uy\/site\/wp-content\/uploads\/2021\/06\/colza.jpg?fit=880%2C440&ssl=1&resize=525%2C300 1.5x, https:\/\/i0.wp.com\/lahoradelcampo.com.uy\/site\/wp-content\/uploads\/2021\/06\/colza.jpg?fit=880%2C440&ssl=1&resize=700%2C400 2x"},"classes":[]},{"id":56551,"url":"https:\/\/lahoradelcampo.com.uy\/site\/exportaciones-de-lana-alcanzan-us-84-millones-a-julio-de-2025\/","url_meta":{"origin":53859,"position":4},"title":"Exportaciones de lana alcanzan US$ 84 millones a julio de 2025","author":"La Hora del Campo","date":"11 agosto, 2025","format":false,"excerpt":"Seg\u00fan el informe elaborado por el Secretariado Uruguayo de la Lana (SUL) en base a datos de la Direcci\u00f3n Nacional de Aduanas, las exportaciones totales del rubro ovino uruguayo -considerando lana sucia, lavada, peinada, tops, carne ovina y subproductos- alcanzaron los US$ 131 millones entre enero y julio de 2025.\u2026","rel":"","context":"En \u00abActualidad\u00bb","block_context":{"text":"Actualidad","link":"https:\/\/lahoradelcampo.com.uy\/site\/category\/actualidad\/"},"img":{"alt_text":"","src":"https:\/\/i0.wp.com\/lahoradelcampo.com.uy\/site\/wp-content\/uploads\/2025\/08\/Lana-industria.jpg?fit=880%2C440&ssl=1&resize=350%2C200","width":350,"height":200,"srcset":"https:\/\/i0.wp.com\/lahoradelcampo.com.uy\/site\/wp-content\/uploads\/2025\/08\/Lana-industria.jpg?fit=880%2C440&ssl=1&resize=350%2C200 1x, https:\/\/i0.wp.com\/lahoradelcampo.com.uy\/site\/wp-content\/uploads\/2025\/08\/Lana-industria.jpg?fit=880%2C440&ssl=1&resize=525%2C300 1.5x, https:\/\/i0.wp.com\/lahoradelcampo.com.uy\/site\/wp-content\/uploads\/2025\/08\/Lana-industria.jpg?fit=880%2C440&ssl=1&resize=700%2C400 2x"},"classes":[]},{"id":17612,"url":"https:\/\/lahoradelcampo.com.uy\/site\/cuero-vacuno-se-ubica-un-375-por-debajo-del-piso-de-la-crisis-de-2009\/","url_meta":{"origin":53859,"position":5},"title":"Cuero vacuno se ubica un 37,5% por debajo del piso de la crisis de 2009","author":"La Hora del Campo","date":"22 febrero, 2020","format":false,"excerpt":"El a\u00f1o 2009 fue un a\u00f1o dif\u00edcil para la comercializaci\u00f3n del cuero vacuno fresco en el pa\u00eds, donde los precios llegaron a US$ 0,16 por kilogramo en el mes de marzo. Sin embargo durante pr\u00e1cticamente todo el a\u00f1o 2019 la situaci\u00f3n fue a\u00fan peor y se cerr\u00f3 el a\u00f1o con\u2026","rel":"","context":"En \u00abActualidad\u00bb","block_context":{"text":"Actualidad","link":"https:\/\/lahoradelcampo.com.uy\/site\/category\/actualidad\/"},"img":{"alt_text":"","src":"https:\/\/i0.wp.com\/lahoradelcampo.com.uy\/site\/wp-content\/uploads\/2018\/03\/vacunos.jpg?fit=880%2C440&ssl=1&resize=350%2C200","width":350,"height":200,"srcset":"https:\/\/i0.wp.com\/lahoradelcampo.com.uy\/site\/wp-content\/uploads\/2018\/03\/vacunos.jpg?fit=880%2C440&ssl=1&resize=350%2C200 1x, https:\/\/i0.wp.com\/lahoradelcampo.com.uy\/site\/wp-content\/uploads\/2018\/03\/vacunos.jpg?fit=880%2C440&ssl=1&resize=525%2C300 1.5x, https:\/\/i0.wp.com\/lahoradelcampo.com.uy\/site\/wp-content\/uploads\/2018\/03\/vacunos.jpg?fit=880%2C440&ssl=1&resize=700%2C400 2x"},"classes":[]}],"jetpack_likes_enabled":true,"_links":{"self":[{"href":"https:\/\/lahoradelcampo.com.uy\/site\/wp-json\/wp\/v2\/posts\/53859","targetHints":{"allow":["GET"]}}],"collection":[{"href":"https:\/\/lahoradelcampo.com.uy\/site\/wp-json\/wp\/v2\/posts"}],"about":[{"href":"https:\/\/lahoradelcampo.com.uy\/site\/wp-json\/wp\/v2\/types\/post"}],"author":[{"embeddable":true,"href":"https:\/\/lahoradelcampo.com.uy\/site\/wp-json\/wp\/v2\/users\/5"}],"replies":[{"embeddable":true,"href":"https:\/\/lahoradelcampo.com.uy\/site\/wp-json\/wp\/v2\/comments?post=53859"}],"version-history":[{"count":1,"href":"https:\/\/lahoradelcampo.com.uy\/site\/wp-json\/wp\/v2\/posts\/53859\/revisions"}],"predecessor-version":[{"id":53860,"href":"https:\/\/lahoradelcampo.com.uy\/site\/wp-json\/wp\/v2\/posts\/53859\/revisions\/53860"}],"wp:featuredmedia":[{"embeddable":true,"href":"https:\/\/lahoradelcampo.com.uy\/site\/wp-json\/wp\/v2\/media\/22562"}],"wp:attachment":[{"href":"https:\/\/lahoradelcampo.com.uy\/site\/wp-json\/wp\/v2\/media?parent=53859"}],"wp:term":[{"taxonomy":"category","embeddable":true,"href":"https:\/\/lahoradelcampo.com.uy\/site\/wp-json\/wp\/v2\/categories?post=53859"},{"taxonomy":"post_tag","embeddable":true,"href":"https:\/\/lahoradelcampo.com.uy\/site\/wp-json\/wp\/v2\/tags?post=53859"}],"curies":[{"name":"wp","href":"https:\/\/api.w.org\/{rel}","templated":true}]}}