{"id":53854,"date":"2024-05-10T18:56:03","date_gmt":"2024-05-10T21:56:03","guid":{"rendered":"http:\/\/lahoradelcampo.com.uy\/site\/?p=53854"},"modified":"2024-05-10T18:56:04","modified_gmt":"2024-05-10T21:56:04","slug":"el-presidente-de-la-republica-inauguro-la-zafra-citricola-2024","status":"publish","type":"post","link":"https:\/\/lahoradelcampo.com.uy\/site\/el-presidente-de-la-republica-inauguro-la-zafra-citricola-2024\/","title":{"rendered":"El Presidente de la Rep\u00fablica, inaugur\u00f3 la zafra citr\u00edcola 2024"},"content":{"rendered":"\n<figure class=\"wp-block-image size-full\"><a href=\"https:\/\/i0.wp.com\/lahoradelcampo.com.uy\/site\/wp-content\/uploads\/2024\/05\/zafra-citricola.jpg\"><img data-recalc-dims=\"1\" loading=\"lazy\" decoding=\"async\" width=\"810\" height=\"405\" data-attachment-id=\"53855\" data-permalink=\"https:\/\/lahoradelcampo.com.uy\/site\/el-presidente-de-la-republica-inauguro-la-zafra-citricola-2024\/zafra-citricola\/\" data-orig-file=\"https:\/\/i0.wp.com\/lahoradelcampo.com.uy\/site\/wp-content\/uploads\/2024\/05\/zafra-citricola.jpg?fit=880%2C440&amp;ssl=1\" data-orig-size=\"880,440\" data-comments-opened=\"1\" data-image-meta=\"{&quot;aperture&quot;:&quot;0&quot;,&quot;credit&quot;:&quot;&quot;,&quot;camera&quot;:&quot;&quot;,&quot;caption&quot;:&quot;&quot;,&quot;created_timestamp&quot;:&quot;0&quot;,&quot;copyright&quot;:&quot;&quot;,&quot;focal_length&quot;:&quot;0&quot;,&quot;iso&quot;:&quot;0&quot;,&quot;shutter_speed&quot;:&quot;0&quot;,&quot;title&quot;:&quot;&quot;,&quot;orientation&quot;:&quot;1&quot;}\" data-image-title=\"zafra-citricola\" data-image-description=\"\" data-image-caption=\"\" data-large-file=\"https:\/\/i0.wp.com\/lahoradelcampo.com.uy\/site\/wp-content\/uploads\/2024\/05\/zafra-citricola.jpg?fit=810%2C405&amp;ssl=1\" src=\"https:\/\/i0.wp.com\/lahoradelcampo.com.uy\/site\/wp-content\/uploads\/2024\/05\/zafra-citricola.jpg?resize=810%2C405\" alt=\"\" class=\"wp-image-53855\" srcset=\"https:\/\/i0.wp.com\/lahoradelcampo.com.uy\/site\/wp-content\/uploads\/2024\/05\/zafra-citricola.jpg?w=880&amp;ssl=1 880w, https:\/\/i0.wp.com\/lahoradelcampo.com.uy\/site\/wp-content\/uploads\/2024\/05\/zafra-citricola.jpg?resize=300%2C150&amp;ssl=1 300w, https:\/\/i0.wp.com\/lahoradelcampo.com.uy\/site\/wp-content\/uploads\/2024\/05\/zafra-citricola.jpg?resize=768%2C384&amp;ssl=1 768w, https:\/\/i0.wp.com\/lahoradelcampo.com.uy\/site\/wp-content\/uploads\/2024\/05\/zafra-citricola.jpg?resize=820%2C410&amp;ssl=1 820w\" sizes=\"auto, (max-width: 810px) 100vw, 810px\" \/><\/a><\/figure>\n\n\n\n<p>El presidente de la Rep\u00fablica, Luis Lacalle Pou, marc\u00f3 el inicio de la zafra citr\u00edcola 2024 en \u00abEl Espinillar\u00bb con un gesto simb\u00f3lico al cortar la cinta inaugural junto a uno de los trabajadores de la quinta donde se estaba cosechando. En un acto que reuni\u00f3 a productores y autoridades del sector, Lacalle Pou destac\u00f3 la relevancia de esta actividad para Uruguay y la regi\u00f3n, se\u00f1alando su capacidad de progreso.<\/p>\n\n\n\n<p>En sus palabras, el presidente resalt\u00f3 la necesidad de abordar varios desaf\u00edos que enfrenta el sector citr\u00edcola. Hizo hincapi\u00e9 en la importancia de mejorar la infraestructura vial, resolver cuestiones relacionadas con el mercado y los aranceles, as\u00ed como abordar la creciente demanda de mano de obra en la industria.<\/p>\n\n\n\n<p>Adem\u00e1s, Lacalle Pou mencion\u00f3 la necesidad de un mayor apoyo del gobierno en la participaci\u00f3n en ferias internacionales y en la navegaci\u00f3n por el r\u00edo Uruguay, con el objetivo de mejorar la competitividad del sector y disminuir los costos de flete.<\/p>\n\n\n\n<p>Por su parte, el ministro Fernando Mattos resalt\u00f3 el crecimiento continuo del rubro, se\u00f1alando que las 13.000 hect\u00e1reas destinadas a la producci\u00f3n citr\u00edcola nacional son clave para atraer inversiones, tanto nacionales como extranjeras.<\/p>\n\n\n\n<p>En sus declaraciones, el ministro Mattos enfatiz\u00f3 la inversi\u00f3n significativa que se est\u00e1 realizando en el sector, con decenas de miles de d\u00f3lares por hect\u00e1rea destinados a mejoras en variedades, sistemas de riego y pr\u00e1cticas de manejo. Adem\u00e1s, se\u00f1al\u00f3 el potencial de diversificaci\u00f3n de la producci\u00f3n citr\u00edcola y la importancia de satisfacer las demandas del consumidor, como la preferencia por frutas de alta calidad y sin semillas.<\/p>\n\n\n\n<p>El ministro tambi\u00e9n hizo hincapi\u00e9 en la necesidad de fortalecer las medidas de prevenci\u00f3n contra el HLB, una enfermedad bacteriana que representa una amenaza para los c\u00edtricos a nivel mundial. Destac\u00f3 los esfuerzos conjuntos del sector p\u00fablico y privado en la vigilancia sanitaria y el control biol\u00f3gico para proteger la producci\u00f3n citr\u00edcola uruguaya de esta enfermedad devastadora.<\/p>\n\n\n\n<p><strong>UPEFRUY<\/strong><\/p>\n\n\n\n<p>Por su parte, Washington Guarino, presidente de la Uni\u00f3n de Productores y Exportadores de Frutas del Uruguay (UPEFRUY), expres\u00f3 estar \u00abemocionado, la verdad, emocionado\u00bb, y record\u00f3 el arduo trabajo de los productores a lo largo de los a\u00f1os. \u00abEstamos hablando de un legado que viene desde hace d\u00e9cadas, un legado de esfuerzo y dedicaci\u00f3n que nos llena de orgullo\u00bb.<\/p>\n\n\n\n<p>Respecto a la proyecci\u00f3n del rubro, Guarino destac\u00f3 el avance tecnol\u00f3gico y el manejo de variedades que han impulsado el crecimiento del sector. \u00abYa venimos manejando variedades nuevas y un manejo tecnol\u00f3gico que nos ha permitido aumentar significativamente los vol\u00famenes por hect\u00e1rea\u00bb, explic\u00f3. Adem\u00e1s, resalt\u00f3 el aumento del 30-40% en el volumen de producci\u00f3n respecto al a\u00f1o anterior.<\/p>\n\n\n\n<p>Sin embargo, el presidente de UPEFRUY reconoci\u00f3 que uno de los principales desaf\u00edos a enfrentar es la disponibilidad de mano de obra para la cosecha. \u00abEs un problema que estamos trabajando en resolver\u00bb, afirm\u00f3. \u00abEstamos colaborando con la gente de Salto y los departamentos lim\u00edtrofes para encontrar alternativas que nos permitan mantener el ritmo de producci\u00f3n\u00bb.<\/p>\n\n\n\n<p><strong>Producci\u00f3n citr\u00edcola<\/strong><\/p>\n\n\n\n<p>Seg\u00fan los datos m\u00e1s recientes proporcionados por la Oficina de Estad\u00edsticas Agropecuarias (DIEA) del Ministerio de Ganader\u00eda, Agricultura y Pesca, la producci\u00f3n de c\u00edtricos en Uruguay ha mantenido una tendencia estable, alcanzando las 245.000 toneladas en el a\u00f1o 2023. Esta producci\u00f3n se cultiv\u00f3 en una superficie de 13.289 hect\u00e1reas, con la mandarina emergiendo como la especie l\u00edder con el 42% del total de la superficie plantada.<\/p>\n\n\n\n<p>En t\u00e9rminos de empleo, la producci\u00f3n citr\u00edcola contin\u00faa siendo un importante generador de puestos de trabajo en el pa\u00eds, proporcionando en promedio unos 4.000 empleos directos.<\/p>\n\n\n\n<p>En cuanto a las exportaciones de c\u00edtricos en modalidad seca, estas representaron un total de 63.000.000 de d\u00f3lares en el a\u00f1o 2023, con un volumen exportado de casi 68.500 toneladas. Es destacable que el 97% de estas exportaciones correspondieron a c\u00edtricos, lo que resalta la importancia de este sector en la econom\u00eda nacional.<\/p>\n\n\n\n<p>Respecto a los mercados internacionales, Estados Unidos se mantuvo como el principal destino de los c\u00edtricos uruguayos en el a\u00f1o 2023. Sin embargo, la Uni\u00f3n Europea ha incrementado su participaci\u00f3n como destino, y Brasil contin\u00faa siendo un importante demandante de estos productos. Adem\u00e1s, Uruguay ha logrado importantes avances en la apertura de nuevos mercados, como el ingreso de mandarinas a Vietnam y la actualizaci\u00f3n del protocolo fitosanitario para exportar nuevas especies c\u00edtricas a China.<\/p>\n\n\n\n<p>Salto, 10 de mayo de 2024<\/p>\n","protected":false},"excerpt":{"rendered":"<p>El presidente de la Rep\u00fablica, Luis Lacalle Pou, marc\u00f3 el inicio de la zafra citr\u00edcola 2024 en \u00abEl Espinillar\u00bb con un gesto simb\u00f3lico al cortar la cinta inaugural junto a [&hellip;]<\/p>\n","protected":false},"author":5,"featured_media":53855,"comment_status":"open","ping_status":"open","sticky":false,"template":"","format":"standard","meta":{"_price":"","_stock":"","_tribe_ticket_header":"","_tribe_default_ticket_provider":"","_tribe_ticket_capacity":"0","_ticket_start_date":"","_ticket_end_date":"","_tribe_ticket_show_description":"","_tribe_ticket_show_not_going":false,"_tribe_ticket_use_global_stock":"","_tribe_ticket_global_stock_level":"","_global_stock_mode":"","_global_stock_cap":"","_tribe_rsvp_for_event":"","_tribe_ticket_going_count":"","_tribe_ticket_not_going_count":"","_tribe_tickets_list":"[]","_tribe_ticket_has_attendee_info_fields":false,"h5ap_radio_sources":[],"_jetpack_newsletter_access":"","_jetpack_dont_email_post_to_subs":false,"_jetpack_newsletter_tier_id":0,"_jetpack_memberships_contains_paywalled_content":false,"_jetpack_memberships_contains_paid_content":false,"footnotes":""},"categories":[21,9],"tags":[],"class_list":["post-53854","post","type-post","status-publish","format-standard","has-post-thumbnail","hentry","category-actualidad","category-granja"],"jetpack_featured_media_url":"https:\/\/i0.wp.com\/lahoradelcampo.com.uy\/site\/wp-content\/uploads\/2024\/05\/zafra-citricola.jpg?fit=880%2C440&ssl=1","jetpack_sharing_enabled":true,"jetpack_shortlink":"https:\/\/wp.me\/p99IaT-e0C","jetpack-related-posts":[{"id":56167,"url":"https:\/\/lahoradelcampo.com.uy\/site\/se-realizo-por-segundo-ano-consecutivo-el-lanzamientode-la-zafra-citricola-en-salto\/","url_meta":{"origin":53854,"position":0},"title":"Se realiz\u00f3 por segundo a\u00f1o consecutivo el lanzamientode la zafra citr\u00edcola en Salto","author":"La Hora del Campo","date":"6 junio, 2025","format":false,"excerpt":"El presidente Yamand\u00fa Orsi encabez\u00f3 la apertura de la zafra citr\u00edcola 2025, por segundo a\u00f1o consecutivo, en Salto y reafirm\u00f3 el compromiso del Estado con un sector que combina innovaci\u00f3n, crecimiento y generaci\u00f3n de empleo en el interior del pa\u00eds. Uruguay apuesta al desarrollo del sector citr\u00edcola, se\u00f1al\u00f3 el Presidente\u2026","rel":"","context":"En \u00abActualidad\u00bb","block_context":{"text":"Actualidad","link":"https:\/\/lahoradelcampo.com.uy\/site\/category\/actualidad\/"},"img":{"alt_text":"","src":"https:\/\/i0.wp.com\/lahoradelcampo.com.uy\/site\/wp-content\/uploads\/2025\/06\/zafra-citricola.jpg?fit=880%2C440&ssl=1&resize=350%2C200","width":350,"height":200,"srcset":"https:\/\/i0.wp.com\/lahoradelcampo.com.uy\/site\/wp-content\/uploads\/2025\/06\/zafra-citricola.jpg?fit=880%2C440&ssl=1&resize=350%2C200 1x, https:\/\/i0.wp.com\/lahoradelcampo.com.uy\/site\/wp-content\/uploads\/2025\/06\/zafra-citricola.jpg?fit=880%2C440&ssl=1&resize=525%2C300 1.5x, https:\/\/i0.wp.com\/lahoradelcampo.com.uy\/site\/wp-content\/uploads\/2025\/06\/zafra-citricola.jpg?fit=880%2C440&ssl=1&resize=700%2C400 2x"},"classes":[]},{"id":52885,"url":"https:\/\/lahoradelcampo.com.uy\/site\/lacalle-pour-expreso-su-apoyo-al-sector-apicola-en-la-inauguracion-de-la-zafra\/","url_meta":{"origin":53854,"position":1},"title":"Lacalle Pour expres\u00f3 su apoyo al sector ap\u00edcola en la inauguraci\u00f3n de la zafra","author":"La Hora del Campo","date":"24 octubre, 2023","format":false,"excerpt":"Las autoridades nacionales se reunieron en la sede de la Cooperativa Agraria de Young, en R\u00edo Negro, para marcar el comienzo de la zafra de miel 2023, un evento que cont\u00f3 con la presencia del ministro de Ganader\u00eda, Agricultura y Pesca, Fernando Mattos, y el presidente de la Rep\u00fablica, Dr.\u2026","rel":"","context":"En \u00abActualidad\u00bb","block_context":{"text":"Actualidad","link":"https:\/\/lahoradelcampo.com.uy\/site\/category\/actualidad\/"},"img":{"alt_text":"","src":"https:\/\/i0.wp.com\/lahoradelcampo.com.uy\/site\/wp-content\/uploads\/2023\/10\/zafrademiel.jpg?fit=880%2C440&ssl=1&resize=350%2C200","width":350,"height":200,"srcset":"https:\/\/i0.wp.com\/lahoradelcampo.com.uy\/site\/wp-content\/uploads\/2023\/10\/zafrademiel.jpg?fit=880%2C440&ssl=1&resize=350%2C200 1x, https:\/\/i0.wp.com\/lahoradelcampo.com.uy\/site\/wp-content\/uploads\/2023\/10\/zafrademiel.jpg?fit=880%2C440&ssl=1&resize=525%2C300 1.5x, https:\/\/i0.wp.com\/lahoradelcampo.com.uy\/site\/wp-content\/uploads\/2023\/10\/zafrademiel.jpg?fit=880%2C440&ssl=1&resize=700%2C400 2x"},"classes":[]},{"id":40059,"url":"https:\/\/lahoradelcampo.com.uy\/site\/lacalle-inauguro-la-cosecha-de-arroz-2022\/","url_meta":{"origin":53854,"position":2},"title":"Lacalle inaugur\u00f3 la Cosecha de Arroz 2022","author":"La Hora del Campo","date":"20 marzo, 2022","format":false,"excerpt":"El presidente de la Rep\u00fablica, Luis Lacalle Pou, particip\u00f3, este viernes 18, de la inauguraci\u00f3n de la cosecha del arroz en un predio ubicado en paraje Ca\u00f1ada Grande, en Cerro Largo. En la oportunidad, resalt\u00f3 el compromiso del sector arrocero para promover la producci\u00f3n nacional. \u201cNosotros no sacamos el pa\u00eds\u2026","rel":"","context":"En \u00abActualidad\u00bb","block_context":{"text":"Actualidad","link":"https:\/\/lahoradelcampo.com.uy\/site\/category\/actualidad\/"},"img":{"alt_text":"","src":"https:\/\/i0.wp.com\/lahoradelcampo.com.uy\/site\/wp-content\/uploads\/2022\/03\/ACA-Cosecha2022.jpg?fit=880%2C440&ssl=1&resize=350%2C200","width":350,"height":200,"srcset":"https:\/\/i0.wp.com\/lahoradelcampo.com.uy\/site\/wp-content\/uploads\/2022\/03\/ACA-Cosecha2022.jpg?fit=880%2C440&ssl=1&resize=350%2C200 1x, https:\/\/i0.wp.com\/lahoradelcampo.com.uy\/site\/wp-content\/uploads\/2022\/03\/ACA-Cosecha2022.jpg?fit=880%2C440&ssl=1&resize=525%2C300 1.5x, https:\/\/i0.wp.com\/lahoradelcampo.com.uy\/site\/wp-content\/uploads\/2022\/03\/ACA-Cosecha2022.jpg?fit=880%2C440&ssl=1&resize=700%2C400 2x"},"classes":[]},{"id":17974,"url":"https:\/\/lahoradelcampo.com.uy\/site\/manana-el-presidente-de-la-republica-inaugura-la-zafra-arrocera-2020\/","url_meta":{"origin":53854,"position":3},"title":"Ma\u00f1ana el Presidente de la Rep\u00fablica inaugura la zafra arrocera 2020","author":"La Hora del Campo","date":"12 marzo, 2020","format":false,"excerpt":"En la jornada de ma\u00f1ana se inaugura la zafra arrocera 2020, en el departamento de Artigas, en el establecimiento de la familia Pinczak en el centro poblado Mones Quintela. La actividad est\u00e1 prevista comience a las 9 horas, con el recibimiento de las autoridades y visitantes en el predio, para\u2026","rel":"","context":"En \u00abActualidad\u00bb","block_context":{"text":"Actualidad","link":"https:\/\/lahoradelcampo.com.uy\/site\/category\/actualidad\/"},"img":{"alt_text":"","src":"https:\/\/i0.wp.com\/lahoradelcampo.com.uy\/site\/wp-content\/uploads\/2020\/03\/arroceros-4.jpg?fit=880%2C440&ssl=1&resize=350%2C200","width":350,"height":200,"srcset":"https:\/\/i0.wp.com\/lahoradelcampo.com.uy\/site\/wp-content\/uploads\/2020\/03\/arroceros-4.jpg?fit=880%2C440&ssl=1&resize=350%2C200 1x, https:\/\/i0.wp.com\/lahoradelcampo.com.uy\/site\/wp-content\/uploads\/2020\/03\/arroceros-4.jpg?fit=880%2C440&ssl=1&resize=525%2C300 1.5x, https:\/\/i0.wp.com\/lahoradelcampo.com.uy\/site\/wp-content\/uploads\/2020\/03\/arroceros-4.jpg?fit=880%2C440&ssl=1&resize=700%2C400 2x"},"classes":[]},{"id":43735,"url":"https:\/\/lahoradelcampo.com.uy\/site\/partio-ayer-la-yegua-criolla-que-lacalle-pou-le-regalo-al-emir-de-qatar\/","url_meta":{"origin":53854,"position":4},"title":"Parti\u00f3 ayer, la yegua criolla que Lacalle Pou le regalo al Emir de Qatar","author":"La Hora del Campo","date":"11 julio, 2022","format":false,"excerpt":"En la jornada de ayer, un equipo de Sanidad Animal del Ministerio de Ganader\u00eda, Agricultura y Pesca, encabezado por la Dra. Mariella Sciolla, realiz\u00f3 el control sanitario y documental en el aeropuerto de Carrasco, de la yegua criolla que el Presidente de la Rep\u00fablica, Dr. Luis Lacalle Pou, le regalara\u2026","rel":"","context":"En \u00abActualidad\u00bb","block_context":{"text":"Actualidad","link":"https:\/\/lahoradelcampo.com.uy\/site\/category\/actualidad\/"},"img":{"alt_text":"","src":"https:\/\/i0.wp.com\/lahoradelcampo.com.uy\/site\/wp-content\/uploads\/2022\/07\/Criollo-Qatar.jpg?fit=880%2C440&ssl=1&resize=350%2C200","width":350,"height":200,"srcset":"https:\/\/i0.wp.com\/lahoradelcampo.com.uy\/site\/wp-content\/uploads\/2022\/07\/Criollo-Qatar.jpg?fit=880%2C440&ssl=1&resize=350%2C200 1x, https:\/\/i0.wp.com\/lahoradelcampo.com.uy\/site\/wp-content\/uploads\/2022\/07\/Criollo-Qatar.jpg?fit=880%2C440&ssl=1&resize=525%2C300 1.5x, https:\/\/i0.wp.com\/lahoradelcampo.com.uy\/site\/wp-content\/uploads\/2022\/07\/Criollo-Qatar.jpg?fit=880%2C440&ssl=1&resize=700%2C400 2x"},"classes":[]},{"id":51938,"url":"https:\/\/lahoradelcampo.com.uy\/site\/el-10-de-agosto-se-realiza-el-lanzamiento-de-la-zafra-ovina-2023\/","url_meta":{"origin":53854,"position":5},"title":"El 10 de agosto se realiza el lanzamiento de la zafra ovina 2023","author":"La Hora del Campo","date":"21 julio, 2023","format":false,"excerpt":"El pr\u00f3ximo 10 de agosto, de 11 a 13 horas, se llevar\u00e1 a cabo el lanzamiento de la zafra ovina 2023 en la Asociaci\u00f3n Rural de Tacuaremb\u00f3 (Ruta 5 Km 396). Este evento anual reunir\u00e1 a autoridades nacionales, encabezadas por el Presidente de la Rep\u00fablica, Dr. Luis Lacalle Pou, as\u00ed\u2026","rel":"","context":"En \u00abActualidad\u00bb","block_context":{"text":"Actualidad","link":"https:\/\/lahoradelcampo.com.uy\/site\/category\/actualidad\/"},"img":{"alt_text":"","src":"https:\/\/i0.wp.com\/lahoradelcampo.com.uy\/site\/wp-content\/uploads\/2023\/07\/zafra-ovina.jpg?fit=880%2C440&ssl=1&resize=350%2C200","width":350,"height":200,"srcset":"https:\/\/i0.wp.com\/lahoradelcampo.com.uy\/site\/wp-content\/uploads\/2023\/07\/zafra-ovina.jpg?fit=880%2C440&ssl=1&resize=350%2C200 1x, https:\/\/i0.wp.com\/lahoradelcampo.com.uy\/site\/wp-content\/uploads\/2023\/07\/zafra-ovina.jpg?fit=880%2C440&ssl=1&resize=525%2C300 1.5x, https:\/\/i0.wp.com\/lahoradelcampo.com.uy\/site\/wp-content\/uploads\/2023\/07\/zafra-ovina.jpg?fit=880%2C440&ssl=1&resize=700%2C400 2x"},"classes":[]}],"jetpack_likes_enabled":true,"_links":{"self":[{"href":"https:\/\/lahoradelcampo.com.uy\/site\/wp-json\/wp\/v2\/posts\/53854","targetHints":{"allow":["GET"]}}],"collection":[{"href":"https:\/\/lahoradelcampo.com.uy\/site\/wp-json\/wp\/v2\/posts"}],"about":[{"href":"https:\/\/lahoradelcampo.com.uy\/site\/wp-json\/wp\/v2\/types\/post"}],"author":[{"embeddable":true,"href":"https:\/\/lahoradelcampo.com.uy\/site\/wp-json\/wp\/v2\/users\/5"}],"replies":[{"embeddable":true,"href":"https:\/\/lahoradelcampo.com.uy\/site\/wp-json\/wp\/v2\/comments?post=53854"}],"version-history":[{"count":1,"href":"https:\/\/lahoradelcampo.com.uy\/site\/wp-json\/wp\/v2\/posts\/53854\/revisions"}],"predecessor-version":[{"id":53856,"href":"https:\/\/lahoradelcampo.com.uy\/site\/wp-json\/wp\/v2\/posts\/53854\/revisions\/53856"}],"wp:featuredmedia":[{"embeddable":true,"href":"https:\/\/lahoradelcampo.com.uy\/site\/wp-json\/wp\/v2\/media\/53855"}],"wp:attachment":[{"href":"https:\/\/lahoradelcampo.com.uy\/site\/wp-json\/wp\/v2\/media?parent=53854"}],"wp:term":[{"taxonomy":"category","embeddable":true,"href":"https:\/\/lahoradelcampo.com.uy\/site\/wp-json\/wp\/v2\/categories?post=53854"},{"taxonomy":"post_tag","embeddable":true,"href":"https:\/\/lahoradelcampo.com.uy\/site\/wp-json\/wp\/v2\/tags?post=53854"}],"curies":[{"name":"wp","href":"https:\/\/api.w.org\/{rel}","templated":true}]}}