{"id":53852,"date":"2024-05-10T18:51:14","date_gmt":"2024-05-10T21:51:14","guid":{"rendered":"http:\/\/lahoradelcampo.com.uy\/site\/?p=53852"},"modified":"2024-05-10T18:51:14","modified_gmt":"2024-05-10T21:51:14","slug":"aru-insta-a-agilizar-transporte-de-los-granos","status":"publish","type":"post","link":"https:\/\/lahoradelcampo.com.uy\/site\/aru-insta-a-agilizar-transporte-de-los-granos\/","title":{"rendered":"ARU insta a agilizar transporte de los granos"},"content":{"rendered":"\n<figure class=\"wp-block-image size-full\"><a href=\"https:\/\/i0.wp.com\/lahoradelcampo.com.uy\/site\/wp-content\/uploads\/2023\/04\/Transportegranos.jpg\"><img data-recalc-dims=\"1\" loading=\"lazy\" decoding=\"async\" width=\"810\" height=\"405\" data-attachment-id=\"50078\" data-permalink=\"https:\/\/lahoradelcampo.com.uy\/site\/solicitan-prorroga-de-vencimientos-en-el-brou-para-transportistas-de-granos\/transportegranos-2\/\" data-orig-file=\"https:\/\/i0.wp.com\/lahoradelcampo.com.uy\/site\/wp-content\/uploads\/2023\/04\/Transportegranos.jpg?fit=880%2C440&amp;ssl=1\" data-orig-size=\"880,440\" data-comments-opened=\"1\" data-image-meta=\"{&quot;aperture&quot;:&quot;0&quot;,&quot;credit&quot;:&quot;&quot;,&quot;camera&quot;:&quot;&quot;,&quot;caption&quot;:&quot;&quot;,&quot;created_timestamp&quot;:&quot;0&quot;,&quot;copyright&quot;:&quot;&quot;,&quot;focal_length&quot;:&quot;0&quot;,&quot;iso&quot;:&quot;0&quot;,&quot;shutter_speed&quot;:&quot;0&quot;,&quot;title&quot;:&quot;&quot;,&quot;orientation&quot;:&quot;1&quot;}\" data-image-title=\"Transportegranos\" data-image-description=\"\" data-image-caption=\"\" data-large-file=\"https:\/\/i0.wp.com\/lahoradelcampo.com.uy\/site\/wp-content\/uploads\/2023\/04\/Transportegranos.jpg?fit=810%2C405&amp;ssl=1\" src=\"https:\/\/i0.wp.com\/lahoradelcampo.com.uy\/site\/wp-content\/uploads\/2023\/04\/Transportegranos.jpg?resize=810%2C405\" alt=\"\" class=\"wp-image-50078\" srcset=\"https:\/\/i0.wp.com\/lahoradelcampo.com.uy\/site\/wp-content\/uploads\/2023\/04\/Transportegranos.jpg?w=880&amp;ssl=1 880w, https:\/\/i0.wp.com\/lahoradelcampo.com.uy\/site\/wp-content\/uploads\/2023\/04\/Transportegranos.jpg?resize=300%2C150&amp;ssl=1 300w, https:\/\/i0.wp.com\/lahoradelcampo.com.uy\/site\/wp-content\/uploads\/2023\/04\/Transportegranos.jpg?resize=768%2C384&amp;ssl=1 768w, https:\/\/i0.wp.com\/lahoradelcampo.com.uy\/site\/wp-content\/uploads\/2023\/04\/Transportegranos.jpg?resize=820%2C410&amp;ssl=1 820w\" sizes=\"auto, (max-width: 810px) 100vw, 810px\" \/><\/a><\/figure>\n\n\n\n<p>La prolongada demora en la cosecha de soja, originada por las condiciones clim\u00e1ticas desfavorables, est\u00e1 generando considerables p\u00e9rdidas para los productores uruguayos.<\/p>\n\n\n\n<p>La Asociaci\u00f3n Rural del Uruguay emiti\u00f3 un comunicado urgente, destacando que estas p\u00e9rdidas podr\u00edan aumentar dr\u00e1sticamente si las condiciones clim\u00e1ticas persisten y no permiten el acceso a las chacras.<br>En este contexto, la asociaci\u00f3n hizo un llamado a las autoridades nacionales y departamentales para que faciliten y agilicen todos los aspectos relacionados con el transporte de maquinaria y granos en todas las v\u00edas del pa\u00eds.<\/p>\n\n\n\n<p>Resaltaron que en los \u00faltimos tres a\u00f1os, la escasez de precipitaciones hab\u00eda favorecido el mantenimiento de los caminos, pero esta situaci\u00f3n actual demanda una respuesta r\u00e1pida y efectiva por parte de las autoridades.<\/p>\n\n\n\n<p>La pasada zafra de cultivos de verano se vio fuertemente afectada por la escasez de producci\u00f3n, sin embargo, todos los integrantes de la cadena agr\u00edcola cumplieron con el pago de impuestos y tasas correspondientes.<\/p>\n\n\n\n<p>Ahora, con la necesidad urgente de trasladar la producci\u00f3n desde los campos, la Asociaci\u00f3n Rural subraya la importancia de garantizar el derecho y las condiciones de circulaci\u00f3n en todas las \u00e1reas del pa\u00eds. <\/p>\n\n\n\n<p>La situaci\u00f3n actual demanda que el transporte de la producci\u00f3n agr\u00edcola sea tratado como una prioridad tanto para el sector agr\u00edcola como para la poblaci\u00f3n en general en todo el territorio.<\/p>\n\n\n\n<p>La Asociaci\u00f3n Rural del Uruguay hace un llamado en\u00e9rgico a las autoridades para que tomen medidas inmediatas que aseguren un flujo continuo y \u00e1gil de la producci\u00f3n, protegiendo as\u00ed el sustento de miles de productores en el pa\u00eds.<\/p>\n\n\n\n<p>Salto, 10 de mayo de 2024<\/p>\n","protected":false},"excerpt":{"rendered":"<p>La prolongada demora en la cosecha de soja, originada por las condiciones clim\u00e1ticas desfavorables, est\u00e1 generando considerables p\u00e9rdidas para los productores uruguayos. La Asociaci\u00f3n Rural del Uruguay emiti\u00f3 un comunicado [&hellip;]<\/p>\n","protected":false},"author":5,"featured_media":50078,"comment_status":"open","ping_status":"open","sticky":false,"template":"","format":"standard","meta":{"_price":"","_stock":"","_tribe_ticket_header":"","_tribe_default_ticket_provider":"","_tribe_ticket_capacity":"0","_ticket_start_date":"","_ticket_end_date":"","_tribe_ticket_show_description":"","_tribe_ticket_show_not_going":false,"_tribe_ticket_use_global_stock":"","_tribe_ticket_global_stock_level":"","_global_stock_mode":"","_global_stock_cap":"","_tribe_rsvp_for_event":"","_tribe_ticket_going_count":"","_tribe_ticket_not_going_count":"","_tribe_tickets_list":"[]","_tribe_ticket_has_attendee_info_fields":false,"h5ap_radio_sources":[],"_jetpack_newsletter_access":"","_jetpack_dont_email_post_to_subs":false,"_jetpack_newsletter_tier_id":0,"_jetpack_memberships_contains_paywalled_content":false,"_jetpack_memberships_contains_paid_content":false,"footnotes":""},"categories":[21,7],"tags":[],"class_list":["post-53852","post","type-post","status-publish","format-standard","has-post-thumbnail","hentry","category-actualidad","category-agricultura"],"jetpack_featured_media_url":"https:\/\/i0.wp.com\/lahoradelcampo.com.uy\/site\/wp-content\/uploads\/2023\/04\/Transportegranos.jpg?fit=880%2C440&ssl=1","jetpack_sharing_enabled":true,"jetpack_shortlink":"https:\/\/wp.me\/p99IaT-e0A","jetpack-related-posts":[{"id":50076,"url":"https:\/\/lahoradelcampo.com.uy\/site\/solicitan-prorroga-de-vencimientos-en-el-brou-para-transportistas-de-granos\/","url_meta":{"origin":53852,"position":0},"title":"Solicitan pr\u00f3rroga de vencimientos en el BROU para transportistas de granos","author":"La Hora del Campo","date":"19 abril, 2023","format":false,"excerpt":"El Senador Sebasti\u00e1n Da Silva, del partido Nacional, ha solicitado en el senado la postergaci\u00f3n de los vencimientos ante el Banco Rep\u00fablica para los transportistas de granos. Seg\u00fan el legislador, la sequ\u00eda que azota al pa\u00eds se tragar\u00e1 alrededor de 85 mil viajes de camiones de soja, lo que llevar\u00e1\u2026","rel":"","context":"En \u00abActualidad\u00bb","block_context":{"text":"Actualidad","link":"https:\/\/lahoradelcampo.com.uy\/site\/category\/actualidad\/"},"img":{"alt_text":"","src":"https:\/\/i0.wp.com\/lahoradelcampo.com.uy\/site\/wp-content\/uploads\/2023\/04\/Transportegranos.jpg?fit=880%2C440&ssl=1&resize=350%2C200","width":350,"height":200,"srcset":"https:\/\/i0.wp.com\/lahoradelcampo.com.uy\/site\/wp-content\/uploads\/2023\/04\/Transportegranos.jpg?fit=880%2C440&ssl=1&resize=350%2C200 1x, https:\/\/i0.wp.com\/lahoradelcampo.com.uy\/site\/wp-content\/uploads\/2023\/04\/Transportegranos.jpg?fit=880%2C440&ssl=1&resize=525%2C300 1.5x, https:\/\/i0.wp.com\/lahoradelcampo.com.uy\/site\/wp-content\/uploads\/2023\/04\/Transportegranos.jpg?fit=880%2C440&ssl=1&resize=700%2C400 2x"},"classes":[]},{"id":19724,"url":"https:\/\/lahoradelcampo.com.uy\/site\/mgap-exhorta-a-pesar-embarques-de-granos-antes-de-salir-del-campo\/","url_meta":{"origin":53852,"position":1},"title":"MGAP exhorta a pesar embarques de granos antes de salir del campo","author":"La Hora del Campo","date":"13 mayo, 2020","format":false,"excerpt":"El Ministro de Ganader\u00eda, Agricultura y Pesca, Carlos Mar\u00eda Uriarte, solicit\u00f3 a los productores agr\u00edcolas a pesar los embarques de grano antes de salir del campo. Se trata de una recomendaci\u00f3n ante denuncias de presuntas actividades delictivas durante el transporte de granos al puerto. En una declaraci\u00f3n formulada a trav\u00e9s\u2026","rel":"","context":"En \u00abActualidad\u00bb","block_context":{"text":"Actualidad","link":"https:\/\/lahoradelcampo.com.uy\/site\/category\/actualidad\/"},"img":{"alt_text":"","src":"https:\/\/i0.wp.com\/lahoradelcampo.com.uy\/site\/wp-content\/uploads\/2020\/03\/mgap-uriarte-1.jpg?fit=880%2C440&ssl=1&resize=350%2C200","width":350,"height":200,"srcset":"https:\/\/i0.wp.com\/lahoradelcampo.com.uy\/site\/wp-content\/uploads\/2020\/03\/mgap-uriarte-1.jpg?fit=880%2C440&ssl=1&resize=350%2C200 1x, https:\/\/i0.wp.com\/lahoradelcampo.com.uy\/site\/wp-content\/uploads\/2020\/03\/mgap-uriarte-1.jpg?fit=880%2C440&ssl=1&resize=525%2C300 1.5x, https:\/\/i0.wp.com\/lahoradelcampo.com.uy\/site\/wp-content\/uploads\/2020\/03\/mgap-uriarte-1.jpg?fit=880%2C440&ssl=1&resize=700%2C400 2x"},"classes":[]},{"id":27920,"url":"https:\/\/lahoradelcampo.com.uy\/site\/exhortan-a-tomar-precauciones-en-la-cosecha-de-soja-con-destino-a-china\/","url_meta":{"origin":53852,"position":2},"title":"Exhortan a tomar precauciones en la cosecha de soja con destino a China","author":"La Hora del Campo","date":"23 febrero, 2021","format":false,"excerpt":"La Direcci\u00f3n General de los Servicios Agr\u00edcolas del Ministerio de Ganader\u00eda, Agricultura y Pesca, record\u00f3 las recomendaciones para que la soja pueda viajar a China. Se trata de protocolos para productores, transportistas, acopiadores, operarios y exportadores. En el caso de los productores, se remarc\u00f3 que es responsabilidad del mismo, minimizar\u2026","rel":"","context":"En \u00abActualidad\u00bb","block_context":{"text":"Actualidad","link":"https:\/\/lahoradelcampo.com.uy\/site\/category\/actualidad\/"},"img":{"alt_text":"","src":"https:\/\/i0.wp.com\/lahoradelcampo.com.uy\/site\/wp-content\/uploads\/2018\/03\/Soja.jpg?fit=880%2C440&ssl=1&resize=350%2C200","width":350,"height":200,"srcset":"https:\/\/i0.wp.com\/lahoradelcampo.com.uy\/site\/wp-content\/uploads\/2018\/03\/Soja.jpg?fit=880%2C440&ssl=1&resize=350%2C200 1x, https:\/\/i0.wp.com\/lahoradelcampo.com.uy\/site\/wp-content\/uploads\/2018\/03\/Soja.jpg?fit=880%2C440&ssl=1&resize=525%2C300 1.5x, https:\/\/i0.wp.com\/lahoradelcampo.com.uy\/site\/wp-content\/uploads\/2018\/03\/Soja.jpg?fit=880%2C440&ssl=1&resize=700%2C400 2x"},"classes":[]},{"id":53713,"url":"https:\/\/lahoradelcampo.com.uy\/site\/37-de-avance-de-la-cosecha-arrocera-con-perdidas-por-eventos-climaticos\/","url_meta":{"origin":53852,"position":3},"title":"37% de avance de la cosecha arrocera, con p\u00e9rdidas por eventos clim\u00e1ticos","author":"La Hora del Campo","date":"5 abril, 2024","format":false,"excerpt":"La zafra arrocera 23-24 en Uruguay alcanz\u00f3 un 37% de los trabajos de cosecha, sobre un \u00e1rea de 148.629 hect\u00e1reas sembradas a nivel pa\u00eds. La cosecha se ha encontrado con problemas clim\u00e1ticos que han atrasado las tareas. A nivel regional, el avance de siembra var\u00eda, con el Norte liderando con\u2026","rel":"","context":"En \u00abActualidad\u00bb","block_context":{"text":"Actualidad","link":"https:\/\/lahoradelcampo.com.uy\/site\/category\/actualidad\/"},"img":{"alt_text":"","src":"https:\/\/i0.wp.com\/lahoradelcampo.com.uy\/site\/wp-content\/uploads\/2024\/04\/aca-cosecha-arroz.jpg?fit=880%2C440&ssl=1&resize=350%2C200","width":350,"height":200,"srcset":"https:\/\/i0.wp.com\/lahoradelcampo.com.uy\/site\/wp-content\/uploads\/2024\/04\/aca-cosecha-arroz.jpg?fit=880%2C440&ssl=1&resize=350%2C200 1x, https:\/\/i0.wp.com\/lahoradelcampo.com.uy\/site\/wp-content\/uploads\/2024\/04\/aca-cosecha-arroz.jpg?fit=880%2C440&ssl=1&resize=525%2C300 1.5x, https:\/\/i0.wp.com\/lahoradelcampo.com.uy\/site\/wp-content\/uploads\/2024\/04\/aca-cosecha-arroz.jpg?fit=880%2C440&ssl=1&resize=700%2C400 2x"},"classes":[]},{"id":17592,"url":"https:\/\/lahoradelcampo.com.uy\/site\/cierre-semanal-con-bajas-para-los-granos-en-chicago\/","url_meta":{"origin":53852,"position":4},"title":"Cierre semanal  con bajas para los granos en Chicago","author":"La Hora del Campo","date":"22 febrero, 2020","format":false,"excerpt":"La semana cerr\u00f3 con p\u00e9rdidas para los granos en la Bolsa de Comercio de Chicago, tanto para los cereales como para la oleaginosa. Luego de una importante suba al comienzo de la operativa, una serie de ventas t\u00e9cnicas y toma de ganancias gener\u00f3 p\u00e9rdidas en los valores respecto al cierre\u2026","rel":"","context":"En \u00abActualidad\u00bb","block_context":{"text":"Actualidad","link":"https:\/\/lahoradelcampo.com.uy\/site\/category\/actualidad\/"},"img":{"alt_text":"","src":"https:\/\/i0.wp.com\/lahoradelcampo.com.uy\/site\/wp-content\/uploads\/2019\/08\/Sojaa.jpg?fit=880%2C440&ssl=1&resize=350%2C200","width":350,"height":200,"srcset":"https:\/\/i0.wp.com\/lahoradelcampo.com.uy\/site\/wp-content\/uploads\/2019\/08\/Sojaa.jpg?fit=880%2C440&ssl=1&resize=350%2C200 1x, https:\/\/i0.wp.com\/lahoradelcampo.com.uy\/site\/wp-content\/uploads\/2019\/08\/Sojaa.jpg?fit=880%2C440&ssl=1&resize=525%2C300 1.5x, https:\/\/i0.wp.com\/lahoradelcampo.com.uy\/site\/wp-content\/uploads\/2019\/08\/Sojaa.jpg?fit=880%2C440&ssl=1&resize=700%2C400 2x"},"classes":[]},{"id":15606,"url":"https:\/\/lahoradelcampo.com.uy\/site\/el-exceso-de-lluvias-genera-problemas-en-los-cultivos-de-invierno-y-de-verano\/","url_meta":{"origin":53852,"position":5},"title":"El exceso de lluvias genera problemas en los cultivos de invierno y de verano","author":"La Hora del Campo","date":"5 noviembre, 2019","format":false,"excerpt":"Las copiosas y frecuentes precipitaciones que se han venido desarrollando en todo el territorio nacional han generado grandes problemas en los cultivos de verano y complican la salida del trigo de invierno. El \u00e1rea arrocera apenas supera el 50%, gran parte del \u00e1rea registra perdida de plantas y la secuencia\u2026","rel":"","context":"En \u00abActualidad\u00bb","block_context":{"text":"Actualidad","link":"https:\/\/lahoradelcampo.com.uy\/site\/category\/actualidad\/"},"img":{"alt_text":"","src":"https:\/\/i0.wp.com\/lahoradelcampo.com.uy\/site\/wp-content\/uploads\/2019\/11\/Martincordoba.jpg?fit=880%2C440&ssl=1&resize=350%2C200","width":350,"height":200,"srcset":"https:\/\/i0.wp.com\/lahoradelcampo.com.uy\/site\/wp-content\/uploads\/2019\/11\/Martincordoba.jpg?fit=880%2C440&ssl=1&resize=350%2C200 1x, https:\/\/i0.wp.com\/lahoradelcampo.com.uy\/site\/wp-content\/uploads\/2019\/11\/Martincordoba.jpg?fit=880%2C440&ssl=1&resize=525%2C300 1.5x, https:\/\/i0.wp.com\/lahoradelcampo.com.uy\/site\/wp-content\/uploads\/2019\/11\/Martincordoba.jpg?fit=880%2C440&ssl=1&resize=700%2C400 2x"},"classes":[]}],"jetpack_likes_enabled":true,"_links":{"self":[{"href":"https:\/\/lahoradelcampo.com.uy\/site\/wp-json\/wp\/v2\/posts\/53852","targetHints":{"allow":["GET"]}}],"collection":[{"href":"https:\/\/lahoradelcampo.com.uy\/site\/wp-json\/wp\/v2\/posts"}],"about":[{"href":"https:\/\/lahoradelcampo.com.uy\/site\/wp-json\/wp\/v2\/types\/post"}],"author":[{"embeddable":true,"href":"https:\/\/lahoradelcampo.com.uy\/site\/wp-json\/wp\/v2\/users\/5"}],"replies":[{"embeddable":true,"href":"https:\/\/lahoradelcampo.com.uy\/site\/wp-json\/wp\/v2\/comments?post=53852"}],"version-history":[{"count":1,"href":"https:\/\/lahoradelcampo.com.uy\/site\/wp-json\/wp\/v2\/posts\/53852\/revisions"}],"predecessor-version":[{"id":53853,"href":"https:\/\/lahoradelcampo.com.uy\/site\/wp-json\/wp\/v2\/posts\/53852\/revisions\/53853"}],"wp:featuredmedia":[{"embeddable":true,"href":"https:\/\/lahoradelcampo.com.uy\/site\/wp-json\/wp\/v2\/media\/50078"}],"wp:attachment":[{"href":"https:\/\/lahoradelcampo.com.uy\/site\/wp-json\/wp\/v2\/media?parent=53852"}],"wp:term":[{"taxonomy":"category","embeddable":true,"href":"https:\/\/lahoradelcampo.com.uy\/site\/wp-json\/wp\/v2\/categories?post=53852"},{"taxonomy":"post_tag","embeddable":true,"href":"https:\/\/lahoradelcampo.com.uy\/site\/wp-json\/wp\/v2\/tags?post=53852"}],"curies":[{"name":"wp","href":"https:\/\/api.w.org\/{rel}","templated":true}]}}