{"id":53849,"date":"2024-05-10T18:47:25","date_gmt":"2024-05-10T21:47:25","guid":{"rendered":"http:\/\/lahoradelcampo.com.uy\/site\/?p=53849"},"modified":"2024-05-10T18:47:26","modified_gmt":"2024-05-10T21:47:26","slug":"utu-recaudo-mas-de-us-1-160-000-por-la-produccion-de-sus-escuelas-agrarias","status":"publish","type":"post","link":"https:\/\/lahoradelcampo.com.uy\/site\/utu-recaudo-mas-de-us-1-160-000-por-la-produccion-de-sus-escuelas-agrarias\/","title":{"rendered":"UTU recaud\u00f3 m\u00e1s de US$ 1.160.000 por la producci\u00f3n de sus escuelas agrarias"},"content":{"rendered":"\n<figure class=\"wp-block-image size-full\"><a href=\"https:\/\/i0.wp.com\/lahoradelcampo.com.uy\/site\/wp-content\/uploads\/2024\/05\/Escuelaagrariaarroz.jpg\"><img data-recalc-dims=\"1\" loading=\"lazy\" decoding=\"async\" width=\"810\" height=\"405\" data-attachment-id=\"53850\" data-permalink=\"https:\/\/lahoradelcampo.com.uy\/site\/utu-recaudo-mas-de-us-1-160-000-por-la-produccion-de-sus-escuelas-agrarias\/escuelaagrariaarroz\/\" data-orig-file=\"https:\/\/i0.wp.com\/lahoradelcampo.com.uy\/site\/wp-content\/uploads\/2024\/05\/Escuelaagrariaarroz.jpg?fit=880%2C440&amp;ssl=1\" data-orig-size=\"880,440\" data-comments-opened=\"1\" data-image-meta=\"{&quot;aperture&quot;:&quot;0&quot;,&quot;credit&quot;:&quot;&quot;,&quot;camera&quot;:&quot;&quot;,&quot;caption&quot;:&quot;&quot;,&quot;created_timestamp&quot;:&quot;0&quot;,&quot;copyright&quot;:&quot;&quot;,&quot;focal_length&quot;:&quot;0&quot;,&quot;iso&quot;:&quot;0&quot;,&quot;shutter_speed&quot;:&quot;0&quot;,&quot;title&quot;:&quot;&quot;,&quot;orientation&quot;:&quot;1&quot;}\" data-image-title=\"Escuelaagrariaarroz\" data-image-description=\"\" data-image-caption=\"\" data-large-file=\"https:\/\/i0.wp.com\/lahoradelcampo.com.uy\/site\/wp-content\/uploads\/2024\/05\/Escuelaagrariaarroz.jpg?fit=810%2C405&amp;ssl=1\" src=\"https:\/\/i0.wp.com\/lahoradelcampo.com.uy\/site\/wp-content\/uploads\/2024\/05\/Escuelaagrariaarroz.jpg?resize=810%2C405\" alt=\"\" class=\"wp-image-53850\" srcset=\"https:\/\/i0.wp.com\/lahoradelcampo.com.uy\/site\/wp-content\/uploads\/2024\/05\/Escuelaagrariaarroz.jpg?w=880&amp;ssl=1 880w, https:\/\/i0.wp.com\/lahoradelcampo.com.uy\/site\/wp-content\/uploads\/2024\/05\/Escuelaagrariaarroz.jpg?resize=300%2C150&amp;ssl=1 300w, https:\/\/i0.wp.com\/lahoradelcampo.com.uy\/site\/wp-content\/uploads\/2024\/05\/Escuelaagrariaarroz.jpg?resize=768%2C384&amp;ssl=1 768w, https:\/\/i0.wp.com\/lahoradelcampo.com.uy\/site\/wp-content\/uploads\/2024\/05\/Escuelaagrariaarroz.jpg?resize=820%2C410&amp;ssl=1 820w\" sizes=\"auto, (max-width: 810px) 100vw, 810px\" \/><\/a><\/figure>\n\n\n\n<p>Seg\u00fan la informaci\u00f3n difundida por el organismo, el objetivo de las escuelas agrarias no es producir para vender, sino educar en las distintas formas de producci\u00f3n. Sin embargo, la venta de productos les permite sustentarse y continuar creciendo.<\/p>\n\n\n\n<p>Algunos de los proyectos que se desarrollan incluyen producci\u00f3n vegetal, de bovinos para obtener leche y carne, de ovinos, conejos, suinos y forestal, avicultura e industrias l\u00e1ctea y vitivin\u00edcola.<\/p>\n\n\n\n<p>Entre esas iniciativas y el local de ventas de la UTU, se obtuvieron ingresos por 2.967.678 d\u00f3lares.<br>En 2023, si se considera solo la producci\u00f3n agraria comercializada en el local de ventas, se recaudaron 299.865 d\u00f3lares, compuestos por 71% de productos l\u00e1cteos, 15% de vin\u00edferos y 6,6% de vegetales.<\/p>\n\n\n\n<p>En tanto, del total de ingresos, el 37% provino de la producci\u00f3n de bovinos para carne, seguida de la de bovinos para leche (26,8%) y, en tercer lugar, productos vegetales (21,5%), principalmente arroz.<\/p>\n\n\n\n<p>Entre las escuelas agrarias que registraron mayores ingresos, en primer lugar se ubic\u00f3 la de Artigas, seguida por La Carolina, en Flores, la de Colonia Suiza, la de San Ram\u00f3n, la de Sarand\u00ed Grande y, en sexto lugar, la de Tacuaremb\u00f3.<\/p>\n\n\n\n<p>Si se descuentan de los ingresos los gastos de la UTU para el mantenimiento, se obtuvo una ganancia bruta en 2023 de 1.160.036 d\u00f3lares.<\/p>\n\n\n\n<p>Salto, 10 de mayo de 2024<\/p>\n","protected":false},"excerpt":{"rendered":"<p>Seg\u00fan la informaci\u00f3n difundida por el organismo, el objetivo de las escuelas agrarias no es producir para vender, sino educar en las distintas formas de producci\u00f3n. Sin embargo, la venta [&hellip;]<\/p>\n","protected":false},"author":5,"featured_media":53850,"comment_status":"open","ping_status":"open","sticky":false,"template":"","format":"standard","meta":{"_price":"","_stock":"","_tribe_ticket_header":"","_tribe_default_ticket_provider":"","_tribe_ticket_capacity":"0","_ticket_start_date":"","_ticket_end_date":"","_tribe_ticket_show_description":"","_tribe_ticket_show_not_going":false,"_tribe_ticket_use_global_stock":"","_tribe_ticket_global_stock_level":"","_global_stock_mode":"","_global_stock_cap":"","_tribe_rsvp_for_event":"","_tribe_ticket_going_count":"","_tribe_ticket_not_going_count":"","_tribe_tickets_list":"[]","_tribe_ticket_has_attendee_info_fields":false,"h5ap_radio_sources":[],"_jetpack_newsletter_access":"","_jetpack_dont_email_post_to_subs":false,"_jetpack_newsletter_tier_id":0,"_jetpack_memberships_contains_paywalled_content":false,"_jetpack_memberships_contains_paid_content":false,"footnotes":""},"categories":[21,7],"tags":[],"class_list":["post-53849","post","type-post","status-publish","format-standard","has-post-thumbnail","hentry","category-actualidad","category-agricultura"],"jetpack_featured_media_url":"https:\/\/i0.wp.com\/lahoradelcampo.com.uy\/site\/wp-content\/uploads\/2024\/05\/Escuelaagrariaarroz.jpg?fit=880%2C440&ssl=1","jetpack_sharing_enabled":true,"jetpack_shortlink":"https:\/\/wp.me\/p99IaT-e0x","jetpack-related-posts":[{"id":50040,"url":"https:\/\/lahoradelcampo.com.uy\/site\/hereford-y-una-iniciativa-que-une-la-ganaderia-y-la-educacion\/","url_meta":{"origin":53849,"position":0},"title":"Hereford y una iniciativa que une la ganader\u00eda y la educaci\u00f3n","author":"La Hora del Campo","date":"18 abril, 2023","format":false,"excerpt":"La Sociedad Criadores de Hereford present\u00f3 una novedosa iniciativa en la Expo Melilla: la Jura de Novillos a Bozal, en colaboraci\u00f3n con la Direcci\u00f3n General de Educaci\u00f3n T\u00e9cnico Profesional (Anep-UTU), Hereford Uruguay, Erro Nutrici\u00f3n Animal, Instituto Nacional de Carnes y Marfrig. Esta iniciativa tiene como objetivo vincular a la gremial\u2026","rel":"","context":"En \u00abActualidad\u00bb","block_context":{"text":"Actualidad","link":"https:\/\/lahoradelcampo.com.uy\/site\/category\/actualidad\/"},"img":{"alt_text":"","src":"https:\/\/i0.wp.com\/lahoradelcampo.com.uy\/site\/wp-content\/uploads\/2023\/04\/Hereford-melilla.jpg?fit=880%2C440&ssl=1&resize=350%2C200","width":350,"height":200,"srcset":"https:\/\/i0.wp.com\/lahoradelcampo.com.uy\/site\/wp-content\/uploads\/2023\/04\/Hereford-melilla.jpg?fit=880%2C440&ssl=1&resize=350%2C200 1x, https:\/\/i0.wp.com\/lahoradelcampo.com.uy\/site\/wp-content\/uploads\/2023\/04\/Hereford-melilla.jpg?fit=880%2C440&ssl=1&resize=525%2C300 1.5x, https:\/\/i0.wp.com\/lahoradelcampo.com.uy\/site\/wp-content\/uploads\/2023\/04\/Hereford-melilla.jpg?fit=880%2C440&ssl=1&resize=700%2C400 2x"},"classes":[]},{"id":54062,"url":"https:\/\/lahoradelcampo.com.uy\/site\/hereford-realizara-en-la-expo-prado-la-segunda-edicion-de-la-jura-de-novillos-a-bozal\/","url_meta":{"origin":53849,"position":1},"title":"Hereford realizar\u00e1 en la Expo Prado, la segunda edici\u00f3n de la \u00abJura de novillos a bozal\u00bb","author":"La Hora del Campo","date":"26 julio, 2024","format":false,"excerpt":"En el marco de la Expo Prado 2024, se llevar\u00e1 a cabo la segunda edici\u00f3n de la \"Jura de novillos a bozal\", un evento que apuesta a la formaci\u00f3n de j\u00f3venes en el sector ganadero y busca contribuir al futuro de la cadena c\u00e1rnica. Este proyecto, se desarrollar con el\u2026","rel":"","context":"En \u00abActualidad\u00bb","block_context":{"text":"Actualidad","link":"https:\/\/lahoradelcampo.com.uy\/site\/category\/actualidad\/"},"img":{"alt_text":"","src":"https:\/\/i0.wp.com\/lahoradelcampo.com.uy\/site\/wp-content\/uploads\/2024\/07\/Hereford-Bozal.jpg?fit=880%2C440&ssl=1&resize=350%2C200","width":350,"height":200,"srcset":"https:\/\/i0.wp.com\/lahoradelcampo.com.uy\/site\/wp-content\/uploads\/2024\/07\/Hereford-Bozal.jpg?fit=880%2C440&ssl=1&resize=350%2C200 1x, https:\/\/i0.wp.com\/lahoradelcampo.com.uy\/site\/wp-content\/uploads\/2024\/07\/Hereford-Bozal.jpg?fit=880%2C440&ssl=1&resize=525%2C300 1.5x, https:\/\/i0.wp.com\/lahoradelcampo.com.uy\/site\/wp-content\/uploads\/2024\/07\/Hereford-Bozal.jpg?fit=880%2C440&ssl=1&resize=700%2C400 2x"},"classes":[]},{"id":5213,"url":"https:\/\/lahoradelcampo.com.uy\/site\/carumbe-tendra-1er-ano-de-ciclo-basico-de-utu-en-2018\/","url_meta":{"origin":53849,"position":2},"title":"Carumb\u00e9 tendr\u00e1 1er a\u00f1o de Ciclo b\u00e1sico de UTU en 2018","author":"La Hora del Campo","date":"28 diciembre, 2017","format":false,"excerpt":"La Mesa de Desarrollo Rural de Basalto Superficial, se reuni\u00f3 el pasado mi\u00e9rcoles 20 de diciembre, y concret\u00f3 la instalaci\u00f3n de un primer a\u00f1o de Ciclo B\u00e1sico de UTU en Carumb\u00e9 para 2018. Dicha reuni\u00f3n cont\u00f3 con la participaci\u00f3n de la Directora General de UTU, Nilsa P\u00e9rez, el consejero Miguel\u2026","rel":"","context":"En \u00abActualidad\u00bb","block_context":{"text":"Actualidad","link":"https:\/\/lahoradelcampo.com.uy\/site\/category\/actualidad\/"},"img":{"alt_text":"","src":"https:\/\/i0.wp.com\/lahoradelcampo.com.uy\/site\/wp-content\/uploads\/2017\/12\/Pastorino.jpg?fit=880%2C440&ssl=1&resize=350%2C200","width":350,"height":200,"srcset":"https:\/\/i0.wp.com\/lahoradelcampo.com.uy\/site\/wp-content\/uploads\/2017\/12\/Pastorino.jpg?fit=880%2C440&ssl=1&resize=350%2C200 1x, https:\/\/i0.wp.com\/lahoradelcampo.com.uy\/site\/wp-content\/uploads\/2017\/12\/Pastorino.jpg?fit=880%2C440&ssl=1&resize=525%2C300 1.5x, https:\/\/i0.wp.com\/lahoradelcampo.com.uy\/site\/wp-content\/uploads\/2017\/12\/Pastorino.jpg?fit=880%2C440&ssl=1&resize=700%2C400 2x"},"classes":[]},{"id":45253,"url":"https:\/\/lahoradelcampo.com.uy\/site\/mgap-presenta-pasado-presente-y-futuro-de-la-produccion\/","url_meta":{"origin":53849,"position":3},"title":"MGAP presenta Pasado, Presente y Futuro de la producci\u00f3n","author":"La Hora del Campo","date":"6 septiembre, 2022","format":false,"excerpt":"El ministro de Ganader\u00eda, Agricultura y Pesca junto a jerarcas y directores de las distintas unidades ejecutoras llevar\u00e1 adelante el acto inaugural del stand del MGAP en Expo Prado 2022. Como todos los a\u00f1os las m\u00e1ximas autoridades de la institucionalidad agropecuaria, acompa\u00f1ar\u00e1n el evento que tendr\u00e1 lugar el pr\u00f3ximo viernes\u2026","rel":"","context":"En \u00abActualidad\u00bb","block_context":{"text":"Actualidad","link":"https:\/\/lahoradelcampo.com.uy\/site\/category\/actualidad\/"},"img":{"alt_text":"","src":"https:\/\/i0.wp.com\/lahoradelcampo.com.uy\/site\/wp-content\/uploads\/2021\/09\/mgap-prado.jpg?fit=880%2C440&ssl=1&resize=350%2C200","width":350,"height":200,"srcset":"https:\/\/i0.wp.com\/lahoradelcampo.com.uy\/site\/wp-content\/uploads\/2021\/09\/mgap-prado.jpg?fit=880%2C440&ssl=1&resize=350%2C200 1x, https:\/\/i0.wp.com\/lahoradelcampo.com.uy\/site\/wp-content\/uploads\/2021\/09\/mgap-prado.jpg?fit=880%2C440&ssl=1&resize=525%2C300 1.5x, https:\/\/i0.wp.com\/lahoradelcampo.com.uy\/site\/wp-content\/uploads\/2021\/09\/mgap-prado.jpg?fit=880%2C440&ssl=1&resize=700%2C400 2x"},"classes":[]},{"id":48361,"url":"https:\/\/lahoradelcampo.com.uy\/site\/inacoop-posterga-pagos-de-cooperativas-agrarias-por-la-emergencia\/","url_meta":{"origin":53849,"position":4},"title":"Inacoop posterga pagos de cooperativas agrarias por la emergencia","author":"La Hora del Campo","date":"26 enero, 2023","format":false,"excerpt":"El Instituto Nacional del Cooperativismo (Inecoop) resolvi\u00f3 postergar los vencimientos de las cooperativas agrarias, la medida fue decidida el martes 24 de enero por el Directorio presidido por Mart\u00edn Fern\u00e1ndez. La postergaci\u00f3n es por tres meses y se da en el marco la emergencia h\u00eddrica que vive el pa\u00eds, la\u2026","rel":"","context":"En \u00abActualidad\u00bb","block_context":{"text":"Actualidad","link":"https:\/\/lahoradelcampo.com.uy\/site\/category\/actualidad\/"},"img":{"alt_text":"","src":"https:\/\/i0.wp.com\/lahoradelcampo.com.uy\/site\/wp-content\/uploads\/2023\/01\/Inacoop-martinfernandez.jpg?fit=880%2C440&ssl=1&resize=350%2C200","width":350,"height":200,"srcset":"https:\/\/i0.wp.com\/lahoradelcampo.com.uy\/site\/wp-content\/uploads\/2023\/01\/Inacoop-martinfernandez.jpg?fit=880%2C440&ssl=1&resize=350%2C200 1x, https:\/\/i0.wp.com\/lahoradelcampo.com.uy\/site\/wp-content\/uploads\/2023\/01\/Inacoop-martinfernandez.jpg?fit=880%2C440&ssl=1&resize=525%2C300 1.5x, https:\/\/i0.wp.com\/lahoradelcampo.com.uy\/site\/wp-content\/uploads\/2023\/01\/Inacoop-martinfernandez.jpg?fit=880%2C440&ssl=1&resize=700%2C400 2x"},"classes":[]},{"id":5057,"url":"https:\/\/lahoradelcampo.com.uy\/site\/cotryba-anep-y-el-msp-proyectaron-acciones-conjuntas-para-2018\/","url_meta":{"origin":53849,"position":5},"title":"Cotryba, Anep y el MSP proyectaron acciones conjuntas para 2018","author":"La Hora del Campo","date":"21 diciembre, 2017","format":false,"excerpt":"El grupo de trabajo de Bienestar animal y Tenencia responsable para centros educativos que se conform\u00f3 durante el 2017 e integran ANEP, MSP y COTRYBA imparti\u00f3 una charla este lunes 18 para los directores de campus regionales de la Universidad del Trabajo del Uruguay. Estuvieron a cargo de la misma,\u2026","rel":"","context":"En \u00abActualidad\u00bb","block_context":{"text":"Actualidad","link":"https:\/\/lahoradelcampo.com.uy\/site\/category\/actualidad\/"},"img":{"alt_text":"","src":"https:\/\/i0.wp.com\/lahoradelcampo.com.uy\/site\/wp-content\/uploads\/2017\/12\/Cotryba.jpg?fit=880%2C440&ssl=1&resize=350%2C200","width":350,"height":200,"srcset":"https:\/\/i0.wp.com\/lahoradelcampo.com.uy\/site\/wp-content\/uploads\/2017\/12\/Cotryba.jpg?fit=880%2C440&ssl=1&resize=350%2C200 1x, https:\/\/i0.wp.com\/lahoradelcampo.com.uy\/site\/wp-content\/uploads\/2017\/12\/Cotryba.jpg?fit=880%2C440&ssl=1&resize=525%2C300 1.5x, https:\/\/i0.wp.com\/lahoradelcampo.com.uy\/site\/wp-content\/uploads\/2017\/12\/Cotryba.jpg?fit=880%2C440&ssl=1&resize=700%2C400 2x"},"classes":[]}],"jetpack_likes_enabled":true,"_links":{"self":[{"href":"https:\/\/lahoradelcampo.com.uy\/site\/wp-json\/wp\/v2\/posts\/53849","targetHints":{"allow":["GET"]}}],"collection":[{"href":"https:\/\/lahoradelcampo.com.uy\/site\/wp-json\/wp\/v2\/posts"}],"about":[{"href":"https:\/\/lahoradelcampo.com.uy\/site\/wp-json\/wp\/v2\/types\/post"}],"author":[{"embeddable":true,"href":"https:\/\/lahoradelcampo.com.uy\/site\/wp-json\/wp\/v2\/users\/5"}],"replies":[{"embeddable":true,"href":"https:\/\/lahoradelcampo.com.uy\/site\/wp-json\/wp\/v2\/comments?post=53849"}],"version-history":[{"count":1,"href":"https:\/\/lahoradelcampo.com.uy\/site\/wp-json\/wp\/v2\/posts\/53849\/revisions"}],"predecessor-version":[{"id":53851,"href":"https:\/\/lahoradelcampo.com.uy\/site\/wp-json\/wp\/v2\/posts\/53849\/revisions\/53851"}],"wp:featuredmedia":[{"embeddable":true,"href":"https:\/\/lahoradelcampo.com.uy\/site\/wp-json\/wp\/v2\/media\/53850"}],"wp:attachment":[{"href":"https:\/\/lahoradelcampo.com.uy\/site\/wp-json\/wp\/v2\/media?parent=53849"}],"wp:term":[{"taxonomy":"category","embeddable":true,"href":"https:\/\/lahoradelcampo.com.uy\/site\/wp-json\/wp\/v2\/categories?post=53849"},{"taxonomy":"post_tag","embeddable":true,"href":"https:\/\/lahoradelcampo.com.uy\/site\/wp-json\/wp\/v2\/tags?post=53849"}],"curies":[{"name":"wp","href":"https:\/\/api.w.org\/{rel}","templated":true}]}}