{"id":53843,"date":"2024-05-10T18:42:29","date_gmt":"2024-05-10T21:42:29","guid":{"rendered":"http:\/\/lahoradelcampo.com.uy\/site\/?p=53843"},"modified":"2024-05-10T18:42:30","modified_gmt":"2024-05-10T21:42:30","slug":"descenso-en-las-exportaciones-de-lacteos-de-uruguay-durante-abril","status":"publish","type":"post","link":"https:\/\/lahoradelcampo.com.uy\/site\/descenso-en-las-exportaciones-de-lacteos-de-uruguay-durante-abril\/","title":{"rendered":"Descenso en las exportaciones de l\u00e1cteos de Uruguay durante abril"},"content":{"rendered":"\n<figure class=\"wp-block-image size-full\"><a href=\"https:\/\/i0.wp.com\/lahoradelcampo.com.uy\/site\/wp-content\/uploads\/2024\/05\/Exportacioneslacteasabril.jpg\"><img data-recalc-dims=\"1\" loading=\"lazy\" decoding=\"async\" width=\"810\" height=\"405\" data-attachment-id=\"53844\" data-permalink=\"https:\/\/lahoradelcampo.com.uy\/site\/descenso-en-las-exportaciones-de-lacteos-de-uruguay-durante-abril\/exportacioneslacteasabril\/\" data-orig-file=\"https:\/\/i0.wp.com\/lahoradelcampo.com.uy\/site\/wp-content\/uploads\/2024\/05\/Exportacioneslacteasabril.jpg?fit=880%2C440&amp;ssl=1\" data-orig-size=\"880,440\" data-comments-opened=\"1\" data-image-meta=\"{&quot;aperture&quot;:&quot;0&quot;,&quot;credit&quot;:&quot;&quot;,&quot;camera&quot;:&quot;&quot;,&quot;caption&quot;:&quot;&quot;,&quot;created_timestamp&quot;:&quot;0&quot;,&quot;copyright&quot;:&quot;&quot;,&quot;focal_length&quot;:&quot;0&quot;,&quot;iso&quot;:&quot;0&quot;,&quot;shutter_speed&quot;:&quot;0&quot;,&quot;title&quot;:&quot;&quot;,&quot;orientation&quot;:&quot;1&quot;}\" data-image-title=\"Exportacioneslacteasabril\" data-image-description=\"\" data-image-caption=\"\" data-large-file=\"https:\/\/i0.wp.com\/lahoradelcampo.com.uy\/site\/wp-content\/uploads\/2024\/05\/Exportacioneslacteasabril.jpg?fit=810%2C405&amp;ssl=1\" src=\"https:\/\/i0.wp.com\/lahoradelcampo.com.uy\/site\/wp-content\/uploads\/2024\/05\/Exportacioneslacteasabril.jpg?resize=810%2C405\" alt=\"\" class=\"wp-image-53844\" srcset=\"https:\/\/i0.wp.com\/lahoradelcampo.com.uy\/site\/wp-content\/uploads\/2024\/05\/Exportacioneslacteasabril.jpg?w=880&amp;ssl=1 880w, https:\/\/i0.wp.com\/lahoradelcampo.com.uy\/site\/wp-content\/uploads\/2024\/05\/Exportacioneslacteasabril.jpg?resize=300%2C150&amp;ssl=1 300w, https:\/\/i0.wp.com\/lahoradelcampo.com.uy\/site\/wp-content\/uploads\/2024\/05\/Exportacioneslacteasabril.jpg?resize=768%2C384&amp;ssl=1 768w, https:\/\/i0.wp.com\/lahoradelcampo.com.uy\/site\/wp-content\/uploads\/2024\/05\/Exportacioneslacteasabril.jpg?resize=820%2C410&amp;ssl=1 820w\" sizes=\"auto, (max-width: 810px) 100vw, 810px\" \/><\/a><\/figure>\n\n\n\n<p>El Instituto Nacional de la Leche (INALE) ha revelado cifras preocupantes respecto a las exportaciones l\u00e1cteas de Uruguay durante el mes de abril del a\u00f1o en curso. Seg\u00fan el informe presentado, la facturaci\u00f3n recibida por exportaciones ha experimentado un descenso del 16%, lo que refleja una notable disminuci\u00f3n en los precios de estos productos.<\/p>\n\n\n\n<p>En t\u00e9rminos espec\u00edficos, se ha observado una ca\u00edda en la facturaci\u00f3n de la leche en polvo entera (LPE) y la manteca, dos de los principales productos de exportaci\u00f3n del pa\u00eds. A pesar de esto, en los \u00faltimos 12 meses, los principales destinos de las exportaciones l\u00e1cteas uruguayas fueron Brasil, Argelia y M\u00e9xico.<\/p>\n\n\n\n<p><strong>Facturaci\u00f3n y Volumen de Exportaciones<\/strong><\/p>\n\n\n\n<p>En lo que va del a\u00f1o, las exportaciones l\u00e1cteas uruguayas alcanzaron la cifra de US$ 248,4 millones FOB, lo que representa un descenso del 16% en comparaci\u00f3n con el mismo per\u00edodo del a\u00f1o anterior. Este declive se atribuye principalmente a la disminuci\u00f3n en la facturaci\u00f3n de la leche en polvo entera (LPE), que experiment\u00f3 una reducci\u00f3n del 21%, alcanzando los US$ 153,4 millones FOB, y la manteca, que registr\u00f3 una disminuci\u00f3n del 20%, llegando a los 17,2 millones de d\u00f3lares FOB.<\/p>\n\n\n\n<p>Por otro lado, la leche en polvo descremada (LPD) y los quesos han mostrado un desempe\u00f1o m\u00e1s favorable, con aumentos del 6% y 4% respectivamente, alcanzando los US$ 15,4 millones FOB y 43,1 millones de d\u00f3lares FOB.<\/p>\n\n\n\n<p>En cuanto a los vol\u00famenes, se observa un incremento en las colocaciones de leche en polvo descremada (29%) y quesos (8%) en el acumulado hasta abril en comparaci\u00f3n con el mismo per\u00edodo del a\u00f1o anterior. Sin embargo, los vol\u00famenes de manteca y leche en polvo entera han experimentado descensos del 16% y 13% respectivamente.<\/p>\n\n\n\n<p><strong>Variaci\u00f3n de Precios<\/strong><\/p>\n\n\n\n<p>Durante el transcurso del a\u00f1o, se ha registrado una disminuci\u00f3n en el precio de todos los productos l\u00e1cteos en comparaci\u00f3n con el mismo per\u00edodo del a\u00f1o anterior. <\/p>\n\n\n\n<p>La leche en polvo descremada (LPD) ha descendido en US$ 3.516 por tonelada (-18%), la leche en polvo entera (LPE) en US$ 2.865 (-9%), la manteca en US$ 5.269 (-6%) y los quesos en US$ 4.995 (-4%).<br>No obstante, en comparaci\u00f3n con los precios registrados en diciembre de 2023, se observan aumentos en la leche en polvo entera (LPE) y la manteca (7% y 16% respectivamente) durante abril de 2024.<br>En el caso de los quesos, se han mantenido estables, mientras que la leche en polvo descremada (LPD) ha mostrado un descenso del 10%.<\/p>\n\n\n\n<p>Salto, 10 de mayo de 2024<\/p>\n","protected":false},"excerpt":{"rendered":"<p>El Instituto Nacional de la Leche (INALE) ha revelado cifras preocupantes respecto a las exportaciones l\u00e1cteas de Uruguay durante el mes de abril del a\u00f1o en curso. Seg\u00fan el informe [&hellip;]<\/p>\n","protected":false},"author":5,"featured_media":53844,"comment_status":"open","ping_status":"open","sticky":false,"template":"","format":"standard","meta":{"_price":"","_stock":"","_tribe_ticket_header":"","_tribe_default_ticket_provider":"","_tribe_ticket_capacity":"0","_ticket_start_date":"","_ticket_end_date":"","_tribe_ticket_show_description":"","_tribe_ticket_show_not_going":false,"_tribe_ticket_use_global_stock":"","_tribe_ticket_global_stock_level":"","_global_stock_mode":"","_global_stock_cap":"","_tribe_rsvp_for_event":"","_tribe_ticket_going_count":"","_tribe_ticket_not_going_count":"","_tribe_tickets_list":"[]","_tribe_ticket_has_attendee_info_fields":false,"h5ap_radio_sources":[],"_jetpack_newsletter_access":"","_jetpack_dont_email_post_to_subs":false,"_jetpack_newsletter_tier_id":0,"_jetpack_memberships_contains_paywalled_content":false,"_jetpack_memberships_contains_paid_content":false,"footnotes":""},"categories":[21,11],"tags":[],"class_list":["post-53843","post","type-post","status-publish","format-standard","has-post-thumbnail","hentry","category-actualidad","category-lecheria"],"jetpack_featured_media_url":"https:\/\/i0.wp.com\/lahoradelcampo.com.uy\/site\/wp-content\/uploads\/2024\/05\/Exportacioneslacteasabril.jpg?fit=880%2C440&ssl=1","jetpack_sharing_enabled":true,"jetpack_shortlink":"https:\/\/wp.me\/p99IaT-e0r","jetpack-related-posts":[{"id":55901,"url":"https:\/\/lahoradelcampo.com.uy\/site\/exportaciones-de-lacteos-crecen-19-en-el-2025\/","url_meta":{"origin":53843,"position":0},"title":"Exportaciones de l\u00e1cteos crecen 19% en el 2025","author":"La Hora del Campo","date":"14 abril, 2025","format":false,"excerpt":"De acuerdo con el informe de exportaciones de l\u00e1cteos, elaborado por el Instituto Nacional de la Leche (INALE), la facturaci\u00f3n de la venta de productos en el exterior creci\u00f3 un 19% durante el primer trimestre del a\u00f1o, impulsado por fuertes subas en los valores tanto de la leche en polvo\u2026","rel":"","context":"En \u00abActualidad\u00bb","block_context":{"text":"Actualidad","link":"https:\/\/lahoradelcampo.com.uy\/site\/category\/actualidad\/"},"img":{"alt_text":"","src":"https:\/\/i0.wp.com\/lahoradelcampo.com.uy\/site\/wp-content\/uploads\/2025\/01\/lacteos1.jpg?fit=880%2C440&ssl=1&resize=350%2C200","width":350,"height":200,"srcset":"https:\/\/i0.wp.com\/lahoradelcampo.com.uy\/site\/wp-content\/uploads\/2025\/01\/lacteos1.jpg?fit=880%2C440&ssl=1&resize=350%2C200 1x, https:\/\/i0.wp.com\/lahoradelcampo.com.uy\/site\/wp-content\/uploads\/2025\/01\/lacteos1.jpg?fit=880%2C440&ssl=1&resize=525%2C300 1.5x, https:\/\/i0.wp.com\/lahoradelcampo.com.uy\/site\/wp-content\/uploads\/2025\/01\/lacteos1.jpg?fit=880%2C440&ssl=1&resize=700%2C400 2x"},"classes":[]},{"id":53770,"url":"https:\/\/lahoradelcampo.com.uy\/site\/descenso-del-17-en-las-exportaciones-de-lacteos\/","url_meta":{"origin":53843,"position":1},"title":"Descenso del 17% en las exportaciones de l\u00e1cteos","author":"La Hora del Campo","date":"17 abril, 2024","format":false,"excerpt":"El Instituto Nacional de la Leche (INALE) informa que hasta el mes de marzo del a\u00f1o en curso se registr\u00f3 un descenso del 17% en la facturaci\u00f3n recibida por las exportaciones l\u00e1cteas de Uruguay. Este retroceso, seg\u00fan los datos proporcionados por el INALE, refleja una disminuci\u00f3n en los precios de\u2026","rel":"","context":"En \u00abActualidad\u00bb","block_context":{"text":"Actualidad","link":"https:\/\/lahoradelcampo.com.uy\/site\/category\/actualidad\/"},"img":{"alt_text":"","src":"https:\/\/i0.wp.com\/lahoradelcampo.com.uy\/site\/wp-content\/uploads\/2024\/04\/Inale-exportaciones.jpg?fit=880%2C440&ssl=1&resize=350%2C200","width":350,"height":200,"srcset":"https:\/\/i0.wp.com\/lahoradelcampo.com.uy\/site\/wp-content\/uploads\/2024\/04\/Inale-exportaciones.jpg?fit=880%2C440&ssl=1&resize=350%2C200 1x, https:\/\/i0.wp.com\/lahoradelcampo.com.uy\/site\/wp-content\/uploads\/2024\/04\/Inale-exportaciones.jpg?fit=880%2C440&ssl=1&resize=525%2C300 1.5x, https:\/\/i0.wp.com\/lahoradelcampo.com.uy\/site\/wp-content\/uploads\/2024\/04\/Inale-exportaciones.jpg?fit=880%2C440&ssl=1&resize=700%2C400 2x"},"classes":[]},{"id":53476,"url":"https:\/\/lahoradelcampo.com.uy\/site\/exportaciones-lacteas-cayeron-un-8-en-2023\/","url_meta":{"origin":53843,"position":2},"title":"Exportaciones l\u00e1cteas cayeron un 8% en 2023","author":"La Hora del Campo","date":"27 febrero, 2024","format":false,"excerpt":"En el marco del informe anual \"Situaci\u00f3n y perspectivas de la lecher\u00eda uruguaya\", se revela un escenario desafiante para el comercio de l\u00e1cteos en el pa\u00eds, abordando aspectos clave de la coyuntura nacional e internacional, con un enfoque especial en la fase primaria, industrial y exportaci\u00f3n de productos l\u00e1cteos.Descenso en\u2026","rel":"","context":"En \u00abActualidad\u00bb","block_context":{"text":"Actualidad","link":"https:\/\/lahoradelcampo.com.uy\/site\/category\/actualidad\/"},"img":{"alt_text":"","src":"https:\/\/i0.wp.com\/lahoradelcampo.com.uy\/site\/wp-content\/uploads\/2024\/02\/Mujeres-tambos.jpg?fit=880%2C440&ssl=1&resize=350%2C200","width":350,"height":200,"srcset":"https:\/\/i0.wp.com\/lahoradelcampo.com.uy\/site\/wp-content\/uploads\/2024\/02\/Mujeres-tambos.jpg?fit=880%2C440&ssl=1&resize=350%2C200 1x, https:\/\/i0.wp.com\/lahoradelcampo.com.uy\/site\/wp-content\/uploads\/2024\/02\/Mujeres-tambos.jpg?fit=880%2C440&ssl=1&resize=525%2C300 1.5x, https:\/\/i0.wp.com\/lahoradelcampo.com.uy\/site\/wp-content\/uploads\/2024\/02\/Mujeres-tambos.jpg?fit=880%2C440&ssl=1&resize=700%2C400 2x"},"classes":[]},{"id":30010,"url":"https:\/\/lahoradelcampo.com.uy\/site\/ventas-de-lacteos-al-exterior-crecen-un-12-en-el-primer-cuatrimestre\/","url_meta":{"origin":53843,"position":3},"title":"Ventas de l\u00e1cteos al exterior crecen un 12% en el primer cuatrimestre","author":"La Hora del Campo","date":"13 mayo, 2021","format":false,"excerpt":"Las exportaciones l\u00e1cteas acumuladas al mes de abril superaron en un 12% las del primer cuatrimestre de 2020, seg\u00fan los datos publicados por el Instituto nacional de la Leche (INALE). Este resultado se alcanza debido a una mayor facturaci\u00f3n de leche en polvo entera (+12%), manteca (+149%) y leche en\u2026","rel":"","context":"En \u00abActualidad\u00bb","block_context":{"text":"Actualidad","link":"https:\/\/lahoradelcampo.com.uy\/site\/category\/actualidad\/"},"img":{"alt_text":"","src":"https:\/\/i0.wp.com\/lahoradelcampo.com.uy\/site\/wp-content\/uploads\/2019\/04\/leche-en-polvo.jpg?fit=880%2C440&ssl=1&resize=350%2C200","width":350,"height":200,"srcset":"https:\/\/i0.wp.com\/lahoradelcampo.com.uy\/site\/wp-content\/uploads\/2019\/04\/leche-en-polvo.jpg?fit=880%2C440&ssl=1&resize=350%2C200 1x, https:\/\/i0.wp.com\/lahoradelcampo.com.uy\/site\/wp-content\/uploads\/2019\/04\/leche-en-polvo.jpg?fit=880%2C440&ssl=1&resize=525%2C300 1.5x, https:\/\/i0.wp.com\/lahoradelcampo.com.uy\/site\/wp-content\/uploads\/2019\/04\/leche-en-polvo.jpg?fit=880%2C440&ssl=1&resize=700%2C400 2x"},"classes":[]},{"id":52859,"url":"https:\/\/lahoradelcampo.com.uy\/site\/facturacion-de-lacteos-cae-un-6-en-23\/","url_meta":{"origin":53843,"position":4},"title":"Facturaci\u00f3n de lacteos cae un 6% en &#8217;23","author":"La Hora del Campo","date":"24 octubre, 2023","format":false,"excerpt":"Las exportaciones de productos l\u00e1cteos uruguayos han experimentado una ca\u00edda del 6% en la facturaci\u00f3n durante el transcurso del a\u00f1o 2023 en comparaci\u00f3n con el mismo per\u00edodo en 2022. Durante los primeros nueve meses del a\u00f1o en curso, se exportaron un total de 642,6 millones de d\u00f3lares. Este descenso en\u2026","rel":"","context":"En \u00abActualidad\u00bb","block_context":{"text":"Actualidad","link":"https:\/\/lahoradelcampo.com.uy\/site\/category\/actualidad\/"},"img":{"alt_text":"","src":"https:\/\/i0.wp.com\/lahoradelcampo.com.uy\/site\/wp-content\/uploads\/2017\/12\/Lacteos.jpg?fit=880%2C440&ssl=1&resize=350%2C200","width":350,"height":200,"srcset":"https:\/\/i0.wp.com\/lahoradelcampo.com.uy\/site\/wp-content\/uploads\/2017\/12\/Lacteos.jpg?fit=880%2C440&ssl=1&resize=350%2C200 1x, https:\/\/i0.wp.com\/lahoradelcampo.com.uy\/site\/wp-content\/uploads\/2017\/12\/Lacteos.jpg?fit=880%2C440&ssl=1&resize=525%2C300 1.5x, https:\/\/i0.wp.com\/lahoradelcampo.com.uy\/site\/wp-content\/uploads\/2017\/12\/Lacteos.jpg?fit=880%2C440&ssl=1&resize=700%2C400 2x"},"classes":[]},{"id":55090,"url":"https:\/\/lahoradelcampo.com.uy\/site\/facturacion-de-las-exportaciones-de-lacteos-cayeron-un-2-en-octubre\/","url_meta":{"origin":53843,"position":5},"title":"Facturaci\u00f3n de las exportaciones de l\u00e1cteos cayeron un 2% en octubre","author":"La Hora del Campo","date":"11 noviembre, 2024","format":false,"excerpt":"En octubre de 2024, la facturaci\u00f3n por exportaciones l\u00e1cteas de Uruguay registr\u00f3 una ca\u00edda del 2% en comparaci\u00f3n con el mismo mes del a\u00f1o anterior, reflejando la disminuci\u00f3n de los precios de los principales productos exportados, seg\u00fan el informe del Instituto Nacional de la Leche (INALE). La reducci\u00f3n se concentr\u00f3\u2026","rel":"","context":"En \u00abActualidad\u00bb","block_context":{"text":"Actualidad","link":"https:\/\/lahoradelcampo.com.uy\/site\/category\/actualidad\/"},"img":{"alt_text":"","src":"https:\/\/i0.wp.com\/lahoradelcampo.com.uy\/site\/wp-content\/uploads\/2017\/12\/Lacteos.jpg?fit=880%2C440&ssl=1&resize=350%2C200","width":350,"height":200,"srcset":"https:\/\/i0.wp.com\/lahoradelcampo.com.uy\/site\/wp-content\/uploads\/2017\/12\/Lacteos.jpg?fit=880%2C440&ssl=1&resize=350%2C200 1x, https:\/\/i0.wp.com\/lahoradelcampo.com.uy\/site\/wp-content\/uploads\/2017\/12\/Lacteos.jpg?fit=880%2C440&ssl=1&resize=525%2C300 1.5x, https:\/\/i0.wp.com\/lahoradelcampo.com.uy\/site\/wp-content\/uploads\/2017\/12\/Lacteos.jpg?fit=880%2C440&ssl=1&resize=700%2C400 2x"},"classes":[]}],"jetpack_likes_enabled":true,"_links":{"self":[{"href":"https:\/\/lahoradelcampo.com.uy\/site\/wp-json\/wp\/v2\/posts\/53843","targetHints":{"allow":["GET"]}}],"collection":[{"href":"https:\/\/lahoradelcampo.com.uy\/site\/wp-json\/wp\/v2\/posts"}],"about":[{"href":"https:\/\/lahoradelcampo.com.uy\/site\/wp-json\/wp\/v2\/types\/post"}],"author":[{"embeddable":true,"href":"https:\/\/lahoradelcampo.com.uy\/site\/wp-json\/wp\/v2\/users\/5"}],"replies":[{"embeddable":true,"href":"https:\/\/lahoradelcampo.com.uy\/site\/wp-json\/wp\/v2\/comments?post=53843"}],"version-history":[{"count":1,"href":"https:\/\/lahoradelcampo.com.uy\/site\/wp-json\/wp\/v2\/posts\/53843\/revisions"}],"predecessor-version":[{"id":53845,"href":"https:\/\/lahoradelcampo.com.uy\/site\/wp-json\/wp\/v2\/posts\/53843\/revisions\/53845"}],"wp:featuredmedia":[{"embeddable":true,"href":"https:\/\/lahoradelcampo.com.uy\/site\/wp-json\/wp\/v2\/media\/53844"}],"wp:attachment":[{"href":"https:\/\/lahoradelcampo.com.uy\/site\/wp-json\/wp\/v2\/media?parent=53843"}],"wp:term":[{"taxonomy":"category","embeddable":true,"href":"https:\/\/lahoradelcampo.com.uy\/site\/wp-json\/wp\/v2\/categories?post=53843"},{"taxonomy":"post_tag","embeddable":true,"href":"https:\/\/lahoradelcampo.com.uy\/site\/wp-json\/wp\/v2\/tags?post=53843"}],"curies":[{"name":"wp","href":"https:\/\/api.w.org\/{rel}","templated":true}]}}