{"id":53834,"date":"2024-05-10T16:50:39","date_gmt":"2024-05-10T19:50:39","guid":{"rendered":"http:\/\/lahoradelcampo.com.uy\/site\/?p=53834"},"modified":"2024-05-10T17:08:58","modified_gmt":"2024-05-10T20:08:58","slug":"novillo-gordo-cotiza-al-alza-al-cierre-de-la-semana","status":"publish","type":"post","link":"https:\/\/lahoradelcampo.com.uy\/site\/novillo-gordo-cotiza-al-alza-al-cierre-de-la-semana\/","title":{"rendered":"Novillo gordo cotiza al alza al cierre de la semana"},"content":{"rendered":"\n<figure class=\"wp-block-image size-full\"><a href=\"https:\/\/i0.wp.com\/lahoradelcampo.com.uy\/site\/wp-content\/uploads\/2017\/09\/Novillo.jpg\"><img data-recalc-dims=\"1\" loading=\"lazy\" decoding=\"async\" width=\"810\" height=\"405\" data-attachment-id=\"1561\" data-permalink=\"https:\/\/lahoradelcampo.com.uy\/site\/valor-agregado-industrial-cayo-24-por-suba-del-ganado\/novillo\/\" data-orig-file=\"https:\/\/i0.wp.com\/lahoradelcampo.com.uy\/site\/wp-content\/uploads\/2017\/09\/Novillo.jpg?fit=880%2C440&amp;ssl=1\" data-orig-size=\"880,440\" data-comments-opened=\"1\" data-image-meta=\"{&quot;aperture&quot;:&quot;0&quot;,&quot;credit&quot;:&quot;Vicente-Manuel-Tort&quot;,&quot;camera&quot;:&quot;&quot;,&quot;caption&quot;:&quot;&quot;,&quot;created_timestamp&quot;:&quot;0&quot;,&quot;copyright&quot;:&quot;Presidencia de la Republica - Sec.Com.Inst.&quot;,&quot;focal_length&quot;:&quot;0&quot;,&quot;iso&quot;:&quot;0&quot;,&quot;shutter_speed&quot;:&quot;0&quot;,&quot;title&quot;:&quot;&quot;,&quot;orientation&quot;:&quot;1&quot;}\" data-image-title=\"Novillo\" data-image-description=\"\" data-image-caption=\"\" data-large-file=\"https:\/\/i0.wp.com\/lahoradelcampo.com.uy\/site\/wp-content\/uploads\/2017\/09\/Novillo.jpg?fit=810%2C405&amp;ssl=1\" src=\"https:\/\/i0.wp.com\/lahoradelcampo.com.uy\/site\/wp-content\/uploads\/2017\/09\/Novillo.jpg?resize=810%2C405\" alt=\"\" class=\"wp-image-1561\" srcset=\"https:\/\/i0.wp.com\/lahoradelcampo.com.uy\/site\/wp-content\/uploads\/2017\/09\/Novillo.jpg?w=880&amp;ssl=1 880w, https:\/\/i0.wp.com\/lahoradelcampo.com.uy\/site\/wp-content\/uploads\/2017\/09\/Novillo.jpg?resize=300%2C150&amp;ssl=1 300w, https:\/\/i0.wp.com\/lahoradelcampo.com.uy\/site\/wp-content\/uploads\/2017\/09\/Novillo.jpg?resize=768%2C384&amp;ssl=1 768w, https:\/\/i0.wp.com\/lahoradelcampo.com.uy\/site\/wp-content\/uploads\/2017\/09\/Novillo.jpg?resize=820%2C410&amp;ssl=1 820w\" sizes=\"auto, (max-width: 810px) 100vw, 810px\" \/><\/a><\/figure>\n\n\n\n<p>US$ 3,70 la referencia para los novillos especiales, al cierre de la semana, luego de haber comenzado con bajas en la planilla de consignatarios. <br><\/p>\n","protected":false},"excerpt":{"rendered":"<p>US$ 3,70 la referencia para los novillos especiales, al cierre de la semana, luego de haber comenzado con bajas en la planilla de consignatarios.<\/p>\n","protected":false},"author":5,"featured_media":1561,"comment_status":"open","ping_status":"open","sticky":false,"template":"","format":"standard","meta":{"_price":"","_stock":"","_tribe_ticket_header":"","_tribe_default_ticket_provider":"","_tribe_ticket_capacity":"0","_ticket_start_date":"","_ticket_end_date":"","_tribe_ticket_show_description":"","_tribe_ticket_show_not_going":false,"_tribe_ticket_use_global_stock":"","_tribe_ticket_global_stock_level":"","_global_stock_mode":"","_global_stock_cap":"","_tribe_rsvp_for_event":"","_tribe_ticket_going_count":"","_tribe_ticket_not_going_count":"","_tribe_tickets_list":"[]","_tribe_ticket_has_attendee_info_fields":false,"h5ap_radio_sources":[],"_jetpack_newsletter_access":"","_jetpack_dont_email_post_to_subs":false,"_jetpack_newsletter_tier_id":0,"_jetpack_memberships_contains_paywalled_content":false,"_jetpack_memberships_contains_paid_content":false,"footnotes":""},"categories":[21],"tags":[],"class_list":["post-53834","post","type-post","status-publish","format-standard","has-post-thumbnail","hentry","category-actualidad"],"jetpack_featured_media_url":"https:\/\/i0.wp.com\/lahoradelcampo.com.uy\/site\/wp-content\/uploads\/2017\/09\/Novillo.jpg?fit=880%2C440&ssl=1","jetpack_sharing_enabled":true,"jetpack_shortlink":"https:\/\/wp.me\/p99IaT-e0i","jetpack-related-posts":[{"id":31206,"url":"https:\/\/lahoradelcampo.com.uy\/site\/cayo-el-ritmo-de-ventas-al-cierre-de-la-semana\/","url_meta":{"origin":53834,"position":0},"title":"Cay\u00f3 el ritmo de ventas al cierre de la semana","author":"La Hora del Campo","date":"11 junio, 2021","format":false,"excerpt":"Luego de varias jornadas consecutivas de agilidad en la operativa de la Unidad Agroalimentaria Metropolitana (UAM), en la jornada de ayer los negocios perdieron ritmo y se cerr\u00f3 con una actividad menos \u00e1gil que la semana anterior. Al cierre de los negocios, se destac\u00f3 por parte de los operadores del\u2026","rel":"","context":"En \u00abActualidad\u00bb","block_context":{"text":"Actualidad","link":"https:\/\/lahoradelcampo.com.uy\/site\/category\/actualidad\/"},"img":{"alt_text":"","src":"https:\/\/i0.wp.com\/lahoradelcampo.com.uy\/site\/wp-content\/uploads\/2021\/06\/UAMmercado.jpg?fit=880%2C440&ssl=1&resize=350%2C200","width":350,"height":200,"srcset":"https:\/\/i0.wp.com\/lahoradelcampo.com.uy\/site\/wp-content\/uploads\/2021\/06\/UAMmercado.jpg?fit=880%2C440&ssl=1&resize=350%2C200 1x, https:\/\/i0.wp.com\/lahoradelcampo.com.uy\/site\/wp-content\/uploads\/2021\/06\/UAMmercado.jpg?fit=880%2C440&ssl=1&resize=525%2C300 1.5x, https:\/\/i0.wp.com\/lahoradelcampo.com.uy\/site\/wp-content\/uploads\/2021\/06\/UAMmercado.jpg?fit=880%2C440&ssl=1&resize=700%2C400 2x"},"classes":[]},{"id":42407,"url":"https:\/\/lahoradelcampo.com.uy\/site\/agilidad-y-mayor-presencia-de-publico-al-cierre-de-la-semana\/","url_meta":{"origin":53834,"position":1},"title":"Agilidad y mayor presencia de p\u00fablico al cierre de la semana","author":"La Hora del Campo","date":"3 junio, 2022","format":false,"excerpt":"La jornada comercial de ayer jueves, transcurri\u00f3 medianamente \u00e1gil en la Unidad Agroalimentaria Metropolitana (UAM) , con mayor presencia de p\u00fablico comprador en relaci\u00f3n con el inicio de la semana. Se registraron descensos en los precios de referencia de papa Blanca, apio, albahaca, cebolla de Verdeo, perejil, remolacha y frutilla.\u2026","rel":"","context":"En \u00abActualidad\u00bb","block_context":{"text":"Actualidad","link":"https:\/\/lahoradelcampo.com.uy\/site\/category\/actualidad\/"},"img":{"alt_text":"","src":"https:\/\/i0.wp.com\/lahoradelcampo.com.uy\/site\/wp-content\/uploads\/2018\/05\/mandarinas.jpg?fit=880%2C440&ssl=1&resize=350%2C200","width":350,"height":200,"srcset":"https:\/\/i0.wp.com\/lahoradelcampo.com.uy\/site\/wp-content\/uploads\/2018\/05\/mandarinas.jpg?fit=880%2C440&ssl=1&resize=350%2C200 1x, https:\/\/i0.wp.com\/lahoradelcampo.com.uy\/site\/wp-content\/uploads\/2018\/05\/mandarinas.jpg?fit=880%2C440&ssl=1&resize=525%2C300 1.5x, https:\/\/i0.wp.com\/lahoradelcampo.com.uy\/site\/wp-content\/uploads\/2018\/05\/mandarinas.jpg?fit=880%2C440&ssl=1&resize=700%2C400 2x"},"classes":[]},{"id":3515,"url":"https:\/\/lahoradelcampo.com.uy\/site\/ime-en-australia-alcanzan-los-us-1252-en-una-semana-positiva\/","url_meta":{"origin":53834,"position":2},"title":"IME en Australia alcanzan los U$S 12,52 en una semana positiva","author":"La Hora del Campo","date":"3 noviembre, 2017","format":false,"excerpt":"Luego de la fluctuaci\u00f3n que generaran las monedas al comienzo de la pasada semana, el mercado lanero australiano volvi\u00f3 a retomar su tendencia alcista y se acerca a los m\u00e1ximos de la zafra registrados en el mes de agosto de U$S 12,81. Al cierre de la semana, este jueves, el\u2026","rel":"","context":"En \u00abActualidad\u00bb","block_context":{"text":"Actualidad","link":"https:\/\/lahoradelcampo.com.uy\/site\/category\/actualidad\/"},"img":{"alt_text":"","src":"https:\/\/i0.wp.com\/lahoradelcampo.com.uy\/site\/wp-content\/uploads\/2017\/11\/Lanas.jpg?fit=880%2C440&ssl=1&resize=350%2C200","width":350,"height":200,"srcset":"https:\/\/i0.wp.com\/lahoradelcampo.com.uy\/site\/wp-content\/uploads\/2017\/11\/Lanas.jpg?fit=880%2C440&ssl=1&resize=350%2C200 1x, https:\/\/i0.wp.com\/lahoradelcampo.com.uy\/site\/wp-content\/uploads\/2017\/11\/Lanas.jpg?fit=880%2C440&ssl=1&resize=525%2C300 1.5x, https:\/\/i0.wp.com\/lahoradelcampo.com.uy\/site\/wp-content\/uploads\/2017\/11\/Lanas.jpg?fit=880%2C440&ssl=1&resize=700%2C400 2x"},"classes":[]},{"id":21068,"url":"https:\/\/lahoradelcampo.com.uy\/site\/se-desplomo-el-ime-perdio-31-centavos-en-la-semana\/","url_meta":{"origin":53834,"position":3},"title":"Se desplom\u00f3 el IME, perdi\u00f3  31 centavos en la semana","author":"La Hora del Campo","date":"18 junio, 2020","format":false,"excerpt":"El mercado lanero australiano volvi\u00f3 a caer fuertemente esta semana, luego de los dos d\u00edas de venta programados en Melbourne y Sidney, aun ingresando a venta el segundo menor volumen de oferta desde 1995 seg\u00fan los registros de Australian Wool Exchange (AWEX). La ca\u00edda en los precios se explica por\u2026","rel":"","context":"En \u00abActualidad\u00bb","block_context":{"text":"Actualidad","link":"https:\/\/lahoradelcampo.com.uy\/site\/category\/actualidad\/"},"img":{"alt_text":"","src":"https:\/\/i0.wp.com\/lahoradelcampo.com.uy\/site\/wp-content\/uploads\/2017\/11\/lanas.jpg?fit=880%2C440&ssl=1&resize=350%2C200","width":350,"height":200,"srcset":"https:\/\/i0.wp.com\/lahoradelcampo.com.uy\/site\/wp-content\/uploads\/2017\/11\/lanas.jpg?fit=880%2C440&ssl=1&resize=350%2C200 1x, https:\/\/i0.wp.com\/lahoradelcampo.com.uy\/site\/wp-content\/uploads\/2017\/11\/lanas.jpg?fit=880%2C440&ssl=1&resize=525%2C300 1.5x, https:\/\/i0.wp.com\/lahoradelcampo.com.uy\/site\/wp-content\/uploads\/2017\/11\/lanas.jpg?fit=880%2C440&ssl=1&resize=700%2C400 2x"},"classes":[]},{"id":24008,"url":"https:\/\/lahoradelcampo.com.uy\/site\/tercera-semana-de-subas-consecutivas-en-el-mercado-lanero-australiano\/","url_meta":{"origin":53834,"position":4},"title":"Tercera semana de subas consecutivas en el mercado lanero australiano","author":"La Hora del Campo","date":"24 septiembre, 2020","format":false,"excerpt":"Tercera semana consecutiva al alza en el mercado lanero australiano, con un Indicador de Mercados del Este (IME) que ha recuperado m\u00e1s de un d\u00f3lar desde el piso de los US$ 6,31 y con micronajes que ya se posicionan por encima del cierre de la zafra 2019-2020. En la presente\u2026","rel":"","context":"En \u00abActualidad\u00bb","block_context":{"text":"Actualidad","link":"https:\/\/lahoradelcampo.com.uy\/site\/category\/actualidad\/"},"img":{"alt_text":"","src":"https:\/\/i0.wp.com\/lahoradelcampo.com.uy\/site\/wp-content\/uploads\/2018\/03\/Lanaa.jpg?fit=880%2C440&ssl=1&resize=350%2C200","width":350,"height":200,"srcset":"https:\/\/i0.wp.com\/lahoradelcampo.com.uy\/site\/wp-content\/uploads\/2018\/03\/Lanaa.jpg?fit=880%2C440&ssl=1&resize=350%2C200 1x, https:\/\/i0.wp.com\/lahoradelcampo.com.uy\/site\/wp-content\/uploads\/2018\/03\/Lanaa.jpg?fit=880%2C440&ssl=1&resize=525%2C300 1.5x, https:\/\/i0.wp.com\/lahoradelcampo.com.uy\/site\/wp-content\/uploads\/2018\/03\/Lanaa.jpg?fit=880%2C440&ssl=1&resize=700%2C400 2x"},"classes":[]},{"id":43393,"url":"https:\/\/lahoradelcampo.com.uy\/site\/el-ime-cayo-fuerte-al-cierre-de-la-zafra-lanera-2021-22\/","url_meta":{"origin":53834,"position":5},"title":"El IME cay\u00f3 fuerte al cierre de la zafra lanera 2021-22","author":"La Hora del Campo","date":"1 julio, 2022","format":false,"excerpt":"El mi\u00e9rcoles cerr\u00f3 la zafra lanera 2021-2022 en Australia, con una fuerte correcci\u00f3n a la baja en las referencias de precios para todos los micronajes, principalmente en las lanas finas debido a la baja calidad en la gran mayor\u00eda de la oferta. A modo de ejemplo de lo que signific\u00f3\u2026","rel":"","context":"En \u00abActualidad\u00bb","block_context":{"text":"Actualidad","link":"https:\/\/lahoradelcampo.com.uy\/site\/category\/actualidad\/"},"img":{"alt_text":"","src":"https:\/\/i0.wp.com\/lahoradelcampo.com.uy\/site\/wp-content\/uploads\/2022\/06\/lanas-australia.jpg?fit=880%2C440&ssl=1&resize=350%2C200","width":350,"height":200,"srcset":"https:\/\/i0.wp.com\/lahoradelcampo.com.uy\/site\/wp-content\/uploads\/2022\/06\/lanas-australia.jpg?fit=880%2C440&ssl=1&resize=350%2C200 1x, https:\/\/i0.wp.com\/lahoradelcampo.com.uy\/site\/wp-content\/uploads\/2022\/06\/lanas-australia.jpg?fit=880%2C440&ssl=1&resize=525%2C300 1.5x, https:\/\/i0.wp.com\/lahoradelcampo.com.uy\/site\/wp-content\/uploads\/2022\/06\/lanas-australia.jpg?fit=880%2C440&ssl=1&resize=700%2C400 2x"},"classes":[]}],"jetpack_likes_enabled":true,"_links":{"self":[{"href":"https:\/\/lahoradelcampo.com.uy\/site\/wp-json\/wp\/v2\/posts\/53834","targetHints":{"allow":["GET"]}}],"collection":[{"href":"https:\/\/lahoradelcampo.com.uy\/site\/wp-json\/wp\/v2\/posts"}],"about":[{"href":"https:\/\/lahoradelcampo.com.uy\/site\/wp-json\/wp\/v2\/types\/post"}],"author":[{"embeddable":true,"href":"https:\/\/lahoradelcampo.com.uy\/site\/wp-json\/wp\/v2\/users\/5"}],"replies":[{"embeddable":true,"href":"https:\/\/lahoradelcampo.com.uy\/site\/wp-json\/wp\/v2\/comments?post=53834"}],"version-history":[{"count":1,"href":"https:\/\/lahoradelcampo.com.uy\/site\/wp-json\/wp\/v2\/posts\/53834\/revisions"}],"predecessor-version":[{"id":53835,"href":"https:\/\/lahoradelcampo.com.uy\/site\/wp-json\/wp\/v2\/posts\/53834\/revisions\/53835"}],"wp:featuredmedia":[{"embeddable":true,"href":"https:\/\/lahoradelcampo.com.uy\/site\/wp-json\/wp\/v2\/media\/1561"}],"wp:attachment":[{"href":"https:\/\/lahoradelcampo.com.uy\/site\/wp-json\/wp\/v2\/media?parent=53834"}],"wp:term":[{"taxonomy":"category","embeddable":true,"href":"https:\/\/lahoradelcampo.com.uy\/site\/wp-json\/wp\/v2\/categories?post=53834"},{"taxonomy":"post_tag","embeddable":true,"href":"https:\/\/lahoradelcampo.com.uy\/site\/wp-json\/wp\/v2\/tags?post=53834"}],"curies":[{"name":"wp","href":"https:\/\/api.w.org\/{rel}","templated":true}]}}