{"id":53831,"date":"2024-05-10T16:47:22","date_gmt":"2024-05-10T19:47:22","guid":{"rendered":"http:\/\/lahoradelcampo.com.uy\/site\/?p=53831"},"modified":"2024-05-10T17:08:51","modified_gmt":"2024-05-10T20:08:51","slug":"terneros-cotizan-a-us-257-en-mayo","status":"publish","type":"post","link":"https:\/\/lahoradelcampo.com.uy\/site\/terneros-cotizan-a-us-257-en-mayo\/","title":{"rendered":"Terneros cotizan a US$ 2,57 en Mayo"},"content":{"rendered":"\n<figure class=\"wp-block-image size-large is-resized\"><a href=\"https:\/\/i0.wp.com\/lahoradelcampo.com.uy\/site\/wp-content\/uploads\/2024\/05\/image.png\"><img data-recalc-dims=\"1\" loading=\"lazy\" decoding=\"async\" width=\"810\" height=\"388\" data-attachment-id=\"53832\" data-permalink=\"https:\/\/lahoradelcampo.com.uy\/site\/terneros-cotizan-a-us-257-en-mayo\/image\/\" data-orig-file=\"https:\/\/i0.wp.com\/lahoradelcampo.com.uy\/site\/wp-content\/uploads\/2024\/05\/image.png?fit=1862%2C892&amp;ssl=1\" data-orig-size=\"1862,892\" data-comments-opened=\"1\" data-image-meta=\"{&quot;aperture&quot;:&quot;0&quot;,&quot;credit&quot;:&quot;&quot;,&quot;camera&quot;:&quot;&quot;,&quot;caption&quot;:&quot;&quot;,&quot;created_timestamp&quot;:&quot;0&quot;,&quot;copyright&quot;:&quot;&quot;,&quot;focal_length&quot;:&quot;0&quot;,&quot;iso&quot;:&quot;0&quot;,&quot;shutter_speed&quot;:&quot;0&quot;,&quot;title&quot;:&quot;&quot;,&quot;orientation&quot;:&quot;0&quot;}\" data-image-title=\"image\" data-image-description=\"\" data-image-caption=\"\" data-large-file=\"https:\/\/i0.wp.com\/lahoradelcampo.com.uy\/site\/wp-content\/uploads\/2024\/05\/image.png?fit=810%2C388&amp;ssl=1\" src=\"https:\/\/i0.wp.com\/lahoradelcampo.com.uy\/site\/wp-content\/uploads\/2024\/05\/image.png?resize=810%2C388\" alt=\"\" class=\"wp-image-53832\" style=\"aspect-ratio:2.085539714867617;width:840px;height:auto\" srcset=\"https:\/\/i0.wp.com\/lahoradelcampo.com.uy\/site\/wp-content\/uploads\/2024\/05\/image.png?resize=1024%2C491&amp;ssl=1 1024w, https:\/\/i0.wp.com\/lahoradelcampo.com.uy\/site\/wp-content\/uploads\/2024\/05\/image.png?resize=300%2C144&amp;ssl=1 300w, https:\/\/i0.wp.com\/lahoradelcampo.com.uy\/site\/wp-content\/uploads\/2024\/05\/image.png?resize=768%2C368&amp;ssl=1 768w, https:\/\/i0.wp.com\/lahoradelcampo.com.uy\/site\/wp-content\/uploads\/2024\/05\/image.png?resize=1536%2C736&amp;ssl=1 1536w, https:\/\/i0.wp.com\/lahoradelcampo.com.uy\/site\/wp-content\/uploads\/2024\/05\/image.png?w=1862&amp;ssl=1 1862w, https:\/\/i0.wp.com\/lahoradelcampo.com.uy\/site\/wp-content\/uploads\/2024\/05\/image.png?w=1620 1620w\" sizes=\"auto, (max-width: 810px) 100vw, 810px\" \/><\/a><\/figure>\n\n\n\n<p>De acuerdo a los valores registrados en las pantallas de Plaza Rural y Lote 21, los valores promedios de los 5.846 terneros en lo que transcurre del mes de mayo, se posicionan en US$ 2,57 al kilo y con un promedio de US$ 484 al bulto. <\/p>\n\n\n\n<p>10 de mayo de 2024<\/p>\n","protected":false},"excerpt":{"rendered":"<p>De acuerdo a los valores registrados en las pantallas de Plaza Rural y Lote 21, los valores promedios de los 5.846 terneros en lo que transcurre del mes de mayo, [&hellip;]<\/p>\n","protected":false},"author":5,"featured_media":53832,"comment_status":"open","ping_status":"open","sticky":false,"template":"","format":"standard","meta":{"_price":"","_stock":"","_tribe_ticket_header":"","_tribe_default_ticket_provider":"","_tribe_ticket_capacity":"0","_ticket_start_date":"","_ticket_end_date":"","_tribe_ticket_show_description":"","_tribe_ticket_show_not_going":false,"_tribe_ticket_use_global_stock":"","_tribe_ticket_global_stock_level":"","_global_stock_mode":"","_global_stock_cap":"","_tribe_rsvp_for_event":"","_tribe_ticket_going_count":"","_tribe_ticket_not_going_count":"","_tribe_tickets_list":"[]","_tribe_ticket_has_attendee_info_fields":false,"h5ap_radio_sources":[],"_jetpack_newsletter_access":"","_jetpack_dont_email_post_to_subs":false,"_jetpack_newsletter_tier_id":0,"_jetpack_memberships_contains_paywalled_content":false,"_jetpack_memberships_contains_paid_content":false,"footnotes":""},"categories":[21],"tags":[],"class_list":["post-53831","post","type-post","status-publish","format-standard","has-post-thumbnail","hentry","category-actualidad"],"jetpack_featured_media_url":"https:\/\/i0.wp.com\/lahoradelcampo.com.uy\/site\/wp-content\/uploads\/2024\/05\/image.png?fit=1862%2C892&ssl=1","jetpack_sharing_enabled":true,"jetpack_shortlink":"https:\/\/wp.me\/p99IaT-e0f","jetpack-related-posts":[{"id":42201,"url":"https:\/\/lahoradelcampo.com.uy\/site\/pantalla-uruguay-cerro-con-los-novillos-de-mas-de-3-anos-en-suba\/","url_meta":{"origin":53831,"position":0},"title":"Pantalla Uruguay cerr\u00f3 con los novillos de m\u00e1s de 3 a\u00f1os en suba","author":"La Hora del Campo","date":"27 mayo, 2022","format":false,"excerpt":"La baja en el precio del ganado gordo, la llegada de los fr\u00edos, y la importante oferta que se ha venido registrando en los \u00faltimos remates y el mayor peso de los terneros, principalmente, impacto en las ventas de Pantalla Uruguay en la primera jornada, con ajuste en todas las\u2026","rel":"","context":"En \u00abActualidad\u00bb","block_context":{"text":"Actualidad","link":"https:\/\/lahoradelcampo.com.uy\/site\/category\/actualidad\/"},"img":{"alt_text":"","src":"https:\/\/i0.wp.com\/lahoradelcampo.com.uy\/site\/wp-content\/uploads\/2022\/05\/PU-General-Jose.jpg?fit=880%2C440&ssl=1&resize=350%2C200","width":350,"height":200,"srcset":"https:\/\/i0.wp.com\/lahoradelcampo.com.uy\/site\/wp-content\/uploads\/2022\/05\/PU-General-Jose.jpg?fit=880%2C440&ssl=1&resize=350%2C200 1x, https:\/\/i0.wp.com\/lahoradelcampo.com.uy\/site\/wp-content\/uploads\/2022\/05\/PU-General-Jose.jpg?fit=880%2C440&ssl=1&resize=525%2C300 1.5x, https:\/\/i0.wp.com\/lahoradelcampo.com.uy\/site\/wp-content\/uploads\/2022\/05\/PU-General-Jose.jpg?fit=880%2C440&ssl=1&resize=700%2C400 2x"},"classes":[]},{"id":55017,"url":"https:\/\/lahoradelcampo.com.uy\/site\/pantalla-uruguay-registro-alta-demanda-y-precios-en-alza\/","url_meta":{"origin":53831,"position":1},"title":"Pantalla Uruguay registr\u00f3 alta demanda y precios en alza","author":"La Hora del Campo","date":"1 noviembre, 2024","format":false,"excerpt":"En un mercado \u00e1vido de ganado para el campo, el remate de octubre de Pantalla Uruguay logr\u00f3 una colocaci\u00f3n del 97,33% de los vacunos ofertados y registr\u00f3 subas en casi todas las categor\u00edas, reflejando una demanda muy activa impulsada por las buenas condiciones de la primavera. \u201cFue un remate \u00e1gil\u2026","rel":"","context":"En \u00abActualidad\u00bb","block_context":{"text":"Actualidad","link":"https:\/\/lahoradelcampo.com.uy\/site\/category\/actualidad\/"},"img":{"alt_text":"","src":"https:\/\/i0.wp.com\/lahoradelcampo.com.uy\/site\/wp-content\/uploads\/2024\/11\/Pantalla-Uruguay1.jpg?fit=880%2C440&ssl=1&resize=350%2C200","width":350,"height":200,"srcset":"https:\/\/i0.wp.com\/lahoradelcampo.com.uy\/site\/wp-content\/uploads\/2024\/11\/Pantalla-Uruguay1.jpg?fit=880%2C440&ssl=1&resize=350%2C200 1x, https:\/\/i0.wp.com\/lahoradelcampo.com.uy\/site\/wp-content\/uploads\/2024\/11\/Pantalla-Uruguay1.jpg?fit=880%2C440&ssl=1&resize=525%2C300 1.5x, https:\/\/i0.wp.com\/lahoradelcampo.com.uy\/site\/wp-content\/uploads\/2024\/11\/Pantalla-Uruguay1.jpg?fit=880%2C440&ssl=1&resize=700%2C400 2x"},"classes":[]},{"id":50204,"url":"https:\/\/lahoradelcampo.com.uy\/site\/plaza-rural-coloco-el-98-de-los-terneros-a-us-257\/","url_meta":{"origin":53831,"position":2},"title":"Plaza Rural coloc\u00f3 el 98% de los terneros a US$ 2,57","author":"La Hora del Campo","date":"26 abril, 2023","format":false,"excerpt":"El consorcio Plaza Rural realiz\u00f3 su segundo remate del 2021, Plaza Angus de abril, y en su primer d\u00eda de actividad se registr\u00f3 estabilidad en el precio del ternero. Con una oferta de 6.108 cabezas, se logr\u00f3 colocar el 98% de los animales con un precio promedio de US$ 2,57\u2026","rel":"","context":"En \u00abActualidad\u00bb","block_context":{"text":"Actualidad","link":"https:\/\/lahoradelcampo.com.uy\/site\/category\/actualidad\/"},"img":{"alt_text":"","src":"https:\/\/i0.wp.com\/lahoradelcampo.com.uy\/site\/wp-content\/uploads\/2022\/05\/PLazaRural-general.jpg?fit=880%2C440&ssl=1&resize=350%2C200","width":350,"height":200,"srcset":"https:\/\/i0.wp.com\/lahoradelcampo.com.uy\/site\/wp-content\/uploads\/2022\/05\/PLazaRural-general.jpg?fit=880%2C440&ssl=1&resize=350%2C200 1x, https:\/\/i0.wp.com\/lahoradelcampo.com.uy\/site\/wp-content\/uploads\/2022\/05\/PLazaRural-general.jpg?fit=880%2C440&ssl=1&resize=525%2C300 1.5x, https:\/\/i0.wp.com\/lahoradelcampo.com.uy\/site\/wp-content\/uploads\/2022\/05\/PLazaRural-general.jpg?fit=880%2C440&ssl=1&resize=700%2C400 2x"},"classes":[]},{"id":49948,"url":"https:\/\/lahoradelcampo.com.uy\/site\/pantalla-uruguay-venta-total-de-lotes-select-angus-y-hereford\/","url_meta":{"origin":53831,"position":3},"title":"Pantalla Uruguay: venta total de lotes \u201cSelect\u201d Angus y Hereford","author":"La Hora del Campo","date":"14 abril, 2023","format":false,"excerpt":"El remate Select de Pantalla Uruguay, que ofreci\u00f3 m\u00e1s de 5.000 terneros y terneras de las razas Angus y Hereford, finaliz\u00f3 con un \u00e9xito total en la dispersi\u00f3n de la oferta. La subasta se llev\u00f3 a cabo en las instalaciones del Parque Tecnol\u00f3gico del Latu y cont\u00f3 con la asistencia\u2026","rel":"","context":"En \u00abActualidad\u00bb","block_context":{"text":"Actualidad","link":"https:\/\/lahoradelcampo.com.uy\/site\/category\/actualidad\/"},"img":{"alt_text":"","src":"https:\/\/i0.wp.com\/lahoradelcampo.com.uy\/site\/wp-content\/uploads\/2023\/04\/Pantalla-Uruguay-1.jpg?fit=880%2C440&ssl=1&resize=350%2C200","width":350,"height":200,"srcset":"https:\/\/i0.wp.com\/lahoradelcampo.com.uy\/site\/wp-content\/uploads\/2023\/04\/Pantalla-Uruguay-1.jpg?fit=880%2C440&ssl=1&resize=350%2C200 1x, https:\/\/i0.wp.com\/lahoradelcampo.com.uy\/site\/wp-content\/uploads\/2023\/04\/Pantalla-Uruguay-1.jpg?fit=880%2C440&ssl=1&resize=525%2C300 1.5x, https:\/\/i0.wp.com\/lahoradelcampo.com.uy\/site\/wp-content\/uploads\/2023\/04\/Pantalla-Uruguay-1.jpg?fit=880%2C440&ssl=1&resize=700%2C400 2x"},"classes":[]},{"id":55134,"url":"https:\/\/lahoradelcampo.com.uy\/site\/en-salto-se-vendieron-mas-terneros-as-que-en-2023-y-18-centavos-mas-caros-al-kilo\/","url_meta":{"origin":53831,"position":4},"title":"En Salto se vendieron m\u00e1s terneros\/as que en 2023 y 18 centavos m\u00e1s caros al kilo","author":"La Hora del Campo","date":"18 noviembre, 2024","format":false,"excerpt":"Salto, en general, mostr\u00f3 un incremento en la venta de terneros y terneras respecto a 2023. Seg\u00fan los datos recabados en las pantallas, se han comercializado en el departamento 11.728 cabezas de terneros, terneras y lotes mixtos de terneros y terneras, 219 cabezas m\u00e1s, con una facturaci\u00f3n de 5.280.184 d\u00f3lares,\u2026","rel":"","context":"En \u00abActualidad\u00bb","block_context":{"text":"Actualidad","link":"https:\/\/lahoradelcampo.com.uy\/site\/category\/actualidad\/"},"img":{"alt_text":"","src":"https:\/\/i0.wp.com\/lahoradelcampo.com.uy\/site\/wp-content\/uploads\/2024\/04\/Ternero-hereford.jpg?fit=880%2C440&ssl=1&resize=350%2C200","width":350,"height":200,"srcset":"https:\/\/i0.wp.com\/lahoradelcampo.com.uy\/site\/wp-content\/uploads\/2024\/04\/Ternero-hereford.jpg?fit=880%2C440&ssl=1&resize=350%2C200 1x, https:\/\/i0.wp.com\/lahoradelcampo.com.uy\/site\/wp-content\/uploads\/2024\/04\/Ternero-hereford.jpg?fit=880%2C440&ssl=1&resize=525%2C300 1.5x, https:\/\/i0.wp.com\/lahoradelcampo.com.uy\/site\/wp-content\/uploads\/2024\/04\/Ternero-hereford.jpg?fit=880%2C440&ssl=1&resize=700%2C400 2x"},"classes":[]},{"id":30024,"url":"https:\/\/lahoradelcampo.com.uy\/site\/lote-21-con-buen-nivel-de-colocacion-y-ajuste-en-los-valores\/","url_meta":{"origin":53831,"position":5},"title":"Lote 21 con buen nivel de colocaci\u00f3n y ajuste en los valores","author":"La Hora del Campo","date":"13 mayo, 2021","format":false,"excerpt":"Lote 21, concret\u00f3 en la jornada de ayer el primer d\u00eda de ventas de su remate 163, correspondiente a este mes de mayo. Con ajuste de valores en lo que respecta al ternero, pero con la escalera de novillos y las vacas de invernada en alza. Hoy se ofrecer\u00e1n 5.031\u2026","rel":"","context":"En \u00abActualidad\u00bb","block_context":{"text":"Actualidad","link":"https:\/\/lahoradelcampo.com.uy\/site\/category\/actualidad\/"},"img":{"alt_text":"","src":"https:\/\/i0.wp.com\/lahoradelcampo.com.uy\/site\/wp-content\/uploads\/2019\/12\/Lote21-ultima.jpg?fit=880%2C440&ssl=1&resize=350%2C200","width":350,"height":200,"srcset":"https:\/\/i0.wp.com\/lahoradelcampo.com.uy\/site\/wp-content\/uploads\/2019\/12\/Lote21-ultima.jpg?fit=880%2C440&ssl=1&resize=350%2C200 1x, https:\/\/i0.wp.com\/lahoradelcampo.com.uy\/site\/wp-content\/uploads\/2019\/12\/Lote21-ultima.jpg?fit=880%2C440&ssl=1&resize=525%2C300 1.5x, https:\/\/i0.wp.com\/lahoradelcampo.com.uy\/site\/wp-content\/uploads\/2019\/12\/Lote21-ultima.jpg?fit=880%2C440&ssl=1&resize=700%2C400 2x"},"classes":[]}],"jetpack_likes_enabled":true,"_links":{"self":[{"href":"https:\/\/lahoradelcampo.com.uy\/site\/wp-json\/wp\/v2\/posts\/53831","targetHints":{"allow":["GET"]}}],"collection":[{"href":"https:\/\/lahoradelcampo.com.uy\/site\/wp-json\/wp\/v2\/posts"}],"about":[{"href":"https:\/\/lahoradelcampo.com.uy\/site\/wp-json\/wp\/v2\/types\/post"}],"author":[{"embeddable":true,"href":"https:\/\/lahoradelcampo.com.uy\/site\/wp-json\/wp\/v2\/users\/5"}],"replies":[{"embeddable":true,"href":"https:\/\/lahoradelcampo.com.uy\/site\/wp-json\/wp\/v2\/comments?post=53831"}],"version-history":[{"count":1,"href":"https:\/\/lahoradelcampo.com.uy\/site\/wp-json\/wp\/v2\/posts\/53831\/revisions"}],"predecessor-version":[{"id":53833,"href":"https:\/\/lahoradelcampo.com.uy\/site\/wp-json\/wp\/v2\/posts\/53831\/revisions\/53833"}],"wp:featuredmedia":[{"embeddable":true,"href":"https:\/\/lahoradelcampo.com.uy\/site\/wp-json\/wp\/v2\/media\/53832"}],"wp:attachment":[{"href":"https:\/\/lahoradelcampo.com.uy\/site\/wp-json\/wp\/v2\/media?parent=53831"}],"wp:term":[{"taxonomy":"category","embeddable":true,"href":"https:\/\/lahoradelcampo.com.uy\/site\/wp-json\/wp\/v2\/categories?post=53831"},{"taxonomy":"post_tag","embeddable":true,"href":"https:\/\/lahoradelcampo.com.uy\/site\/wp-json\/wp\/v2\/tags?post=53831"}],"curies":[{"name":"wp","href":"https:\/\/api.w.org\/{rel}","templated":true}]}}