{"id":53800,"date":"2024-04-18T11:13:26","date_gmt":"2024-04-18T14:13:26","guid":{"rendered":"http:\/\/lahoradelcampo.com.uy\/site\/?p=53800"},"modified":"2024-04-18T11:13:52","modified_gmt":"2024-04-18T14:13:52","slug":"porcentajes-de-prenez-superan-el-80-segun-la-encuesta-ring","status":"publish","type":"post","link":"https:\/\/lahoradelcampo.com.uy\/site\/porcentajes-de-prenez-superan-el-80-segun-la-encuesta-ring\/","title":{"rendered":"Porcentajes de pre\u00f1ez superan el 80% seg\u00fan la encuesta RING"},"content":{"rendered":"\n<figure class=\"wp-block-image size-full\"><a href=\"https:\/\/i0.wp.com\/lahoradelcampo.com.uy\/site\/wp-content\/uploads\/2024\/04\/RING-DatosPrenez.jpg\"><img data-recalc-dims=\"1\" loading=\"lazy\" decoding=\"async\" width=\"810\" height=\"405\" data-attachment-id=\"53801\" data-permalink=\"https:\/\/lahoradelcampo.com.uy\/site\/porcentajes-de-prenez-superan-el-80-segun-la-encuesta-ring\/ring-datosprenez\/\" data-orig-file=\"https:\/\/i0.wp.com\/lahoradelcampo.com.uy\/site\/wp-content\/uploads\/2024\/04\/RING-DatosPrenez.jpg?fit=880%2C440&amp;ssl=1\" data-orig-size=\"880,440\" data-comments-opened=\"1\" data-image-meta=\"{&quot;aperture&quot;:&quot;0&quot;,&quot;credit&quot;:&quot;&quot;,&quot;camera&quot;:&quot;&quot;,&quot;caption&quot;:&quot;&quot;,&quot;created_timestamp&quot;:&quot;0&quot;,&quot;copyright&quot;:&quot;&quot;,&quot;focal_length&quot;:&quot;0&quot;,&quot;iso&quot;:&quot;0&quot;,&quot;shutter_speed&quot;:&quot;0&quot;,&quot;title&quot;:&quot;&quot;,&quot;orientation&quot;:&quot;1&quot;}\" data-image-title=\"RING-DatosPrenez\" data-image-description=\"\" data-image-caption=\"\" data-large-file=\"https:\/\/i0.wp.com\/lahoradelcampo.com.uy\/site\/wp-content\/uploads\/2024\/04\/RING-DatosPrenez.jpg?fit=810%2C405&amp;ssl=1\" src=\"https:\/\/i0.wp.com\/lahoradelcampo.com.uy\/site\/wp-content\/uploads\/2024\/04\/RING-DatosPrenez.jpg?resize=810%2C405\" alt=\"\" class=\"wp-image-53801\" srcset=\"https:\/\/i0.wp.com\/lahoradelcampo.com.uy\/site\/wp-content\/uploads\/2024\/04\/RING-DatosPrenez.jpg?w=880&amp;ssl=1 880w, https:\/\/i0.wp.com\/lahoradelcampo.com.uy\/site\/wp-content\/uploads\/2024\/04\/RING-DatosPrenez.jpg?resize=300%2C150&amp;ssl=1 300w, https:\/\/i0.wp.com\/lahoradelcampo.com.uy\/site\/wp-content\/uploads\/2024\/04\/RING-DatosPrenez.jpg?resize=768%2C384&amp;ssl=1 768w, https:\/\/i0.wp.com\/lahoradelcampo.com.uy\/site\/wp-content\/uploads\/2024\/04\/RING-DatosPrenez.jpg?resize=820%2C410&amp;ssl=1 820w\" sizes=\"auto, (max-width: 810px) 100vw, 810px\" \/><\/a><\/figure>\n\n\n\n<p>El Instituto Plan Agropecuario (IPA) ha revelado los resultados de su encuesta mensual RING (Red de Informaci\u00f3n Nacional Ganadera) correspondiente al per\u00edodo de febrero\/marzo de este a\u00f1o. Con la participaci\u00f3n de 550 productores, la 38va. edici\u00f3n de esta encuesta, llevada a cabo en los primeros diez d\u00edas de abril de 2024, ha arrojado datos alentadores para el sector.<\/p>\n\n\n\n<p>Seg\u00fan el informe, el estado corporal del rodeo de cr\u00eda ha sido calificado como excelente. En cuanto a los diagn\u00f3sticos de gestaci\u00f3n, se destaca que el 80% de los productores han realizado o planean realizar este proceso, con un 20% ya habi\u00e9ndolo completado. Estos valores son consistentes con los registrados en marzo de 2023.<\/p>\n\n\n\n<p>Los resultados de los diagn\u00f3sticos han sido mayoritariamente positivos, con un aumento en comparaci\u00f3n con el a\u00f1o anterior. En marzo de 2024, el 71% de los productores reportaron promedios de pre\u00f1ez superiores al 80%, en contraste con el 47% en 2023.<\/p>\n\n\n\n<p>El informe reconoce el esfuerzo de los productores que llevan a cabo un entore temprano y ordenado durante todo el a\u00f1o, lo que se refleja en la estabilidad y calidad de los resultados obtenidos. <\/p>\n\n\n\n<p>Este \u00e9xito en el entore 2023\/24 tambi\u00e9n se refleja en las vacas de segundo entore, donde el 61% de los productores informaron resultados superiores al 80% en marzo de 2024, en comparaci\u00f3n con solo el 26% en el mismo per\u00edodo del a\u00f1o anterior.<\/p>\n\n\n\n<p>Salto, 18 de abril de 2024<\/p>\n","protected":false},"excerpt":{"rendered":"<p>El Instituto Plan Agropecuario (IPA) ha revelado los resultados de su encuesta mensual RING (Red de Informaci\u00f3n Nacional Ganadera) correspondiente al per\u00edodo de febrero\/marzo de este a\u00f1o. Con la participaci\u00f3n [&hellip;]<\/p>\n","protected":false},"author":5,"featured_media":53801,"comment_status":"open","ping_status":"open","sticky":false,"template":"","format":"standard","meta":{"_price":"","_stock":"","_tribe_ticket_header":"","_tribe_default_ticket_provider":"","_tribe_ticket_capacity":"0","_ticket_start_date":"","_ticket_end_date":"","_tribe_ticket_show_description":"","_tribe_ticket_show_not_going":false,"_tribe_ticket_use_global_stock":"","_tribe_ticket_global_stock_level":"","_global_stock_mode":"","_global_stock_cap":"","_tribe_rsvp_for_event":"","_tribe_ticket_going_count":"","_tribe_ticket_not_going_count":"","_tribe_tickets_list":"[]","_tribe_ticket_has_attendee_info_fields":false,"h5ap_radio_sources":[],"_jetpack_newsletter_access":"","_jetpack_dont_email_post_to_subs":false,"_jetpack_newsletter_tier_id":0,"_jetpack_memberships_contains_paywalled_content":false,"_jetpack_memberships_contains_paid_content":false,"footnotes":""},"categories":[21,5],"tags":[],"class_list":["post-53800","post","type-post","status-publish","format-standard","has-post-thumbnail","hentry","category-actualidad","category-ganaderia"],"jetpack_featured_media_url":"https:\/\/i0.wp.com\/lahoradelcampo.com.uy\/site\/wp-content\/uploads\/2024\/04\/RING-DatosPrenez.jpg?fit=880%2C440&ssl=1","jetpack_sharing_enabled":true,"jetpack_shortlink":"https:\/\/wp.me\/p99IaT-dZK","jetpack-related-posts":[{"id":50134,"url":"https:\/\/lahoradelcampo.com.uy\/site\/47-de-la-encuesta-ring-alcanzo-el-80-de-prenez\/","url_meta":{"origin":53800,"position":0},"title":"47% de la encuesta RING alcanz\u00f3 el 80% de pre\u00f1ez","author":"La Hora del Campo","date":"21 abril, 2023","format":false,"excerpt":"La sequ\u00eda que afect\u00f3 a todo el pa\u00eds durante los \u00faltimos meses ha sido la preocupaci\u00f3n central de los productores ganaderos. En este contexto, el Instituto Plan Agropecuario llev\u00f3 a cabo la encuesta RING, en la que participaron 377 productores asociados, para conocer las variables referidas a los procesos y\u2026","rel":"","context":"En \u00abActualidad\u00bb","block_context":{"text":"Actualidad","link":"https:\/\/lahoradelcampo.com.uy\/site\/category\/actualidad\/"},"img":{"alt_text":"","src":"https:\/\/i0.wp.com\/lahoradelcampo.com.uy\/site\/wp-content\/uploads\/2019\/06\/cria.jpg?fit=880%2C440&ssl=1&resize=350%2C200","width":350,"height":200,"srcset":"https:\/\/i0.wp.com\/lahoradelcampo.com.uy\/site\/wp-content\/uploads\/2019\/06\/cria.jpg?fit=880%2C440&ssl=1&resize=350%2C200 1x, https:\/\/i0.wp.com\/lahoradelcampo.com.uy\/site\/wp-content\/uploads\/2019\/06\/cria.jpg?fit=880%2C440&ssl=1&resize=525%2C300 1.5x, https:\/\/i0.wp.com\/lahoradelcampo.com.uy\/site\/wp-content\/uploads\/2019\/06\/cria.jpg?fit=880%2C440&ssl=1&resize=700%2C400 2x"},"classes":[]},{"id":51449,"url":"https:\/\/lahoradelcampo.com.uy\/site\/41-del-rodeo-de-cria-presenta-mas-del-80-de-prenez-en-la-encuesta-ring\/","url_meta":{"origin":53800,"position":1},"title":"41% del rodeo de cr\u00eda presenta m\u00e1s del 80% de pre\u00f1ez en la encuesta RING","author":"La Hora del Campo","date":"25 junio, 2023","format":false,"excerpt":"En los resultados de la encuesta RING (Red de Informaci\u00f3n Nacional Ganadera) correspondiente a mayo y junio, se han revelado datos preocupantes sobre el desempe\u00f1o de las empresas ganaderas en Uruguay. La encuesta, respondida por 411 productores asociados al Plan Agropecuario, muestra diferentes variables que reflejan los desaf\u00edos que enfrenta\u2026","rel":"","context":"En \u00abActualidad\u00bb","block_context":{"text":"Actualidad","link":"https:\/\/lahoradelcampo.com.uy\/site\/category\/actualidad\/"},"img":{"alt_text":"","src":"https:\/\/i0.wp.com\/lahoradelcampo.com.uy\/site\/wp-content\/uploads\/2023\/06\/IPA-Prenez.jpg?fit=880%2C440&ssl=1&resize=350%2C200","width":350,"height":200,"srcset":"https:\/\/i0.wp.com\/lahoradelcampo.com.uy\/site\/wp-content\/uploads\/2023\/06\/IPA-Prenez.jpg?fit=880%2C440&ssl=1&resize=350%2C200 1x, https:\/\/i0.wp.com\/lahoradelcampo.com.uy\/site\/wp-content\/uploads\/2023\/06\/IPA-Prenez.jpg?fit=880%2C440&ssl=1&resize=525%2C300 1.5x, https:\/\/i0.wp.com\/lahoradelcampo.com.uy\/site\/wp-content\/uploads\/2023\/06\/IPA-Prenez.jpg?fit=880%2C440&ssl=1&resize=700%2C400 2x"},"classes":[]},{"id":56328,"url":"https:\/\/lahoradelcampo.com.uy\/site\/vacas-de-cria-estan-en-condicion-corporal-4-o-superior-segun-la-encuesta-ring\/","url_meta":{"origin":53800,"position":2},"title":"Vacas de cr\u00eda est\u00e1n en condici\u00f3n corporal 4 o superior, seg\u00fan la encuesta Ring","author":"La Hora del Campo","date":"17 julio, 2025","format":false,"excerpt":"El Instituto Plan Agropecuario difundi\u00f3 una nueva edici\u00f3n de la encuesta RING (Red de Informaci\u00f3n Nacional Ganadera), herramienta que desde hace cinco a\u00f1os recoge de forma sistem\u00e1tica el pulso de los sistemas ganaderos a partir del relevamiento directo a productores. El informe, correspondiente a junio y comienzos de julio, muestra\u2026","rel":"","context":"En \u00abActualidad\u00bb","block_context":{"text":"Actualidad","link":"https:\/\/lahoradelcampo.com.uy\/site\/category\/actualidad\/"},"img":{"alt_text":"","src":"https:\/\/i0.wp.com\/lahoradelcampo.com.uy\/site\/wp-content\/uploads\/2025\/07\/Carlos-Molina-Plan.jpg?fit=880%2C440&ssl=1&resize=350%2C200","width":350,"height":200,"srcset":"https:\/\/i0.wp.com\/lahoradelcampo.com.uy\/site\/wp-content\/uploads\/2025\/07\/Carlos-Molina-Plan.jpg?fit=880%2C440&ssl=1&resize=350%2C200 1x, https:\/\/i0.wp.com\/lahoradelcampo.com.uy\/site\/wp-content\/uploads\/2025\/07\/Carlos-Molina-Plan.jpg?fit=880%2C440&ssl=1&resize=525%2C300 1.5x, https:\/\/i0.wp.com\/lahoradelcampo.com.uy\/site\/wp-content\/uploads\/2025\/07\/Carlos-Molina-Plan.jpg?fit=880%2C440&ssl=1&resize=700%2C400 2x"},"classes":[]},{"id":55916,"url":"https:\/\/lahoradelcampo.com.uy\/site\/el-segundo-mejor-otono-de-los-ultimos-cinco-anos-segun-la-encuesta-ring\/","url_meta":{"origin":53800,"position":3},"title":"El segundo mejor oto\u00f1o de los \u00faltimos cinco a\u00f1os seg\u00fan la encuesta RING","author":"La Hora del Campo","date":"18 abril, 2025","format":false,"excerpt":"El informe de la Red de Informaci\u00f3n Nacional Ganadera (RING) del Instituto Plan Agropecuario, correspondiente a los meses de marzo y abril de 2025, resalta el excelente comienzo del oto\u00f1o para el sector. De acuerdo con la informaci\u00f3n proporcionada por 377 productores de todo el pa\u00eds durante los primeros doce\u2026","rel":"","context":"En \u00abActualidad\u00bb","block_context":{"text":"Actualidad","link":"https:\/\/lahoradelcampo.com.uy\/site\/category\/actualidad\/"},"img":{"alt_text":"","src":"https:\/\/i0.wp.com\/lahoradelcampo.com.uy\/site\/wp-content\/uploads\/2025\/04\/Ring-PlanAbril2025-1.jpg?fit=880%2C440&ssl=1&resize=350%2C200","width":350,"height":200,"srcset":"https:\/\/i0.wp.com\/lahoradelcampo.com.uy\/site\/wp-content\/uploads\/2025\/04\/Ring-PlanAbril2025-1.jpg?fit=880%2C440&ssl=1&resize=350%2C200 1x, https:\/\/i0.wp.com\/lahoradelcampo.com.uy\/site\/wp-content\/uploads\/2025\/04\/Ring-PlanAbril2025-1.jpg?fit=880%2C440&ssl=1&resize=525%2C300 1.5x, https:\/\/i0.wp.com\/lahoradelcampo.com.uy\/site\/wp-content\/uploads\/2025\/04\/Ring-PlanAbril2025-1.jpg?fit=880%2C440&ssl=1&resize=700%2C400 2x"},"classes":[]},{"id":48667,"url":"https:\/\/lahoradelcampo.com.uy\/site\/la-situacion-forrajera-es-sumamente-critica-segun-la-encuesta-ring\/","url_meta":{"origin":53800,"position":4},"title":"La situaci\u00f3n forrajera es sumamente cr\u00edtica seg\u00fan la encuesta Ring","author":"La Hora del Campo","date":"10 febrero, 2023","format":false,"excerpt":"El Instituto Plan Agropecuario present\u00f3 ayer, el resultado de su encuesta a la Red de Informaci\u00f3n Nacional Ganadera (Ring), del mes de enero, donde se marca que existe una situaci\u00f3n de forraje \"sumamente cr\u00edtica\" y contin\u00faa el deterioro de la condici\u00f3n corporal de los ganados de cr\u00eda. Situaci\u00f3n Forrajera \"Durante\u2026","rel":"","context":"En \u00abActualidad\u00bb","block_context":{"text":"Actualidad","link":"https:\/\/lahoradelcampo.com.uy\/site\/category\/actualidad\/"},"img":{"alt_text":"","src":"https:\/\/i0.wp.com\/lahoradelcampo.com.uy\/site\/wp-content\/uploads\/2023\/02\/Sequia-1.jpg?fit=880%2C440&ssl=1&resize=350%2C200","width":350,"height":200,"srcset":"https:\/\/i0.wp.com\/lahoradelcampo.com.uy\/site\/wp-content\/uploads\/2023\/02\/Sequia-1.jpg?fit=880%2C440&ssl=1&resize=350%2C200 1x, https:\/\/i0.wp.com\/lahoradelcampo.com.uy\/site\/wp-content\/uploads\/2023\/02\/Sequia-1.jpg?fit=880%2C440&ssl=1&resize=525%2C300 1.5x, https:\/\/i0.wp.com\/lahoradelcampo.com.uy\/site\/wp-content\/uploads\/2023\/02\/Sequia-1.jpg?fit=880%2C440&ssl=1&resize=700%2C400 2x"},"classes":[]},{"id":36993,"url":"https:\/\/lahoradelcampo.com.uy\/site\/49-de-la-majada-esta-con-bichera-segun-la-ring\/","url_meta":{"origin":53800,"position":5},"title":"49% de la majada est\u00e1 con Bichera, seg\u00fan la RING","author":"La Hora del Campo","date":"29 noviembre, 2021","format":false,"excerpt":"Dado que el pa\u00eds est\u00e1 estudiando el dise\u00f1o de un Programa Nacional de Erradicaci\u00f3n de la bichera, recordamos que en la encuesta RING de setiembre les consultamos a los productores sobre qu\u00e9 importancia le asignan a la erradicaci\u00f3n de este grave problema. El 96% de los productores respondi\u00f3 que la\u2026","rel":"","context":"En \u00abActualidad\u00bb","block_context":{"text":"Actualidad","link":"https:\/\/lahoradelcampo.com.uy\/site\/category\/actualidad\/"},"img":{"alt_text":"","src":"https:\/\/i0.wp.com\/lahoradelcampo.com.uy\/site\/wp-content\/uploads\/2019\/05\/Bichera.jpg?fit=880%2C440&ssl=1&resize=350%2C200","width":350,"height":200,"srcset":"https:\/\/i0.wp.com\/lahoradelcampo.com.uy\/site\/wp-content\/uploads\/2019\/05\/Bichera.jpg?fit=880%2C440&ssl=1&resize=350%2C200 1x, https:\/\/i0.wp.com\/lahoradelcampo.com.uy\/site\/wp-content\/uploads\/2019\/05\/Bichera.jpg?fit=880%2C440&ssl=1&resize=525%2C300 1.5x, https:\/\/i0.wp.com\/lahoradelcampo.com.uy\/site\/wp-content\/uploads\/2019\/05\/Bichera.jpg?fit=880%2C440&ssl=1&resize=700%2C400 2x"},"classes":[]}],"jetpack_likes_enabled":true,"_links":{"self":[{"href":"https:\/\/lahoradelcampo.com.uy\/site\/wp-json\/wp\/v2\/posts\/53800","targetHints":{"allow":["GET"]}}],"collection":[{"href":"https:\/\/lahoradelcampo.com.uy\/site\/wp-json\/wp\/v2\/posts"}],"about":[{"href":"https:\/\/lahoradelcampo.com.uy\/site\/wp-json\/wp\/v2\/types\/post"}],"author":[{"embeddable":true,"href":"https:\/\/lahoradelcampo.com.uy\/site\/wp-json\/wp\/v2\/users\/5"}],"replies":[{"embeddable":true,"href":"https:\/\/lahoradelcampo.com.uy\/site\/wp-json\/wp\/v2\/comments?post=53800"}],"version-history":[{"count":1,"href":"https:\/\/lahoradelcampo.com.uy\/site\/wp-json\/wp\/v2\/posts\/53800\/revisions"}],"predecessor-version":[{"id":53802,"href":"https:\/\/lahoradelcampo.com.uy\/site\/wp-json\/wp\/v2\/posts\/53800\/revisions\/53802"}],"wp:featuredmedia":[{"embeddable":true,"href":"https:\/\/lahoradelcampo.com.uy\/site\/wp-json\/wp\/v2\/media\/53801"}],"wp:attachment":[{"href":"https:\/\/lahoradelcampo.com.uy\/site\/wp-json\/wp\/v2\/media?parent=53800"}],"wp:term":[{"taxonomy":"category","embeddable":true,"href":"https:\/\/lahoradelcampo.com.uy\/site\/wp-json\/wp\/v2\/categories?post=53800"},{"taxonomy":"post_tag","embeddable":true,"href":"https:\/\/lahoradelcampo.com.uy\/site\/wp-json\/wp\/v2\/tags?post=53800"}],"curies":[{"name":"wp","href":"https:\/\/api.w.org\/{rel}","templated":true}]}}