{"id":53797,"date":"2024-04-18T11:10:37","date_gmt":"2024-04-18T14:10:37","guid":{"rendered":"http:\/\/lahoradelcampo.com.uy\/site\/?p=53797"},"modified":"2024-04-18T11:10:38","modified_gmt":"2024-04-18T14:10:38","slug":"toros-obsequiados-al-pte-xi-jinping-seran-un-hereford-de-bordaberry-y-un-angus-de-zerbino","status":"publish","type":"post","link":"https:\/\/lahoradelcampo.com.uy\/site\/toros-obsequiados-al-pte-xi-jinping-seran-un-hereford-de-bordaberry-y-un-angus-de-zerbino\/","title":{"rendered":"Toros obsequiados al Pte. Xi Jinping, ser\u00e1n un Hereford de Bordaberry y un Angus de Zerbino"},"content":{"rendered":"\n<figure class=\"wp-block-image size-full\"><a href=\"https:\/\/i0.wp.com\/lahoradelcampo.com.uy\/site\/wp-content\/uploads\/2024\/04\/INAC-China-Toros.jpg\"><img data-recalc-dims=\"1\" loading=\"lazy\" decoding=\"async\" width=\"810\" height=\"405\" data-attachment-id=\"53798\" data-permalink=\"https:\/\/lahoradelcampo.com.uy\/site\/toros-obsequiados-al-pte-xi-jinping-seran-un-hereford-de-bordaberry-y-un-angus-de-zerbino\/inac-china-toros\/\" data-orig-file=\"https:\/\/i0.wp.com\/lahoradelcampo.com.uy\/site\/wp-content\/uploads\/2024\/04\/INAC-China-Toros.jpg?fit=880%2C440&amp;ssl=1\" data-orig-size=\"880,440\" data-comments-opened=\"1\" data-image-meta=\"{&quot;aperture&quot;:&quot;0&quot;,&quot;credit&quot;:&quot;&quot;,&quot;camera&quot;:&quot;&quot;,&quot;caption&quot;:&quot;&quot;,&quot;created_timestamp&quot;:&quot;0&quot;,&quot;copyright&quot;:&quot;&quot;,&quot;focal_length&quot;:&quot;0&quot;,&quot;iso&quot;:&quot;0&quot;,&quot;shutter_speed&quot;:&quot;0&quot;,&quot;title&quot;:&quot;&quot;,&quot;orientation&quot;:&quot;1&quot;}\" data-image-title=\"INAC-China-Toros\" data-image-description=\"\" data-image-caption=\"\" data-large-file=\"https:\/\/i0.wp.com\/lahoradelcampo.com.uy\/site\/wp-content\/uploads\/2024\/04\/INAC-China-Toros.jpg?fit=810%2C405&amp;ssl=1\" src=\"https:\/\/i0.wp.com\/lahoradelcampo.com.uy\/site\/wp-content\/uploads\/2024\/04\/INAC-China-Toros.jpg?resize=810%2C405\" alt=\"\" class=\"wp-image-53798\" srcset=\"https:\/\/i0.wp.com\/lahoradelcampo.com.uy\/site\/wp-content\/uploads\/2024\/04\/INAC-China-Toros.jpg?w=880&amp;ssl=1 880w, https:\/\/i0.wp.com\/lahoradelcampo.com.uy\/site\/wp-content\/uploads\/2024\/04\/INAC-China-Toros.jpg?resize=300%2C150&amp;ssl=1 300w, https:\/\/i0.wp.com\/lahoradelcampo.com.uy\/site\/wp-content\/uploads\/2024\/04\/INAC-China-Toros.jpg?resize=768%2C384&amp;ssl=1 768w, https:\/\/i0.wp.com\/lahoradelcampo.com.uy\/site\/wp-content\/uploads\/2024\/04\/INAC-China-Toros.jpg?resize=820%2C410&amp;ssl=1 820w\" sizes=\"auto, (max-width: 810px) 100vw, 810px\" \/><\/a><\/figure>\n\n\n\n<p>En un gesto de amistad y cooperaci\u00f3n entre Uruguay y la Rep\u00fablica Popular China, se llev\u00f3 a cabo en la sede del Instituto Nacional de Carnes (INAC) el sorteo de ejemplares de las prestigiosas razas Hereford y Aberdeen Angus que ser\u00e1n enviados pr\u00f3ximamente al pa\u00eds asi\u00e1tico. La ceremonia, presidida por el ministro de Ganader\u00eda, Agricultura y Pesca, Fernando Mattos, el ministro de Relaciones Exteriores, Omar Paganini, y el presidente de INAC, Conrado Ferber, cont\u00f3 con la distinguida presencia del embajador de China en Uruguay, Huang Yazhong, y el agregado comercial, Jiang Minghui. Asimismo, estuvieron presentes los directivos de las Sociedades de Aberdeen Angus y Hereford.<\/p>\n\n\n\n<p>Este obsequio conmemora los 35 a\u00f1os de relaciones diplom\u00e1ticas entre ambos pa\u00edses y fue presentado por el Presidente de Uruguay, Dr. Luis Lacalle Pou, al Presidente Xi Jinping, consistiendo en dos reproductores, uno de cada raza. Estos ejemplares representan las principales razas criadas en los campos uruguayos y son la base de las carnes de alta calidad producidas en el pa\u00eds.<\/p>\n\n\n\n<p>Los reproductores, seleccionados por sus caracter\u00edsticas gen\u00e9ticas, conformaci\u00f3n y mansedumbre, ser\u00e1n enviados a China en los pr\u00f3ximos meses con todo el apoyo log\u00edstico necesario.<\/p>\n\n\n\n<p>En el sorteo, se designaron dos toros titulares y dos suplentes para cada raza. La caba\u00f1a El Baqueano fue seleccionada como titular de la raza Hereford, mientras que los suplentes corresponden a Loma Azul y Ataliba. En cuanto a Aberdeen Angus, el toro titular proviene de la caba\u00f1a Roberto J. Zerbino, y los suplentes de Luis Mar\u00eda Dos Santos e Hijos y Caba\u00f1a San Jos\u00e9.<\/p>\n\n\n\n<p>Para la preselecci\u00f3n de los toros participantes, cada sociedad de criadores propuso criterios que, en acuerdo con INAC, guiaron el proceso de selecci\u00f3n.<\/p>\n\n\n\n<p><strong>Hereford y Aberdeen Angus<\/strong><\/p>\n\n\n\n<p>El toro Hereford fue seleccionado entre tres ejemplares preseleccionados de siete caba\u00f1as por los criadores. Se establecieron criterios como pedigree inscripto en la Asociaci\u00f3n Rural del Uruguay, evaluaci\u00f3n gen\u00e9tica por DEP, est\u00e1ndar racial, entre otros. Esta raza, introducida en Uruguay en 1864, se ha destacado por su capacidad de producci\u00f3n, eficiencia de conversi\u00f3n de pasto en carne y car\u00e1cter manso, siendo la base gen\u00e9tica del pa\u00eds.<\/p>\n\n\n\n<p>Por otro lado, la selecci\u00f3n del toro Aberdeen Angus se realiz\u00f3 entre diez ejemplares que cumpl\u00edan con los criterios establecidos, incluyendo pedigree inscripto, DEP balanceado, fenotipo bien definido, entre otros. Esta raza, originaria de Escocia en el siglo XVIII, se caracteriza por su adaptabilidad, rusticidad y carnes de alta calidad, siendo introducida gradualmente en Uruguay en el siglo XX.<\/p>\n\n\n\n<p>Salto, 18 de abril de 2024<\/p>\n","protected":false},"excerpt":{"rendered":"<p>En un gesto de amistad y cooperaci\u00f3n entre Uruguay y la Rep\u00fablica Popular China, se llev\u00f3 a cabo en la sede del Instituto Nacional de Carnes (INAC) el sorteo de [&hellip;]<\/p>\n","protected":false},"author":5,"featured_media":53798,"comment_status":"open","ping_status":"open","sticky":false,"template":"","format":"standard","meta":{"_price":"","_stock":"","_tribe_ticket_header":"","_tribe_default_ticket_provider":"","_tribe_ticket_capacity":"0","_ticket_start_date":"","_ticket_end_date":"","_tribe_ticket_show_description":"","_tribe_ticket_show_not_going":false,"_tribe_ticket_use_global_stock":"","_tribe_ticket_global_stock_level":"","_global_stock_mode":"","_global_stock_cap":"","_tribe_rsvp_for_event":"","_tribe_ticket_going_count":"","_tribe_ticket_not_going_count":"","_tribe_tickets_list":"[]","_tribe_ticket_has_attendee_info_fields":false,"h5ap_radio_sources":[],"_jetpack_newsletter_access":"","_jetpack_dont_email_post_to_subs":false,"_jetpack_newsletter_tier_id":0,"_jetpack_memberships_contains_paywalled_content":false,"_jetpack_memberships_contains_paid_content":false,"footnotes":""},"categories":[21,5],"tags":[],"class_list":["post-53797","post","type-post","status-publish","format-standard","has-post-thumbnail","hentry","category-actualidad","category-ganaderia"],"jetpack_featured_media_url":"https:\/\/i0.wp.com\/lahoradelcampo.com.uy\/site\/wp-content\/uploads\/2024\/04\/INAC-China-Toros.jpg?fit=880%2C440&ssl=1","jetpack_sharing_enabled":true,"jetpack_shortlink":"https:\/\/wp.me\/p99IaT-dZH","jetpack-related-posts":[{"id":43473,"url":"https:\/\/lahoradelcampo.com.uy\/site\/zerbino-y-penagaricano-calificaran-las-principales-razas-britanicas-en-el-prado\/","url_meta":{"origin":53797,"position":0},"title":"Zerbino y Pe\u00f1agaricano calificaran las principales  razas brit\u00e1nicas en el Prado","author":"La Hora del Campo","date":"5 julio, 2022","format":false,"excerpt":"El pasado 30 de agosto cerr\u00f3 el plazo para las preinscripciones de animales de cara a la 117\u00aa edici\u00f3n de la Exposici\u00f3n Internacional de Ganader\u00eda y Muestra Agro Industrial y Comercial, Expo Prado 2022, que se llevar\u00e1 a cabo entre el 9 y 18 de setiembre. Para esta edici\u00f3n se\u2026","rel":"","context":"En \u00abActualidad\u00bb","block_context":{"text":"Actualidad","link":"https:\/\/lahoradelcampo.com.uy\/site\/category\/actualidad\/"},"img":{"alt_text":"","src":"https:\/\/i0.wp.com\/lahoradelcampo.com.uy\/site\/wp-content\/uploads\/2021\/12\/Angus-Zerbino.jpg?fit=880%2C440&ssl=1&resize=350%2C200","width":350,"height":200,"srcset":"https:\/\/i0.wp.com\/lahoradelcampo.com.uy\/site\/wp-content\/uploads\/2021\/12\/Angus-Zerbino.jpg?fit=880%2C440&ssl=1&resize=350%2C200 1x, https:\/\/i0.wp.com\/lahoradelcampo.com.uy\/site\/wp-content\/uploads\/2021\/12\/Angus-Zerbino.jpg?fit=880%2C440&ssl=1&resize=525%2C300 1.5x, https:\/\/i0.wp.com\/lahoradelcampo.com.uy\/site\/wp-content\/uploads\/2021\/12\/Angus-Zerbino.jpg?fit=880%2C440&ssl=1&resize=700%2C400 2x"},"classes":[]},{"id":37361,"url":"https:\/\/lahoradelcampo.com.uy\/site\/el-hereford-y-angus-de-uruguay-son-los-mejores-de-sudamerica\/","url_meta":{"origin":53797,"position":1},"title":"El Hereford y Angus de Uruguay son los mejores de Sudam\u00e9rica","author":"La Hora del Campo","date":"9 diciembre, 2021","format":false,"excerpt":"Los grandes campeones de la Expo Prado 2021 se impusieron ante los mejores de los pa\u00edses de la regi\u00f3n en los concursos de Hereford Breeder y Angus Breeder. Los grandes campeones de la Expo Prado 2021 en Hereford y Aberdeen Angus fueron elegidos como los mejores de ambas razas en\u2026","rel":"","context":"En \u00abActualidad\u00bb","block_context":{"text":"Actualidad","link":"https:\/\/lahoradelcampo.com.uy\/site\/category\/actualidad\/"},"img":{"alt_text":"","src":"https:\/\/i0.wp.com\/lahoradelcampo.com.uy\/site\/wp-content\/uploads\/2021\/12\/Angusbreeders.jpg?fit=880%2C440&ssl=1&resize=350%2C200","width":350,"height":200,"srcset":"https:\/\/i0.wp.com\/lahoradelcampo.com.uy\/site\/wp-content\/uploads\/2021\/12\/Angusbreeders.jpg?fit=880%2C440&ssl=1&resize=350%2C200 1x, https:\/\/i0.wp.com\/lahoradelcampo.com.uy\/site\/wp-content\/uploads\/2021\/12\/Angusbreeders.jpg?fit=880%2C440&ssl=1&resize=525%2C300 1.5x, https:\/\/i0.wp.com\/lahoradelcampo.com.uy\/site\/wp-content\/uploads\/2021\/12\/Angusbreeders.jpg?fit=880%2C440&ssl=1&resize=700%2C400 2x"},"classes":[]},{"id":2131,"url":"https:\/\/lahoradelcampo.com.uy\/site\/tierra-de-toros-us-2-756-por-los-angus-y-us-2-762-por-los-hereford\/","url_meta":{"origin":53797,"position":2},"title":"Tierra de toros: U$S 2.756 por los Angus y U$S 2.762 por los Hereford","author":"La Hora del Campo","date":"4 octubre, 2017","format":false,"excerpt":"El remate \"Tierra de Toros\" realizado en la jornada de ayer en el local de la Exposici\u00f3n Feria de Paysand\u00fa, alcanz\u00f3 un promedio de U$S 2.756 por los Aberdeen Angus, un 1,6% por encima de las ventas de 2016; en tanto que los Polled Hereford alcanzaron U$S 2.762, un 16,9%\u2026","rel":"","context":"En \u00abActualidad\u00bb","block_context":{"text":"Actualidad","link":"https:\/\/lahoradelcampo.com.uy\/site\/category\/actualidad\/"},"img":{"alt_text":"","src":"https:\/\/i0.wp.com\/lahoradelcampo.com.uy\/site\/wp-content\/uploads\/2017\/10\/Remate-Tierra-de-toros.jpg?fit=880%2C440&ssl=1&resize=350%2C200","width":350,"height":200,"srcset":"https:\/\/i0.wp.com\/lahoradelcampo.com.uy\/site\/wp-content\/uploads\/2017\/10\/Remate-Tierra-de-toros.jpg?fit=880%2C440&ssl=1&resize=350%2C200 1x, https:\/\/i0.wp.com\/lahoradelcampo.com.uy\/site\/wp-content\/uploads\/2017\/10\/Remate-Tierra-de-toros.jpg?fit=880%2C440&ssl=1&resize=525%2C300 1.5x, https:\/\/i0.wp.com\/lahoradelcampo.com.uy\/site\/wp-content\/uploads\/2017\/10\/Remate-Tierra-de-toros.jpg?fit=880%2C440&ssl=1&resize=700%2C400 2x"},"classes":[]},{"id":2451,"url":"https:\/\/lahoradelcampo.com.uy\/site\/el-toro-copa-hereford-de-salto-es-muy-importante-a-nivel-mundial\/","url_meta":{"origin":53797,"position":3},"title":"El toro Copa Hereford de Salto es muy importante a nivel mundial","author":"La Hora del Campo","date":"10 octubre, 2017","format":false,"excerpt":"El jurado de la raza Hereford, en el marco de la Expo Salto, estuvo compuesto por Fernando y Guzm\u00e1n Alfonso de \u201cLas Anitas\u201d, caba\u00f1a del centro del pa\u00eds que ha obtenido un Gran Campe\u00f3n y un Reservado de Gran Campe\u00f3n a nivel mundial. El Lic. Fernando Alfonso Bordaberry reconoci\u00f3 haberse\u2026","rel":"","context":"En \u00abActualidad\u00bb","block_context":{"text":"Actualidad","link":"https:\/\/lahoradelcampo.com.uy\/site\/category\/actualidad\/"},"img":{"alt_text":"","src":"https:\/\/i0.wp.com\/lahoradelcampo.com.uy\/site\/wp-content\/uploads\/2017\/10\/Fernando-y-Guzman-Alfonso.jpg?fit=880%2C440&ssl=1&resize=350%2C200","width":350,"height":200,"srcset":"https:\/\/i0.wp.com\/lahoradelcampo.com.uy\/site\/wp-content\/uploads\/2017\/10\/Fernando-y-Guzman-Alfonso.jpg?fit=880%2C440&ssl=1&resize=350%2C200 1x, https:\/\/i0.wp.com\/lahoradelcampo.com.uy\/site\/wp-content\/uploads\/2017\/10\/Fernando-y-Guzman-Alfonso.jpg?fit=880%2C440&ssl=1&resize=525%2C300 1.5x, https:\/\/i0.wp.com\/lahoradelcampo.com.uy\/site\/wp-content\/uploads\/2017\/10\/Fernando-y-Guzman-Alfonso.jpg?fit=880%2C440&ssl=1&resize=700%2C400 2x"},"classes":[]},{"id":35829,"url":"https:\/\/lahoradelcampo.com.uy\/site\/hoy-se-vende-el-polled-hereford-y-angus-de-cabana-don-roberto\/","url_meta":{"origin":53797,"position":4},"title":"Hoy se vende el Polled Hereford y Angus de caba\u00f1a Don Roberto","author":"La Hora del Campo","date":"23 octubre, 2021","format":false,"excerpt":"La zafra de reproductores contin\u00faa con sus ventas en todo el pa\u00eds, y en la jornada de hoy se concreta el segundo remate anual de la caba\u00f1a Don Roberto del Dr. Marcelo Texeira Nu\u00f1ez, en el local de la Asociaci\u00f3n Agropecuaria de Salto, a partir de las 17 horas y\u2026","rel":"","context":"En \u00abActualidad\u00bb","block_context":{"text":"Actualidad","link":"https:\/\/lahoradelcampo.com.uy\/site\/category\/actualidad\/"},"img":{"alt_text":"","src":"https:\/\/i0.wp.com\/lahoradelcampo.com.uy\/site\/wp-content\/uploads\/2021\/10\/DonRobertoconferencia.jpg?fit=880%2C440&ssl=1&resize=350%2C200","width":350,"height":200,"srcset":"https:\/\/i0.wp.com\/lahoradelcampo.com.uy\/site\/wp-content\/uploads\/2021\/10\/DonRobertoconferencia.jpg?fit=880%2C440&ssl=1&resize=350%2C200 1x, https:\/\/i0.wp.com\/lahoradelcampo.com.uy\/site\/wp-content\/uploads\/2021\/10\/DonRobertoconferencia.jpg?fit=880%2C440&ssl=1&resize=525%2C300 1.5x, https:\/\/i0.wp.com\/lahoradelcampo.com.uy\/site\/wp-content\/uploads\/2021\/10\/DonRobertoconferencia.jpg?fit=880%2C440&ssl=1&resize=700%2C400 2x"},"classes":[]},{"id":57082,"url":"https:\/\/lahoradelcampo.com.uy\/site\/en-salto-se-vendieron-445-toros-a-un-promedio-de-us-4-407\/","url_meta":{"origin":53797,"position":5},"title":"En Salto se vendieron 445 toros a un promedio de US$ 4.407","author":"La Hora del Campo","date":"18 noviembre, 2025","format":false,"excerpt":"La zafra de reproductores en Salto cerr\u00f3 octubre con resultados altamente positivos, confirmando un incremento tanto en precios como en volumen frente al a\u00f1o anterior. En total, se comercializaron 445 toros -30 m\u00e1s que en 2024- por una facturaci\u00f3n total de US$ 1.961.110, lo que representa un aumento del 33%\u2026","rel":"","context":"En \u00abActualidad\u00bb","block_context":{"text":"Actualidad","link":"https:\/\/lahoradelcampo.com.uy\/site\/category\/actualidad\/"},"img":{"alt_text":"","src":"https:\/\/i0.wp.com\/lahoradelcampo.com.uy\/site\/wp-content\/uploads\/2025\/11\/Toros-Hereford-scaled.jpg?fit=1200%2C904&ssl=1&resize=350%2C200","width":350,"height":200,"srcset":"https:\/\/i0.wp.com\/lahoradelcampo.com.uy\/site\/wp-content\/uploads\/2025\/11\/Toros-Hereford-scaled.jpg?fit=1200%2C904&ssl=1&resize=350%2C200 1x, https:\/\/i0.wp.com\/lahoradelcampo.com.uy\/site\/wp-content\/uploads\/2025\/11\/Toros-Hereford-scaled.jpg?fit=1200%2C904&ssl=1&resize=525%2C300 1.5x, https:\/\/i0.wp.com\/lahoradelcampo.com.uy\/site\/wp-content\/uploads\/2025\/11\/Toros-Hereford-scaled.jpg?fit=1200%2C904&ssl=1&resize=700%2C400 2x, https:\/\/i0.wp.com\/lahoradelcampo.com.uy\/site\/wp-content\/uploads\/2025\/11\/Toros-Hereford-scaled.jpg?fit=1200%2C904&ssl=1&resize=1050%2C600 3x"},"classes":[]}],"jetpack_likes_enabled":true,"_links":{"self":[{"href":"https:\/\/lahoradelcampo.com.uy\/site\/wp-json\/wp\/v2\/posts\/53797","targetHints":{"allow":["GET"]}}],"collection":[{"href":"https:\/\/lahoradelcampo.com.uy\/site\/wp-json\/wp\/v2\/posts"}],"about":[{"href":"https:\/\/lahoradelcampo.com.uy\/site\/wp-json\/wp\/v2\/types\/post"}],"author":[{"embeddable":true,"href":"https:\/\/lahoradelcampo.com.uy\/site\/wp-json\/wp\/v2\/users\/5"}],"replies":[{"embeddable":true,"href":"https:\/\/lahoradelcampo.com.uy\/site\/wp-json\/wp\/v2\/comments?post=53797"}],"version-history":[{"count":1,"href":"https:\/\/lahoradelcampo.com.uy\/site\/wp-json\/wp\/v2\/posts\/53797\/revisions"}],"predecessor-version":[{"id":53799,"href":"https:\/\/lahoradelcampo.com.uy\/site\/wp-json\/wp\/v2\/posts\/53797\/revisions\/53799"}],"wp:featuredmedia":[{"embeddable":true,"href":"https:\/\/lahoradelcampo.com.uy\/site\/wp-json\/wp\/v2\/media\/53798"}],"wp:attachment":[{"href":"https:\/\/lahoradelcampo.com.uy\/site\/wp-json\/wp\/v2\/media?parent=53797"}],"wp:term":[{"taxonomy":"category","embeddable":true,"href":"https:\/\/lahoradelcampo.com.uy\/site\/wp-json\/wp\/v2\/categories?post=53797"},{"taxonomy":"post_tag","embeddable":true,"href":"https:\/\/lahoradelcampo.com.uy\/site\/wp-json\/wp\/v2\/tags?post=53797"}],"curies":[{"name":"wp","href":"https:\/\/api.w.org\/{rel}","templated":true}]}}