{"id":53793,"date":"2024-04-18T11:05:26","date_gmt":"2024-04-18T14:05:26","guid":{"rendered":"http:\/\/lahoradelcampo.com.uy\/site\/?p=53793"},"modified":"2024-04-18T11:05:33","modified_gmt":"2024-04-18T14:05:33","slug":"leve-suba-para-los-lacteos-en-la-segunda-licitacion-de-abril","status":"publish","type":"post","link":"https:\/\/lahoradelcampo.com.uy\/site\/leve-suba-para-los-lacteos-en-la-segunda-licitacion-de-abril\/","title":{"rendered":"Leve suba para los l\u00e1cteos en la segunda licitaci\u00f3n de abril"},"content":{"rendered":"\n<figure class=\"wp-block-image size-full\"><a href=\"https:\/\/i0.wp.com\/lahoradelcampo.com.uy\/site\/wp-content\/uploads\/2024\/04\/fonterra-gdt354.jpg\"><img data-recalc-dims=\"1\" loading=\"lazy\" decoding=\"async\" width=\"810\" height=\"405\" data-attachment-id=\"53794\" data-permalink=\"https:\/\/lahoradelcampo.com.uy\/site\/leve-suba-para-los-lacteos-en-la-segunda-licitacion-de-abril\/fonterra-gdt354\/\" data-orig-file=\"https:\/\/i0.wp.com\/lahoradelcampo.com.uy\/site\/wp-content\/uploads\/2024\/04\/fonterra-gdt354.jpg?fit=880%2C440&amp;ssl=1\" data-orig-size=\"880,440\" data-comments-opened=\"1\" data-image-meta=\"{&quot;aperture&quot;:&quot;0&quot;,&quot;credit&quot;:&quot;&quot;,&quot;camera&quot;:&quot;&quot;,&quot;caption&quot;:&quot;&quot;,&quot;created_timestamp&quot;:&quot;0&quot;,&quot;copyright&quot;:&quot;&quot;,&quot;focal_length&quot;:&quot;0&quot;,&quot;iso&quot;:&quot;0&quot;,&quot;shutter_speed&quot;:&quot;0&quot;,&quot;title&quot;:&quot;&quot;,&quot;orientation&quot;:&quot;1&quot;}\" data-image-title=\"fonterra-gdt354\" data-image-description=\"\" data-image-caption=\"\" data-large-file=\"https:\/\/i0.wp.com\/lahoradelcampo.com.uy\/site\/wp-content\/uploads\/2024\/04\/fonterra-gdt354.jpg?fit=810%2C405&amp;ssl=1\" src=\"https:\/\/i0.wp.com\/lahoradelcampo.com.uy\/site\/wp-content\/uploads\/2024\/04\/fonterra-gdt354.jpg?resize=810%2C405\" alt=\"\" class=\"wp-image-53794\" srcset=\"https:\/\/i0.wp.com\/lahoradelcampo.com.uy\/site\/wp-content\/uploads\/2024\/04\/fonterra-gdt354.jpg?w=880&amp;ssl=1 880w, https:\/\/i0.wp.com\/lahoradelcampo.com.uy\/site\/wp-content\/uploads\/2024\/04\/fonterra-gdt354.jpg?resize=300%2C150&amp;ssl=1 300w, https:\/\/i0.wp.com\/lahoradelcampo.com.uy\/site\/wp-content\/uploads\/2024\/04\/fonterra-gdt354.jpg?resize=768%2C384&amp;ssl=1 768w, https:\/\/i0.wp.com\/lahoradelcampo.com.uy\/site\/wp-content\/uploads\/2024\/04\/fonterra-gdt354.jpg?resize=820%2C410&amp;ssl=1 820w\" sizes=\"auto, (max-width: 810px) 100vw, 810px\" \/><\/a><\/figure>\n\n\n\n<p>La licitaci\u00f3n 354 de la plataforma electr\u00f3nica Global Dairy Trade (GDT) de este martes 16 de abril registr\u00f3 un leve incremento en su indicador promedio, ratificando el cambio de tendencia bajista del mes de marzo para los l\u00e1cteos, a\u00fan sin haber logrado recuperar todo lo perdido en el tercer mes del a\u00f1o. El pasado martes 2 de abril, la licitaci\u00f3n cerr\u00f3 con una suba del 2,8%, en tanto que ayer subi\u00f3 0,1%.<\/p>\n\n\n\n<p>En esta oportunidad, el promedio de esta subasta, donde mayormente se comercializa productos de Fonterra, cerr\u00f3 en US$ 3.590 por tonelada (US$\/ton 32). El volumen comercializado en la jornada de ayer fue de 17.654 toneladas, un 5,8% menor que la venta anterior. La operativa fue alcista \u00fanicamente para la leche en polvo entera, en tanto que el resto de los productos registraron bajas que llegan al 8,5% en el caso del cheddar.<\/p>\n\n\n\n<p>El valor promedio para la leche en polvo entera (LPE) fue de US$ 3.269 por tonelada en esta licitaci\u00f3n y marc\u00f3 una suba del 0,4% respecto a la venta anterior (US$\/ton 23). Los contratos de LPE a futuro, entre mayo y julio cotizaron en alza, con subas del 0,1% y 2,4%, en tanto que los contratos de agosto y setiembre cerraron con bajas del 2,3% y 2.8% respectivamente.<\/p>\n\n\n\n<p>Los oferentes fueron Fonterra y Solarec. En el caso de Fonterra los contratos para la LPE regular cerraron entre US$ 3.200 y US$ 3.290, la instant\u00e1nea entre US$ 3.295 y US$ 3.385, en tanto que la UHT cotiz\u00f3 entre US$ 3.275 y US$ 3.365. Por su parte los contratos para el mes de mayo de Solarec para la LPE regular se ubicaron en US$ 3.860.<\/p>\n\n\n\n<p>La leche en polvo descremada (LPD) cerr\u00f3 en US$ 2.541, US$ 9 por tonelada menos que en la venta anterior. Los contratos cerraron en baja, salvo los negociados para el mes de junio, que cerraron con una suba del 1,3%. Para los negocios concretados en mayo y de julio a setiembre, se registraron bajas del 0,6% al 3%. Los tres oferentes fueron: Arla, Solarec y Fonterra.<\/p>\n\n\n\n<p>Para la manteca el mercado registr\u00f3 una baja del 1,4% en comparaci\u00f3n con la licitaci\u00f3n anterior. En esta oportunidad el promedio se posicion\u00f3 en US$\/ton 6.546 (-US$ 46). En este caso todos los contratos registraron bajas en sus cotizaciones, entre el 0,9% para mayo y el 1,5% para setiembre. Para Solarec los valores de la manteca sin sal, se ubicaron en US$ 6.295 por tonelada para el mes de julio, en tanto que para Fonterra lo hicieron entre US$ 6.680 y US$ 6.480 en la sin sal y entre US$ 6.630 y 6.480 para la manteca con sal.<\/p>\n\n\n\n<p>En los quesos, el cheddar cerr\u00f3 en US$ 3.974 por tonelada, descendiendo un 8,5% y bajando de los US$ 4.000, lo que no suced\u00eda desde la \u00faltima licitaci\u00f3n de noviembre del a\u00f1o pasado. Todos los contratos a futuro, negociados \u00fanicamente por Fonterra, registraron descensos del -7,4%, -6,0% y -6,7% entre mayo y julio, en tanto que los negocios de setiembre y octubre cayeron 12,5% y 11,1% respectivamente.<\/p>\n\n\n\n<p>Para el queso mozzarella se volvieron a registrar contratos, en este caso para el mes de junio \u00fanicamente. Los negocios son propuestos \u00fanicamente por la empresa Solarec, que hasta el momento ha sido la \u00fanica oferente en Globa lDairy Trade. Teniendo en cuenta que la venta anterior no se negociaron contratos de este producto, al compararlo con la \u00faltima licitaci\u00f3n de marzo, el promedio situado en US$ 3.755 por tonelada descendi\u00f3 un 3,8%.<\/p>\n\n\n\n<p>Salto, 18 de abril de 2024<\/p>\n","protected":false},"excerpt":{"rendered":"<p>La licitaci\u00f3n 354 de la plataforma electr\u00f3nica Global Dairy Trade (GDT) de este martes 16 de abril registr\u00f3 un leve incremento en su indicador promedio, ratificando el cambio de tendencia [&hellip;]<\/p>\n","protected":false},"author":5,"featured_media":53794,"comment_status":"open","ping_status":"open","sticky":false,"template":"","format":"standard","meta":{"_price":"","_stock":"","_tribe_ticket_header":"","_tribe_default_ticket_provider":"","_tribe_ticket_capacity":"0","_ticket_start_date":"","_ticket_end_date":"","_tribe_ticket_show_description":"","_tribe_ticket_show_not_going":false,"_tribe_ticket_use_global_stock":"","_tribe_ticket_global_stock_level":"","_global_stock_mode":"","_global_stock_cap":"","_tribe_rsvp_for_event":"","_tribe_ticket_going_count":"","_tribe_ticket_not_going_count":"","_tribe_tickets_list":"[]","_tribe_ticket_has_attendee_info_fields":false,"h5ap_radio_sources":[],"_jetpack_newsletter_access":"","_jetpack_dont_email_post_to_subs":false,"_jetpack_newsletter_tier_id":0,"_jetpack_memberships_contains_paywalled_content":false,"_jetpack_memberships_contains_paid_content":false,"footnotes":""},"categories":[21,11],"tags":[],"class_list":["post-53793","post","type-post","status-publish","format-standard","has-post-thumbnail","hentry","category-actualidad","category-lecheria"],"jetpack_featured_media_url":"https:\/\/i0.wp.com\/lahoradelcampo.com.uy\/site\/wp-content\/uploads\/2024\/04\/fonterra-gdt354.jpg?fit=880%2C440&ssl=1","jetpack_sharing_enabled":true,"jetpack_shortlink":"https:\/\/wp.me\/p99IaT-dZD","jetpack-related-posts":[{"id":7189,"url":"https:\/\/lahoradelcampo.com.uy\/site\/lacteos-cerraron-abril-con-una-suba-del-14-en-las-ventas-de-globaldairytrade\/","url_meta":{"origin":53793,"position":0},"title":"L\u00e1cteos cerraron abril con una suba del 1,4% en las ventas de  Globaldairytrade","author":"La Hora del Campo","date":"16 mayo, 2018","format":false,"excerpt":"A pesar de las bajas en la primera licitaci\u00f3n de mayo, la recuperaci\u00f3n del indice medio de los l\u00e1cteos en la licitaci\u00f3n de ayer de Globaldairytrade, permiti\u00f3 una recuperaci\u00f3n respecto al cierre del mes de abril del 1,39%, con un valor promedio de US$ 3.637 por tonelada. Respecto a las\u2026","rel":"","context":"En \u00abLecher\u00eda\u00bb","block_context":{"text":"Lecher\u00eda","link":"https:\/\/lahoradelcampo.com.uy\/site\/category\/lecheria\/"},"img":{"alt_text":"","src":"https:\/\/i0.wp.com\/lahoradelcampo.com.uy\/site\/wp-content\/uploads\/2018\/05\/Fonterra.jpg?fit=880%2C440&ssl=1&resize=350%2C200","width":350,"height":200,"srcset":"https:\/\/i0.wp.com\/lahoradelcampo.com.uy\/site\/wp-content\/uploads\/2018\/05\/Fonterra.jpg?fit=880%2C440&ssl=1&resize=350%2C200 1x, https:\/\/i0.wp.com\/lahoradelcampo.com.uy\/site\/wp-content\/uploads\/2018\/05\/Fonterra.jpg?fit=880%2C440&ssl=1&resize=525%2C300 1.5x, https:\/\/i0.wp.com\/lahoradelcampo.com.uy\/site\/wp-content\/uploads\/2018\/05\/Fonterra.jpg?fit=880%2C440&ssl=1&resize=700%2C400 2x"},"classes":[]},{"id":6343,"url":"https:\/\/lahoradelcampo.com.uy\/site\/primera-licitacion-de-abril-de-fonterra-ajusto-valor-de-los-lacteos-a-la-baja\/","url_meta":{"origin":53793,"position":1},"title":"Primera licitaci\u00f3n de abril de Fonterra  ajust\u00f3 valor de los l\u00e1cteos a la baja","author":"La Hora del Campo","date":"4 abril, 2018","format":false,"excerpt":"En la jornada de ayer, martes 3 de abril, se realiz\u00f3 a trav\u00e9s de la plataforma electr\u00f3nica GlobalDairyTrade, la primera licitaci\u00f3n de Fonterra para el mes de abril, donde el mercado volvi\u00f3 a ajustar los precios de los l\u00e1cteos a la baja por cuarta baja consecutiva. En esta oportunidad cerr\u00f3\u2026","rel":"","context":"En \u00abLecher\u00eda\u00bb","block_context":{"text":"Lecher\u00eda","link":"https:\/\/lahoradelcampo.com.uy\/site\/category\/lecheria\/"},"img":{"alt_text":"","src":"https:\/\/i0.wp.com\/lahoradelcampo.com.uy\/site\/wp-content\/uploads\/2017\/09\/Fonterra.jpg?fit=880%2C440&ssl=1&resize=350%2C200","width":350,"height":200,"srcset":"https:\/\/i0.wp.com\/lahoradelcampo.com.uy\/site\/wp-content\/uploads\/2017\/09\/Fonterra.jpg?fit=880%2C440&ssl=1&resize=350%2C200 1x, https:\/\/i0.wp.com\/lahoradelcampo.com.uy\/site\/wp-content\/uploads\/2017\/09\/Fonterra.jpg?fit=880%2C440&ssl=1&resize=525%2C300 1.5x, https:\/\/i0.wp.com\/lahoradelcampo.com.uy\/site\/wp-content\/uploads\/2017\/09\/Fonterra.jpg?fit=880%2C440&ssl=1&resize=700%2C400 2x"},"classes":[]},{"id":31874,"url":"https:\/\/lahoradelcampo.com.uy\/site\/nueva-baja-en-el-promedio-de-los-lacteos-en-fonterra\/","url_meta":{"origin":53793,"position":2},"title":"Nueva baja en el promedio de los l\u00e1cteos en Fonterra","author":"La Hora del Campo","date":"7 julio, 2021","format":false,"excerpt":"Luego de seis bajas consecutivas y a pesar de que las cinco anteriores fueron leves, se consolida una tendencia bajista en el mercado de los l\u00e1cteos a nivel internacional. Ayer, en su primera licitaci\u00f3n de julio, el promedio de los productos comercializados en la plataforma electr\u00f3nica GlobalDairyTrade, donde comercializa mayormente\u2026","rel":"","context":"En \u00abActualidad\u00bb","block_context":{"text":"Actualidad","link":"https:\/\/lahoradelcampo.com.uy\/site\/category\/actualidad\/"},"img":{"alt_text":"","src":"https:\/\/i0.wp.com\/lahoradelcampo.com.uy\/site\/wp-content\/uploads\/2019\/04\/Fonterra.jpg?fit=880%2C440&ssl=1&resize=350%2C200","width":350,"height":200,"srcset":"https:\/\/i0.wp.com\/lahoradelcampo.com.uy\/site\/wp-content\/uploads\/2019\/04\/Fonterra.jpg?fit=880%2C440&ssl=1&resize=350%2C200 1x, https:\/\/i0.wp.com\/lahoradelcampo.com.uy\/site\/wp-content\/uploads\/2019\/04\/Fonterra.jpg?fit=880%2C440&ssl=1&resize=525%2C300 1.5x, https:\/\/i0.wp.com\/lahoradelcampo.com.uy\/site\/wp-content\/uploads\/2019\/04\/Fonterra.jpg?fit=880%2C440&ssl=1&resize=700%2C400 2x"},"classes":[]},{"id":18714,"url":"https:\/\/lahoradelcampo.com.uy\/site\/fonterra-cerro-la-primera-licitacion-del-mes-de-abril-un-12-al-alza\/","url_meta":{"origin":53793,"position":3},"title":"Fonterra cerr\u00f3 la primera licitaci\u00f3n del mes de abril un 1,2% al alza","author":"La Hora del Campo","date":"8 abril, 2020","format":false,"excerpt":"La plataforma electr\u00f3nica GlobalDairyTrade, realiz\u00f3 en la jornada de ayer la primera licitaci\u00f3n del mes de abril, con un cierre positivo, cotizando a US$ 2.969 de promedio para todos los l\u00e1cteos comercializados, incrementando el indicador un 1,2% respecto a la venta anterior. El volumen comercializado se posicion\u00f3 en 20.302 toneladas,\u2026","rel":"","context":"En \u00abActualidad\u00bb","block_context":{"text":"Actualidad","link":"https:\/\/lahoradelcampo.com.uy\/site\/category\/actualidad\/"},"img":{"alt_text":"","src":"https:\/\/i0.wp.com\/lahoradelcampo.com.uy\/site\/wp-content\/uploads\/2017\/10\/Fonterra.jpg?fit=880%2C440&ssl=1&resize=350%2C200","width":350,"height":200,"srcset":"https:\/\/i0.wp.com\/lahoradelcampo.com.uy\/site\/wp-content\/uploads\/2017\/10\/Fonterra.jpg?fit=880%2C440&ssl=1&resize=350%2C200 1x, https:\/\/i0.wp.com\/lahoradelcampo.com.uy\/site\/wp-content\/uploads\/2017\/10\/Fonterra.jpg?fit=880%2C440&ssl=1&resize=525%2C300 1.5x, https:\/\/i0.wp.com\/lahoradelcampo.com.uy\/site\/wp-content\/uploads\/2017\/10\/Fonterra.jpg?fit=880%2C440&ssl=1&resize=700%2C400 2x"},"classes":[]},{"id":53681,"url":"https:\/\/lahoradelcampo.com.uy\/site\/luego-de-las-caidas-en-marzo-abril-comenzo-con-el-pie-derecho-para-los-lacteos\/","url_meta":{"origin":53793,"position":4},"title":"Luego de las ca\u00eddas en marzo, abril comenz\u00f3 con el pie derecho para los l\u00e1cteos","author":"La Hora del Campo","date":"3 abril, 2024","format":false,"excerpt":"La licitaci\u00f3n 353 de la plataforma electr\u00f3nica Global Dairy Trade (GDT) de este martes 2 de abril, cambio la tendencia bajista que el mercado de los l\u00e1cteos registr\u00f3 en el mes de marzo. En el caso del mes de marzo, las dos licitaciones acumularon una ca\u00edda del 4,6% respecto a\u2026","rel":"","context":"En \u00abActualidad\u00bb","block_context":{"text":"Actualidad","link":"https:\/\/lahoradelcampo.com.uy\/site\/category\/actualidad\/"},"img":{"alt_text":"","src":"https:\/\/i0.wp.com\/lahoradelcampo.com.uy\/site\/wp-content\/uploads\/2024\/04\/Fonterra-lpe.jpg?fit=880%2C440&ssl=1&resize=350%2C200","width":350,"height":200,"srcset":"https:\/\/i0.wp.com\/lahoradelcampo.com.uy\/site\/wp-content\/uploads\/2024\/04\/Fonterra-lpe.jpg?fit=880%2C440&ssl=1&resize=350%2C200 1x, https:\/\/i0.wp.com\/lahoradelcampo.com.uy\/site\/wp-content\/uploads\/2024\/04\/Fonterra-lpe.jpg?fit=880%2C440&ssl=1&resize=525%2C300 1.5x, https:\/\/i0.wp.com\/lahoradelcampo.com.uy\/site\/wp-content\/uploads\/2024\/04\/Fonterra-lpe.jpg?fit=880%2C440&ssl=1&resize=700%2C400 2x"},"classes":[]},{"id":34519,"url":"https:\/\/lahoradelcampo.com.uy\/site\/nueva-suba-para-los-lacteos-en-fonterra\/","url_meta":{"origin":53793,"position":5},"title":"Nueva suba para los l\u00e1cteos en Fonterra","author":"La Hora del Campo","date":"22 septiembre, 2021","format":false,"excerpt":"La plataforma electr\u00f3nica de subastas de productos l\u00e1cteos, GloblalDairyTrade, donde comercializa la neozelandesa Fonterra y se toman las referencias para el mercado internacional, realiz\u00f3 ayer su segunda licitaci\u00f3n del mes de setiembre, con una nueva suba en el promedio general del total comercializado, sin embargo al analizarse los principales productos\u2026","rel":"","context":"En \u00abActualidad\u00bb","block_context":{"text":"Actualidad","link":"https:\/\/lahoradelcampo.com.uy\/site\/category\/actualidad\/"},"img":{"alt_text":"","src":"https:\/\/i0.wp.com\/lahoradelcampo.com.uy\/site\/wp-content\/uploads\/2018\/05\/Fonterra.jpg?fit=880%2C440&ssl=1&resize=350%2C200","width":350,"height":200,"srcset":"https:\/\/i0.wp.com\/lahoradelcampo.com.uy\/site\/wp-content\/uploads\/2018\/05\/Fonterra.jpg?fit=880%2C440&ssl=1&resize=350%2C200 1x, https:\/\/i0.wp.com\/lahoradelcampo.com.uy\/site\/wp-content\/uploads\/2018\/05\/Fonterra.jpg?fit=880%2C440&ssl=1&resize=525%2C300 1.5x, https:\/\/i0.wp.com\/lahoradelcampo.com.uy\/site\/wp-content\/uploads\/2018\/05\/Fonterra.jpg?fit=880%2C440&ssl=1&resize=700%2C400 2x"},"classes":[]}],"jetpack_likes_enabled":true,"_links":{"self":[{"href":"https:\/\/lahoradelcampo.com.uy\/site\/wp-json\/wp\/v2\/posts\/53793","targetHints":{"allow":["GET"]}}],"collection":[{"href":"https:\/\/lahoradelcampo.com.uy\/site\/wp-json\/wp\/v2\/posts"}],"about":[{"href":"https:\/\/lahoradelcampo.com.uy\/site\/wp-json\/wp\/v2\/types\/post"}],"author":[{"embeddable":true,"href":"https:\/\/lahoradelcampo.com.uy\/site\/wp-json\/wp\/v2\/users\/5"}],"replies":[{"embeddable":true,"href":"https:\/\/lahoradelcampo.com.uy\/site\/wp-json\/wp\/v2\/comments?post=53793"}],"version-history":[{"count":2,"href":"https:\/\/lahoradelcampo.com.uy\/site\/wp-json\/wp\/v2\/posts\/53793\/revisions"}],"predecessor-version":[{"id":53796,"href":"https:\/\/lahoradelcampo.com.uy\/site\/wp-json\/wp\/v2\/posts\/53793\/revisions\/53796"}],"wp:featuredmedia":[{"embeddable":true,"href":"https:\/\/lahoradelcampo.com.uy\/site\/wp-json\/wp\/v2\/media\/53794"}],"wp:attachment":[{"href":"https:\/\/lahoradelcampo.com.uy\/site\/wp-json\/wp\/v2\/media?parent=53793"}],"wp:term":[{"taxonomy":"category","embeddable":true,"href":"https:\/\/lahoradelcampo.com.uy\/site\/wp-json\/wp\/v2\/categories?post=53793"},{"taxonomy":"post_tag","embeddable":true,"href":"https:\/\/lahoradelcampo.com.uy\/site\/wp-json\/wp\/v2\/tags?post=53793"}],"curies":[{"name":"wp","href":"https:\/\/api.w.org\/{rel}","templated":true}]}}