{"id":53785,"date":"2024-04-17T08:25:00","date_gmt":"2024-04-17T11:25:00","guid":{"rendered":"http:\/\/lahoradelcampo.com.uy\/site\/?p=53785"},"modified":"2024-04-17T09:28:53","modified_gmt":"2024-04-17T12:28:53","slug":"productores-perdieron-hasta-el-60-de-los-rendimientos-del-maiz-en-el-norte","status":"publish","type":"post","link":"https:\/\/lahoradelcampo.com.uy\/site\/productores-perdieron-hasta-el-60-de-los-rendimientos-del-maiz-en-el-norte\/","title":{"rendered":"Productores perdieron hasta el 60% de los rendimientos del ma\u00edz en el norte"},"content":{"rendered":"\n<figure class=\"wp-block-image size-full\"><a href=\"https:\/\/i0.wp.com\/lahoradelcampo.com.uy\/site\/wp-content\/uploads\/2024\/04\/Carlos-Borghi.jpg\"><img data-recalc-dims=\"1\" loading=\"lazy\" decoding=\"async\" width=\"810\" height=\"405\" data-attachment-id=\"53786\" data-permalink=\"https:\/\/lahoradelcampo.com.uy\/site\/productores-perdieron-hasta-el-60-de-los-rendimientos-del-maiz-en-el-norte\/carlos-borghi\/\" data-orig-file=\"https:\/\/i0.wp.com\/lahoradelcampo.com.uy\/site\/wp-content\/uploads\/2024\/04\/Carlos-Borghi.jpg?fit=880%2C440&amp;ssl=1\" data-orig-size=\"880,440\" data-comments-opened=\"1\" data-image-meta=\"{&quot;aperture&quot;:&quot;0&quot;,&quot;credit&quot;:&quot;&quot;,&quot;camera&quot;:&quot;&quot;,&quot;caption&quot;:&quot;&quot;,&quot;created_timestamp&quot;:&quot;0&quot;,&quot;copyright&quot;:&quot;&quot;,&quot;focal_length&quot;:&quot;0&quot;,&quot;iso&quot;:&quot;0&quot;,&quot;shutter_speed&quot;:&quot;0&quot;,&quot;title&quot;:&quot;&quot;,&quot;orientation&quot;:&quot;1&quot;}\" data-image-title=\"Carlos-Borghi\" data-image-description=\"\" data-image-caption=\"\" data-large-file=\"https:\/\/i0.wp.com\/lahoradelcampo.com.uy\/site\/wp-content\/uploads\/2024\/04\/Carlos-Borghi.jpg?fit=810%2C405&amp;ssl=1\" src=\"https:\/\/i0.wp.com\/lahoradelcampo.com.uy\/site\/wp-content\/uploads\/2024\/04\/Carlos-Borghi.jpg?resize=810%2C405\" alt=\"\" class=\"wp-image-53786\" srcset=\"https:\/\/i0.wp.com\/lahoradelcampo.com.uy\/site\/wp-content\/uploads\/2024\/04\/Carlos-Borghi.jpg?w=880&amp;ssl=1 880w, https:\/\/i0.wp.com\/lahoradelcampo.com.uy\/site\/wp-content\/uploads\/2024\/04\/Carlos-Borghi.jpg?resize=300%2C150&amp;ssl=1 300w, https:\/\/i0.wp.com\/lahoradelcampo.com.uy\/site\/wp-content\/uploads\/2024\/04\/Carlos-Borghi.jpg?resize=768%2C384&amp;ssl=1 768w, https:\/\/i0.wp.com\/lahoradelcampo.com.uy\/site\/wp-content\/uploads\/2024\/04\/Carlos-Borghi.jpg?resize=820%2C410&amp;ssl=1 820w\" sizes=\"auto, (max-width: 810px) 100vw, 810px\" \/><\/a><\/figure>\n\n\n\n<p>En el norte del pa\u00eds, Artigas, Salto y Paysand\u00fa, se ha comenzado a escuchar varios comentarios sobre los impactos negativos sobre los cultivos de ma\u00edz, por \u00abel ataque de la chicharrita\u00bb seg\u00fan mencionaron algunos productores. En un caso puntual en la zona de Talas de Itapeb\u00ed en Salto, un productor se\u00f1al\u00f3 que tras la visita de varios t\u00e9cnicos las expectativas de rendimientos han disminuido hasta un 60% y se adjudica esta situaci\u00f3n a la siroplasmosis transmitida por el insecto.<\/p>\n\n\n\n<p>Carlos Borghi, integrante de la firma Agrofuturo, dijo que la siroplasmosis en los cultivos de ma\u00edz, transmitida por una chicharrita, ha generado alarmantes consecuencias en las cosechas del cereal. Borghi explic\u00f3 que la siroplasmosis es transmitida por un hem\u00edptero, perteneciente a la familia de las chinches y chicharras. Aunque diminuto, este insecto puede resultar devastador para los cultivos de ma\u00edz. \u00abEn el cultivo ten\u00e9s que caminar y y se ve como una mosquita blanca que vuela y cuando para, ah\u00ed reci\u00e9n pod\u00e9s percibirla\u00bb dijo. Se alimenta de la savia de las plantas, propagando as\u00ed un complejo de virus que debilita y reduce el rendimiento de los cultivos.<\/p>\n\n\n\n<p>El ciclo de vida de este insecto dura aproximadamente entre 18 y 20 d\u00edas, durante los cuales una hembra puede poner hasta 500 huevos. La r\u00e1pida propagaci\u00f3n de la plaga est\u00e1 influenciada por las condiciones clim\u00e1ticas, siendo las temperaturas un factor determinante.<\/p>\n\n\n\n<p>Los s\u00edntomas m\u00e1s evidentes de la siroplasmosis incluyen el raquitismo de las plantas y la desincronizaci\u00f3n fisiol\u00f3gica, que resulta en una producci\u00f3n anormal de espigas de ma\u00edz. En el caso del \u00abvirus llamado espiroplasma\u00bb, la consecuencia directa es que \u00abla planta no crece, detiene su crecimiento y por lo tanto no sale la espiga directamente\u00bb dijo el profesional, quien agreg\u00f3 que a las plantas que las afecta con una desincronizaci\u00f3n fisiol\u00f3gica, \u00ablo que se ve en el campo, son plantas de ma\u00edz con 4, 5, 6 y hasta ocho espigas, que despu\u00e9s no dan grano\u00bb. Esta situaci\u00f3n conlleva a una dr\u00e1stica reducci\u00f3n en la producci\u00f3n de granos, afectando significativamente el rendimiento esperado.<\/p>\n\n\n\n<p>Borghi se\u00f1al\u00f3 que, aunque los cultivos de ma\u00edz de primera no se vieron tan afectados este a\u00f1o debido a las condiciones clim\u00e1ticas, los de segunda s\u00ed sufrieron graves da\u00f1os. Explic\u00f3 que los da\u00f1os principales se dan en las etapas vegetativas, donde es pr\u00e1cticamente invisible el da\u00f1o, que luego si se puede observar claramente en la etapa reproductiva de la planta. Este a\u00f1o se dio que \u00abestas poblaciones se multiplicaron en los ma\u00edces de primera y toda esa carga de insectos infectados afectaron la fase temprana de los ma\u00edces de segunda\u00bb dijo Borghi.<\/p>\n\n\n\n<p>En cuanto a las medidas de control, Borghi mencion\u00f3 la importancia del manejo integrado, que incluye tratamientos de semillas con insecticidas durante la fase temprana de implantaci\u00f3n. Sin embargo, se\u00f1al\u00f3 que a\u00fan falta validar la efectividad de ciertos m\u00e9todos de control qu\u00edmico. Respecto a la elecci\u00f3n de la gen\u00e9tica del cultivo, indic\u00f3 que \u00abes algo m\u00e1s lento y una soluci\u00f3n a largo plazo\u00bb, el profesional se\u00f1al\u00f3 que \u00abtodos los h\u00edbridos del mercado hoy, no creo que haya alguno con tolerancia absoluta, puede haber algunos m\u00e1s tolerantes o no, eso no lo tenemos comprobado, ni validado\u00bb, por lo que seguramente esta herramienta ser\u00e1 una opci\u00f3n, pero a largo y mediano plazo.<\/p>\n\n\n\n<p>Para enfrentar esta amenaza, el a\u00f1o que viene, Borghi recomienda la siembra del cultivo de primera \u00abcon temperaturas que no favorezcan el desarrollo de estas poblaciones de insectos\u00bb y la rotaci\u00f3n con otros cultivos como el sorgo. Al finalizar enfatiz\u00f3 la importancia de evitar la escalonizaci\u00f3n en las siembras y evaluar la utilizaci\u00f3n de h\u00edbridos m\u00e1s tolerantes a la plaga, cuando los mismos est\u00e9n disponibles.<\/p>\n\n\n\n<p>Salto, 17 de abril de 2024<\/p>\n","protected":false},"excerpt":{"rendered":"<p>En el norte del pa\u00eds, Artigas, Salto y Paysand\u00fa, se ha comenzado a escuchar varios comentarios sobre los impactos negativos sobre los cultivos de ma\u00edz, por \u00abel ataque de la [&hellip;]<\/p>\n","protected":false},"author":5,"featured_media":53786,"comment_status":"open","ping_status":"open","sticky":false,"template":"","format":"standard","meta":{"_price":"","_stock":"","_tribe_ticket_header":"","_tribe_default_ticket_provider":"","_tribe_ticket_capacity":"0","_ticket_start_date":"","_ticket_end_date":"","_tribe_ticket_show_description":"","_tribe_ticket_show_not_going":false,"_tribe_ticket_use_global_stock":"","_tribe_ticket_global_stock_level":"","_global_stock_mode":"","_global_stock_cap":"","_tribe_rsvp_for_event":"","_tribe_ticket_going_count":"","_tribe_ticket_not_going_count":"","_tribe_tickets_list":"[]","_tribe_ticket_has_attendee_info_fields":false,"h5ap_radio_sources":[],"_jetpack_newsletter_access":"","_jetpack_dont_email_post_to_subs":false,"_jetpack_newsletter_tier_id":0,"_jetpack_memberships_contains_paywalled_content":false,"_jetpack_memberships_contains_paid_content":false,"footnotes":""},"categories":[21,7],"tags":[],"class_list":["post-53785","post","type-post","status-publish","format-standard","has-post-thumbnail","hentry","category-actualidad","category-agricultura"],"jetpack_featured_media_url":"https:\/\/i0.wp.com\/lahoradelcampo.com.uy\/site\/wp-content\/uploads\/2024\/04\/Carlos-Borghi.jpg?fit=880%2C440&ssl=1","jetpack_sharing_enabled":true,"jetpack_shortlink":"https:\/\/wp.me\/p99IaT-dZv","jetpack-related-posts":[{"id":55104,"url":"https:\/\/lahoradelcampo.com.uy\/site\/el-norte-con-problemas-de-fusarium-en-el-trigo-y-el-maiz-solo-se-sembro-de-primera\/","url_meta":{"origin":53785,"position":0},"title":"El norte con problemas de fusarium en el trigo y el ma\u00edz solo se sembr\u00f3 de primera","author":"La Hora del Campo","date":"12 noviembre, 2024","format":false,"excerpt":"La secuencia de precipitaciones que se han venido registrando en esta primavera, se han convertido en un dolor de cabeza para muchos agricultores, mientras que para los ganaderos es toda una bendici\u00f3n.El Ing. Mart\u00edn C\u00f3rdoba de Cooperativa Calsal, dijo que los cultivos de invierno \"arrancaron muy bien, con buenas implantaciones\u2026","rel":"","context":"En \u00abActualidad\u00bb","block_context":{"text":"Actualidad","link":"https:\/\/lahoradelcampo.com.uy\/site\/category\/actualidad\/"},"img":{"alt_text":"","src":"https:\/\/i0.wp.com\/lahoradelcampo.com.uy\/site\/wp-content\/uploads\/2024\/11\/MartinCordoba-calsal.jpg?fit=880%2C440&ssl=1&resize=350%2C200","width":350,"height":200,"srcset":"https:\/\/i0.wp.com\/lahoradelcampo.com.uy\/site\/wp-content\/uploads\/2024\/11\/MartinCordoba-calsal.jpg?fit=880%2C440&ssl=1&resize=350%2C200 1x, https:\/\/i0.wp.com\/lahoradelcampo.com.uy\/site\/wp-content\/uploads\/2024\/11\/MartinCordoba-calsal.jpg?fit=880%2C440&ssl=1&resize=525%2C300 1.5x, https:\/\/i0.wp.com\/lahoradelcampo.com.uy\/site\/wp-content\/uploads\/2024\/11\/MartinCordoba-calsal.jpg?fit=880%2C440&ssl=1&resize=700%2C400 2x"},"classes":[]},{"id":55403,"url":"https:\/\/lahoradelcampo.com.uy\/site\/los-maices-de-primera-vienen-bien-y-el-area-de-segunda-cayo-en-el-litoral-norte\/","url_meta":{"origin":53785,"position":1},"title":"Los ma\u00edces de primera vienen bien y el \u00e1rea de segunda cay\u00f3 en el litoral norte","author":"La Hora del Campo","date":"7 enero, 2025","format":false,"excerpt":"Luego del resultado de los ma\u00edces en la zafra pasada, debido a la problem\u00e1tica causada por la chicharrita, este a\u00f1o el cultivo de primera viene con un potencial de desarrollo muy importante en el litoral norte del pa\u00eds y perspectivas de rendimientos altos. Sin embargo, el \u00e1rea de segunda se\u2026","rel":"","context":"En \u00abActualidad\u00bb","block_context":{"text":"Actualidad","link":"https:\/\/lahoradelcampo.com.uy\/site\/category\/actualidad\/"},"img":{"alt_text":"","src":"https:\/\/i0.wp.com\/lahoradelcampo.com.uy\/site\/wp-content\/uploads\/2020\/07\/Maizweb.jpg?fit=880%2C440&ssl=1&resize=350%2C200","width":350,"height":200,"srcset":"https:\/\/i0.wp.com\/lahoradelcampo.com.uy\/site\/wp-content\/uploads\/2020\/07\/Maizweb.jpg?fit=880%2C440&ssl=1&resize=350%2C200 1x, https:\/\/i0.wp.com\/lahoradelcampo.com.uy\/site\/wp-content\/uploads\/2020\/07\/Maizweb.jpg?fit=880%2C440&ssl=1&resize=525%2C300 1.5x, https:\/\/i0.wp.com\/lahoradelcampo.com.uy\/site\/wp-content\/uploads\/2020\/07\/Maizweb.jpg?fit=880%2C440&ssl=1&resize=700%2C400 2x"},"classes":[]},{"id":56651,"url":"https:\/\/lahoradelcampo.com.uy\/site\/inia-presento-resultados-del-primer-ano-de-la-red-de-monitoreo-de-la-chicharrita-del-maiz\/","url_meta":{"origin":53785,"position":2},"title":"INIA present\u00f3 resultados del primer a\u00f1o de la Red de Monitoreo de la chicharrita del ma\u00edz","author":"La Hora del Campo","date":"1 septiembre, 2025","format":false,"excerpt":"El martes 26 de agosto de 2025, en el anfiteatro de INIA Salto Grande, se desarroll\u00f3 la jornada titulada \"A un a\u00f1o del inicio de la Red Uruguaya de Monitoreo de Chicharrita: \u00bfQu\u00e9 hemos aprendido? \u00bfCu\u00e1les son los desaf\u00edos futuros?\". En ese marco, el Ing. Agr. Nicol\u00e1s Baraibar, t\u00e9cnico de\u2026","rel":"","context":"En \u00abActualidad\u00bb","block_context":{"text":"Actualidad","link":"https:\/\/lahoradelcampo.com.uy\/site\/category\/actualidad\/"},"img":{"alt_text":"","src":"https:\/\/i0.wp.com\/lahoradelcampo.com.uy\/site\/wp-content\/uploads\/2025\/09\/Nicolas-Baraibar.jpg?fit=880%2C440&ssl=1&resize=350%2C200","width":350,"height":200,"srcset":"https:\/\/i0.wp.com\/lahoradelcampo.com.uy\/site\/wp-content\/uploads\/2025\/09\/Nicolas-Baraibar.jpg?fit=880%2C440&ssl=1&resize=350%2C200 1x, https:\/\/i0.wp.com\/lahoradelcampo.com.uy\/site\/wp-content\/uploads\/2025\/09\/Nicolas-Baraibar.jpg?fit=880%2C440&ssl=1&resize=525%2C300 1.5x, https:\/\/i0.wp.com\/lahoradelcampo.com.uy\/site\/wp-content\/uploads\/2025\/09\/Nicolas-Baraibar.jpg?fit=880%2C440&ssl=1&resize=700%2C400 2x"},"classes":[]},{"id":54020,"url":"https:\/\/lahoradelcampo.com.uy\/site\/achaparramiento-del-maiz-inia-presento-estrategias-de-control-en-el-norte-del-pais\/","url_meta":{"origin":53785,"position":3},"title":"Achaparramiento del ma\u00edz: \u00abINIA present\u00f3 estrategias de control en el norte del pa\u00eds\u00bb","author":"La Hora del Campo","date":"23 julio, 2024","format":false,"excerpt":"El Instituto Nacional de Investigaci\u00f3n Agropecuaria (INIA) realiz\u00f3 la pasada semana, una jornada denominada \"Ma\u00edz y Soja: Manejo de la 'Chicharrita' y control de malezas problema\", en el sal\u00f3n de la Asociaci\u00f3n Agropecuaria de Salto (A.A.S.). Dada la relevancia de la tem\u00e1tica y la problem\u00e1tica de la \"chicharrita\" en los\u2026","rel":"","context":"En \u00abActualidad\u00bb","block_context":{"text":"Actualidad","link":"https:\/\/lahoradelcampo.com.uy\/site\/category\/actualidad\/"},"img":{"alt_text":"","src":"https:\/\/i0.wp.com\/lahoradelcampo.com.uy\/site\/wp-content\/uploads\/2024\/07\/INIA-XimenaCibils.jpg?fit=880%2C440&ssl=1&resize=350%2C200","width":350,"height":200,"srcset":"https:\/\/i0.wp.com\/lahoradelcampo.com.uy\/site\/wp-content\/uploads\/2024\/07\/INIA-XimenaCibils.jpg?fit=880%2C440&ssl=1&resize=350%2C200 1x, https:\/\/i0.wp.com\/lahoradelcampo.com.uy\/site\/wp-content\/uploads\/2024\/07\/INIA-XimenaCibils.jpg?fit=880%2C440&ssl=1&resize=525%2C300 1.5x, https:\/\/i0.wp.com\/lahoradelcampo.com.uy\/site\/wp-content\/uploads\/2024\/07\/INIA-XimenaCibils.jpg?fit=880%2C440&ssl=1&resize=700%2C400 2x"},"classes":[]},{"id":56004,"url":"https:\/\/lahoradelcampo.com.uy\/site\/sojas-afectadas-por-las-olas-de-calor-rendiran-de-2-000-kilos-por-hectarea\/","url_meta":{"origin":53785,"position":4},"title":"Sojas afectadas por las olas de calor rendir\u00e1n de 2.000 kilos por hect\u00e1rea","author":"La Hora del Campo","date":"28 abril, 2025","format":false,"excerpt":"Comenz\u00f3 la cosecha de soja en el norte, con rendimientos que reflejaran el impacto de las olas de calor en el verano. El Ing. Agr. \u00c1lvaro Mazzilli de Agrocentro Salto, indic\u00f3 que la irregularidad en los rendimientos esperados, se debe a las condiciones clim\u00e1ticas adversas que atravesaron los cultivos, con\u2026","rel":"","context":"En \u00abActualidad\u00bb","block_context":{"text":"Actualidad","link":"https:\/\/lahoradelcampo.com.uy\/site\/category\/actualidad\/"},"img":{"alt_text":"","src":"https:\/\/i0.wp.com\/lahoradelcampo.com.uy\/site\/wp-content\/uploads\/2025\/04\/AlvaroMazzilli-1.jpg?fit=880%2C440&ssl=1&resize=350%2C200","width":350,"height":200,"srcset":"https:\/\/i0.wp.com\/lahoradelcampo.com.uy\/site\/wp-content\/uploads\/2025\/04\/AlvaroMazzilli-1.jpg?fit=880%2C440&ssl=1&resize=350%2C200 1x, https:\/\/i0.wp.com\/lahoradelcampo.com.uy\/site\/wp-content\/uploads\/2025\/04\/AlvaroMazzilli-1.jpg?fit=880%2C440&ssl=1&resize=525%2C300 1.5x, https:\/\/i0.wp.com\/lahoradelcampo.com.uy\/site\/wp-content\/uploads\/2025\/04\/AlvaroMazzilli-1.jpg?fit=880%2C440&ssl=1&resize=700%2C400 2x"},"classes":[]},{"id":53973,"url":"https:\/\/lahoradelcampo.com.uy\/site\/inia-insta-a-controlar-el-maiz-guacho-para-prevenir-el-achaparramiento\/","url_meta":{"origin":53785,"position":5},"title":"INIA insta a controlar el ma\u00edz \u00abguacho\u00bb","author":"La Hora del Campo","date":"18 junio, 2024","format":false,"excerpt":"El Instituto Nacional de Investigaci\u00f3n Agropecuaria (INIA) ha emitido una recomendaci\u00f3n urgente para los productores de ma\u00edz en Uruguay: controlar el ma\u00edz \u201cguacho\u201d o \u201cvoluntario\u201d para evitar la proliferaci\u00f3n de la chicharrita del ma\u00edz, vector del achaparramiento, una enfermedad que amenaza los cultivos. Seg\u00fan un comunicado t\u00e9cnico firmado por los\u2026","rel":"","context":"En \u00abActualidad\u00bb","block_context":{"text":"Actualidad","link":"https:\/\/lahoradelcampo.com.uy\/site\/category\/actualidad\/"},"img":{"alt_text":"","src":"https:\/\/i0.wp.com\/lahoradelcampo.com.uy\/site\/wp-content\/uploads\/2024\/06\/Chicharra-maiz.jpg?fit=880%2C440&ssl=1&resize=350%2C200","width":350,"height":200,"srcset":"https:\/\/i0.wp.com\/lahoradelcampo.com.uy\/site\/wp-content\/uploads\/2024\/06\/Chicharra-maiz.jpg?fit=880%2C440&ssl=1&resize=350%2C200 1x, https:\/\/i0.wp.com\/lahoradelcampo.com.uy\/site\/wp-content\/uploads\/2024\/06\/Chicharra-maiz.jpg?fit=880%2C440&ssl=1&resize=525%2C300 1.5x, https:\/\/i0.wp.com\/lahoradelcampo.com.uy\/site\/wp-content\/uploads\/2024\/06\/Chicharra-maiz.jpg?fit=880%2C440&ssl=1&resize=700%2C400 2x"},"classes":[]}],"jetpack_likes_enabled":true,"_links":{"self":[{"href":"https:\/\/lahoradelcampo.com.uy\/site\/wp-json\/wp\/v2\/posts\/53785","targetHints":{"allow":["GET"]}}],"collection":[{"href":"https:\/\/lahoradelcampo.com.uy\/site\/wp-json\/wp\/v2\/posts"}],"about":[{"href":"https:\/\/lahoradelcampo.com.uy\/site\/wp-json\/wp\/v2\/types\/post"}],"author":[{"embeddable":true,"href":"https:\/\/lahoradelcampo.com.uy\/site\/wp-json\/wp\/v2\/users\/5"}],"replies":[{"embeddable":true,"href":"https:\/\/lahoradelcampo.com.uy\/site\/wp-json\/wp\/v2\/comments?post=53785"}],"version-history":[{"count":1,"href":"https:\/\/lahoradelcampo.com.uy\/site\/wp-json\/wp\/v2\/posts\/53785\/revisions"}],"predecessor-version":[{"id":53787,"href":"https:\/\/lahoradelcampo.com.uy\/site\/wp-json\/wp\/v2\/posts\/53785\/revisions\/53787"}],"wp:featuredmedia":[{"embeddable":true,"href":"https:\/\/lahoradelcampo.com.uy\/site\/wp-json\/wp\/v2\/media\/53786"}],"wp:attachment":[{"href":"https:\/\/lahoradelcampo.com.uy\/site\/wp-json\/wp\/v2\/media?parent=53785"}],"wp:term":[{"taxonomy":"category","embeddable":true,"href":"https:\/\/lahoradelcampo.com.uy\/site\/wp-json\/wp\/v2\/categories?post=53785"},{"taxonomy":"post_tag","embeddable":true,"href":"https:\/\/lahoradelcampo.com.uy\/site\/wp-json\/wp\/v2\/tags?post=53785"}],"curies":[{"name":"wp","href":"https:\/\/api.w.org\/{rel}","templated":true}]}}