{"id":53776,"date":"2024-04-17T09:19:40","date_gmt":"2024-04-17T12:19:40","guid":{"rendered":"http:\/\/lahoradelcampo.com.uy\/site\/?p=53776"},"modified":"2024-04-17T09:19:41","modified_gmt":"2024-04-17T12:19:41","slug":"el-dr-guillermo-mattioli-resalto-la-importancia-de-los-minerales-en-las-recrias-vacunas","status":"publish","type":"post","link":"https:\/\/lahoradelcampo.com.uy\/site\/el-dr-guillermo-mattioli-resalto-la-importancia-de-los-minerales-en-las-recrias-vacunas\/","title":{"rendered":"El Dr. Guillermo Mattioli resalt\u00f3 la importancia de los minerales en las recr\u00edas vacunas"},"content":{"rendered":"\n<figure class=\"wp-block-image size-full\"><a href=\"https:\/\/i0.wp.com\/lahoradelcampo.com.uy\/site\/wp-content\/uploads\/2024\/04\/Dr-Guillermo-Mattioli.jpg\"><img data-recalc-dims=\"1\" loading=\"lazy\" decoding=\"async\" width=\"810\" height=\"405\" data-attachment-id=\"53777\" data-permalink=\"https:\/\/lahoradelcampo.com.uy\/site\/el-dr-guillermo-mattioli-resalto-la-importancia-de-los-minerales-en-las-recrias-vacunas\/dr-guillermo-mattioli\/\" data-orig-file=\"https:\/\/i0.wp.com\/lahoradelcampo.com.uy\/site\/wp-content\/uploads\/2024\/04\/Dr-Guillermo-Mattioli.jpg?fit=880%2C440&amp;ssl=1\" data-orig-size=\"880,440\" data-comments-opened=\"1\" data-image-meta=\"{&quot;aperture&quot;:&quot;0&quot;,&quot;credit&quot;:&quot;&quot;,&quot;camera&quot;:&quot;&quot;,&quot;caption&quot;:&quot;&quot;,&quot;created_timestamp&quot;:&quot;0&quot;,&quot;copyright&quot;:&quot;&quot;,&quot;focal_length&quot;:&quot;0&quot;,&quot;iso&quot;:&quot;0&quot;,&quot;shutter_speed&quot;:&quot;0&quot;,&quot;title&quot;:&quot;&quot;,&quot;orientation&quot;:&quot;1&quot;}\" data-image-title=\"Dr-Guillermo-Mattioli\" data-image-description=\"\" data-image-caption=\"\" data-large-file=\"https:\/\/i0.wp.com\/lahoradelcampo.com.uy\/site\/wp-content\/uploads\/2024\/04\/Dr-Guillermo-Mattioli.jpg?fit=810%2C405&amp;ssl=1\" src=\"https:\/\/i0.wp.com\/lahoradelcampo.com.uy\/site\/wp-content\/uploads\/2024\/04\/Dr-Guillermo-Mattioli.jpg?resize=810%2C405\" alt=\"\" class=\"wp-image-53777\" srcset=\"https:\/\/i0.wp.com\/lahoradelcampo.com.uy\/site\/wp-content\/uploads\/2024\/04\/Dr-Guillermo-Mattioli.jpg?w=880&amp;ssl=1 880w, https:\/\/i0.wp.com\/lahoradelcampo.com.uy\/site\/wp-content\/uploads\/2024\/04\/Dr-Guillermo-Mattioli.jpg?resize=300%2C150&amp;ssl=1 300w, https:\/\/i0.wp.com\/lahoradelcampo.com.uy\/site\/wp-content\/uploads\/2024\/04\/Dr-Guillermo-Mattioli.jpg?resize=768%2C384&amp;ssl=1 768w, https:\/\/i0.wp.com\/lahoradelcampo.com.uy\/site\/wp-content\/uploads\/2024\/04\/Dr-Guillermo-Mattioli.jpg?resize=820%2C410&amp;ssl=1 820w\" sizes=\"auto, (max-width: 810px) 100vw, 810px\" \/><\/a><\/figure>\n\n\n\n<p>En la reciente jornada desarrollada por Veterinaria Bortagaray en Salto, el Dr. Guillermo Mattioli, veterinario y docente de la Universidad Austral, de Argentina, abord\u00f3 temas cruciales sobre la nutrici\u00f3n vitam\u00ednica y mineral en las recr\u00edas vacunas. <\/p>\n\n\n\n<p>Seg\u00fan el profesional, \u00ablas carencias minerales son hijas de la comida\u00bb. En este sentido dijo que tradicionalmente los productores est\u00e1n acostumbrados a \u00abimaginar que por ah\u00ed faltaban vitaminas y minerales cuando faltaba comida, pero es al rev\u00e9s\u00bb afirm\u00f3. Mattioli enfatiz\u00f3 que las deficiencias minerales pueden manifestarse de diversas maneras, desde mermas en la producci\u00f3n hasta problemas de salud reproductiva en el ganado.<\/p>\n\n\n\n<p>Una de las principales ideas que el veterinario destac\u00f3 fue que \u00abcuando hay comida, los animales de alta gen\u00e9tica expresan su potencial gen\u00e9tico, pero necesitan insumos como vitaminas y minerales para hacerlo\u00bb. Sin una adecuada nutrici\u00f3n, incluso los animales de alta gen\u00e9tica pueden enfrentar limitaciones en su crecimiento y producci\u00f3n.<\/p>\n\n\n\n<p>El Dr. Mattioli tambi\u00e9n advirti\u00f3 sobre los efectos de las deficiencias minerales en etapas tempranas de la vida del ganado, se\u00f1alando que \u00ablas carencias minerales pueden provocar mermas en la producci\u00f3n, en la calidad de la carne y en la fertilidad de las hembras\u00bb. Esta advertencia destaca la necesidad de abordar las deficiencias nutricionales de manera proactiva, especialmente durante la etapa de recr\u00eda, para evitar p\u00e9rdidas econ\u00f3micas y maximizar el potencial del ganado.<\/p>\n\n\n\n<p>El profesional se\u00f1al\u00f3 que es \u00abmuy com\u00fan\u00bb recibir consultas de los productores cuando \u00abest\u00e1s a punto de iniciar un servicio, ten\u00e9s peso, ten\u00e9s condici\u00f3n corporal, pero la hembrita no quiere ciclar\u00bb. En este sentido indic\u00f3 que la hembra tiene dos momentos importantes de estr\u00e9s, \u00abuno es el destete y el otro el momento del servicio\u00bb. Mattioli dijo que son momentos \u00abcruciales en la vida del ganado y requieren una atenci\u00f3n especial en cuanto a su nutrici\u00f3n\u00bb. Durante estos per\u00edodos, los animales pueden experimentar una mayor demanda de nutrientes para mantener su salud y rendimiento. Es aqu\u00ed donde la suplementaci\u00f3n con vitaminas y minerales juega un papel vital.<\/p>\n\n\n\n<p>El veterinario destac\u00f3 que \u00abla suplementaci\u00f3n mineral debe ser permanente, incluso en condiciones donde la pastura sea abundante\u00bb. Mattioli enfatiz\u00f3 que, aunque el pasto puede proporcionar energ\u00eda y prote\u00ednas, la cantidad de minerales en el suelo puede ser insuficiente para cubrir las necesidades del ganado, especialmente en momentos de crecimiento acelerado o estr\u00e9s.<\/p>\n\n\n\n<p>\u00abCuando hay m\u00e1s pasto, hay m\u00e1s energ\u00eda y prote\u00edna, pero los minerales en el pasto provienen del suelo\u00bb, explic\u00f3 el Dr. Mattioli. \u00abA medida que aumenta la cantidad de pasto, los minerales se diluyen, lo que puede conducir a deficiencias incluso en pasturas aparentemente ricas\u00bb.<\/p>\n\n\n\n<p>\u00abEs fundamental comprender que las deficiencias minerales pueden tener un impacto significativo en la salud y el rendimiento del ganado\u00bb, afirm\u00f3. \u00abEstas deficiencias no solo pueden afectar la producci\u00f3n de carne y la calidad de la misma, sino que tambi\u00e9n pueden comprometer la fertilidad, la inmunidad y el bienestar general del animal\u00bb.<\/p>\n\n\n\n<p>El Dr. Mattioli enfatiz\u00f3 que \u00ablas deficiencias minerales no solo causan p\u00e9rdidas de peso inmediatas, sino que tambi\u00e9n pueden tener efectos a largo plazo en la conformaci\u00f3n del m\u00fasculo y la calidad de la carne\u00bb. En ese sentido dijo que \u00ablos que m\u00e1s saben de fabricar las mejores carnes argentinas, al menos lo que ellos me han ense\u00f1ado a m\u00ed, es que el gran secreto es hacer una buena recr\u00eda es hacerla pareja. Vos estableces cu\u00e1ntos gramos tiene que ganar por d\u00eda, pero si te descuidas y se lastima el tejido, despu\u00e9s lo pag\u00e1s en menor cantidad de carne, calidad de carne, o se engrasa mal o ya no va a tener ni el gusto ni la terneza que vos esperabas de ese animal\u00bb.<\/p>\n\n\n\n<p>Explic\u00f3 que \u00abcuando vos decid\u00eds que el ganado en la recr\u00eda va a ganar 200 gramos por d\u00eda, 500 o un kilo por d\u00eda, ah\u00ed te est\u00e1s jugando los requerimientos. Vos estableces de manera muy sencilla energ\u00eda y prote\u00edna como la base de una pir\u00e1mide y la punta de esa pir\u00e1mide son macro micro minerales y vitaminas y eso lo ten\u00e9s que aportar y si lo aport\u00e1s un cachito de m\u00e1s no importa\u00bb.<\/p>\n\n\n\n<p>Pero enfatiz\u00f3 que \u00abla carencia de cualquiera de esos componentes te juega muy en contra y adem\u00e1s sin que vos te des cuenta lo vas a pagar en serio, en calidad de carne, lo vas a pagar en fertilidad, lo vas a pagar en inmunidad\u00bb.<\/p>\n\n\n\n<p>Mattioli ejemplariz\u00f3 con la falta de cobre en el ganado, para cuantificar las p\u00e9rdidas, \u00aben el caso del cobre, cuando la carencia es severa, o sea, primero se agota la reserva en el h\u00edgado y despu\u00e9s te aparece una carencia severa en sangre, una vez que llegaste ah\u00ed, antes de cualquier manifestaci\u00f3n cl\u00ednica, antes de que pierda la calidad del pelo, antes que aparezcan anteojeras, empezaste a no ganar de 5 a 10 kilos por mes\u00bb y enfatiz\u00f3 que \u00abesa no es la peor noticia\u00bb.<\/p>\n\n\n\n<p>\u00abLa peor noticia es que eso que se perdi\u00f3, ya se da\u00f1\u00f3 la conformaci\u00f3n de ese m\u00fasculo, ya condicion\u00f3 la calidad de carne y eso tampoco es lo peor\u00bb dijo el veterinario, qui\u00e9n indic\u00f3 que cuando ocurre este problema en una hembra, la misma \u00abdeja dentro de su sistema nervioso anotado que tuvo una carencia. Entonces despu\u00e9s, cuando llega el momento de arriesgarse a un desaf\u00edo, como es un cr\u00e9dito nueve meses, a una gestaci\u00f3n, dice voy a esperar un mes m\u00e1s y ah\u00ed te aparece esa vaquita que no te ciclo y es repetidora en una IATF\u00bb.<\/p>\n\n\n\n<p>Para concluir, el Dr. Guillermo Mattioli hizo un llamado a la acci\u00f3n para que los productores adopten pr\u00e1cticas de manejo nutricional que incluyan una suplementaci\u00f3n mineral constante y adecuada. \u00abEs crucial mantener un suministro equilibrado de minerales y vitaminas para garantizar el \u00f3ptimo desarrollo y desempe\u00f1o del ganado en todas las etapas de su vida\u00bb, enfatiz\u00f3.<\/p>\n\n\n\n<p>Salto, 17 de abril de 2024<\/p>\n","protected":false},"excerpt":{"rendered":"<p>En la reciente jornada desarrollada por Veterinaria Bortagaray en Salto, el Dr. Guillermo Mattioli, veterinario y docente de la Universidad Austral, de Argentina, abord\u00f3 temas cruciales sobre la nutrici\u00f3n vitam\u00ednica [&hellip;]<\/p>\n","protected":false},"author":5,"featured_media":53777,"comment_status":"open","ping_status":"open","sticky":false,"template":"","format":"standard","meta":{"_price":"","_stock":"","_tribe_ticket_header":"","_tribe_default_ticket_provider":"","_tribe_ticket_capacity":"0","_ticket_start_date":"","_ticket_end_date":"","_tribe_ticket_show_description":"","_tribe_ticket_show_not_going":false,"_tribe_ticket_use_global_stock":"","_tribe_ticket_global_stock_level":"","_global_stock_mode":"","_global_stock_cap":"","_tribe_rsvp_for_event":"","_tribe_ticket_going_count":"","_tribe_ticket_not_going_count":"","_tribe_tickets_list":"[]","_tribe_ticket_has_attendee_info_fields":false,"h5ap_radio_sources":[],"_jetpack_newsletter_access":"","_jetpack_dont_email_post_to_subs":false,"_jetpack_newsletter_tier_id":0,"_jetpack_memberships_contains_paywalled_content":false,"_jetpack_memberships_contains_paid_content":false,"footnotes":""},"categories":[21,5],"tags":[],"class_list":["post-53776","post","type-post","status-publish","format-standard","has-post-thumbnail","hentry","category-actualidad","category-ganaderia"],"jetpack_featured_media_url":"https:\/\/i0.wp.com\/lahoradelcampo.com.uy\/site\/wp-content\/uploads\/2024\/04\/Dr-Guillermo-Mattioli.jpg?fit=880%2C440&ssl=1","jetpack_sharing_enabled":true,"jetpack_shortlink":"https:\/\/wp.me\/p99IaT-dZm","jetpack-related-posts":[{"id":53954,"url":"https:\/\/lahoradelcampo.com.uy\/site\/somos-millonarios-que-vivimos-como-pobres\/","url_meta":{"origin":53776,"position":0},"title":"\u00abSomos millonarios que vivimos como pobres\u00bb","author":"La Hora del Campo","date":"11 junio, 2024","format":false,"excerpt":"El Dr. Guillermo Mattioli, m\u00e9dico veterinario de la Universidad de La Plata, de la Rep\u00fablica Argentina, estuvo recientemente en Salto y la pasada semana en Paysand\u00fa, disertando sobre la necesidad de equilibrar la presencia de minerales en el rumen del vacuno, de manera de maximizar las ganancias en la ganader\u00eda.\u2026","rel":"","context":"En \u00abActualidad\u00bb","block_context":{"text":"Actualidad","link":"https:\/\/lahoradelcampo.com.uy\/site\/category\/actualidad\/"},"img":{"alt_text":"","src":"https:\/\/i0.wp.com\/lahoradelcampo.com.uy\/site\/wp-content\/uploads\/2024\/06\/guillermomattioli.jpg?fit=880%2C440&ssl=1&resize=350%2C200","width":350,"height":200,"srcset":"https:\/\/i0.wp.com\/lahoradelcampo.com.uy\/site\/wp-content\/uploads\/2024\/06\/guillermomattioli.jpg?fit=880%2C440&ssl=1&resize=350%2C200 1x, https:\/\/i0.wp.com\/lahoradelcampo.com.uy\/site\/wp-content\/uploads\/2024\/06\/guillermomattioli.jpg?fit=880%2C440&ssl=1&resize=525%2C300 1.5x, https:\/\/i0.wp.com\/lahoradelcampo.com.uy\/site\/wp-content\/uploads\/2024\/06\/guillermomattioli.jpg?fit=880%2C440&ssl=1&resize=700%2C400 2x"},"classes":[]},{"id":47005,"url":"https:\/\/lahoradelcampo.com.uy\/site\/este-es-el-momento-ideal-para-la-suplementacion-mineral\/","url_meta":{"origin":53776,"position":1},"title":"Este es el momento ideal para la suplementaci\u00f3n mineral","author":"La Hora del Campo","date":"16 noviembre, 2022","format":false,"excerpt":"La primavera y el verano son los momentos donde \u201cel retorno econ\u00f3mico de la suplementaci\u00f3n animal es positivo\u201d dijo el Dr. Rafael Carriquiry, t\u00e9cnico del Instituto Plan Agropecuario. Explico que \u201clos minerales son unos de los nutrientes esenciales en la dieta de los animales\u201d y en este sentido indic\u00f3 que\u2026","rel":"","context":"En \u00abActualidad\u00bb","block_context":{"text":"Actualidad","link":"https:\/\/lahoradelcampo.com.uy\/site\/category\/actualidad\/"},"img":{"alt_text":"","src":"https:\/\/i0.wp.com\/lahoradelcampo.com.uy\/site\/wp-content\/uploads\/2022\/11\/rafael-carriquiry.jpg?fit=880%2C440&ssl=1&resize=350%2C200","width":350,"height":200,"srcset":"https:\/\/i0.wp.com\/lahoradelcampo.com.uy\/site\/wp-content\/uploads\/2022\/11\/rafael-carriquiry.jpg?fit=880%2C440&ssl=1&resize=350%2C200 1x, https:\/\/i0.wp.com\/lahoradelcampo.com.uy\/site\/wp-content\/uploads\/2022\/11\/rafael-carriquiry.jpg?fit=880%2C440&ssl=1&resize=525%2C300 1.5x, https:\/\/i0.wp.com\/lahoradelcampo.com.uy\/site\/wp-content\/uploads\/2022\/11\/rafael-carriquiry.jpg?fit=880%2C440&ssl=1&resize=700%2C400 2x"},"classes":[]},{"id":50319,"url":"https:\/\/lahoradelcampo.com.uy\/site\/consejos-para-prevenir-enfermedades-en-vacas-prenadas-durante-el-diagnostico-de-gestacion\/","url_meta":{"origin":53776,"position":2},"title":"Consejos para prevenir enfermedades en vacas pre\u00f1adas durante el diagn\u00f3stico de gestaci\u00f3n","author":"La Hora del Campo","date":"10 mayo, 2023","format":false,"excerpt":"El Dr. Horacio Mederos, director t\u00e9cnico de Biog\u00e9nesis Bag\u00f3, recomend\u00f3 tomar medidas sanitarias al realizar el diagn\u00f3stico de gestaci\u00f3n en vacas de cr\u00eda para prevenir enfermedades infecciosas y combatir parasitosis. Esto ayudar\u00e1 a mantener la pre\u00f1ez hasta el nacimiento del ternero. Refuerzo de Vacunas Para prevenir abortos causados por leptospirosis,\u2026","rel":"","context":"En \u00abActualidad\u00bb","block_context":{"text":"Actualidad","link":"https:\/\/lahoradelcampo.com.uy\/site\/category\/actualidad\/"},"img":{"alt_text":"","src":"https:\/\/i0.wp.com\/lahoradelcampo.com.uy\/site\/wp-content\/uploads\/2023\/03\/Biogenesis-horacio.jpg?fit=880%2C440&ssl=1&resize=350%2C200","width":350,"height":200,"srcset":"https:\/\/i0.wp.com\/lahoradelcampo.com.uy\/site\/wp-content\/uploads\/2023\/03\/Biogenesis-horacio.jpg?fit=880%2C440&ssl=1&resize=350%2C200 1x, https:\/\/i0.wp.com\/lahoradelcampo.com.uy\/site\/wp-content\/uploads\/2023\/03\/Biogenesis-horacio.jpg?fit=880%2C440&ssl=1&resize=525%2C300 1.5x, https:\/\/i0.wp.com\/lahoradelcampo.com.uy\/site\/wp-content\/uploads\/2023\/03\/Biogenesis-horacio.jpg?fit=880%2C440&ssl=1&resize=700%2C400 2x"},"classes":[]},{"id":49972,"url":"https:\/\/lahoradelcampo.com.uy\/site\/arrospide-el-objetivo-trabajar-con-los-integrantes-de-la-cadena-para-mejorar-los-resultados\/","url_meta":{"origin":53776,"position":3},"title":"Biog\u00e9nesis Bag\u00f3: El objetivo es trabajar con la cadena productiva para mejorar los resultados","author":"La Hora del Campo","date":"16 abril, 2023","format":false,"excerpt":"El Laboratorio Biog\u00e9nesis Bag\u00f3 es una empresa l\u00edder en el mercado de la salud animal y tiene m\u00e1s de 80 a\u00f1os de trayectoria. Actualmente, el Dr. Ignacio Arrospide es el gerente comercial de la compa\u00f1\u00eda en Uruguay y ha asumido el desaf\u00edo de seguir creciendo en el pa\u00eds. Durante una\u2026","rel":"","context":"En \u00abActualidad\u00bb","block_context":{"text":"Actualidad","link":"https:\/\/lahoradelcampo.com.uy\/site\/category\/actualidad\/"},"img":{"alt_text":"","src":"https:\/\/i0.wp.com\/lahoradelcampo.com.uy\/site\/wp-content\/uploads\/2022\/09\/BIOGENESIS-t%C3%A9cnicos.jpg?fit=880%2C440&ssl=1&resize=350%2C200","width":350,"height":200,"srcset":"https:\/\/i0.wp.com\/lahoradelcampo.com.uy\/site\/wp-content\/uploads\/2022\/09\/BIOGENESIS-t%C3%A9cnicos.jpg?fit=880%2C440&ssl=1&resize=350%2C200 1x, https:\/\/i0.wp.com\/lahoradelcampo.com.uy\/site\/wp-content\/uploads\/2022\/09\/BIOGENESIS-t%C3%A9cnicos.jpg?fit=880%2C440&ssl=1&resize=525%2C300 1.5x, https:\/\/i0.wp.com\/lahoradelcampo.com.uy\/site\/wp-content\/uploads\/2022\/09\/BIOGENESIS-t%C3%A9cnicos.jpg?fit=880%2C440&ssl=1&resize=700%2C400 2x"},"classes":[]},{"id":42401,"url":"https:\/\/lahoradelcampo.com.uy\/site\/una-buen-sanidad-parasitaria-en-las-recrias-maximiza-las-ganancias-diarias\/","url_meta":{"origin":53776,"position":4},"title":"Una buena sanidad parasitaria en las recr\u00edas maximiza las ganancias diarias","author":"La Hora del Campo","date":"2 junio, 2022","format":false,"excerpt":"Poniendo foco en las recr\u00edas, una de las categor\u00edas m\u00e1s sensibles en este momento, es muy importante prestar atenci\u00f3n en la sanidad parasitaria para que esta problem\u00e1tica no incida negativamente en las ganancias diarias. El Dr. Juan Andr\u00e9s Garc\u00eda Pintos, integrante del equipo t\u00e9cnico de Biog\u00e9nesis Bag\u00f3, marc\u00f3 la importancia\u2026","rel":"","context":"En \u00abActualidad\u00bb","block_context":{"text":"Actualidad","link":"https:\/\/lahoradelcampo.com.uy\/site\/category\/actualidad\/"},"img":{"alt_text":"","src":"https:\/\/i0.wp.com\/lahoradelcampo.com.uy\/site\/wp-content\/uploads\/2022\/04\/Biogenesis-tachi.jpg?fit=880%2C440&ssl=1&resize=350%2C200","width":350,"height":200,"srcset":"https:\/\/i0.wp.com\/lahoradelcampo.com.uy\/site\/wp-content\/uploads\/2022\/04\/Biogenesis-tachi.jpg?fit=880%2C440&ssl=1&resize=350%2C200 1x, https:\/\/i0.wp.com\/lahoradelcampo.com.uy\/site\/wp-content\/uploads\/2022\/04\/Biogenesis-tachi.jpg?fit=880%2C440&ssl=1&resize=525%2C300 1.5x, https:\/\/i0.wp.com\/lahoradelcampo.com.uy\/site\/wp-content\/uploads\/2022\/04\/Biogenesis-tachi.jpg?fit=880%2C440&ssl=1&resize=700%2C400 2x"},"classes":[]},{"id":54011,"url":"https:\/\/lahoradelcampo.com.uy\/site\/biogenesis-bago-invita-al-primer-simposio-de-integracion-estrategica\/","url_meta":{"origin":53776,"position":5},"title":"Biog\u00e9nesis Bag\u00f3 invita al Primer Simposio de Integraci\u00f3n Estrat\u00e9gica","author":"La Hora del Campo","date":"22 julio, 2024","format":false,"excerpt":"La actividad se desarrollar\u00e1 el martes 23 de julio, desde la hora 9:30, en la Asociaci\u00f3n Rural de Florida, con destacados expertos locales e internacionales que se centrar\u00e1n en la reproducci\u00f3n y en la rentabilidad ganadera como ejes tem\u00e1ticos. Biog\u00e9nesis Bag\u00f3 invita al Primer Simposio de Integraci\u00f3n Estrat\u00e9gica, titulado \u201cImpacto\u2026","rel":"","context":"En \u00abActualidad\u00bb","block_context":{"text":"Actualidad","link":"https:\/\/lahoradelcampo.com.uy\/site\/category\/actualidad\/"},"img":{"alt_text":"","src":"https:\/\/i0.wp.com\/lahoradelcampo.com.uy\/site\/wp-content\/uploads\/2024\/07\/biogenesis-tachi1.jpg?fit=880%2C440&ssl=1&resize=350%2C200","width":350,"height":200,"srcset":"https:\/\/i0.wp.com\/lahoradelcampo.com.uy\/site\/wp-content\/uploads\/2024\/07\/biogenesis-tachi1.jpg?fit=880%2C440&ssl=1&resize=350%2C200 1x, https:\/\/i0.wp.com\/lahoradelcampo.com.uy\/site\/wp-content\/uploads\/2024\/07\/biogenesis-tachi1.jpg?fit=880%2C440&ssl=1&resize=525%2C300 1.5x, https:\/\/i0.wp.com\/lahoradelcampo.com.uy\/site\/wp-content\/uploads\/2024\/07\/biogenesis-tachi1.jpg?fit=880%2C440&ssl=1&resize=700%2C400 2x"},"classes":[]}],"jetpack_likes_enabled":true,"_links":{"self":[{"href":"https:\/\/lahoradelcampo.com.uy\/site\/wp-json\/wp\/v2\/posts\/53776","targetHints":{"allow":["GET"]}}],"collection":[{"href":"https:\/\/lahoradelcampo.com.uy\/site\/wp-json\/wp\/v2\/posts"}],"about":[{"href":"https:\/\/lahoradelcampo.com.uy\/site\/wp-json\/wp\/v2\/types\/post"}],"author":[{"embeddable":true,"href":"https:\/\/lahoradelcampo.com.uy\/site\/wp-json\/wp\/v2\/users\/5"}],"replies":[{"embeddable":true,"href":"https:\/\/lahoradelcampo.com.uy\/site\/wp-json\/wp\/v2\/comments?post=53776"}],"version-history":[{"count":1,"href":"https:\/\/lahoradelcampo.com.uy\/site\/wp-json\/wp\/v2\/posts\/53776\/revisions"}],"predecessor-version":[{"id":53778,"href":"https:\/\/lahoradelcampo.com.uy\/site\/wp-json\/wp\/v2\/posts\/53776\/revisions\/53778"}],"wp:featuredmedia":[{"embeddable":true,"href":"https:\/\/lahoradelcampo.com.uy\/site\/wp-json\/wp\/v2\/media\/53777"}],"wp:attachment":[{"href":"https:\/\/lahoradelcampo.com.uy\/site\/wp-json\/wp\/v2\/media?parent=53776"}],"wp:term":[{"taxonomy":"category","embeddable":true,"href":"https:\/\/lahoradelcampo.com.uy\/site\/wp-json\/wp\/v2\/categories?post=53776"},{"taxonomy":"post_tag","embeddable":true,"href":"https:\/\/lahoradelcampo.com.uy\/site\/wp-json\/wp\/v2\/tags?post=53776"}],"curies":[{"name":"wp","href":"https:\/\/api.w.org\/{rel}","templated":true}]}}