{"id":53773,"date":"2024-04-17T08:16:57","date_gmt":"2024-04-17T11:16:57","guid":{"rendered":"http:\/\/lahoradelcampo.com.uy\/site\/?p=53773"},"modified":"2024-04-18T10:59:50","modified_gmt":"2024-04-18T13:59:50","slug":"aumenta-la-oferta-de-citricos-en-el-mercado-mayorista-en-otono","status":"publish","type":"post","link":"https:\/\/lahoradelcampo.com.uy\/site\/aumenta-la-oferta-de-citricos-en-el-mercado-mayorista-en-otono\/","title":{"rendered":"Aumenta la oferta de c\u00edtricos en el mercado mayorista en oto\u00f1o"},"content":{"rendered":"\n<p>La llegada del oto\u00f1o trae consigo un incremento importante en la oferta de c\u00edtricos en la Unidad Agroalimentaria Metropolitana (UAM) durante la semana del 6 al 12 de abril de 2024. Limones, mandarinas, pomelos y naranjas se destacan en los pasillos de la UAM, pero esta abundancia no viene sin consecuencias.<\/p>\n\n\n\n<figure class=\"wp-block-image size-full\"><a href=\"https:\/\/i0.wp.com\/lahoradelcampo.com.uy\/site\/wp-content\/uploads\/2024\/04\/Citricos-UAM.jpg\"><img data-recalc-dims=\"1\" loading=\"lazy\" decoding=\"async\" width=\"810\" height=\"405\" data-attachment-id=\"53774\" data-permalink=\"https:\/\/lahoradelcampo.com.uy\/site\/aumenta-la-oferta-de-citricos-en-el-mercado-mayorista-en-otono\/citricos-uam\/\" data-orig-file=\"https:\/\/i0.wp.com\/lahoradelcampo.com.uy\/site\/wp-content\/uploads\/2024\/04\/Citricos-UAM.jpg?fit=880%2C440&amp;ssl=1\" data-orig-size=\"880,440\" data-comments-opened=\"1\" data-image-meta=\"{&quot;aperture&quot;:&quot;0&quot;,&quot;credit&quot;:&quot;&quot;,&quot;camera&quot;:&quot;&quot;,&quot;caption&quot;:&quot;&quot;,&quot;created_timestamp&quot;:&quot;0&quot;,&quot;copyright&quot;:&quot;&quot;,&quot;focal_length&quot;:&quot;0&quot;,&quot;iso&quot;:&quot;0&quot;,&quot;shutter_speed&quot;:&quot;0&quot;,&quot;title&quot;:&quot;&quot;,&quot;orientation&quot;:&quot;1&quot;}\" data-image-title=\"Citricos-UAM\" data-image-description=\"\" data-image-caption=\"\" data-large-file=\"https:\/\/i0.wp.com\/lahoradelcampo.com.uy\/site\/wp-content\/uploads\/2024\/04\/Citricos-UAM.jpg?fit=810%2C405&amp;ssl=1\" src=\"https:\/\/i0.wp.com\/lahoradelcampo.com.uy\/site\/wp-content\/uploads\/2024\/04\/Citricos-UAM.jpg?resize=810%2C405\" alt=\"\" class=\"wp-image-53774\" srcset=\"https:\/\/i0.wp.com\/lahoradelcampo.com.uy\/site\/wp-content\/uploads\/2024\/04\/Citricos-UAM.jpg?w=880&amp;ssl=1 880w, https:\/\/i0.wp.com\/lahoradelcampo.com.uy\/site\/wp-content\/uploads\/2024\/04\/Citricos-UAM.jpg?resize=300%2C150&amp;ssl=1 300w, https:\/\/i0.wp.com\/lahoradelcampo.com.uy\/site\/wp-content\/uploads\/2024\/04\/Citricos-UAM.jpg?resize=768%2C384&amp;ssl=1 768w, https:\/\/i0.wp.com\/lahoradelcampo.com.uy\/site\/wp-content\/uploads\/2024\/04\/Citricos-UAM.jpg?resize=820%2C410&amp;ssl=1 820w\" sizes=\"auto, (max-width: 810px) 100vw, 810px\" \/><\/a><\/figure>\n\n\n\n<p>La mandarina satsuma, en particular, ha visto un aumento constante en su oferta, lo que ha ejercido presi\u00f3n a la baja en sus precios. Espec\u00edficamente, las partidas de calibres medianos y chicos enfrentan mayores dificultades de colocaci\u00f3n y registran precios considerablemente m\u00e1s bajos.<\/p>\n\n\n\n<p>Por otro lado, la zafra de naranjas Valencia est\u00e1 llegando a su fin, y las partidas restantes muestran numerosos defectos de calidad. Sin embargo, se destaca la presencia de naranjas de ombligo, especialmente las Navelinas, que presentan una mejor calidad en t\u00e9rminos de color de c\u00e1scara y relaci\u00f3n de acidez-dulzura, alcanzando as\u00ed las cotizaciones m\u00e1s altas en el mercado.<\/p>\n\n\n\n<p>Adem\u00e1s, se observa un ingreso de pomelo blanco y rosado de producci\u00f3n nacional, enriqueciendo a\u00fan m\u00e1s la variedad de c\u00edtricos disponibles en la UAM.<\/p>\n\n\n\n<p>En cuanto a los precios, la naranja se cotiza en promedio a $51 el kilogramo al por mayor, impuestos incluidos, marcando un descenso del 14% con respecto a la semana anterior. Por su parte, la mandarina experimenta un leve aumento, alcanzando los $23 por kilogramo.<\/p>\n\n\n\n<p>Salto, 17 de abril de 2024<\/p>\n","protected":false},"excerpt":{"rendered":"<p>La llegada del oto\u00f1o trae consigo un incremento importante en la oferta de c\u00edtricos en la Unidad Agroalimentaria Metropolitana (UAM) durante la semana del 6 al 12 de abril de [&hellip;]<\/p>\n","protected":false},"author":5,"featured_media":53774,"comment_status":"open","ping_status":"open","sticky":false,"template":"","format":"standard","meta":{"_price":"","_stock":"","_tribe_ticket_header":"","_tribe_default_ticket_provider":"","_tribe_ticket_capacity":"0","_ticket_start_date":"","_ticket_end_date":"","_tribe_ticket_show_description":"","_tribe_ticket_show_not_going":false,"_tribe_ticket_use_global_stock":"","_tribe_ticket_global_stock_level":"","_global_stock_mode":"","_global_stock_cap":"","_tribe_rsvp_for_event":"","_tribe_ticket_going_count":"","_tribe_ticket_not_going_count":"","_tribe_tickets_list":"[]","_tribe_ticket_has_attendee_info_fields":false,"h5ap_radio_sources":[],"_jetpack_newsletter_access":"","_jetpack_dont_email_post_to_subs":false,"_jetpack_newsletter_tier_id":0,"_jetpack_memberships_contains_paywalled_content":false,"_jetpack_memberships_contains_paid_content":false,"footnotes":""},"categories":[21,9],"tags":[],"class_list":["post-53773","post","type-post","status-publish","format-standard","has-post-thumbnail","hentry","category-actualidad","category-granja"],"jetpack_featured_media_url":"https:\/\/i0.wp.com\/lahoradelcampo.com.uy\/site\/wp-content\/uploads\/2024\/04\/Citricos-UAM.jpg?fit=880%2C440&ssl=1","jetpack_sharing_enabled":true,"jetpack_shortlink":"https:\/\/wp.me\/p99IaT-dZj","jetpack-related-posts":[{"id":50024,"url":"https:\/\/lahoradelcampo.com.uy\/site\/oferta-de-citricos-aumenta-en-la-uam-con-presiones-de-precios-a-la-baja\/","url_meta":{"origin":53773,"position":0},"title":"Oferta de c\u00edtricos aumenta en la UAM con presiones de precios a la baja","author":"La Hora del Campo","date":"17 abril, 2023","format":false,"excerpt":"La Unidad Agroalimentaria Metropolitana (UAM) inform\u00f3 que la oferta de frutas c\u00edtricas ha aumentado en la \u00faltima semana, lo que ha provocado una ca\u00edda en los precios al mayorista. En el caso de los limones, la oferta aument\u00f3 en un 4% con la entrada de 152 toneladas a la plaza\u2026","rel":"","context":"En \u00abActualidad\u00bb","block_context":{"text":"Actualidad","link":"https:\/\/lahoradelcampo.com.uy\/site\/category\/actualidad\/"},"img":{"alt_text":"","src":"https:\/\/i0.wp.com\/lahoradelcampo.com.uy\/site\/wp-content\/uploads\/2022\/12\/Citricos.jpg?fit=880%2C440&ssl=1&resize=350%2C200","width":350,"height":200,"srcset":"https:\/\/i0.wp.com\/lahoradelcampo.com.uy\/site\/wp-content\/uploads\/2022\/12\/Citricos.jpg?fit=880%2C440&ssl=1&resize=350%2C200 1x, https:\/\/i0.wp.com\/lahoradelcampo.com.uy\/site\/wp-content\/uploads\/2022\/12\/Citricos.jpg?fit=880%2C440&ssl=1&resize=525%2C300 1.5x, https:\/\/i0.wp.com\/lahoradelcampo.com.uy\/site\/wp-content\/uploads\/2022\/12\/Citricos.jpg?fit=880%2C440&ssl=1&resize=700%2C400 2x"},"classes":[]},{"id":51291,"url":"https:\/\/lahoradelcampo.com.uy\/site\/aumenta-la-ofertade-citricos-en-la-uam\/","url_meta":{"origin":53773,"position":1},"title":"Aumenta la oferta de c\u00edtricos en la UAM","author":"La Hora del Campo","date":"19 junio, 2023","format":false,"excerpt":"La Unidad Agroalimentaria Metropolitana (UAM) inform\u00f3 sobre la ampliaci\u00f3n de la oferta de c\u00edtricos, incluyendo las primeras partidas de mandarina Afourer. Esta variedad se suma al abanico de opciones disponibles, brindando m\u00e1s variedad a los consumidores. En cuanto a las mandarinas, se observa un aumento en la oferta, lo que\u2026","rel":"","context":"En \u00abActualidad\u00bb","block_context":{"text":"Actualidad","link":"https:\/\/lahoradelcampo.com.uy\/site\/category\/actualidad\/"},"img":{"alt_text":"","src":"https:\/\/i0.wp.com\/lahoradelcampo.com.uy\/site\/wp-content\/uploads\/2023\/06\/Mandarinas4.jpg?fit=880%2C440&ssl=1&resize=350%2C200","width":350,"height":200,"srcset":"https:\/\/i0.wp.com\/lahoradelcampo.com.uy\/site\/wp-content\/uploads\/2023\/06\/Mandarinas4.jpg?fit=880%2C440&ssl=1&resize=350%2C200 1x, https:\/\/i0.wp.com\/lahoradelcampo.com.uy\/site\/wp-content\/uploads\/2023\/06\/Mandarinas4.jpg?fit=880%2C440&ssl=1&resize=525%2C300 1.5x, https:\/\/i0.wp.com\/lahoradelcampo.com.uy\/site\/wp-content\/uploads\/2023\/06\/Mandarinas4.jpg?fit=880%2C440&ssl=1&resize=700%2C400 2x"},"classes":[]},{"id":40737,"url":"https:\/\/lahoradelcampo.com.uy\/site\/crece-la-oferta-de-citricos-en-el-ingreso-al-otono\/","url_meta":{"origin":53773,"position":2},"title":"Crece la oferta de c\u00edtricos en  el ingreso  al oto\u00f1o","author":"La Hora del Campo","date":"12 abril, 2022","format":false,"excerpt":"El comienzo de la segunda estaci\u00f3n en el a\u00f1o trae consigo el incremento de la oferta de c\u00edtricos a nivel del mercado mayorista de la Unidad Agroalimentaria Metropolitana (UAM), y por consecuencia baja en los precios de algunas referencias para estos productos. La oferta de naranjas de ombligo se ha\u2026","rel":"","context":"En \u00abActualidad\u00bb","block_context":{"text":"Actualidad","link":"https:\/\/lahoradelcampo.com.uy\/site\/category\/actualidad\/"},"img":{"alt_text":"","src":"https:\/\/i0.wp.com\/lahoradelcampo.com.uy\/site\/wp-content\/uploads\/2021\/05\/Mandarinacriolla.jpg?fit=880%2C440&ssl=1&resize=350%2C200","width":350,"height":200,"srcset":"https:\/\/i0.wp.com\/lahoradelcampo.com.uy\/site\/wp-content\/uploads\/2021\/05\/Mandarinacriolla.jpg?fit=880%2C440&ssl=1&resize=350%2C200 1x, https:\/\/i0.wp.com\/lahoradelcampo.com.uy\/site\/wp-content\/uploads\/2021\/05\/Mandarinacriolla.jpg?fit=880%2C440&ssl=1&resize=525%2C300 1.5x, https:\/\/i0.wp.com\/lahoradelcampo.com.uy\/site\/wp-content\/uploads\/2021\/05\/Mandarinacriolla.jpg?fit=880%2C440&ssl=1&resize=700%2C400 2x"},"classes":[]},{"id":29534,"url":"https:\/\/lahoradelcampo.com.uy\/site\/valores-estables-para-los-citricos-en-la-uam\/","url_meta":{"origin":53773,"position":3},"title":"Valores estables para los c\u00edtricos en la UAM","author":"La Hora del Campo","date":"26 abril, 2021","format":false,"excerpt":"La pasada semana se mantuvo relativamente estable para los valores de los c\u00edtricos en la Unidad Agroalimentaria Metropolitana (UAM), m\u00e1s all\u00e1 del incremento de la oferta para algunos productos dentro de este grupo de frutas. Seg\u00fan operadores de referencia en el mercado mayorista, dada la situaci\u00f3n sanitaria nacional y la\u2026","rel":"","context":"En \u00abActualidad\u00bb","block_context":{"text":"Actualidad","link":"https:\/\/lahoradelcampo.com.uy\/site\/category\/actualidad\/"},"img":{"alt_text":"","src":"https:\/\/i0.wp.com\/lahoradelcampo.com.uy\/site\/wp-content\/uploads\/2018\/04\/Naranja.jpg?fit=880%2C440&ssl=1&resize=350%2C200","width":350,"height":200,"srcset":"https:\/\/i0.wp.com\/lahoradelcampo.com.uy\/site\/wp-content\/uploads\/2018\/04\/Naranja.jpg?fit=880%2C440&ssl=1&resize=350%2C200 1x, https:\/\/i0.wp.com\/lahoradelcampo.com.uy\/site\/wp-content\/uploads\/2018\/04\/Naranja.jpg?fit=880%2C440&ssl=1&resize=525%2C300 1.5x, https:\/\/i0.wp.com\/lahoradelcampo.com.uy\/site\/wp-content\/uploads\/2018\/04\/Naranja.jpg?fit=880%2C440&ssl=1&resize=700%2C400 2x"},"classes":[]},{"id":40273,"url":"https:\/\/lahoradelcampo.com.uy\/site\/ingreso-de-mandarina-amplia-la-oferta-de-citricos\/","url_meta":{"origin":53773,"position":4},"title":"Ingreso de mandarina ampl\u00eda la oferta de c\u00edtricos","author":"La Hora del Campo","date":"27 marzo, 2022","format":false,"excerpt":"Durante la \u00faltima semana se ha incrementado significativamente la oferta de mandarinas en la Unidad Agroalimentaria Metropolitana (UAM), incrementando la oferta de productos c\u00edtricos en el mercado mayorista en la capital del pa\u00eds. La oferta presenta mejores caracter\u00edsticas de calidad en cuanto a madurez y menor porcentaje de acidez y\u2026","rel":"","context":"En \u00abActualidad\u00bb","block_context":{"text":"Actualidad","link":"https:\/\/lahoradelcampo.com.uy\/site\/category\/actualidad\/"},"img":{"alt_text":"","src":"https:\/\/i0.wp.com\/lahoradelcampo.com.uy\/site\/wp-content\/uploads\/2021\/05\/Mandarinacriolla.jpg?fit=880%2C440&ssl=1&resize=350%2C200","width":350,"height":200,"srcset":"https:\/\/i0.wp.com\/lahoradelcampo.com.uy\/site\/wp-content\/uploads\/2021\/05\/Mandarinacriolla.jpg?fit=880%2C440&ssl=1&resize=350%2C200 1x, https:\/\/i0.wp.com\/lahoradelcampo.com.uy\/site\/wp-content\/uploads\/2021\/05\/Mandarinacriolla.jpg?fit=880%2C440&ssl=1&resize=525%2C300 1.5x, https:\/\/i0.wp.com\/lahoradelcampo.com.uy\/site\/wp-content\/uploads\/2021\/05\/Mandarinacriolla.jpg?fit=880%2C440&ssl=1&resize=700%2C400 2x"},"classes":[]},{"id":54068,"url":"https:\/\/lahoradelcampo.com.uy\/site\/oferta-de-citricos-continua-siendo-abundante-pero-las-heladas-afectaron-la-produccion\/","url_meta":{"origin":53773,"position":5},"title":"Oferta de c\u00edtricos contin\u00faa siendo abundante pero las heladas afectaron la producci\u00f3n","author":"La Hora del Campo","date":"27 julio, 2024","format":false,"excerpt":"Las frutas c\u00edtricas encabezan la lista de consumo inteligente de la Unidad Agroalimentaria Metropolitana (UAM) debido a que son frutas de estaci\u00f3n y adem\u00e1s presentan un valor accesible, para que los consumidores puedan consumirlas. Pero esta situaci\u00f3n puede cambiar en el corto plazo, debido a que la secuencia de heladas\u2026","rel":"","context":"En \u00abActualidad\u00bb","block_context":{"text":"Actualidad","link":"https:\/\/lahoradelcampo.com.uy\/site\/category\/actualidad\/"},"img":{"alt_text":"","src":"https:\/\/i0.wp.com\/lahoradelcampo.com.uy\/site\/wp-content\/uploads\/2024\/07\/UAM-naranjas.jpg?fit=880%2C440&ssl=1&resize=350%2C200","width":350,"height":200,"srcset":"https:\/\/i0.wp.com\/lahoradelcampo.com.uy\/site\/wp-content\/uploads\/2024\/07\/UAM-naranjas.jpg?fit=880%2C440&ssl=1&resize=350%2C200 1x, https:\/\/i0.wp.com\/lahoradelcampo.com.uy\/site\/wp-content\/uploads\/2024\/07\/UAM-naranjas.jpg?fit=880%2C440&ssl=1&resize=525%2C300 1.5x, https:\/\/i0.wp.com\/lahoradelcampo.com.uy\/site\/wp-content\/uploads\/2024\/07\/UAM-naranjas.jpg?fit=880%2C440&ssl=1&resize=700%2C400 2x"},"classes":[]}],"jetpack_likes_enabled":true,"_links":{"self":[{"href":"https:\/\/lahoradelcampo.com.uy\/site\/wp-json\/wp\/v2\/posts\/53773","targetHints":{"allow":["GET"]}}],"collection":[{"href":"https:\/\/lahoradelcampo.com.uy\/site\/wp-json\/wp\/v2\/posts"}],"about":[{"href":"https:\/\/lahoradelcampo.com.uy\/site\/wp-json\/wp\/v2\/types\/post"}],"author":[{"embeddable":true,"href":"https:\/\/lahoradelcampo.com.uy\/site\/wp-json\/wp\/v2\/users\/5"}],"replies":[{"embeddable":true,"href":"https:\/\/lahoradelcampo.com.uy\/site\/wp-json\/wp\/v2\/comments?post=53773"}],"version-history":[{"count":1,"href":"https:\/\/lahoradelcampo.com.uy\/site\/wp-json\/wp\/v2\/posts\/53773\/revisions"}],"predecessor-version":[{"id":53775,"href":"https:\/\/lahoradelcampo.com.uy\/site\/wp-json\/wp\/v2\/posts\/53773\/revisions\/53775"}],"wp:featuredmedia":[{"embeddable":true,"href":"https:\/\/lahoradelcampo.com.uy\/site\/wp-json\/wp\/v2\/media\/53774"}],"wp:attachment":[{"href":"https:\/\/lahoradelcampo.com.uy\/site\/wp-json\/wp\/v2\/media?parent=53773"}],"wp:term":[{"taxonomy":"category","embeddable":true,"href":"https:\/\/lahoradelcampo.com.uy\/site\/wp-json\/wp\/v2\/categories?post=53773"},{"taxonomy":"post_tag","embeddable":true,"href":"https:\/\/lahoradelcampo.com.uy\/site\/wp-json\/wp\/v2\/tags?post=53773"}],"curies":[{"name":"wp","href":"https:\/\/api.w.org\/{rel}","templated":true}]}}