{"id":53770,"date":"2024-04-17T08:14:36","date_gmt":"2024-04-17T11:14:36","guid":{"rendered":"http:\/\/lahoradelcampo.com.uy\/site\/?p=53770"},"modified":"2024-04-18T10:59:59","modified_gmt":"2024-04-18T13:59:59","slug":"descenso-del-17-en-las-exportaciones-de-lacteos","status":"publish","type":"post","link":"https:\/\/lahoradelcampo.com.uy\/site\/descenso-del-17-en-las-exportaciones-de-lacteos\/","title":{"rendered":"Descenso del 17% en las exportaciones de l\u00e1cteos"},"content":{"rendered":"\n<p>El Instituto Nacional de la Leche (INALE) informa que hasta el mes de marzo del a\u00f1o en curso se registr\u00f3 un descenso del 17% en la facturaci\u00f3n recibida por las exportaciones l\u00e1cteas de Uruguay. Este retroceso, seg\u00fan los datos proporcionados por el INALE, refleja una disminuci\u00f3n en los precios de los productos l\u00e1cteos.<\/p>\n\n\n\n<figure class=\"wp-block-image size-full\"><a href=\"https:\/\/i0.wp.com\/lahoradelcampo.com.uy\/site\/wp-content\/uploads\/2024\/04\/Inale-exportaciones.jpg\"><img data-recalc-dims=\"1\" loading=\"lazy\" decoding=\"async\" width=\"810\" height=\"405\" data-attachment-id=\"53771\" data-permalink=\"https:\/\/lahoradelcampo.com.uy\/site\/descenso-del-17-en-las-exportaciones-de-lacteos\/inale-exportaciones\/\" data-orig-file=\"https:\/\/i0.wp.com\/lahoradelcampo.com.uy\/site\/wp-content\/uploads\/2024\/04\/Inale-exportaciones.jpg?fit=880%2C440&amp;ssl=1\" data-orig-size=\"880,440\" data-comments-opened=\"1\" data-image-meta=\"{&quot;aperture&quot;:&quot;0&quot;,&quot;credit&quot;:&quot;&quot;,&quot;camera&quot;:&quot;&quot;,&quot;caption&quot;:&quot;&quot;,&quot;created_timestamp&quot;:&quot;0&quot;,&quot;copyright&quot;:&quot;&quot;,&quot;focal_length&quot;:&quot;0&quot;,&quot;iso&quot;:&quot;0&quot;,&quot;shutter_speed&quot;:&quot;0&quot;,&quot;title&quot;:&quot;&quot;,&quot;orientation&quot;:&quot;1&quot;}\" data-image-title=\"Inale-exportaciones\" data-image-description=\"\" data-image-caption=\"\" data-large-file=\"https:\/\/i0.wp.com\/lahoradelcampo.com.uy\/site\/wp-content\/uploads\/2024\/04\/Inale-exportaciones.jpg?fit=810%2C405&amp;ssl=1\" src=\"https:\/\/i0.wp.com\/lahoradelcampo.com.uy\/site\/wp-content\/uploads\/2024\/04\/Inale-exportaciones.jpg?resize=810%2C405\" alt=\"\" class=\"wp-image-53771\" srcset=\"https:\/\/i0.wp.com\/lahoradelcampo.com.uy\/site\/wp-content\/uploads\/2024\/04\/Inale-exportaciones.jpg?w=880&amp;ssl=1 880w, https:\/\/i0.wp.com\/lahoradelcampo.com.uy\/site\/wp-content\/uploads\/2024\/04\/Inale-exportaciones.jpg?resize=300%2C150&amp;ssl=1 300w, https:\/\/i0.wp.com\/lahoradelcampo.com.uy\/site\/wp-content\/uploads\/2024\/04\/Inale-exportaciones.jpg?resize=768%2C384&amp;ssl=1 768w, https:\/\/i0.wp.com\/lahoradelcampo.com.uy\/site\/wp-content\/uploads\/2024\/04\/Inale-exportaciones.jpg?resize=820%2C410&amp;ssl=1 820w\" sizes=\"auto, (max-width: 810px) 100vw, 810px\" \/><\/a><\/figure>\n\n\n\n<p>Facturaci\u00f3n y Volumen<\/p>\n\n\n\n<p>En el transcurso del a\u00f1o en curso, las exportaciones l\u00e1cteas de Uruguay totalizaron 117,1 millones de d\u00f3lares FOB, lo que representa un decrecimiento del 17% en la facturaci\u00f3n con respecto al mismo per\u00edodo del a\u00f1o anterior. Este descenso abarca todos los productos l\u00e1cteos, incluyendo manteca (-27%), Leche en Polvo Entera (LPE) (-17%), quesos (-6%) y Leche en Polvo Descremada (LPD) (-1%).<\/p>\n\n\n\n<p>En t\u00e9rminos de volumen, se exportaron un total de 34.818 toneladas hasta el tercer mes del a\u00f1o. Se observa un aumento en las colocaciones de LPD (20%), mientras que las de manteca, LPE y quesos disminuyeron (-23%, -8%, -2%, respectivamente) en comparaci\u00f3n con el mismo per\u00edodo del a\u00f1o anterior.<\/p>\n\n\n\n<p>Precios<\/p>\n\n\n\n<p>Los precios de los productos l\u00e1cteos tambi\u00e9n han experimentado un descenso en lo que va del a\u00f1o en comparaci\u00f3n con el mismo per\u00edodo del a\u00f1o anterior. La LPE registr\u00f3 una disminuci\u00f3n del 18%, seguida de la LPE (-10%), manteca (-6%) y quesos (-4%). Los precios promedio por tonelada fueron de US$ 3.446 para la LPE, US$ 3.089 para la LPD, US$ 4.739 para los quesos y US$ 5.330 para la manteca.<\/p>\n\n\n\n<p>Comparando los precios recibidos en marzo de 2024 con los de diciembre de 2023, se observa un aumento del 5% en la LPE y de 17% en la manteca, mientras que la LPD y los quesos mostraron un descenso del 3% y 5%, respectivamente.<\/p>\n\n\n\n<p>An\u00e1lisis del Mercado Internacional<\/p>\n\n\n\n<p>En marzo de 2024, el precio promedio pactado para la leche en polvo entera exportada por Sudam\u00e9rica aument\u00f3 un 1% respecto al mes anterior, ubic\u00e1ndose un 7% por debajo del valor del a\u00f1o anterior, alcanzando los 3.675 U$S\/ton. Por otro lado, Ocean\u00eda experiment\u00f3 un descenso del 6% respecto a febrero y un 2% respecto a marzo de 2023, situ\u00e1ndose en 3.206 US$\/ton. Europa, por su parte, mantuvo sus precios sin variaciones respecto al mes anterior, llegando a un valor de 3.925 US$\/ton, lo que representa un aumento del 7% en comparaci\u00f3n con el mismo mes del a\u00f1o anterior.<\/p>\n\n\n\n<p>Leche en Polvo Descremada<\/p>\n\n\n\n<p>El precio promedio pactado para la leche en polvo descremada exportada por Sudam\u00e9rica aument\u00f3 un 1% respecto al mes anterior, con un valor de 3.125 US$\/ton, situ\u00e1ndose un 15% por debajo del valor del a\u00f1o anterior. En Ocean\u00eda, el precio de exportaci\u00f3n de este producto descendi\u00f3 un 7% respecto a diciembre, alcanzando los 2.588 US$\/ton y situ\u00e1ndose un 8% por debajo del valor de un a\u00f1o atr\u00e1s. Europa, por su parte, experiment\u00f3 un descenso del 3% respecto al mes anterior y un 4% respecto al a\u00f1o anterior, situ\u00e1ndose en 2.644 US$\/ton.<\/p>\n\n\n\n<p>La situaci\u00f3n en el mercado internacional sigue siendo un factor determinante en el desempe\u00f1o de las exportaciones l\u00e1cteas de Uruguay, y se espera que los cambios en los precios y la demanda sigan afectando el sector en los pr\u00f3ximos meses.<\/p>\n\n\n\n<p>Salto, 17 de abril de 2024<\/p>\n","protected":false},"excerpt":{"rendered":"<p>El Instituto Nacional de la Leche (INALE) informa que hasta el mes de marzo del a\u00f1o en curso se registr\u00f3 un descenso del 17% en la facturaci\u00f3n recibida por las [&hellip;]<\/p>\n","protected":false},"author":5,"featured_media":53771,"comment_status":"open","ping_status":"open","sticky":false,"template":"","format":"standard","meta":{"_price":"","_stock":"","_tribe_ticket_header":"","_tribe_default_ticket_provider":"","_tribe_ticket_capacity":"0","_ticket_start_date":"","_ticket_end_date":"","_tribe_ticket_show_description":"","_tribe_ticket_show_not_going":false,"_tribe_ticket_use_global_stock":"","_tribe_ticket_global_stock_level":"","_global_stock_mode":"","_global_stock_cap":"","_tribe_rsvp_for_event":"","_tribe_ticket_going_count":"","_tribe_ticket_not_going_count":"","_tribe_tickets_list":"[]","_tribe_ticket_has_attendee_info_fields":false,"h5ap_radio_sources":[],"_jetpack_newsletter_access":"","_jetpack_dont_email_post_to_subs":false,"_jetpack_newsletter_tier_id":0,"_jetpack_memberships_contains_paywalled_content":false,"_jetpack_memberships_contains_paid_content":false,"footnotes":""},"categories":[21,11],"tags":[],"class_list":["post-53770","post","type-post","status-publish","format-standard","has-post-thumbnail","hentry","category-actualidad","category-lecheria"],"jetpack_featured_media_url":"https:\/\/i0.wp.com\/lahoradelcampo.com.uy\/site\/wp-content\/uploads\/2024\/04\/Inale-exportaciones.jpg?fit=880%2C440&ssl=1","jetpack_sharing_enabled":true,"jetpack_shortlink":"https:\/\/wp.me\/p99IaT-dZg","jetpack-related-posts":[{"id":53843,"url":"https:\/\/lahoradelcampo.com.uy\/site\/descenso-en-las-exportaciones-de-lacteos-de-uruguay-durante-abril\/","url_meta":{"origin":53770,"position":0},"title":"Descenso en las exportaciones de l\u00e1cteos de Uruguay durante abril","author":"La Hora del Campo","date":"10 mayo, 2024","format":false,"excerpt":"El Instituto Nacional de la Leche (INALE) ha revelado cifras preocupantes respecto a las exportaciones l\u00e1cteas de Uruguay durante el mes de abril del a\u00f1o en curso. Seg\u00fan el informe presentado, la facturaci\u00f3n recibida por exportaciones ha experimentado un descenso del 16%, lo que refleja una notable disminuci\u00f3n en los\u2026","rel":"","context":"En \u00abActualidad\u00bb","block_context":{"text":"Actualidad","link":"https:\/\/lahoradelcampo.com.uy\/site\/category\/actualidad\/"},"img":{"alt_text":"","src":"https:\/\/i0.wp.com\/lahoradelcampo.com.uy\/site\/wp-content\/uploads\/2024\/05\/Exportacioneslacteasabril.jpg?fit=880%2C440&ssl=1&resize=350%2C200","width":350,"height":200,"srcset":"https:\/\/i0.wp.com\/lahoradelcampo.com.uy\/site\/wp-content\/uploads\/2024\/05\/Exportacioneslacteasabril.jpg?fit=880%2C440&ssl=1&resize=350%2C200 1x, https:\/\/i0.wp.com\/lahoradelcampo.com.uy\/site\/wp-content\/uploads\/2024\/05\/Exportacioneslacteasabril.jpg?fit=880%2C440&ssl=1&resize=525%2C300 1.5x, https:\/\/i0.wp.com\/lahoradelcampo.com.uy\/site\/wp-content\/uploads\/2024\/05\/Exportacioneslacteasabril.jpg?fit=880%2C440&ssl=1&resize=700%2C400 2x"},"classes":[]},{"id":54490,"url":"https:\/\/lahoradelcampo.com.uy\/site\/facturacion-de-las-ventas-de-lacteos-cae-6\/","url_meta":{"origin":53770,"position":1},"title":"Facturaci\u00f3n de las ventas de l\u00e1cteos cae 6%","author":"La Hora del Campo","date":"16 septiembre, 2024","format":false,"excerpt":"En lo que va del a\u00f1o, las exportaciones l\u00e1cteas descendieron 6% en la facturaci\u00f3n respecto al mismo per\u00edodo del 2024, seg\u00fan los datos del Instituto Nacional de la Leche (INALE). A nivel de productos, cay\u00f3 la facturaci\u00f3n del principal producto de exportaci\u00f3n: LPE (-9%) y le sigue en la ca\u00edda\u2026","rel":"","context":"En \u00abActualidad\u00bb","block_context":{"text":"Actualidad","link":"https:\/\/lahoradelcampo.com.uy\/site\/category\/actualidad\/"},"img":{"alt_text":"","src":"https:\/\/i0.wp.com\/lahoradelcampo.com.uy\/site\/wp-content\/uploads\/2017\/12\/Lacteos.jpg?fit=880%2C440&ssl=1&resize=350%2C200","width":350,"height":200,"srcset":"https:\/\/i0.wp.com\/lahoradelcampo.com.uy\/site\/wp-content\/uploads\/2017\/12\/Lacteos.jpg?fit=880%2C440&ssl=1&resize=350%2C200 1x, https:\/\/i0.wp.com\/lahoradelcampo.com.uy\/site\/wp-content\/uploads\/2017\/12\/Lacteos.jpg?fit=880%2C440&ssl=1&resize=525%2C300 1.5x, https:\/\/i0.wp.com\/lahoradelcampo.com.uy\/site\/wp-content\/uploads\/2017\/12\/Lacteos.jpg?fit=880%2C440&ssl=1&resize=700%2C400 2x"},"classes":[]},{"id":53476,"url":"https:\/\/lahoradelcampo.com.uy\/site\/exportaciones-lacteas-cayeron-un-8-en-2023\/","url_meta":{"origin":53770,"position":2},"title":"Exportaciones l\u00e1cteas cayeron un 8% en 2023","author":"La Hora del Campo","date":"27 febrero, 2024","format":false,"excerpt":"En el marco del informe anual \"Situaci\u00f3n y perspectivas de la lecher\u00eda uruguaya\", se revela un escenario desafiante para el comercio de l\u00e1cteos en el pa\u00eds, abordando aspectos clave de la coyuntura nacional e internacional, con un enfoque especial en la fase primaria, industrial y exportaci\u00f3n de productos l\u00e1cteos.Descenso en\u2026","rel":"","context":"En \u00abActualidad\u00bb","block_context":{"text":"Actualidad","link":"https:\/\/lahoradelcampo.com.uy\/site\/category\/actualidad\/"},"img":{"alt_text":"","src":"https:\/\/i0.wp.com\/lahoradelcampo.com.uy\/site\/wp-content\/uploads\/2024\/02\/Mujeres-tambos.jpg?fit=880%2C440&ssl=1&resize=350%2C200","width":350,"height":200,"srcset":"https:\/\/i0.wp.com\/lahoradelcampo.com.uy\/site\/wp-content\/uploads\/2024\/02\/Mujeres-tambos.jpg?fit=880%2C440&ssl=1&resize=350%2C200 1x, https:\/\/i0.wp.com\/lahoradelcampo.com.uy\/site\/wp-content\/uploads\/2024\/02\/Mujeres-tambos.jpg?fit=880%2C440&ssl=1&resize=525%2C300 1.5x, https:\/\/i0.wp.com\/lahoradelcampo.com.uy\/site\/wp-content\/uploads\/2024\/02\/Mujeres-tambos.jpg?fit=880%2C440&ssl=1&resize=700%2C400 2x"},"classes":[]},{"id":32958,"url":"https:\/\/lahoradelcampo.com.uy\/site\/exportaciones-lacteas-suben-un-12-en-los-7-meses-de-2021\/","url_meta":{"origin":53770,"position":3},"title":"Exportaciones l\u00e1cteas suben un 12% en los 7 meses de 2021","author":"La Hora del Campo","date":"11 agosto, 2021","format":false,"excerpt":"La facturaci\u00f3n de las exportaciones de productos l\u00e1cteos del Uruguay se posiciona en US$ 400,1 millones de d\u00f3lares en el acumulado de los primeros siete meses de 2021, en comparaci\u00f3n con igual per\u00edodo del a\u00f1o pasado, seg\u00fan el balance del Instituto Nacional de la Leche (INALE). Este incremento se debe\u2026","rel":"","context":"En \u00abActualidad\u00bb","block_context":{"text":"Actualidad","link":"https:\/\/lahoradelcampo.com.uy\/site\/category\/actualidad\/"},"img":{"alt_text":"","src":"https:\/\/i0.wp.com\/lahoradelcampo.com.uy\/site\/wp-content\/uploads\/2019\/07\/leche-en-polvo.jpg?fit=880%2C440&ssl=1&resize=350%2C200","width":350,"height":200,"srcset":"https:\/\/i0.wp.com\/lahoradelcampo.com.uy\/site\/wp-content\/uploads\/2019\/07\/leche-en-polvo.jpg?fit=880%2C440&ssl=1&resize=350%2C200 1x, https:\/\/i0.wp.com\/lahoradelcampo.com.uy\/site\/wp-content\/uploads\/2019\/07\/leche-en-polvo.jpg?fit=880%2C440&ssl=1&resize=525%2C300 1.5x, https:\/\/i0.wp.com\/lahoradelcampo.com.uy\/site\/wp-content\/uploads\/2019\/07\/leche-en-polvo.jpg?fit=880%2C440&ssl=1&resize=700%2C400 2x"},"classes":[]},{"id":55090,"url":"https:\/\/lahoradelcampo.com.uy\/site\/facturacion-de-las-exportaciones-de-lacteos-cayeron-un-2-en-octubre\/","url_meta":{"origin":53770,"position":4},"title":"Facturaci\u00f3n de las exportaciones de l\u00e1cteos cayeron un 2% en octubre","author":"La Hora del Campo","date":"11 noviembre, 2024","format":false,"excerpt":"En octubre de 2024, la facturaci\u00f3n por exportaciones l\u00e1cteas de Uruguay registr\u00f3 una ca\u00edda del 2% en comparaci\u00f3n con el mismo mes del a\u00f1o anterior, reflejando la disminuci\u00f3n de los precios de los principales productos exportados, seg\u00fan el informe del Instituto Nacional de la Leche (INALE). La reducci\u00f3n se concentr\u00f3\u2026","rel":"","context":"En \u00abActualidad\u00bb","block_context":{"text":"Actualidad","link":"https:\/\/lahoradelcampo.com.uy\/site\/category\/actualidad\/"},"img":{"alt_text":"","src":"https:\/\/i0.wp.com\/lahoradelcampo.com.uy\/site\/wp-content\/uploads\/2017\/12\/Lacteos.jpg?fit=880%2C440&ssl=1&resize=350%2C200","width":350,"height":200,"srcset":"https:\/\/i0.wp.com\/lahoradelcampo.com.uy\/site\/wp-content\/uploads\/2017\/12\/Lacteos.jpg?fit=880%2C440&ssl=1&resize=350%2C200 1x, https:\/\/i0.wp.com\/lahoradelcampo.com.uy\/site\/wp-content\/uploads\/2017\/12\/Lacteos.jpg?fit=880%2C440&ssl=1&resize=525%2C300 1.5x, https:\/\/i0.wp.com\/lahoradelcampo.com.uy\/site\/wp-content\/uploads\/2017\/12\/Lacteos.jpg?fit=880%2C440&ssl=1&resize=700%2C400 2x"},"classes":[]},{"id":30010,"url":"https:\/\/lahoradelcampo.com.uy\/site\/ventas-de-lacteos-al-exterior-crecen-un-12-en-el-primer-cuatrimestre\/","url_meta":{"origin":53770,"position":5},"title":"Ventas de l\u00e1cteos al exterior crecen un 12% en el primer cuatrimestre","author":"La Hora del Campo","date":"13 mayo, 2021","format":false,"excerpt":"Las exportaciones l\u00e1cteas acumuladas al mes de abril superaron en un 12% las del primer cuatrimestre de 2020, seg\u00fan los datos publicados por el Instituto nacional de la Leche (INALE). Este resultado se alcanza debido a una mayor facturaci\u00f3n de leche en polvo entera (+12%), manteca (+149%) y leche en\u2026","rel":"","context":"En \u00abActualidad\u00bb","block_context":{"text":"Actualidad","link":"https:\/\/lahoradelcampo.com.uy\/site\/category\/actualidad\/"},"img":{"alt_text":"","src":"https:\/\/i0.wp.com\/lahoradelcampo.com.uy\/site\/wp-content\/uploads\/2019\/04\/leche-en-polvo.jpg?fit=880%2C440&ssl=1&resize=350%2C200","width":350,"height":200,"srcset":"https:\/\/i0.wp.com\/lahoradelcampo.com.uy\/site\/wp-content\/uploads\/2019\/04\/leche-en-polvo.jpg?fit=880%2C440&ssl=1&resize=350%2C200 1x, https:\/\/i0.wp.com\/lahoradelcampo.com.uy\/site\/wp-content\/uploads\/2019\/04\/leche-en-polvo.jpg?fit=880%2C440&ssl=1&resize=525%2C300 1.5x, https:\/\/i0.wp.com\/lahoradelcampo.com.uy\/site\/wp-content\/uploads\/2019\/04\/leche-en-polvo.jpg?fit=880%2C440&ssl=1&resize=700%2C400 2x"},"classes":[]}],"jetpack_likes_enabled":true,"_links":{"self":[{"href":"https:\/\/lahoradelcampo.com.uy\/site\/wp-json\/wp\/v2\/posts\/53770","targetHints":{"allow":["GET"]}}],"collection":[{"href":"https:\/\/lahoradelcampo.com.uy\/site\/wp-json\/wp\/v2\/posts"}],"about":[{"href":"https:\/\/lahoradelcampo.com.uy\/site\/wp-json\/wp\/v2\/types\/post"}],"author":[{"embeddable":true,"href":"https:\/\/lahoradelcampo.com.uy\/site\/wp-json\/wp\/v2\/users\/5"}],"replies":[{"embeddable":true,"href":"https:\/\/lahoradelcampo.com.uy\/site\/wp-json\/wp\/v2\/comments?post=53770"}],"version-history":[{"count":1,"href":"https:\/\/lahoradelcampo.com.uy\/site\/wp-json\/wp\/v2\/posts\/53770\/revisions"}],"predecessor-version":[{"id":53772,"href":"https:\/\/lahoradelcampo.com.uy\/site\/wp-json\/wp\/v2\/posts\/53770\/revisions\/53772"}],"wp:featuredmedia":[{"embeddable":true,"href":"https:\/\/lahoradelcampo.com.uy\/site\/wp-json\/wp\/v2\/media\/53771"}],"wp:attachment":[{"href":"https:\/\/lahoradelcampo.com.uy\/site\/wp-json\/wp\/v2\/media?parent=53770"}],"wp:term":[{"taxonomy":"category","embeddable":true,"href":"https:\/\/lahoradelcampo.com.uy\/site\/wp-json\/wp\/v2\/categories?post=53770"},{"taxonomy":"post_tag","embeddable":true,"href":"https:\/\/lahoradelcampo.com.uy\/site\/wp-json\/wp\/v2\/tags?post=53770"}],"curies":[{"name":"wp","href":"https:\/\/api.w.org\/{rel}","templated":true}]}}