{"id":53767,"date":"2024-04-17T08:12:30","date_gmt":"2024-04-17T11:12:30","guid":{"rendered":"http:\/\/lahoradelcampo.com.uy\/site\/?p=53767"},"modified":"2024-04-18T11:00:28","modified_gmt":"2024-04-18T14:00:28","slug":"imagenes-del-sat-ya-estan-disponibles-para-los-productores-informo-inac","status":"publish","type":"post","link":"https:\/\/lahoradelcampo.com.uy\/site\/imagenes-del-sat-ya-estan-disponibles-para-los-productores-informo-inac\/","title":{"rendered":"Im\u00e1genes del SAT ya est\u00e1n disponibles para los productores inform\u00f3 INAC"},"content":{"rendered":"\n<figure class=\"wp-block-image size-full\"><a href=\"https:\/\/i0.wp.com\/lahoradelcampo.com.uy\/site\/wp-content\/uploads\/2024\/04\/INAC-SAT-Imagenes.jpg\"><img data-recalc-dims=\"1\" loading=\"lazy\" decoding=\"async\" width=\"810\" height=\"405\" data-attachment-id=\"53768\" data-permalink=\"https:\/\/lahoradelcampo.com.uy\/site\/imagenes-del-sat-ya-estan-disponibles-para-los-productores-informo-inac\/inac-sat-imagenes\/\" data-orig-file=\"https:\/\/i0.wp.com\/lahoradelcampo.com.uy\/site\/wp-content\/uploads\/2024\/04\/INAC-SAT-Imagenes.jpg?fit=880%2C440&amp;ssl=1\" data-orig-size=\"880,440\" data-comments-opened=\"1\" data-image-meta=\"{&quot;aperture&quot;:&quot;0&quot;,&quot;credit&quot;:&quot;&quot;,&quot;camera&quot;:&quot;&quot;,&quot;caption&quot;:&quot;&quot;,&quot;created_timestamp&quot;:&quot;0&quot;,&quot;copyright&quot;:&quot;&quot;,&quot;focal_length&quot;:&quot;0&quot;,&quot;iso&quot;:&quot;0&quot;,&quot;shutter_speed&quot;:&quot;0&quot;,&quot;title&quot;:&quot;&quot;,&quot;orientation&quot;:&quot;1&quot;}\" data-image-title=\"INAC-SAT-Imagenes\" data-image-description=\"\" data-image-caption=\"\" data-large-file=\"https:\/\/i0.wp.com\/lahoradelcampo.com.uy\/site\/wp-content\/uploads\/2024\/04\/INAC-SAT-Imagenes.jpg?fit=810%2C405&amp;ssl=1\" src=\"https:\/\/i0.wp.com\/lahoradelcampo.com.uy\/site\/wp-content\/uploads\/2024\/04\/INAC-SAT-Imagenes.jpg?resize=810%2C405\" alt=\"\" class=\"wp-image-53768\" srcset=\"https:\/\/i0.wp.com\/lahoradelcampo.com.uy\/site\/wp-content\/uploads\/2024\/04\/INAC-SAT-Imagenes.jpg?w=880&amp;ssl=1 880w, https:\/\/i0.wp.com\/lahoradelcampo.com.uy\/site\/wp-content\/uploads\/2024\/04\/INAC-SAT-Imagenes.jpg?resize=300%2C150&amp;ssl=1 300w, https:\/\/i0.wp.com\/lahoradelcampo.com.uy\/site\/wp-content\/uploads\/2024\/04\/INAC-SAT-Imagenes.jpg?resize=768%2C384&amp;ssl=1 768w, https:\/\/i0.wp.com\/lahoradelcampo.com.uy\/site\/wp-content\/uploads\/2024\/04\/INAC-SAT-Imagenes.jpg?resize=820%2C410&amp;ssl=1 820w\" sizes=\"auto, (max-width: 810px) 100vw, 810px\" \/><\/a><\/figure>\n\n\n\n<p>A partir de ayer, viernes 12 de abril de 2024, qued\u00f3 habilitado el acceso a las im\u00e1genes del Sistema Automatizado de Tipificaci\u00f3n (SAT) para todos los usuarios con datos de faena a trav\u00e9s del Sitio del Ganadero, seg\u00fan inform\u00f3 el Instituto Nacional de Carnes (INAC). <\/p>\n\n\n\n<p>Las im\u00e1genes capturadas durante el proceso de faena proporcionar\u00e1n informaci\u00f3n detallada sobre la conformaci\u00f3n y terminaci\u00f3n de los animales, permitiendo a los ganaderos acceder a datos precisos y actualizados sobre la calidad de sus productos. Esta iniciativa, impulsada por INAC, busca proporcionar a los actores de la cadena c\u00e1rnica las herramientas necesarias para tomar decisiones m\u00e1s informadas y estrat\u00e9gicas en la gesti\u00f3n de su ganado.<\/p>\n\n\n\n<p>La tipificaci\u00f3n y clasificaci\u00f3n de las canales son aspectos fundamentales para definir la calidad de las carnes, y el SAT garantiza el empleo de criterios homog\u00e9neos para agruparlas en distintas categor\u00edas seg\u00fan sus caracter\u00edsticas. Esta herramienta responde a la necesidad del mercado de caracterizar los productos que ser\u00e1n comercializados, promoviendo as\u00ed la transparencia y la calidad en toda la cadena de producci\u00f3n.<\/p>\n\n\n\n<p>Para facilitar el acceso y la utilizaci\u00f3n de estas im\u00e1genes, se ha preparado una gu\u00eda detallada que describe los pasos a seguir. Adem\u00e1s, los ganaderos tendr\u00e1n acceso al nuevo Manual de Tipificaci\u00f3n, que incluye materiales gr\u00e1ficos para visualizar los distintos grados de conformaci\u00f3n y terminaci\u00f3n con su correspondiente imagen.<\/p>\n\n\n\n<p>El SAT, instalado en 25 plantas frigor\u00edficas en todo el pa\u00eds, recoge los datos de tipificaci\u00f3n del ganado enviado a faena, y los productores pueden acceder a esta informaci\u00f3n a trav\u00e9s del Sitio del Ganadero. Desde su implementaci\u00f3n en la totalidad de las plantas previstas, el 98% de la faena se tipifica con esta herramienta.<\/p>\n\n\n\n<p>La implementaci\u00f3n del SAT est\u00e1 en l\u00ednea con el Plan Estrat\u00e9gico de INAC, que tiene como objetivo mejorar la eficiencia de toda la cadena c\u00e1rnica, garantizando la competitividad, la capacidad productiva y los est\u00e1ndares de calidad de las carnes uruguayas. Adem\u00e1s, este sistema aporta transparencia e informaci\u00f3n de alta calidad para la toma de decisiones, tanto a nivel productivo como en relaci\u00f3n con las buenas pr\u00e1cticas de manejo.<\/p>\n\n\n\n<p>Para acceder a la informaci\u00f3n SAT, los ganaderos pueden visitar el Sitio del Ganadero o comunicarse a trav\u00e9s del call center al 0800 4622. Tambi\u00e9n est\u00e1n disponibles consultas por Whatsapp al 098 892 311, brindando m\u00faltiples opciones para obtener asistencia sobre esta herramienta.<\/p>\n\n\n\n<p>Salto, 17 de abril de 2024<\/p>\n","protected":false},"excerpt":{"rendered":"<p>A partir de ayer, viernes 12 de abril de 2024, qued\u00f3 habilitado el acceso a las im\u00e1genes del Sistema Automatizado de Tipificaci\u00f3n (SAT) para todos los usuarios con datos de [&hellip;]<\/p>\n","protected":false},"author":5,"featured_media":53768,"comment_status":"open","ping_status":"open","sticky":false,"template":"","format":"standard","meta":{"_price":"","_stock":"","_tribe_ticket_header":"","_tribe_default_ticket_provider":"","_tribe_ticket_capacity":"0","_ticket_start_date":"","_ticket_end_date":"","_tribe_ticket_show_description":"","_tribe_ticket_show_not_going":false,"_tribe_ticket_use_global_stock":"","_tribe_ticket_global_stock_level":"","_global_stock_mode":"","_global_stock_cap":"","_tribe_rsvp_for_event":"","_tribe_ticket_going_count":"","_tribe_ticket_not_going_count":"","_tribe_tickets_list":"[]","_tribe_ticket_has_attendee_info_fields":false,"h5ap_radio_sources":[],"_jetpack_newsletter_access":"","_jetpack_dont_email_post_to_subs":false,"_jetpack_newsletter_tier_id":0,"_jetpack_memberships_contains_paywalled_content":false,"_jetpack_memberships_contains_paid_content":false,"footnotes":""},"categories":[21,5],"tags":[],"class_list":["post-53767","post","type-post","status-publish","format-standard","has-post-thumbnail","hentry","category-actualidad","category-ganaderia"],"jetpack_featured_media_url":"https:\/\/i0.wp.com\/lahoradelcampo.com.uy\/site\/wp-content\/uploads\/2024\/04\/INAC-SAT-Imagenes.jpg?fit=880%2C440&ssl=1","jetpack_sharing_enabled":true,"jetpack_shortlink":"https:\/\/wp.me\/p99IaT-dZd","jetpack-related-posts":[{"id":53521,"url":"https:\/\/lahoradelcampo.com.uy\/site\/en-mayo-los-productores-accederan-a-las-imagenes-de-las-carcasas-faenadas\/","url_meta":{"origin":53767,"position":0},"title":"En mayo los productores acceder\u00e1n a las im\u00e1genes de las carcasas faenadas","author":"La Hora del Campo","date":"3 marzo, 2024","format":false,"excerpt":"En el marco de la Expo Durazno, el Instituto Nacional de Carnes (INAC) realiz\u00f3 una presentaci\u00f3n sobre el Sistema Autom\u00e1tico de Tipificaci\u00f3n (SAT), la misma fue destinada principalmente a evacuar dudas de los productores ganaderos. El Dr. Fernando Rovira, responsable del \u00e1rea de calidad del instituto, dijo que el sistema\u2026","rel":"","context":"En \u00abActualidad\u00bb","block_context":{"text":"Actualidad","link":"https:\/\/lahoradelcampo.com.uy\/site\/category\/actualidad\/"},"img":{"alt_text":"","src":"https:\/\/i0.wp.com\/lahoradelcampo.com.uy\/site\/wp-content\/uploads\/2020\/07\/INACweb3.jpg?fit=880%2C440&ssl=1&resize=350%2C200","width":350,"height":200,"srcset":"https:\/\/i0.wp.com\/lahoradelcampo.com.uy\/site\/wp-content\/uploads\/2020\/07\/INACweb3.jpg?fit=880%2C440&ssl=1&resize=350%2C200 1x, https:\/\/i0.wp.com\/lahoradelcampo.com.uy\/site\/wp-content\/uploads\/2020\/07\/INACweb3.jpg?fit=880%2C440&ssl=1&resize=525%2C300 1.5x, https:\/\/i0.wp.com\/lahoradelcampo.com.uy\/site\/wp-content\/uploads\/2020\/07\/INACweb3.jpg?fit=880%2C440&ssl=1&resize=700%2C400 2x"},"classes":[]},{"id":49528,"url":"https:\/\/lahoradelcampo.com.uy\/site\/inac-informo-una-caida-semanal-del-91-en-la-faena-vacuna\/","url_meta":{"origin":53767,"position":1},"title":"INAC inform\u00f3 una ca\u00edda semanal del 9,1% en la faena vacuna","author":"La Hora del Campo","date":"28 marzo, 2023","format":false,"excerpt":"INAC inform\u00f3 disminuci\u00f3n del 9,1% en la faena vacuna en la semana del 25 de marzo. La menor oferta de ganado y cese temporal de actividad en algunas plantas son los principales motivos.","rel":"","context":"En \u00abActualidad\u00bb","block_context":{"text":"Actualidad","link":"https:\/\/lahoradelcampo.com.uy\/site\/category\/actualidad\/"},"img":{"alt_text":"","src":"https:\/\/i0.wp.com\/lahoradelcampo.com.uy\/site\/wp-content\/uploads\/2020\/04\/Faena-2.jpg?fit=880%2C440&ssl=1&resize=350%2C200","width":350,"height":200,"srcset":"https:\/\/i0.wp.com\/lahoradelcampo.com.uy\/site\/wp-content\/uploads\/2020\/04\/Faena-2.jpg?fit=880%2C440&ssl=1&resize=350%2C200 1x, https:\/\/i0.wp.com\/lahoradelcampo.com.uy\/site\/wp-content\/uploads\/2020\/04\/Faena-2.jpg?fit=880%2C440&ssl=1&resize=525%2C300 1.5x, https:\/\/i0.wp.com\/lahoradelcampo.com.uy\/site\/wp-content\/uploads\/2020\/04\/Faena-2.jpg?fit=880%2C440&ssl=1&resize=700%2C400 2x"},"classes":[]},{"id":6797,"url":"https:\/\/lahoradelcampo.com.uy\/site\/novillos-de-corral-cotizaron-un-13-mas-en-abril\/","url_meta":{"origin":53767,"position":2},"title":"Novillos de corral cotizaron un 13% m\u00e1s en abril","author":"La Hora del Campo ADMIN","date":"2 mayo, 2018","format":false,"excerpt":"Novillos de corral cotizaron un 13% y las vaquillonas un 19,5% m\u00e1s que los ganados de campo durante el mes de abril.","rel":"","context":"En \u00abActualidad\u00bb","block_context":{"text":"Actualidad","link":"https:\/\/lahoradelcampo.com.uy\/site\/category\/actualidad\/"},"img":{"alt_text":"","src":"https:\/\/i0.wp.com\/lahoradelcampo.com.uy\/site\/wp-content\/uploads\/2018\/05\/IMG_20180502_170516.jpg?fit=1200%2C675&ssl=1&resize=350%2C200","width":350,"height":200,"srcset":"https:\/\/i0.wp.com\/lahoradelcampo.com.uy\/site\/wp-content\/uploads\/2018\/05\/IMG_20180502_170516.jpg?fit=1200%2C675&ssl=1&resize=350%2C200 1x, https:\/\/i0.wp.com\/lahoradelcampo.com.uy\/site\/wp-content\/uploads\/2018\/05\/IMG_20180502_170516.jpg?fit=1200%2C675&ssl=1&resize=525%2C300 1.5x, https:\/\/i0.wp.com\/lahoradelcampo.com.uy\/site\/wp-content\/uploads\/2018\/05\/IMG_20180502_170516.jpg?fit=1200%2C675&ssl=1&resize=700%2C400 2x, https:\/\/i0.wp.com\/lahoradelcampo.com.uy\/site\/wp-content\/uploads\/2018\/05\/IMG_20180502_170516.jpg?fit=1200%2C675&ssl=1&resize=1050%2C600 3x"},"classes":[]},{"id":50881,"url":"https:\/\/lahoradelcampo.com.uy\/site\/inac-1-de-junio-comienza-a-funcionar-el-sat\/","url_meta":{"origin":53767,"position":3},"title":"INAC: 1 de junio comienza a funcionar el SAT","author":"La Hora del Campo","date":"30 mayo, 2023","format":false,"excerpt":"En el marco del D\u00eda de la Carne, celebrado en el d\u00eda de ayer, INAC anunci\u00f3 un nuevo hito en el proceso de mejora del Sistema Electr\u00f3nico de Informaci\u00f3n de la Industria C\u00e1rnica (SEIIC), el cual potencia la plataforma de informaci\u00f3n sobre la ganader\u00eda nacional en Uruguay. En poco m\u00e1s\u2026","rel":"","context":"En \u00abActualidad\u00bb","block_context":{"text":"Actualidad","link":"https:\/\/lahoradelcampo.com.uy\/site\/category\/actualidad\/"},"img":{"alt_text":"","src":"https:\/\/i0.wp.com\/lahoradelcampo.com.uy\/site\/wp-content\/uploads\/2023\/05\/INAC-SAT.jpg?fit=880%2C440&ssl=1&resize=350%2C200","width":350,"height":200,"srcset":"https:\/\/i0.wp.com\/lahoradelcampo.com.uy\/site\/wp-content\/uploads\/2023\/05\/INAC-SAT.jpg?fit=880%2C440&ssl=1&resize=350%2C200 1x, https:\/\/i0.wp.com\/lahoradelcampo.com.uy\/site\/wp-content\/uploads\/2023\/05\/INAC-SAT.jpg?fit=880%2C440&ssl=1&resize=525%2C300 1.5x, https:\/\/i0.wp.com\/lahoradelcampo.com.uy\/site\/wp-content\/uploads\/2023\/05\/INAC-SAT.jpg?fit=880%2C440&ssl=1&resize=700%2C400 2x"},"classes":[]},{"id":5065,"url":"https:\/\/lahoradelcampo.com.uy\/site\/inac-preve-una-suba-del-2-en-la-faena-respecto-a-2016\/","url_meta":{"origin":53767,"position":4},"title":"INAC prev\u00e9 una suba del 2%  en la faena respecto a 2016","author":"La Hora del Campo","date":"21 diciembre, 2017","format":false,"excerpt":"El Instituto Nacional de Carnes present\u00f3 present\u00f3 un balance de 2017 donde se prev\u00e9 un incremento de la faena del 2% para este a\u00f1o, as\u00ed como tambi\u00e9n una suba en el peso de los ganados enviados a la industria frigor\u00edfica. Faena Seg\u00fan las estimaciones de INAC, cerrada la primera quincena\u2026","rel":"","context":"En \u00abActualidad\u00bb","block_context":{"text":"Actualidad","link":"https:\/\/lahoradelcampo.com.uy\/site\/category\/actualidad\/"},"img":{"alt_text":"","src":"https:\/\/i0.wp.com\/lahoradelcampo.com.uy\/site\/wp-content\/uploads\/2017\/12\/INAC.jpg?fit=880%2C440&ssl=1&resize=350%2C200","width":350,"height":200,"srcset":"https:\/\/i0.wp.com\/lahoradelcampo.com.uy\/site\/wp-content\/uploads\/2017\/12\/INAC.jpg?fit=880%2C440&ssl=1&resize=350%2C200 1x, https:\/\/i0.wp.com\/lahoradelcampo.com.uy\/site\/wp-content\/uploads\/2017\/12\/INAC.jpg?fit=880%2C440&ssl=1&resize=525%2C300 1.5x, https:\/\/i0.wp.com\/lahoradelcampo.com.uy\/site\/wp-content\/uploads\/2017\/12\/INAC.jpg?fit=880%2C440&ssl=1&resize=700%2C400 2x"},"classes":[]},{"id":21168,"url":"https:\/\/lahoradelcampo.com.uy\/site\/faena-de-corral-representa-el-14-de-la-faena-de-2020\/","url_meta":{"origin":53767,"position":5},"title":"Faena de corral representa  el 14% de la faena de 2020","author":"La Hora del Campo","date":"22 junio, 2020","format":false,"excerpt":"La faena en el pa\u00eds ha descendido un 23,6% seg\u00fan los datos del Instituto Nacional de Carnes (INAC), en lo que transcurre del a\u00f1o hasta el 13 de junio de 2020 frente al mismo per\u00edodo del 2019, tras posicionarse en 858.029 cabezas de vacunos. La categor\u00eda de novillos descendi\u00f3 un\u2026","rel":"","context":"En \u00abActualidad\u00bb","block_context":{"text":"Actualidad","link":"https:\/\/lahoradelcampo.com.uy\/site\/category\/actualidad\/"},"img":{"alt_text":"","src":"https:\/\/i0.wp.com\/lahoradelcampo.com.uy\/site\/wp-content\/uploads\/2019\/04\/Corrales.jpg?fit=880%2C440&ssl=1&resize=350%2C200","width":350,"height":200,"srcset":"https:\/\/i0.wp.com\/lahoradelcampo.com.uy\/site\/wp-content\/uploads\/2019\/04\/Corrales.jpg?fit=880%2C440&ssl=1&resize=350%2C200 1x, https:\/\/i0.wp.com\/lahoradelcampo.com.uy\/site\/wp-content\/uploads\/2019\/04\/Corrales.jpg?fit=880%2C440&ssl=1&resize=525%2C300 1.5x, https:\/\/i0.wp.com\/lahoradelcampo.com.uy\/site\/wp-content\/uploads\/2019\/04\/Corrales.jpg?fit=880%2C440&ssl=1&resize=700%2C400 2x"},"classes":[]}],"jetpack_likes_enabled":true,"_links":{"self":[{"href":"https:\/\/lahoradelcampo.com.uy\/site\/wp-json\/wp\/v2\/posts\/53767","targetHints":{"allow":["GET"]}}],"collection":[{"href":"https:\/\/lahoradelcampo.com.uy\/site\/wp-json\/wp\/v2\/posts"}],"about":[{"href":"https:\/\/lahoradelcampo.com.uy\/site\/wp-json\/wp\/v2\/types\/post"}],"author":[{"embeddable":true,"href":"https:\/\/lahoradelcampo.com.uy\/site\/wp-json\/wp\/v2\/users\/5"}],"replies":[{"embeddable":true,"href":"https:\/\/lahoradelcampo.com.uy\/site\/wp-json\/wp\/v2\/comments?post=53767"}],"version-history":[{"count":1,"href":"https:\/\/lahoradelcampo.com.uy\/site\/wp-json\/wp\/v2\/posts\/53767\/revisions"}],"predecessor-version":[{"id":53769,"href":"https:\/\/lahoradelcampo.com.uy\/site\/wp-json\/wp\/v2\/posts\/53767\/revisions\/53769"}],"wp:featuredmedia":[{"embeddable":true,"href":"https:\/\/lahoradelcampo.com.uy\/site\/wp-json\/wp\/v2\/media\/53768"}],"wp:attachment":[{"href":"https:\/\/lahoradelcampo.com.uy\/site\/wp-json\/wp\/v2\/media?parent=53767"}],"wp:term":[{"taxonomy":"category","embeddable":true,"href":"https:\/\/lahoradelcampo.com.uy\/site\/wp-json\/wp\/v2\/categories?post=53767"},{"taxonomy":"post_tag","embeddable":true,"href":"https:\/\/lahoradelcampo.com.uy\/site\/wp-json\/wp\/v2\/tags?post=53767"}],"curies":[{"name":"wp","href":"https:\/\/api.w.org\/{rel}","templated":true}]}}