{"id":53764,"date":"2024-04-10T09:07:00","date_gmt":"2024-04-10T12:07:00","guid":{"rendered":"http:\/\/lahoradelcampo.com.uy\/site\/?p=53764"},"modified":"2024-04-17T09:09:52","modified_gmt":"2024-04-17T12:09:52","slug":"cosecha-arrocera-supera-las-72-800-hectareas-a-nivel-pais","status":"publish","type":"post","link":"https:\/\/lahoradelcampo.com.uy\/site\/cosecha-arrocera-supera-las-72-800-hectareas-a-nivel-pais\/","title":{"rendered":"Cosecha arrocera supera las 72.800 hect\u00e1reas a nivel pa\u00eds"},"content":{"rendered":"\n<figure class=\"wp-block-image size-full\"><a href=\"https:\/\/i0.wp.com\/lahoradelcampo.com.uy\/site\/wp-content\/uploads\/2024\/04\/Zafra-arrocera.jpg\"><img data-recalc-dims=\"1\" loading=\"lazy\" decoding=\"async\" width=\"810\" height=\"405\" data-attachment-id=\"53765\" data-permalink=\"https:\/\/lahoradelcampo.com.uy\/site\/cosecha-arrocera-supera-las-72-800-hectareas-a-nivel-pais\/zafra-arrocera\/\" data-orig-file=\"https:\/\/i0.wp.com\/lahoradelcampo.com.uy\/site\/wp-content\/uploads\/2024\/04\/Zafra-arrocera.jpg?fit=880%2C440&amp;ssl=1\" data-orig-size=\"880,440\" data-comments-opened=\"1\" data-image-meta=\"{&quot;aperture&quot;:&quot;0&quot;,&quot;credit&quot;:&quot;&quot;,&quot;camera&quot;:&quot;&quot;,&quot;caption&quot;:&quot;&quot;,&quot;created_timestamp&quot;:&quot;0&quot;,&quot;copyright&quot;:&quot;&quot;,&quot;focal_length&quot;:&quot;0&quot;,&quot;iso&quot;:&quot;0&quot;,&quot;shutter_speed&quot;:&quot;0&quot;,&quot;title&quot;:&quot;&quot;,&quot;orientation&quot;:&quot;1&quot;}\" data-image-title=\"Zafra-arrocera\" data-image-description=\"\" data-image-caption=\"\" data-large-file=\"https:\/\/i0.wp.com\/lahoradelcampo.com.uy\/site\/wp-content\/uploads\/2024\/04\/Zafra-arrocera.jpg?fit=810%2C405&amp;ssl=1\" src=\"https:\/\/i0.wp.com\/lahoradelcampo.com.uy\/site\/wp-content\/uploads\/2024\/04\/Zafra-arrocera.jpg?resize=810%2C405\" alt=\"\" class=\"wp-image-53765\" srcset=\"https:\/\/i0.wp.com\/lahoradelcampo.com.uy\/site\/wp-content\/uploads\/2024\/04\/Zafra-arrocera.jpg?w=880&amp;ssl=1 880w, https:\/\/i0.wp.com\/lahoradelcampo.com.uy\/site\/wp-content\/uploads\/2024\/04\/Zafra-arrocera.jpg?resize=300%2C150&amp;ssl=1 300w, https:\/\/i0.wp.com\/lahoradelcampo.com.uy\/site\/wp-content\/uploads\/2024\/04\/Zafra-arrocera.jpg?resize=768%2C384&amp;ssl=1 768w, https:\/\/i0.wp.com\/lahoradelcampo.com.uy\/site\/wp-content\/uploads\/2024\/04\/Zafra-arrocera.jpg?resize=820%2C410&amp;ssl=1 820w\" sizes=\"auto, (max-width: 810px) 100vw, 810px\" \/><\/a><\/figure>\n\n\n\n<p>La cosecha arrocera enfrenta desaf\u00edos importantes este a\u00f1o, debido al comportamiento del clima, que est\u00e1 siendo adverso para las labores de cosecha del cereal, seg\u00fan el \u00faltimo relevamiento de la Asociaci\u00f3n de Cultivadores de Arroz del Uruguay (ACA). Con una superficie sembrada de 148.629 hect\u00e1reas en esta zafra, los productores han logrado cosechar aproximadamente el 49% de este total, lo que equivale a unas 72.828 hect\u00e1reas.<\/p>\n\n\n\n<p>A pesar del avance en la zona este del pa\u00eds, donde se han superado los recientes eventos clim\u00e1ticos adversos, las labores de cosecha est\u00e1n experimentando retrasos en comparaci\u00f3n con a\u00f1os anteriores. ACA se\u00f1ala que las condiciones clim\u00e1ticas, la afectaci\u00f3n de la infraestructura por las lluvias y la alta humedad ambiental est\u00e1n ralentizando el proceso de recolecci\u00f3n del cereal.<\/p>\n\n\n\n<p>Adem\u00e1s, se suma el retraso en los puntos de recepci\u00f3n de las industrias para el secado del grano, ya que este a\u00f1o se registra un nivel de humedad superior al de la zafra pasada.<\/p>\n\n\n\n<p>La preocupaci\u00f3n en el sector se intensifica debido a los pron\u00f3sticos de precipitaciones para los pr\u00f3ximos d\u00edas en todo el pa\u00eds, con una duraci\u00f3n prevista de cuatro d\u00edas h\u00e1biles. Esta situaci\u00f3n enciende algunas alarmas en la cosecha, ya que podr\u00eda generar mayores dificultades log\u00edsticas y agravar los retrasos.<\/p>\n\n\n\n<p>En cuanto a la distribuci\u00f3n geogr\u00e1fica de la cosecha, en el norte del pa\u00eds los trabajos avanzan de manera similar al a\u00f1o pasado, con un 72% del \u00e1rea sembrada ya recolectada. En el centro del pa\u00eds, el progreso alcanza el 49%, mientras que, en el este, donde se observa el mayor retraso, la cosecha se sit\u00faa en un 43% del \u00e1rea total.<\/p>\n\n\n\n<p>Salto, 10 de abril de 2024<\/p>\n","protected":false},"excerpt":{"rendered":"<p>La cosecha arrocera enfrenta desaf\u00edos importantes este a\u00f1o, debido al comportamiento del clima, que est\u00e1 siendo adverso para las labores de cosecha del cereal, seg\u00fan el \u00faltimo relevamiento de la [&hellip;]<\/p>\n","protected":false},"author":5,"featured_media":53765,"comment_status":"open","ping_status":"open","sticky":false,"template":"","format":"standard","meta":{"_price":"","_stock":"","_tribe_ticket_header":"","_tribe_default_ticket_provider":"","_tribe_ticket_capacity":"0","_ticket_start_date":"","_ticket_end_date":"","_tribe_ticket_show_description":"","_tribe_ticket_show_not_going":false,"_tribe_ticket_use_global_stock":"","_tribe_ticket_global_stock_level":"","_global_stock_mode":"","_global_stock_cap":"","_tribe_rsvp_for_event":"","_tribe_ticket_going_count":"","_tribe_ticket_not_going_count":"","_tribe_tickets_list":"[]","_tribe_ticket_has_attendee_info_fields":false,"h5ap_radio_sources":[],"_jetpack_newsletter_access":"","_jetpack_dont_email_post_to_subs":false,"_jetpack_newsletter_tier_id":0,"_jetpack_memberships_contains_paywalled_content":false,"_jetpack_memberships_contains_paid_content":false,"footnotes":""},"categories":[21,7],"tags":[],"class_list":["post-53764","post","type-post","status-publish","format-standard","has-post-thumbnail","hentry","category-actualidad","category-agricultura"],"jetpack_featured_media_url":"https:\/\/i0.wp.com\/lahoradelcampo.com.uy\/site\/wp-content\/uploads\/2024\/04\/Zafra-arrocera.jpg?fit=880%2C440&ssl=1","jetpack_sharing_enabled":true,"jetpack_shortlink":"https:\/\/wp.me\/p99IaT-dZa","jetpack-related-posts":[{"id":56068,"url":"https:\/\/lahoradelcampo.com.uy\/site\/cosecha-arrocera-llega-al-86-del-area-en-el-pais\/","url_meta":{"origin":53764,"position":0},"title":"Cosecha arrocera llega al 86% del \u00e1rea en el pa\u00eds","author":"La Hora del Campo","date":"5 mayo, 2025","format":false,"excerpt":"La cosecha de arroz avanza a paso firme, alcanzando un promedio del 86% de la superficie total sembrada para la zafra 2024\/25. Con un \u00e1rea cultivada que totaliz\u00f3 182.874 hect\u00e1reas, el pa\u00eds se encamina hacia la finalizaci\u00f3n de las labores de recolecci\u00f3n. El progreso de la cosecha muestra que la\u2026","rel":"","context":"En \u00abActualidad\u00bb","block_context":{"text":"Actualidad","link":"https:\/\/lahoradelcampo.com.uy\/site\/category\/actualidad\/"},"img":{"alt_text":"","src":"https:\/\/i0.wp.com\/lahoradelcampo.com.uy\/site\/wp-content\/uploads\/2025\/05\/arroz-cosecha.jpg?fit=880%2C440&ssl=1&resize=350%2C200","width":350,"height":200,"srcset":"https:\/\/i0.wp.com\/lahoradelcampo.com.uy\/site\/wp-content\/uploads\/2025\/05\/arroz-cosecha.jpg?fit=880%2C440&ssl=1&resize=350%2C200 1x, https:\/\/i0.wp.com\/lahoradelcampo.com.uy\/site\/wp-content\/uploads\/2025\/05\/arroz-cosecha.jpg?fit=880%2C440&ssl=1&resize=525%2C300 1.5x, https:\/\/i0.wp.com\/lahoradelcampo.com.uy\/site\/wp-content\/uploads\/2025\/05\/arroz-cosecha.jpg?fit=880%2C440&ssl=1&resize=700%2C400 2x"},"classes":[]},{"id":41727,"url":"https:\/\/lahoradelcampo.com.uy\/site\/finalizo-la-cosecha-arrocera-en-el-norte\/","url_meta":{"origin":53764,"position":1},"title":"Finaliz\u00f3 la cosecha arrocera en el norte","author":"La Hora del Campo","date":"12 mayo, 2022","format":false,"excerpt":"La zona norte del pa\u00eds esta semana alcanz\u00f3 el 99% de la cosecha de arroz, seg\u00fan el relevamiento realizado semanalmente por la Asociaci\u00f3n de Cultivadores de Arroz del Uruguay (ACA). A nivel nacional de un total de 163.800 hect\u00e1reas sembradas ya se ha cosechado el 96%. El relevamiento marca que\u2026","rel":"","context":"En \u00abActualidad\u00bb","block_context":{"text":"Actualidad","link":"https:\/\/lahoradelcampo.com.uy\/site\/category\/actualidad\/"},"img":{"alt_text":"","src":"https:\/\/i0.wp.com\/lahoradelcampo.com.uy\/site\/wp-content\/uploads\/2019\/05\/arroz-2.jpg?fit=880%2C440&ssl=1&resize=350%2C200","width":350,"height":200,"srcset":"https:\/\/i0.wp.com\/lahoradelcampo.com.uy\/site\/wp-content\/uploads\/2019\/05\/arroz-2.jpg?fit=880%2C440&ssl=1&resize=350%2C200 1x, https:\/\/i0.wp.com\/lahoradelcampo.com.uy\/site\/wp-content\/uploads\/2019\/05\/arroz-2.jpg?fit=880%2C440&ssl=1&resize=525%2C300 1.5x, https:\/\/i0.wp.com\/lahoradelcampo.com.uy\/site\/wp-content\/uploads\/2019\/05\/arroz-2.jpg?fit=880%2C440&ssl=1&resize=700%2C400 2x"},"classes":[]},{"id":53713,"url":"https:\/\/lahoradelcampo.com.uy\/site\/37-de-avance-de-la-cosecha-arrocera-con-perdidas-por-eventos-climaticos\/","url_meta":{"origin":53764,"position":2},"title":"37% de avance de la cosecha arrocera, con p\u00e9rdidas por eventos clim\u00e1ticos","author":"La Hora del Campo","date":"5 abril, 2024","format":false,"excerpt":"La zafra arrocera 23-24 en Uruguay alcanz\u00f3 un 37% de los trabajos de cosecha, sobre un \u00e1rea de 148.629 hect\u00e1reas sembradas a nivel pa\u00eds. La cosecha se ha encontrado con problemas clim\u00e1ticos que han atrasado las tareas. A nivel regional, el avance de siembra var\u00eda, con el Norte liderando con\u2026","rel":"","context":"En \u00abActualidad\u00bb","block_context":{"text":"Actualidad","link":"https:\/\/lahoradelcampo.com.uy\/site\/category\/actualidad\/"},"img":{"alt_text":"","src":"https:\/\/i0.wp.com\/lahoradelcampo.com.uy\/site\/wp-content\/uploads\/2024\/04\/aca-cosecha-arroz.jpg?fit=880%2C440&ssl=1&resize=350%2C200","width":350,"height":200,"srcset":"https:\/\/i0.wp.com\/lahoradelcampo.com.uy\/site\/wp-content\/uploads\/2024\/04\/aca-cosecha-arroz.jpg?fit=880%2C440&ssl=1&resize=350%2C200 1x, https:\/\/i0.wp.com\/lahoradelcampo.com.uy\/site\/wp-content\/uploads\/2024\/04\/aca-cosecha-arroz.jpg?fit=880%2C440&ssl=1&resize=525%2C300 1.5x, https:\/\/i0.wp.com\/lahoradelcampo.com.uy\/site\/wp-content\/uploads\/2024\/04\/aca-cosecha-arroz.jpg?fit=880%2C440&ssl=1&resize=700%2C400 2x"},"classes":[]},{"id":40407,"url":"https:\/\/lahoradelcampo.com.uy\/site\/cosecha-arrocera-lleva-un-38-de-avance\/","url_meta":{"origin":53764,"position":3},"title":"Cosecha arrocera lleva un 38% de avance","author":"La Hora del Campo","date":"30 marzo, 2022","format":false,"excerpt":"La cosecha de arroz est\u00e9 a\u00f1o comenz\u00f3 antes de lo previsto, debido a las condicionantes clim\u00e1ticas en el norte del pa\u00eds,\u00a0 y hasta el momento lleva un 38% de avance de un \u00e1rea total de 163.800 hect\u00e1reas, de acuerdo al \u00faltimo relevamiento realizado por la Asociaci\u00f3n de Cultivadores de Arroz\u2026","rel":"","context":"En \u00abActualidad\u00bb","block_context":{"text":"Actualidad","link":"https:\/\/lahoradelcampo.com.uy\/site\/category\/actualidad\/"},"img":{"alt_text":"","src":"https:\/\/i0.wp.com\/lahoradelcampo.com.uy\/site\/wp-content\/uploads\/2019\/04\/arroz-1.jpg?fit=880%2C440&ssl=1&resize=350%2C200","width":350,"height":200,"srcset":"https:\/\/i0.wp.com\/lahoradelcampo.com.uy\/site\/wp-content\/uploads\/2019\/04\/arroz-1.jpg?fit=880%2C440&ssl=1&resize=350%2C200 1x, https:\/\/i0.wp.com\/lahoradelcampo.com.uy\/site\/wp-content\/uploads\/2019\/04\/arroz-1.jpg?fit=880%2C440&ssl=1&resize=525%2C300 1.5x, https:\/\/i0.wp.com\/lahoradelcampo.com.uy\/site\/wp-content\/uploads\/2019\/04\/arroz-1.jpg?fit=880%2C440&ssl=1&resize=700%2C400 2x"},"classes":[]},{"id":41261,"url":"https:\/\/lahoradelcampo.com.uy\/site\/cosecha-arrocera-2021-2022-en-el-87\/","url_meta":{"origin":53764,"position":4},"title":"Cosecha arrocera 2021-2022 en el 87%","author":"La Hora del Campo","date":"28 abril, 2022","format":false,"excerpt":"La Asociaci\u00f3n de Cultivadores de Arroz (ACA) present\u00f3 ayer mi\u00e9rcoles el avance de la cosecha arrocera 2021-2022, la cual alcanz\u00f3 el 87% de un \u00e1rea total de 163.800 hect\u00e1reas. Seg\u00fan inform\u00f3 la gremial, contin\u00faa la t\u00f3nica que ha marcado la zafra y a pesar de las lluvias de los \u00faltimos\u2026","rel":"","context":"En \u00abActualidad\u00bb","block_context":{"text":"Actualidad","link":"https:\/\/lahoradelcampo.com.uy\/site\/category\/actualidad\/"},"img":{"alt_text":"","src":"https:\/\/i0.wp.com\/lahoradelcampo.com.uy\/site\/wp-content\/uploads\/2019\/04\/arroz-1.jpg?fit=880%2C440&ssl=1&resize=350%2C200","width":350,"height":200,"srcset":"https:\/\/i0.wp.com\/lahoradelcampo.com.uy\/site\/wp-content\/uploads\/2019\/04\/arroz-1.jpg?fit=880%2C440&ssl=1&resize=350%2C200 1x, https:\/\/i0.wp.com\/lahoradelcampo.com.uy\/site\/wp-content\/uploads\/2019\/04\/arroz-1.jpg?fit=880%2C440&ssl=1&resize=525%2C300 1.5x, https:\/\/i0.wp.com\/lahoradelcampo.com.uy\/site\/wp-content\/uploads\/2019\/04\/arroz-1.jpg?fit=880%2C440&ssl=1&resize=700%2C400 2x"},"classes":[]},{"id":55883,"url":"https:\/\/lahoradelcampo.com.uy\/site\/avanza-la-cosecha-arrocera-con-buen-ritmo-y-rendimientos-alentadores\/","url_meta":{"origin":53764,"position":5},"title":"Avanza la cosecha arrocera con buen ritmo y rendimientos alentadores","author":"La Hora del Campo","date":"13 abril, 2025","format":false,"excerpt":"De acuerdo con el informe elaborado por la Asociaci\u00f3n de Cultivadores de Arroz del Uruguay (ACA), la zafra arrocera 2024-2025 avanza con un 55% del \u00e1rea cosechada a nivel nacional, sobre un total sembrado de 182.874 hect\u00e1reas. La regi\u00f3n Norte lidera el ritmo con un 70% de avance, seguida por\u2026","rel":"","context":"En \u00abActualidad\u00bb","block_context":{"text":"Actualidad","link":"https:\/\/lahoradelcampo.com.uy\/site\/category\/actualidad\/"},"img":{"alt_text":"","src":"https:\/\/i0.wp.com\/lahoradelcampo.com.uy\/site\/wp-content\/uploads\/2025\/04\/Arrocero-1.jpg?fit=880%2C440&ssl=1&resize=350%2C200","width":350,"height":200,"srcset":"https:\/\/i0.wp.com\/lahoradelcampo.com.uy\/site\/wp-content\/uploads\/2025\/04\/Arrocero-1.jpg?fit=880%2C440&ssl=1&resize=350%2C200 1x, https:\/\/i0.wp.com\/lahoradelcampo.com.uy\/site\/wp-content\/uploads\/2025\/04\/Arrocero-1.jpg?fit=880%2C440&ssl=1&resize=525%2C300 1.5x, https:\/\/i0.wp.com\/lahoradelcampo.com.uy\/site\/wp-content\/uploads\/2025\/04\/Arrocero-1.jpg?fit=880%2C440&ssl=1&resize=700%2C400 2x"},"classes":[]}],"jetpack_likes_enabled":true,"_links":{"self":[{"href":"https:\/\/lahoradelcampo.com.uy\/site\/wp-json\/wp\/v2\/posts\/53764","targetHints":{"allow":["GET"]}}],"collection":[{"href":"https:\/\/lahoradelcampo.com.uy\/site\/wp-json\/wp\/v2\/posts"}],"about":[{"href":"https:\/\/lahoradelcampo.com.uy\/site\/wp-json\/wp\/v2\/types\/post"}],"author":[{"embeddable":true,"href":"https:\/\/lahoradelcampo.com.uy\/site\/wp-json\/wp\/v2\/users\/5"}],"replies":[{"embeddable":true,"href":"https:\/\/lahoradelcampo.com.uy\/site\/wp-json\/wp\/v2\/comments?post=53764"}],"version-history":[{"count":1,"href":"https:\/\/lahoradelcampo.com.uy\/site\/wp-json\/wp\/v2\/posts\/53764\/revisions"}],"predecessor-version":[{"id":53766,"href":"https:\/\/lahoradelcampo.com.uy\/site\/wp-json\/wp\/v2\/posts\/53764\/revisions\/53766"}],"wp:featuredmedia":[{"embeddable":true,"href":"https:\/\/lahoradelcampo.com.uy\/site\/wp-json\/wp\/v2\/media\/53765"}],"wp:attachment":[{"href":"https:\/\/lahoradelcampo.com.uy\/site\/wp-json\/wp\/v2\/media?parent=53764"}],"wp:term":[{"taxonomy":"category","embeddable":true,"href":"https:\/\/lahoradelcampo.com.uy\/site\/wp-json\/wp\/v2\/categories?post=53764"},{"taxonomy":"post_tag","embeddable":true,"href":"https:\/\/lahoradelcampo.com.uy\/site\/wp-json\/wp\/v2\/tags?post=53764"}],"curies":[{"name":"wp","href":"https:\/\/api.w.org\/{rel}","templated":true}]}}