{"id":53761,"date":"2024-04-17T09:06:44","date_gmt":"2024-04-17T12:06:44","guid":{"rendered":"http:\/\/lahoradelcampo.com.uy\/site\/?p=53761"},"modified":"2024-04-17T09:06:45","modified_gmt":"2024-04-17T12:06:45","slug":"la-eefas-vendio-su-lote-de-lana-de-178-micras-a-us-610","status":"publish","type":"post","link":"https:\/\/lahoradelcampo.com.uy\/site\/la-eefas-vendio-su-lote-de-lana-de-178-micras-a-us-610\/","title":{"rendered":"La EEFAS vendi\u00f3 su lote de lana de 17,8 micras a US$ 6,10"},"content":{"rendered":"\n<figure class=\"wp-block-image size-full\"><a href=\"https:\/\/i0.wp.com\/lahoradelcampo.com.uy\/site\/wp-content\/uploads\/2024\/04\/Elize-Van-Lier.jpg\"><img data-recalc-dims=\"1\" loading=\"lazy\" decoding=\"async\" width=\"810\" height=\"405\" data-attachment-id=\"53762\" data-permalink=\"https:\/\/lahoradelcampo.com.uy\/site\/la-eefas-vendio-su-lote-de-lana-de-178-micras-a-us-610\/elize-van-lier\/\" data-orig-file=\"https:\/\/i0.wp.com\/lahoradelcampo.com.uy\/site\/wp-content\/uploads\/2024\/04\/Elize-Van-Lier.jpg?fit=880%2C440&amp;ssl=1\" data-orig-size=\"880,440\" data-comments-opened=\"1\" data-image-meta=\"{&quot;aperture&quot;:&quot;0&quot;,&quot;credit&quot;:&quot;&quot;,&quot;camera&quot;:&quot;&quot;,&quot;caption&quot;:&quot;&quot;,&quot;created_timestamp&quot;:&quot;0&quot;,&quot;copyright&quot;:&quot;&quot;,&quot;focal_length&quot;:&quot;0&quot;,&quot;iso&quot;:&quot;0&quot;,&quot;shutter_speed&quot;:&quot;0&quot;,&quot;title&quot;:&quot;&quot;,&quot;orientation&quot;:&quot;1&quot;}\" data-image-title=\"Elize-Van-Lier\" data-image-description=\"\" data-image-caption=\"\" data-large-file=\"https:\/\/i0.wp.com\/lahoradelcampo.com.uy\/site\/wp-content\/uploads\/2024\/04\/Elize-Van-Lier.jpg?fit=810%2C405&amp;ssl=1\" src=\"https:\/\/i0.wp.com\/lahoradelcampo.com.uy\/site\/wp-content\/uploads\/2024\/04\/Elize-Van-Lier.jpg?resize=810%2C405\" alt=\"\" class=\"wp-image-53762\" srcset=\"https:\/\/i0.wp.com\/lahoradelcampo.com.uy\/site\/wp-content\/uploads\/2024\/04\/Elize-Van-Lier.jpg?w=880&amp;ssl=1 880w, https:\/\/i0.wp.com\/lahoradelcampo.com.uy\/site\/wp-content\/uploads\/2024\/04\/Elize-Van-Lier.jpg?resize=300%2C150&amp;ssl=1 300w, https:\/\/i0.wp.com\/lahoradelcampo.com.uy\/site\/wp-content\/uploads\/2024\/04\/Elize-Van-Lier.jpg?resize=768%2C384&amp;ssl=1 768w, https:\/\/i0.wp.com\/lahoradelcampo.com.uy\/site\/wp-content\/uploads\/2024\/04\/Elize-Van-Lier.jpg?resize=820%2C410&amp;ssl=1 820w\" sizes=\"auto, (max-width: 810px) 100vw, 810px\" \/><\/a><\/figure>\n\n\n\n<p>La Estaci\u00f3n Experimental de la Facultad de Agronom\u00eda San Antonio (EEFAS) en Salto, comercializ\u00f3 su lote de lana en la jornada de ayer, a trav\u00e9s de la firma Zambrano &amp; C\u00eda. Santiago Onandi, encargado de lanas de la firma consignataria, confirm\u00f3 la noticia y detallo las condicionantes del negocio en un mercado \u00abmuy tranquilo, con muy pocos negocios, nosotros concretamos el lote de Facultad de Agronom\u00eda ahora en la tardecita a US$ 6,10 el vell\u00f3n y US$ 1,00 los subproductos con 45 d\u00edas de plazo para el pago. Se trata de un lote de 2.600 kilos, de 17,8 micras, con 76,1% de rendimiento al lavado y certificado RWS\u00bb.<\/p>\n\n\n\n<p>Por su parte la Dra. Elize Van Lier, directora de la EEFAS, dijo que \u00abla zafra viene complicada y comparando con los \u00faltimos a\u00f1os, hay una gran distancia en los precios, pero llega un punto en que, ante las perspectivas, m\u00e1s vale p\u00e1jaro en mano que cien volando\u00bb. La profesional explic\u00f3 que la majada de la facultad est\u00e1 enfocada a la selecci\u00f3n por resistencia a par\u00e1sitos gastrointestinales, sin perder de vista otras caracter\u00edsticas, por lo que \u00abestamos contentos de haber llegado a poder vender un lote de lana con un promedio de 17,8 micras, que ha sido posible gracias a la cooperaci\u00f3n y el convenio que tenemos con Crilu, donde recibimos un carnero todos los a\u00f1os que adem\u00e1s de tener las caracter\u00edsticas de lana ultrafina tambi\u00e9n nos ponderan en cuanto al rasgo de resistencia\u00bb.<\/p>\n\n\n\n<p>Sobre el afinamiento de esas lanas, Van Lier explic\u00f3 que \u00abla presi\u00f3n sobre la finura no ser\u00e1 tan fuerte como en a\u00f1os anteriores, hemos llegado a un momento en donde tenemos fijada la resistencia en la majada, que es muy importante, y el objetivo ahora es lograr uniformizar el lote y tambi\u00e9n poder aumentar la cantidad total de la lana y siempre manteniendo un buen rendimiento al lavado\u00bb.<\/p>\n\n\n\n<p>Salto, 17 de abril de 2024<\/p>\n","protected":false},"excerpt":{"rendered":"<p>La Estaci\u00f3n Experimental de la Facultad de Agronom\u00eda San Antonio (EEFAS) en Salto, comercializ\u00f3 su lote de lana en la jornada de ayer, a trav\u00e9s de la firma Zambrano &amp; [&hellip;]<\/p>\n","protected":false},"author":5,"featured_media":53762,"comment_status":"open","ping_status":"open","sticky":false,"template":"","format":"standard","meta":{"_price":"","_stock":"","_tribe_ticket_header":"","_tribe_default_ticket_provider":"","_tribe_ticket_capacity":"0","_ticket_start_date":"","_ticket_end_date":"","_tribe_ticket_show_description":"","_tribe_ticket_show_not_going":false,"_tribe_ticket_use_global_stock":"","_tribe_ticket_global_stock_level":"","_global_stock_mode":"","_global_stock_cap":"","_tribe_rsvp_for_event":"","_tribe_ticket_going_count":"","_tribe_ticket_not_going_count":"","_tribe_tickets_list":"[]","_tribe_ticket_has_attendee_info_fields":false,"h5ap_radio_sources":[],"_jetpack_newsletter_access":"","_jetpack_dont_email_post_to_subs":false,"_jetpack_newsletter_tier_id":0,"_jetpack_memberships_contains_paywalled_content":false,"_jetpack_memberships_contains_paid_content":false,"footnotes":""},"categories":[21,13],"tags":[],"class_list":["post-53761","post","type-post","status-publish","format-standard","has-post-thumbnail","hentry","category-actualidad","category-ovinos"],"jetpack_featured_media_url":"https:\/\/i0.wp.com\/lahoradelcampo.com.uy\/site\/wp-content\/uploads\/2024\/04\/Elize-Van-Lier.jpg?fit=880%2C440&ssl=1","jetpack_sharing_enabled":true,"jetpack_shortlink":"https:\/\/wp.me\/p99IaT-dZ7","jetpack-related-posts":[{"id":28650,"url":"https:\/\/lahoradelcampo.com.uy\/site\/en-el-mercado-lanero-uruguayo-se-concreta-negocios-puntuales-a-buenos-valores\/","url_meta":{"origin":53761,"position":0},"title":"En el mercado lanero uruguayo se concreta negocios puntuales a buenos valores","author":"La Hora del Campo","date":"19 marzo, 2021","format":false,"excerpt":"En un escenario internacional de baja, debido principalmente a la calidad de la oferta, en el mercado interno la operativa al igual que la semana anterior se posiciono muy cautelosa por parte de la demanda y con compras puntuales, para lograr cumplir con operativas acordadas con el exterior. Seg\u00fan supo\u2026","rel":"","context":"En \u00abActualidad\u00bb","block_context":{"text":"Actualidad","link":"https:\/\/lahoradelcampo.com.uy\/site\/category\/actualidad\/"},"img":{"alt_text":"","src":"https:\/\/i0.wp.com\/lahoradelcampo.com.uy\/site\/wp-content\/uploads\/2019\/05\/lana-lomo.jpg?fit=880%2C440&ssl=1&resize=350%2C200","width":350,"height":200,"srcset":"https:\/\/i0.wp.com\/lahoradelcampo.com.uy\/site\/wp-content\/uploads\/2019\/05\/lana-lomo.jpg?fit=880%2C440&ssl=1&resize=350%2C200 1x, https:\/\/i0.wp.com\/lahoradelcampo.com.uy\/site\/wp-content\/uploads\/2019\/05\/lana-lomo.jpg?fit=880%2C440&ssl=1&resize=525%2C300 1.5x, https:\/\/i0.wp.com\/lahoradelcampo.com.uy\/site\/wp-content\/uploads\/2019\/05\/lana-lomo.jpg?fit=880%2C440&ssl=1&resize=700%2C400 2x"},"classes":[]},{"id":17588,"url":"https:\/\/lahoradelcampo.com.uy\/site\/mercado-lanero-interno-continua-activo-y-con-valores-que-llegan-a-us-960\/","url_meta":{"origin":53761,"position":1},"title":"Mercado lanero interno contin\u00faa activo y con valores que llegan a US$ 9,60","author":"La Hora del Campo","date":"22 febrero, 2020","format":false,"excerpt":"La demanda contin\u00faa firme en el norte del pa\u00eds por lanas merino e ideal, principalmente por lanas certificadas org\u00e1nicas con destino a la industria topista, mientras que la exportaci\u00f3n en sucio tambi\u00e9n presiona el mercado. En este sentido se concret\u00f3 un negocio a la exportaci\u00f3n en sucio de 5.000 kilos\u2026","rel":"","context":"En \u00abActualidad\u00bb","block_context":{"text":"Actualidad","link":"https:\/\/lahoradelcampo.com.uy\/site\/category\/actualidad\/"},"img":{"alt_text":"","src":"https:\/\/i0.wp.com\/lahoradelcampo.com.uy\/site\/wp-content\/uploads\/2019\/07\/lana-uruguay.jpg?fit=880%2C440&ssl=1&resize=350%2C200","width":350,"height":200,"srcset":"https:\/\/i0.wp.com\/lahoradelcampo.com.uy\/site\/wp-content\/uploads\/2019\/07\/lana-uruguay.jpg?fit=880%2C440&ssl=1&resize=350%2C200 1x, https:\/\/i0.wp.com\/lahoradelcampo.com.uy\/site\/wp-content\/uploads\/2019\/07\/lana-uruguay.jpg?fit=880%2C440&ssl=1&resize=525%2C300 1.5x, https:\/\/i0.wp.com\/lahoradelcampo.com.uy\/site\/wp-content\/uploads\/2019\/07\/lana-uruguay.jpg?fit=880%2C440&ssl=1&resize=700%2C400 2x"},"classes":[]},{"id":37187,"url":"https:\/\/lahoradelcampo.com.uy\/site\/el-mercado-interno-con-negocios-muy-puntuales\/","url_meta":{"origin":53761,"position":2},"title":"El mercado interno con negocios muy puntuales","author":"La Hora del Campo","date":"3 diciembre, 2021","format":false,"excerpt":"De acuerdo al di\u00e1logo mantenido con algunos operadores, el mercado se posicion\u00f3 \"raro\" esta semana. Algunas operativas que se ven\u00edan conversando en las \u00faltimas semanas, \"se trancaron\" dijo un consignatario y mencion\u00f3 que ahora resta esperar una reacci\u00f3n positiva del mercado internacional. En el caso de las lanas finas, a\u00fan\u2026","rel":"","context":"En \u00abActualidad\u00bb","block_context":{"text":"Actualidad","link":"https:\/\/lahoradelcampo.com.uy\/site\/category\/actualidad\/"},"img":{"alt_text":"","src":"https:\/\/i0.wp.com\/lahoradelcampo.com.uy\/site\/wp-content\/uploads\/2021\/12\/Lana-camion.jpg?fit=880%2C440&ssl=1&resize=350%2C200","width":350,"height":200,"srcset":"https:\/\/i0.wp.com\/lahoradelcampo.com.uy\/site\/wp-content\/uploads\/2021\/12\/Lana-camion.jpg?fit=880%2C440&ssl=1&resize=350%2C200 1x, https:\/\/i0.wp.com\/lahoradelcampo.com.uy\/site\/wp-content\/uploads\/2021\/12\/Lana-camion.jpg?fit=880%2C440&ssl=1&resize=525%2C300 1.5x, https:\/\/i0.wp.com\/lahoradelcampo.com.uy\/site\/wp-content\/uploads\/2021\/12\/Lana-camion.jpg?fit=880%2C440&ssl=1&resize=700%2C400 2x"},"classes":[]},{"id":54416,"url":"https:\/\/lahoradelcampo.com.uy\/site\/con-mas-demanda-en-lanas-merinas-se-concretan-negocios-a-nivel-interno\/","url_meta":{"origin":53761,"position":3},"title":"Con m\u00e1s demanda en lanas merinas, se concretan negocios a nivel interno","author":"La Hora del Campo","date":"6 septiembre, 2024","format":false,"excerpt":"En el mercado lanero interno para las lanas finas, por debajo de las 22 micras, se observa un marcado inter\u00e9s por parte de la demanda, a\u00fan con valores que lejos est\u00e1n de conformar a la mayor\u00eda de los productores. Al igual que la pasada semana, se contin\u00faan concretando negocios, principalmente\u2026","rel":"","context":"En \u00abActualidad\u00bb","block_context":{"text":"Actualidad","link":"https:\/\/lahoradelcampo.com.uy\/site\/category\/actualidad\/"},"img":{"alt_text":"","src":"https:\/\/i0.wp.com\/lahoradelcampo.com.uy\/site\/wp-content\/uploads\/2017\/11\/Lanas.jpg?fit=880%2C440&ssl=1&resize=350%2C200","width":350,"height":200,"srcset":"https:\/\/i0.wp.com\/lahoradelcampo.com.uy\/site\/wp-content\/uploads\/2017\/11\/Lanas.jpg?fit=880%2C440&ssl=1&resize=350%2C200 1x, https:\/\/i0.wp.com\/lahoradelcampo.com.uy\/site\/wp-content\/uploads\/2017\/11\/Lanas.jpg?fit=880%2C440&ssl=1&resize=525%2C300 1.5x, https:\/\/i0.wp.com\/lahoradelcampo.com.uy\/site\/wp-content\/uploads\/2017\/11\/Lanas.jpg?fit=880%2C440&ssl=1&resize=700%2C400 2x"},"classes":[]},{"id":28254,"url":"https:\/\/lahoradelcampo.com.uy\/site\/los-negocios-siguen-siendo-puntuales-y-por-lanas-finas\/","url_meta":{"origin":53761,"position":4},"title":"Los negocios siguen siendo puntuales y por lanas finas","author":"La Hora del Campo","date":"5 marzo, 2021","format":false,"excerpt":"En el mercado lanero uruguayo contin\u00faa con negocios puntuales, y para muchos productores sin reflejar el empuje que ha tenido el mercado lanero australiano en los valores internos. Para las lanas medias, contin\u00faa la dificultad de encontrar las puntas, si bien hay referencias de precios en el mercado, est\u00e1s distan\u2026","rel":"","context":"En \u00abActualidad\u00bb","block_context":{"text":"Actualidad","link":"https:\/\/lahoradelcampo.com.uy\/site\/category\/actualidad\/"},"img":{"alt_text":"","src":"https:\/\/i0.wp.com\/lahoradelcampo.com.uy\/site\/wp-content\/uploads\/2020\/10\/lanascamion.jpg?fit=880%2C440&ssl=1&resize=350%2C200","width":350,"height":200,"srcset":"https:\/\/i0.wp.com\/lahoradelcampo.com.uy\/site\/wp-content\/uploads\/2020\/10\/lanascamion.jpg?fit=880%2C440&ssl=1&resize=350%2C200 1x, https:\/\/i0.wp.com\/lahoradelcampo.com.uy\/site\/wp-content\/uploads\/2020\/10\/lanascamion.jpg?fit=880%2C440&ssl=1&resize=525%2C300 1.5x, https:\/\/i0.wp.com\/lahoradelcampo.com.uy\/site\/wp-content\/uploads\/2020\/10\/lanascamion.jpg?fit=880%2C440&ssl=1&resize=700%2C400 2x"},"classes":[]},{"id":35821,"url":"https:\/\/lahoradelcampo.com.uy\/site\/se-concreto-licitacion-en-artigas-de-39-mil-kilos-de-lana-merino-a-us-745\/","url_meta":{"origin":53761,"position":5},"title":"Se concret\u00f3 licitaci\u00f3n en Artigas de 39 mil kilos de lana merino a US$ 7,45","author":"La Hora del Campo","date":"23 octubre, 2021","format":false,"excerpt":"El jueves se concret\u00f3 en Artigas, una importante licitaci\u00f3n de lanas, a trav\u00e9s de la cual se realiz\u00f3 la venta de un lote de lanas de 39.000 kilogramos de 19,7 micras, con 76,2% de rendimiento al lavado, seg\u00fan inform\u00f3 a La Hora del Campo la firma vendedora. Esta lana no\u2026","rel":"","context":"En \u00abActualidad\u00bb","block_context":{"text":"Actualidad","link":"https:\/\/lahoradelcampo.com.uy\/site\/category\/actualidad\/"},"img":{"alt_text":"","src":"https:\/\/i0.wp.com\/lahoradelcampo.com.uy\/site\/wp-content\/uploads\/2021\/06\/lanasul.jpg?fit=880%2C440&ssl=1&resize=350%2C200","width":350,"height":200,"srcset":"https:\/\/i0.wp.com\/lahoradelcampo.com.uy\/site\/wp-content\/uploads\/2021\/06\/lanasul.jpg?fit=880%2C440&ssl=1&resize=350%2C200 1x, https:\/\/i0.wp.com\/lahoradelcampo.com.uy\/site\/wp-content\/uploads\/2021\/06\/lanasul.jpg?fit=880%2C440&ssl=1&resize=525%2C300 1.5x, https:\/\/i0.wp.com\/lahoradelcampo.com.uy\/site\/wp-content\/uploads\/2021\/06\/lanasul.jpg?fit=880%2C440&ssl=1&resize=700%2C400 2x"},"classes":[]}],"jetpack_likes_enabled":true,"_links":{"self":[{"href":"https:\/\/lahoradelcampo.com.uy\/site\/wp-json\/wp\/v2\/posts\/53761","targetHints":{"allow":["GET"]}}],"collection":[{"href":"https:\/\/lahoradelcampo.com.uy\/site\/wp-json\/wp\/v2\/posts"}],"about":[{"href":"https:\/\/lahoradelcampo.com.uy\/site\/wp-json\/wp\/v2\/types\/post"}],"author":[{"embeddable":true,"href":"https:\/\/lahoradelcampo.com.uy\/site\/wp-json\/wp\/v2\/users\/5"}],"replies":[{"embeddable":true,"href":"https:\/\/lahoradelcampo.com.uy\/site\/wp-json\/wp\/v2\/comments?post=53761"}],"version-history":[{"count":1,"href":"https:\/\/lahoradelcampo.com.uy\/site\/wp-json\/wp\/v2\/posts\/53761\/revisions"}],"predecessor-version":[{"id":53763,"href":"https:\/\/lahoradelcampo.com.uy\/site\/wp-json\/wp\/v2\/posts\/53761\/revisions\/53763"}],"wp:featuredmedia":[{"embeddable":true,"href":"https:\/\/lahoradelcampo.com.uy\/site\/wp-json\/wp\/v2\/media\/53762"}],"wp:attachment":[{"href":"https:\/\/lahoradelcampo.com.uy\/site\/wp-json\/wp\/v2\/media?parent=53761"}],"wp:term":[{"taxonomy":"category","embeddable":true,"href":"https:\/\/lahoradelcampo.com.uy\/site\/wp-json\/wp\/v2\/categories?post=53761"},{"taxonomy":"post_tag","embeddable":true,"href":"https:\/\/lahoradelcampo.com.uy\/site\/wp-json\/wp\/v2\/tags?post=53761"}],"curies":[{"name":"wp","href":"https:\/\/api.w.org\/{rel}","templated":true}]}}