{"id":53758,"date":"2024-04-11T07:59:28","date_gmt":"2024-04-11T10:59:28","guid":{"rendered":"http:\/\/lahoradelcampo.com.uy\/site\/?p=53758"},"modified":"2024-04-11T07:59:52","modified_gmt":"2024-04-11T10:59:52","slug":"alta-colocacion-en-el-segundo-dia-del-remate-de-plaza-rural","status":"publish","type":"post","link":"https:\/\/lahoradelcampo.com.uy\/site\/alta-colocacion-en-el-segundo-dia-del-remate-de-plaza-rural\/","title":{"rendered":"Alta colocaci\u00f3n en el segundo d\u00eda del remate de Plaza Rural"},"content":{"rendered":"\n<figure class=\"wp-block-image size-full\"><a href=\"https:\/\/i0.wp.com\/lahoradelcampo.com.uy\/site\/wp-content\/uploads\/2023\/08\/Francisco-Canepa-Plaza-Rural.jpg\"><img data-recalc-dims=\"1\" loading=\"lazy\" decoding=\"async\" width=\"810\" height=\"405\" data-attachment-id=\"52258\" data-permalink=\"https:\/\/lahoradelcampo.com.uy\/site\/remate-con-lluvia-no-fallaplaza-rural-fue-un-rematazo\/francisco-canepa-plaza-rural\/\" data-orig-file=\"https:\/\/i0.wp.com\/lahoradelcampo.com.uy\/site\/wp-content\/uploads\/2023\/08\/Francisco-Canepa-Plaza-Rural.jpg?fit=880%2C440&amp;ssl=1\" data-orig-size=\"880,440\" data-comments-opened=\"1\" data-image-meta=\"{&quot;aperture&quot;:&quot;0&quot;,&quot;credit&quot;:&quot;&quot;,&quot;camera&quot;:&quot;&quot;,&quot;caption&quot;:&quot;&quot;,&quot;created_timestamp&quot;:&quot;0&quot;,&quot;copyright&quot;:&quot;&quot;,&quot;focal_length&quot;:&quot;0&quot;,&quot;iso&quot;:&quot;0&quot;,&quot;shutter_speed&quot;:&quot;0&quot;,&quot;title&quot;:&quot;&quot;,&quot;orientation&quot;:&quot;1&quot;}\" data-image-title=\"Francisco Canepa &amp;#8211; Plaza Rural\" data-image-description=\"\" data-image-caption=\"\" data-large-file=\"https:\/\/i0.wp.com\/lahoradelcampo.com.uy\/site\/wp-content\/uploads\/2023\/08\/Francisco-Canepa-Plaza-Rural.jpg?fit=810%2C405&amp;ssl=1\" src=\"https:\/\/i0.wp.com\/lahoradelcampo.com.uy\/site\/wp-content\/uploads\/2023\/08\/Francisco-Canepa-Plaza-Rural.jpg?resize=810%2C405\" alt=\"\" class=\"wp-image-52258\" srcset=\"https:\/\/i0.wp.com\/lahoradelcampo.com.uy\/site\/wp-content\/uploads\/2023\/08\/Francisco-Canepa-Plaza-Rural.jpg?w=880&amp;ssl=1 880w, https:\/\/i0.wp.com\/lahoradelcampo.com.uy\/site\/wp-content\/uploads\/2023\/08\/Francisco-Canepa-Plaza-Rural.jpg?resize=300%2C150&amp;ssl=1 300w, https:\/\/i0.wp.com\/lahoradelcampo.com.uy\/site\/wp-content\/uploads\/2023\/08\/Francisco-Canepa-Plaza-Rural.jpg?resize=768%2C384&amp;ssl=1 768w, https:\/\/i0.wp.com\/lahoradelcampo.com.uy\/site\/wp-content\/uploads\/2023\/08\/Francisco-Canepa-Plaza-Rural.jpg?resize=820%2C410&amp;ssl=1 820w\" sizes=\"auto, (max-width: 810px) 100vw, 810px\" \/><\/a><\/figure>\n\n\n\n<p>En el segundo d\u00eda del remate de abril de Plaza Rural, la efervescencia del mercado se hizo sentir con fuerza. Con una cifra impresionante, el 98,97% de los lotes ofertados encontraron comprador, lo que se traduce en la venta de 8.428 vacunos, en asociaci\u00f3n con el Banco de la Rep\u00fablica.<\/p>\n\n\n\n<p>Christopher Brown, director de Agro Oriental, analiz\u00f3 la jornada como sumamente positiva, destacando el dinamismo en los negocios y una colocaci\u00f3n del 100% en la mayor\u00eda de las categor\u00edas. Solo el segmento de novillos de 2 a 3 a\u00f1os registr\u00f3 una colocaci\u00f3n del 96%, principalmente debido a las expectativas de los vendedores.<\/p>\n\n\n\n<p>La jornada arranc\u00f3 con la venta de lotes mixtos de terneros y terneras, los cuales fueron todos adquiridos. La atenci\u00f3n luego se centr\u00f3 en la escalera de novillos de 1 a 2 y 2 a 3 a\u00f1os, con cerca de 5.000 cabezas en oferta. Este segmento experiment\u00f3 un mercado fluido y din\u00e1mico, tanto para novillos livianos como pesados, con una firmeza notable y una calidad de ganado envidiable.<\/p>\n\n\n\n<p>Los novillos fueron la categor\u00eda m\u00e1s destacada del d\u00eda, con una demanda s\u00f3lida a pesar de su peso elevado. Se observaron lotes de una calidad excepcional, los cuales recibieron una valoraci\u00f3n superior en comparaci\u00f3n con los lotes de menor calidad.<\/p>\n\n\n\n<p>Brown resalt\u00f3 adem\u00e1s la persistente relaci\u00f3n entre ganado flaco y gordo en el mercado de reposici\u00f3n, demostrando la solidez de este sector frente al mercado de ganado gordo.<\/p>\n\n\n\n<p>En cuanto a las vacas de invernada, tambi\u00e9n se evidenci\u00f3 un mercado \u00e1gil y din\u00e1mico, impulsado por la escasez de oferta debido a las altas tasas de pre\u00f1ez registradas este a\u00f1o. Se vendieron 1.326 vacas, con un incremento en su cotizaci\u00f3n promedio de US$ 1,60 por kilo.<\/p>\n\n\n\n<p>El cierre de la jornada estuvo a cargo de las piezas de cr\u00eda, las cuales fueron muy demandadas, vendi\u00e9ndose las 55 ofertadas a un precio medio de US$ 447,47.<\/p>\n\n\n\n<p>Salto, 11 de abril de 2024<\/p>\n","protected":false},"excerpt":{"rendered":"<p>En el segundo d\u00eda del remate de abril de Plaza Rural, la efervescencia del mercado se hizo sentir con fuerza. Con una cifra impresionante, el 98,97% de los lotes ofertados [&hellip;]<\/p>\n","protected":false},"author":5,"featured_media":52258,"comment_status":"open","ping_status":"open","sticky":false,"template":"","format":"standard","meta":{"_price":"","_stock":"","_tribe_ticket_header":"","_tribe_default_ticket_provider":"","_tribe_ticket_capacity":"0","_ticket_start_date":"","_ticket_end_date":"","_tribe_ticket_show_description":"","_tribe_ticket_show_not_going":false,"_tribe_ticket_use_global_stock":"","_tribe_ticket_global_stock_level":"","_global_stock_mode":"","_global_stock_cap":"","_tribe_rsvp_for_event":"","_tribe_ticket_going_count":"","_tribe_ticket_not_going_count":"","_tribe_tickets_list":"[]","_tribe_ticket_has_attendee_info_fields":false,"h5ap_radio_sources":[],"_jetpack_newsletter_access":"","_jetpack_dont_email_post_to_subs":false,"_jetpack_newsletter_tier_id":0,"_jetpack_memberships_contains_paywalled_content":false,"_jetpack_memberships_contains_paid_content":false,"footnotes":""},"categories":[21,5],"tags":[],"class_list":["post-53758","post","type-post","status-publish","format-standard","has-post-thumbnail","hentry","category-actualidad","category-ganaderia"],"jetpack_featured_media_url":"https:\/\/i0.wp.com\/lahoradelcampo.com.uy\/site\/wp-content\/uploads\/2023\/08\/Francisco-Canepa-Plaza-Rural.jpg?fit=880%2C440&ssl=1","jetpack_sharing_enabled":true,"jetpack_shortlink":"https:\/\/wp.me\/p99IaT-dZ4","jetpack-related-posts":[{"id":51395,"url":"https:\/\/lahoradelcampo.com.uy\/site\/remate-270-de-plaza-rural-dias-con-tonos-diferentes-y-buena-colocacion\/","url_meta":{"origin":53758,"position":0},"title":"Remate 270 de Plaza Rural: Dos d\u00edas con tonos diferentes y buena colocaci\u00f3n","author":"La Hora del Campo","date":"23 junio, 2023","format":false,"excerpt":"El director de Agro Oriental, Christopher Brown, analiz\u00f3 los resultados del remate 270 de Plaza Rural y destac\u00f3 que tuvo dos d\u00edas con caracter\u00edsticas distintas. Durante el primer d\u00eda, se observ\u00f3 una mayor fluidez en las transacciones y correcciones al alza en casi todas las categor\u00edas, logrando una colocaci\u00f3n por\u2026","rel":"","context":"En \u00abActualidad\u00bb","block_context":{"text":"Actualidad","link":"https:\/\/lahoradelcampo.com.uy\/site\/category\/actualidad\/"},"img":{"alt_text":"","src":"https:\/\/i0.wp.com\/lahoradelcampo.com.uy\/site\/wp-content\/uploads\/2023\/06\/Plaza-Rural-1.jpg?fit=880%2C440&ssl=1&resize=350%2C200","width":350,"height":200,"srcset":"https:\/\/i0.wp.com\/lahoradelcampo.com.uy\/site\/wp-content\/uploads\/2023\/06\/Plaza-Rural-1.jpg?fit=880%2C440&ssl=1&resize=350%2C200 1x, https:\/\/i0.wp.com\/lahoradelcampo.com.uy\/site\/wp-content\/uploads\/2023\/06\/Plaza-Rural-1.jpg?fit=880%2C440&ssl=1&resize=525%2C300 1.5x, https:\/\/i0.wp.com\/lahoradelcampo.com.uy\/site\/wp-content\/uploads\/2023\/06\/Plaza-Rural-1.jpg?fit=880%2C440&ssl=1&resize=700%2C400 2x"},"classes":[]},{"id":4941,"url":"https:\/\/lahoradelcampo.com.uy\/site\/plaza-rural-cerro-el-ultimo-remate-del-ano-con-un-91-de-colocacion\/","url_meta":{"origin":53758,"position":1},"title":"Plaza Rural cerr\u00f3 el \u00faltimo remate del a\u00f1o con un 91% de colocaci\u00f3n","author":"La Hora del Campo","date":"14 diciembre, 2017","format":false,"excerpt":"Plaza Rural cerr\u00f3 su remate N\u00ba 189 con un alto nivel de colocaci\u00f3n de la oferta, luego de un segundo d\u00eda de actividad con mejor demanda por los ganados de cr\u00eda, a pesar del claro ajuste en los valores de todas las categor\u00edas. En total se comercializaron 14.744 cabezas en\u2026","rel":"","context":"En \u00abActualidad\u00bb","block_context":{"text":"Actualidad","link":"https:\/\/lahoradelcampo.com.uy\/site\/category\/actualidad\/"},"img":{"alt_text":"","src":"https:\/\/i0.wp.com\/lahoradelcampo.com.uy\/site\/wp-content\/uploads\/2017\/12\/plazarural.jpg?fit=880%2C440&ssl=1&resize=350%2C200","width":350,"height":200,"srcset":"https:\/\/i0.wp.com\/lahoradelcampo.com.uy\/site\/wp-content\/uploads\/2017\/12\/plazarural.jpg?fit=880%2C440&ssl=1&resize=350%2C200 1x, https:\/\/i0.wp.com\/lahoradelcampo.com.uy\/site\/wp-content\/uploads\/2017\/12\/plazarural.jpg?fit=880%2C440&ssl=1&resize=525%2C300 1.5x, https:\/\/i0.wp.com\/lahoradelcampo.com.uy\/site\/wp-content\/uploads\/2017\/12\/plazarural.jpg?fit=880%2C440&ssl=1&resize=700%2C400 2x"},"classes":[]},{"id":50204,"url":"https:\/\/lahoradelcampo.com.uy\/site\/plaza-rural-coloco-el-98-de-los-terneros-a-us-257\/","url_meta":{"origin":53758,"position":2},"title":"Plaza Rural coloc\u00f3 el 98% de los terneros a US$ 2,57","author":"La Hora del Campo","date":"26 abril, 2023","format":false,"excerpt":"El consorcio Plaza Rural realiz\u00f3 su segundo remate del 2021, Plaza Angus de abril, y en su primer d\u00eda de actividad se registr\u00f3 estabilidad en el precio del ternero. Con una oferta de 6.108 cabezas, se logr\u00f3 colocar el 98% de los animales con un precio promedio de US$ 2,57\u2026","rel":"","context":"En \u00abActualidad\u00bb","block_context":{"text":"Actualidad","link":"https:\/\/lahoradelcampo.com.uy\/site\/category\/actualidad\/"},"img":{"alt_text":"","src":"https:\/\/i0.wp.com\/lahoradelcampo.com.uy\/site\/wp-content\/uploads\/2022\/05\/PLazaRural-general.jpg?fit=880%2C440&ssl=1&resize=350%2C200","width":350,"height":200,"srcset":"https:\/\/i0.wp.com\/lahoradelcampo.com.uy\/site\/wp-content\/uploads\/2022\/05\/PLazaRural-general.jpg?fit=880%2C440&ssl=1&resize=350%2C200 1x, https:\/\/i0.wp.com\/lahoradelcampo.com.uy\/site\/wp-content\/uploads\/2022\/05\/PLazaRural-general.jpg?fit=880%2C440&ssl=1&resize=525%2C300 1.5x, https:\/\/i0.wp.com\/lahoradelcampo.com.uy\/site\/wp-content\/uploads\/2022\/05\/PLazaRural-general.jpg?fit=880%2C440&ssl=1&resize=700%2C400 2x"},"classes":[]},{"id":45933,"url":"https:\/\/lahoradelcampo.com.uy\/site\/plaza-rural-cerro-sus-venta-254-con-un-82-de-colocacion\/","url_meta":{"origin":53758,"position":3},"title":"Plaza Rural cerr\u00f3 sus venta 254 con un 82% de colocaci\u00f3n","author":"La Hora del Campo","date":"29 septiembre, 2022","format":false,"excerpt":"Plaza Rural vendi\u00f3 9.524 vacunos en dos d\u00edas, en su remate 254, desde el Cottage, lograron una colocaci\u00f3n del 82% en un remate en el que se vieron ajustes de precios en todas las categor\u00edas. Ajustes l\u00f3gicos y esperados ante la baja de precios que se registr\u00f3 en el mercado\u2026","rel":"","context":"En \u00abActualidad\u00bb","block_context":{"text":"Actualidad","link":"https:\/\/lahoradelcampo.com.uy\/site\/category\/actualidad\/"},"img":{"alt_text":"","src":"https:\/\/i0.wp.com\/lahoradelcampo.com.uy\/site\/wp-content\/uploads\/2022\/05\/PlazaRural-general2.jpg?fit=880%2C440&ssl=1&resize=350%2C200","width":350,"height":200,"srcset":"https:\/\/i0.wp.com\/lahoradelcampo.com.uy\/site\/wp-content\/uploads\/2022\/05\/PlazaRural-general2.jpg?fit=880%2C440&ssl=1&resize=350%2C200 1x, https:\/\/i0.wp.com\/lahoradelcampo.com.uy\/site\/wp-content\/uploads\/2022\/05\/PlazaRural-general2.jpg?fit=880%2C440&ssl=1&resize=525%2C300 1.5x, https:\/\/i0.wp.com\/lahoradelcampo.com.uy\/site\/wp-content\/uploads\/2022\/05\/PlazaRural-general2.jpg?fit=880%2C440&ssl=1&resize=700%2C400 2x"},"classes":[]},{"id":54418,"url":"https:\/\/lahoradelcampo.com.uy\/site\/plaza-rural-con-98-de-ventas-en-el-primer-remate-de-setiembre\/","url_meta":{"origin":53758,"position":4},"title":"Plaza Rural con 98% de ventas en el primer remate de setiembre","author":"La Hora del Campo","date":"6 septiembre, 2024","format":false,"excerpt":"El consorcio Plaza Rural logr\u00f3 una vez m\u00e1s superar las expectativas del mercado en su remate 291, con la venta de 12.926 vacunos y un porcentaje del 98,15% de ventas. Alejandro Zambrano, director de Zambrano & C\u00eda., calific\u00f3 la jornada como un \u00e9xito rotundo, destacando la mejora en los precios\u2026","rel":"","context":"En \u00abActualidad\u00bb","block_context":{"text":"Actualidad","link":"https:\/\/lahoradelcampo.com.uy\/site\/category\/actualidad\/"},"img":{"alt_text":"","src":"https:\/\/i0.wp.com\/lahoradelcampo.com.uy\/site\/wp-content\/uploads\/2023\/06\/Plaza-Rural-1.jpg?fit=880%2C440&ssl=1&resize=350%2C200","width":350,"height":200,"srcset":"https:\/\/i0.wp.com\/lahoradelcampo.com.uy\/site\/wp-content\/uploads\/2023\/06\/Plaza-Rural-1.jpg?fit=880%2C440&ssl=1&resize=350%2C200 1x, https:\/\/i0.wp.com\/lahoradelcampo.com.uy\/site\/wp-content\/uploads\/2023\/06\/Plaza-Rural-1.jpg?fit=880%2C440&ssl=1&resize=525%2C300 1.5x, https:\/\/i0.wp.com\/lahoradelcampo.com.uy\/site\/wp-content\/uploads\/2023\/06\/Plaza-Rural-1.jpg?fit=880%2C440&ssl=1&resize=700%2C400 2x"},"classes":[]},{"id":23266,"url":"https:\/\/lahoradelcampo.com.uy\/site\/plaza-rural-cerro-con-el-92-de-colocacion-en-los-tres-dias-de-ventas\/","url_meta":{"origin":53758,"position":5},"title":"Plaza Rural cerr\u00f3 con el 92% de colocaci\u00f3n en los tres d\u00edas de ventas","author":"La Hora del Campo","date":"5 septiembre, 2020","format":false,"excerpt":"Plaza Rural cerr\u00f3 ayer su remate 224 con un 92% de colocaci\u00f3n y una clara apuesta al sector criador, logr\u00e1ndose en estas categor\u00edas los mayores niveles de colocaci\u00f3n. En total se colocaron 14.393 vacunos. \"Si hay algo que clarific\u00f3 el remate 224 de Plaza Rural fue el inter\u00e9s por las\u2026","rel":"","context":"En \u00abActualidad\u00bb","block_context":{"text":"Actualidad","link":"https:\/\/lahoradelcampo.com.uy\/site\/category\/actualidad\/"},"img":{"alt_text":"","src":"https:\/\/i0.wp.com\/lahoradelcampo.com.uy\/site\/wp-content\/uploads\/2017\/12\/plazarural.jpg?fit=880%2C440&ssl=1&resize=350%2C200","width":350,"height":200,"srcset":"https:\/\/i0.wp.com\/lahoradelcampo.com.uy\/site\/wp-content\/uploads\/2017\/12\/plazarural.jpg?fit=880%2C440&ssl=1&resize=350%2C200 1x, https:\/\/i0.wp.com\/lahoradelcampo.com.uy\/site\/wp-content\/uploads\/2017\/12\/plazarural.jpg?fit=880%2C440&ssl=1&resize=525%2C300 1.5x, https:\/\/i0.wp.com\/lahoradelcampo.com.uy\/site\/wp-content\/uploads\/2017\/12\/plazarural.jpg?fit=880%2C440&ssl=1&resize=700%2C400 2x"},"classes":[]}],"jetpack_likes_enabled":true,"_links":{"self":[{"href":"https:\/\/lahoradelcampo.com.uy\/site\/wp-json\/wp\/v2\/posts\/53758","targetHints":{"allow":["GET"]}}],"collection":[{"href":"https:\/\/lahoradelcampo.com.uy\/site\/wp-json\/wp\/v2\/posts"}],"about":[{"href":"https:\/\/lahoradelcampo.com.uy\/site\/wp-json\/wp\/v2\/types\/post"}],"author":[{"embeddable":true,"href":"https:\/\/lahoradelcampo.com.uy\/site\/wp-json\/wp\/v2\/users\/5"}],"replies":[{"embeddable":true,"href":"https:\/\/lahoradelcampo.com.uy\/site\/wp-json\/wp\/v2\/comments?post=53758"}],"version-history":[{"count":2,"href":"https:\/\/lahoradelcampo.com.uy\/site\/wp-json\/wp\/v2\/posts\/53758\/revisions"}],"predecessor-version":[{"id":53760,"href":"https:\/\/lahoradelcampo.com.uy\/site\/wp-json\/wp\/v2\/posts\/53758\/revisions\/53760"}],"wp:featuredmedia":[{"embeddable":true,"href":"https:\/\/lahoradelcampo.com.uy\/site\/wp-json\/wp\/v2\/media\/52258"}],"wp:attachment":[{"href":"https:\/\/lahoradelcampo.com.uy\/site\/wp-json\/wp\/v2\/media?parent=53758"}],"wp:term":[{"taxonomy":"category","embeddable":true,"href":"https:\/\/lahoradelcampo.com.uy\/site\/wp-json\/wp\/v2\/categories?post=53758"},{"taxonomy":"post_tag","embeddable":true,"href":"https:\/\/lahoradelcampo.com.uy\/site\/wp-json\/wp\/v2\/tags?post=53758"}],"curies":[{"name":"wp","href":"https:\/\/api.w.org\/{rel}","templated":true}]}}