{"id":53753,"date":"2024-04-11T07:00:17","date_gmt":"2024-04-11T10:00:17","guid":{"rendered":"http:\/\/lahoradelcampo.com.uy\/site\/?p=53753"},"modified":"2024-04-11T07:00:18","modified_gmt":"2024-04-11T10:00:18","slug":"importante-mejora-de-la-situacion-de-encefalomielitis-equina","status":"publish","type":"post","link":"https:\/\/lahoradelcampo.com.uy\/site\/importante-mejora-de-la-situacion-de-encefalomielitis-equina\/","title":{"rendered":"Importante mejora de la situaci\u00f3n de Encefalomielitis equina"},"content":{"rendered":"\n<figure class=\"wp-block-image size-full\"><a href=\"https:\/\/i0.wp.com\/lahoradelcampo.com.uy\/site\/wp-content\/uploads\/2023\/11\/Criollos-mgap.jpg\"><img data-recalc-dims=\"1\" loading=\"lazy\" decoding=\"async\" width=\"810\" height=\"405\" data-attachment-id=\"53234\" data-permalink=\"https:\/\/lahoradelcampo.com.uy\/site\/encefalitis-equina-se-analizan-varios-casos-sospechososy-no-hay-vacuna-en-plaza\/criollos-mgap\/\" data-orig-file=\"https:\/\/i0.wp.com\/lahoradelcampo.com.uy\/site\/wp-content\/uploads\/2023\/11\/Criollos-mgap.jpg?fit=880%2C440&amp;ssl=1\" data-orig-size=\"880,440\" data-comments-opened=\"1\" data-image-meta=\"{&quot;aperture&quot;:&quot;0&quot;,&quot;credit&quot;:&quot;&quot;,&quot;camera&quot;:&quot;&quot;,&quot;caption&quot;:&quot;&quot;,&quot;created_timestamp&quot;:&quot;0&quot;,&quot;copyright&quot;:&quot;&quot;,&quot;focal_length&quot;:&quot;0&quot;,&quot;iso&quot;:&quot;0&quot;,&quot;shutter_speed&quot;:&quot;0&quot;,&quot;title&quot;:&quot;&quot;,&quot;orientation&quot;:&quot;1&quot;}\" data-image-title=\"Criollos-mgap\" data-image-description=\"\" data-image-caption=\"\" data-large-file=\"https:\/\/i0.wp.com\/lahoradelcampo.com.uy\/site\/wp-content\/uploads\/2023\/11\/Criollos-mgap.jpg?fit=810%2C405&amp;ssl=1\" src=\"https:\/\/i0.wp.com\/lahoradelcampo.com.uy\/site\/wp-content\/uploads\/2023\/11\/Criollos-mgap.jpg?resize=810%2C405\" alt=\"\" class=\"wp-image-53234\" srcset=\"https:\/\/i0.wp.com\/lahoradelcampo.com.uy\/site\/wp-content\/uploads\/2023\/11\/Criollos-mgap.jpg?w=880&amp;ssl=1 880w, https:\/\/i0.wp.com\/lahoradelcampo.com.uy\/site\/wp-content\/uploads\/2023\/11\/Criollos-mgap.jpg?resize=300%2C150&amp;ssl=1 300w, https:\/\/i0.wp.com\/lahoradelcampo.com.uy\/site\/wp-content\/uploads\/2023\/11\/Criollos-mgap.jpg?resize=768%2C384&amp;ssl=1 768w, https:\/\/i0.wp.com\/lahoradelcampo.com.uy\/site\/wp-content\/uploads\/2023\/11\/Criollos-mgap.jpg?resize=820%2C410&amp;ssl=1 820w\" sizes=\"auto, (max-width: 810px) 100vw, 810px\" \/><\/a><\/figure>\n\n\n\n<p>La Direcci\u00f3n General de Servicios Ganaderos, a trav\u00e9s de la Divisi\u00f3n de Sanidad Animal (DILAVE &#8211; MGAP), ha emitido un nuevo comunicado actualizando la situaci\u00f3n actual de la Encefalomielitis Equina en Uruguay. Seg\u00fan el comunicado, la situaci\u00f3n sanitaria ha experimentado una mejor\u00eda notoria en todo el pa\u00eds. Se destaca que los caballos m\u00e1s afectados pertenecen a establecimientos rurales, con la excepci\u00f3n de un equino deportivo.<\/p>\n\n\n\n<p>En cuanto al tratamiento, se informa que los veterinarios de libre ejercicio han logrado una alta tasa de recuperaci\u00f3n en los equinos afectados. Adem\u00e1s, se destaca la importancia de la prevenci\u00f3n, resaltando el ingreso de una cantidad significativa de vacunas y el uso de repelentes, que han contribuido a proteger a muchos animales. <\/p>\n\n\n\n<p>Las zonas m\u00e1s afectadas se ubican en terrenos bajos, con alta humedad, vegetaci\u00f3n densa, presencia de aves y una actividad considerable de mosquitos. El d\u00eda con mayor n\u00famero de notificaciones fue el 4 de diciembre de 2023, con 91 equinos presentando sintomatolog\u00eda cl\u00ednica, mientras que el d\u00eda con m\u00e1s muertes fue el 8 de enero de 2024, con un total de 25 fallecimientos.<\/p>\n\n\n\n<p>La disminuci\u00f3n de las notificaciones se atribuye a varios factores, entre ellos la baja carga viral en los mosquitos, la inmunizaci\u00f3n de un gran n\u00famero de equinos y la implementaci\u00f3n de medidas preventivas sugeridas por el MGAP y el MSP, como el uso de repelentes, la eliminaci\u00f3n de criaderos de mosquitos y la limpieza de vegetaci\u00f3n. Se destaca que desde el d\u00eda 9 de febrero no se han registrado resultados de laboratorio positivos a Encefalomielitis Equina, y desde el 21 de febrero no se han notificado casos cl\u00ednicos compatibles con esta enfermedad. <\/p>\n\n\n\n<p>La \u00faltima alerta se registr\u00f3 el 15 de marzo, con el sacrificio de una potranca no vacunada en el Departamento de Flores, cuyo resultado de laboratorio fue negativo a Encefalomielitis Equina.<\/p>\n\n\n\n<p>Salto, 11 de abril de 2024<\/p>\n","protected":false},"excerpt":{"rendered":"<p>La Direcci\u00f3n General de Servicios Ganaderos, a trav\u00e9s de la Divisi\u00f3n de Sanidad Animal (DILAVE &#8211; MGAP), ha emitido un nuevo comunicado actualizando la situaci\u00f3n actual de la Encefalomielitis Equina [&hellip;]<\/p>\n","protected":false},"author":5,"featured_media":53234,"comment_status":"open","ping_status":"open","sticky":false,"template":"","format":"standard","meta":{"_price":"","_stock":"","_tribe_ticket_header":"","_tribe_default_ticket_provider":"","_tribe_ticket_capacity":"0","_ticket_start_date":"","_ticket_end_date":"","_tribe_ticket_show_description":"","_tribe_ticket_show_not_going":false,"_tribe_ticket_use_global_stock":"","_tribe_ticket_global_stock_level":"","_global_stock_mode":"","_global_stock_cap":"","_tribe_rsvp_for_event":"","_tribe_ticket_going_count":"","_tribe_ticket_not_going_count":"","_tribe_tickets_list":"[]","_tribe_ticket_has_attendee_info_fields":false,"h5ap_radio_sources":[],"_jetpack_newsletter_access":"","_jetpack_dont_email_post_to_subs":false,"_jetpack_newsletter_tier_id":0,"_jetpack_memberships_contains_paywalled_content":false,"_jetpack_memberships_contains_paid_content":false,"footnotes":""},"categories":[21,23],"tags":[],"class_list":["post-53753","post","type-post","status-publish","format-standard","has-post-thumbnail","hentry","category-actualidad","category-equinos"],"jetpack_featured_media_url":"https:\/\/i0.wp.com\/lahoradelcampo.com.uy\/site\/wp-content\/uploads\/2023\/11\/Criollos-mgap.jpg?fit=880%2C440&ssl=1","jetpack_sharing_enabled":true,"jetpack_shortlink":"https:\/\/wp.me\/p99IaT-dYZ","jetpack-related-posts":[{"id":53230,"url":"https:\/\/lahoradelcampo.com.uy\/site\/encefalitis-equina-se-analizan-varios-casos-sospechososy-no-hay-vacuna-en-plaza\/","url_meta":{"origin":53753,"position":0},"title":"Encefalitis equina: se analizan varios casos sospechososy no hay vacuna en plaza","author":"La Hora del Campo","date":"30 noviembre, 2023","format":false,"excerpt":"En la Rep\u00fablica Argentina, el lunes, el Servicio Nacional de Sanidad y Calidad Agroalimentaria (SENASA) confirm\u00f3 la presencia de Encefalitis equina de Tipo Oeste, en la provincia de Santa Fe, en tanto que se contin\u00faan analizando muestras de Corrientes, Entre R\u00edos y C\u00f3rdoba. Al mismo tiempo en Uruguay tambi\u00e9n han\u2026","rel":"","context":"En \u00abActualidad\u00bb","block_context":{"text":"Actualidad","link":"https:\/\/lahoradelcampo.com.uy\/site\/category\/actualidad\/"},"img":{"alt_text":"","src":"https:\/\/i0.wp.com\/lahoradelcampo.com.uy\/site\/wp-content\/uploads\/2023\/11\/Criollos-mgap.jpg?fit=880%2C440&ssl=1&resize=350%2C200","width":350,"height":200,"srcset":"https:\/\/i0.wp.com\/lahoradelcampo.com.uy\/site\/wp-content\/uploads\/2023\/11\/Criollos-mgap.jpg?fit=880%2C440&ssl=1&resize=350%2C200 1x, https:\/\/i0.wp.com\/lahoradelcampo.com.uy\/site\/wp-content\/uploads\/2023\/11\/Criollos-mgap.jpg?fit=880%2C440&ssl=1&resize=525%2C300 1.5x, https:\/\/i0.wp.com\/lahoradelcampo.com.uy\/site\/wp-content\/uploads\/2023\/11\/Criollos-mgap.jpg?fit=880%2C440&ssl=1&resize=700%2C400 2x"},"classes":[]},{"id":49243,"url":"https:\/\/lahoradelcampo.com.uy\/site\/se-detecto-caso-de-anemia-infecciosa-equina-en-salto\/","url_meta":{"origin":53753,"position":1},"title":"Se detect\u00f3 caso de Anemia infecciosa equina en Salto","author":"La Hora del Campo","date":"15 marzo, 2023","format":false,"excerpt":"El Ministerio de Ganader\u00eda, Agricultura y Pesca (MGAP) confirm\u00f3 la aparici\u00f3n de un caso de Anemia Infecciosa Equina, en el departamento de Salto. Seg\u00fan una fuente del ministerio, se detectaron dos equinos, una yegua y su potrillo, en el marco de un control de vigilancia en equinos de rutina. Seg\u00fan\u2026","rel":"","context":"En \u00abActualidad\u00bb","block_context":{"text":"Actualidad","link":"https:\/\/lahoradelcampo.com.uy\/site\/category\/actualidad\/"},"img":{"alt_text":"","src":"https:\/\/i0.wp.com\/lahoradelcampo.com.uy\/site\/wp-content\/uploads\/2023\/01\/veterinario-equinos.jpg?fit=880%2C440&ssl=1&resize=350%2C200","width":350,"height":200,"srcset":"https:\/\/i0.wp.com\/lahoradelcampo.com.uy\/site\/wp-content\/uploads\/2023\/01\/veterinario-equinos.jpg?fit=880%2C440&ssl=1&resize=350%2C200 1x, https:\/\/i0.wp.com\/lahoradelcampo.com.uy\/site\/wp-content\/uploads\/2023\/01\/veterinario-equinos.jpg?fit=880%2C440&ssl=1&resize=525%2C300 1.5x, https:\/\/i0.wp.com\/lahoradelcampo.com.uy\/site\/wp-content\/uploads\/2023\/01\/veterinario-equinos.jpg?fit=880%2C440&ssl=1&resize=700%2C400 2x"},"classes":[]},{"id":51257,"url":"https:\/\/lahoradelcampo.com.uy\/site\/exportaciones-de-carne-equina-crecieron-175-en-volumen\/","url_meta":{"origin":53753,"position":2},"title":"Exportaciones de carne equina crecieron 17,5% en volumen","author":"La Hora del Campo","date":"15 junio, 2023","format":false,"excerpt":"El sector equino en Uruguay registra un importante crecimiento en los primeros cinco meses del a\u00f1o. Seg\u00fan los datos actualizados por el Instituto Nacional de Carnes (INAC), la faena de equinos ha tenido un incremento del 7,05% en comparaci\u00f3n con el mismo per\u00edodo del a\u00f1o anterior, lo cual se ha\u2026","rel":"","context":"En \u00abActualidad\u00bb","block_context":{"text":"Actualidad","link":"https:\/\/lahoradelcampo.com.uy\/site\/category\/actualidad\/"},"img":{"alt_text":"","src":"https:\/\/i0.wp.com\/lahoradelcampo.com.uy\/site\/wp-content\/uploads\/2023\/06\/equinos1.jpg?fit=880%2C440&ssl=1&resize=350%2C200","width":350,"height":200,"srcset":"https:\/\/i0.wp.com\/lahoradelcampo.com.uy\/site\/wp-content\/uploads\/2023\/06\/equinos1.jpg?fit=880%2C440&ssl=1&resize=350%2C200 1x, https:\/\/i0.wp.com\/lahoradelcampo.com.uy\/site\/wp-content\/uploads\/2023\/06\/equinos1.jpg?fit=880%2C440&ssl=1&resize=525%2C300 1.5x, https:\/\/i0.wp.com\/lahoradelcampo.com.uy\/site\/wp-content\/uploads\/2023\/06\/equinos1.jpg?fit=880%2C440&ssl=1&resize=700%2C400 2x"},"classes":[]},{"id":50104,"url":"https:\/\/lahoradelcampo.com.uy\/site\/exportaciones-de-carne-equina-aumentan-un-17-en-el-primer-trimestre-de-2023\/","url_meta":{"origin":53753,"position":3},"title":"Exportaciones de carne equina aumentan un 17% en el primer trimestre","author":"La Hora del Campo","date":"20 abril, 2023","format":false,"excerpt":"El sector equino en Uruguay registra un importante crecimiento en el primer trimestre del a\u00f1o. Seg\u00fan los datos actualizados por el Instituto Nacional de Carnes (INAC), la faena de equinos ha tenido un incremento del 7,5% en comparaci\u00f3n con el mismo per\u00edodo del a\u00f1o anterior, lo cual se ha visto\u2026","rel":"","context":"En \u00abActualidad\u00bb","block_context":{"text":"Actualidad","link":"https:\/\/lahoradelcampo.com.uy\/site\/category\/actualidad\/"},"img":{"alt_text":"","src":"https:\/\/i0.wp.com\/lahoradelcampo.com.uy\/site\/wp-content\/uploads\/2022\/01\/Equinos-general.jpg?fit=880%2C440&ssl=1&resize=350%2C200","width":350,"height":200,"srcset":"https:\/\/i0.wp.com\/lahoradelcampo.com.uy\/site\/wp-content\/uploads\/2022\/01\/Equinos-general.jpg?fit=880%2C440&ssl=1&resize=350%2C200 1x, https:\/\/i0.wp.com\/lahoradelcampo.com.uy\/site\/wp-content\/uploads\/2022\/01\/Equinos-general.jpg?fit=880%2C440&ssl=1&resize=525%2C300 1.5x, https:\/\/i0.wp.com\/lahoradelcampo.com.uy\/site\/wp-content\/uploads\/2022\/01\/Equinos-general.jpg?fit=880%2C440&ssl=1&resize=700%2C400 2x"},"classes":[]},{"id":19596,"url":"https:\/\/lahoradelcampo.com.uy\/site\/mgap-exhorta-a-mantener-los-vacunacion-para-la-influenza-viral-equina\/","url_meta":{"origin":53753,"position":4},"title":"MGAP exhorta a mantener los vacunaci\u00f3n para la Influenza Viral Equina","author":"La Hora del Campo","date":"11 mayo, 2020","format":false,"excerpt":"Actualmente se encuentran suspendidos todos los eventos deportivos y competencias ecuestres, seg\u00fan las recomendaciones del MSP frente a la pandemia de COVID -19, lo que ha generado que algunos sitios de concentraci\u00f3n y de cuidado de equinos se hayan dispersado. Cuando comience el retorno a las actividades deportivas, tenemos que\u2026","rel":"","context":"En \u00abActualidad\u00bb","block_context":{"text":"Actualidad","link":"https:\/\/lahoradelcampo.com.uy\/site\/category\/actualidad\/"},"img":{"alt_text":"","src":"https:\/\/i0.wp.com\/lahoradelcampo.com.uy\/site\/wp-content\/uploads\/2017\/09\/caballos-criollos-san-fermin-fermin-cautiva-en-crioulos-de-punta-2.jpg?fit=1024%2C681&ssl=1&resize=350%2C200","width":350,"height":200,"srcset":"https:\/\/i0.wp.com\/lahoradelcampo.com.uy\/site\/wp-content\/uploads\/2017\/09\/caballos-criollos-san-fermin-fermin-cautiva-en-crioulos-de-punta-2.jpg?fit=1024%2C681&ssl=1&resize=350%2C200 1x, https:\/\/i0.wp.com\/lahoradelcampo.com.uy\/site\/wp-content\/uploads\/2017\/09\/caballos-criollos-san-fermin-fermin-cautiva-en-crioulos-de-punta-2.jpg?fit=1024%2C681&ssl=1&resize=525%2C300 1.5x, https:\/\/i0.wp.com\/lahoradelcampo.com.uy\/site\/wp-content\/uploads\/2017\/09\/caballos-criollos-san-fermin-fermin-cautiva-en-crioulos-de-punta-2.jpg?fit=1024%2C681&ssl=1&resize=700%2C400 2x"},"classes":[]},{"id":56118,"url":"https:\/\/lahoradelcampo.com.uy\/site\/precio-del-equino-para-faenase-mantiene-firme\/","url_meta":{"origin":53753,"position":5},"title":"Precio del equino para faena se mantiene firme","author":"La Hora del Campo","date":"25 mayo, 2025","format":false,"excerpt":"El sector c\u00e1rnico equino crece en sus vol\u00famenes de exportaci\u00f3n y en la facturaci\u00f3n final, lo que se ha traducido en un mayor nivel de faena y precios firmes en el mercado interno y manteni\u00e9ndose en niveles hist\u00f3ricos, seg\u00fan datos del Instituto Nacional de Carnes (INAC) del primer cuatrimestre del\u2026","rel":"","context":"En \u00abActualidad\u00bb","block_context":{"text":"Actualidad","link":"https:\/\/lahoradelcampo.com.uy\/site\/category\/actualidad\/"},"img":{"alt_text":"","src":"https:\/\/i0.wp.com\/lahoradelcampo.com.uy\/site\/wp-content\/uploads\/2025\/05\/equino-mayo25.jpg?fit=880%2C440&ssl=1&resize=350%2C200","width":350,"height":200,"srcset":"https:\/\/i0.wp.com\/lahoradelcampo.com.uy\/site\/wp-content\/uploads\/2025\/05\/equino-mayo25.jpg?fit=880%2C440&ssl=1&resize=350%2C200 1x, https:\/\/i0.wp.com\/lahoradelcampo.com.uy\/site\/wp-content\/uploads\/2025\/05\/equino-mayo25.jpg?fit=880%2C440&ssl=1&resize=525%2C300 1.5x, https:\/\/i0.wp.com\/lahoradelcampo.com.uy\/site\/wp-content\/uploads\/2025\/05\/equino-mayo25.jpg?fit=880%2C440&ssl=1&resize=700%2C400 2x"},"classes":[]}],"jetpack_likes_enabled":true,"_links":{"self":[{"href":"https:\/\/lahoradelcampo.com.uy\/site\/wp-json\/wp\/v2\/posts\/53753","targetHints":{"allow":["GET"]}}],"collection":[{"href":"https:\/\/lahoradelcampo.com.uy\/site\/wp-json\/wp\/v2\/posts"}],"about":[{"href":"https:\/\/lahoradelcampo.com.uy\/site\/wp-json\/wp\/v2\/types\/post"}],"author":[{"embeddable":true,"href":"https:\/\/lahoradelcampo.com.uy\/site\/wp-json\/wp\/v2\/users\/5"}],"replies":[{"embeddable":true,"href":"https:\/\/lahoradelcampo.com.uy\/site\/wp-json\/wp\/v2\/comments?post=53753"}],"version-history":[{"count":1,"href":"https:\/\/lahoradelcampo.com.uy\/site\/wp-json\/wp\/v2\/posts\/53753\/revisions"}],"predecessor-version":[{"id":53754,"href":"https:\/\/lahoradelcampo.com.uy\/site\/wp-json\/wp\/v2\/posts\/53753\/revisions\/53754"}],"wp:featuredmedia":[{"embeddable":true,"href":"https:\/\/lahoradelcampo.com.uy\/site\/wp-json\/wp\/v2\/media\/53234"}],"wp:attachment":[{"href":"https:\/\/lahoradelcampo.com.uy\/site\/wp-json\/wp\/v2\/media?parent=53753"}],"wp:term":[{"taxonomy":"category","embeddable":true,"href":"https:\/\/lahoradelcampo.com.uy\/site\/wp-json\/wp\/v2\/categories?post=53753"},{"taxonomy":"post_tag","embeddable":true,"href":"https:\/\/lahoradelcampo.com.uy\/site\/wp-json\/wp\/v2\/tags?post=53753"}],"curies":[{"name":"wp","href":"https:\/\/api.w.org\/{rel}","templated":true}]}}