{"id":53750,"date":"2024-04-11T06:56:10","date_gmt":"2024-04-11T09:56:10","guid":{"rendered":"http:\/\/lahoradelcampo.com.uy\/site\/?p=53750"},"modified":"2024-04-11T06:56:12","modified_gmt":"2024-04-11T09:56:12","slug":"uruguay-exporto-chips-de-madera-a-la-ue-libres-de-deforestacion","status":"publish","type":"post","link":"https:\/\/lahoradelcampo.com.uy\/site\/uruguay-exporto-chips-de-madera-a-la-ue-libres-de-deforestacion\/","title":{"rendered":"Uruguay export\u00f3 chips de madera a la UE, libres de deforestaci\u00f3n"},"content":{"rendered":"\n<figure class=\"wp-block-image size-full\"><a href=\"https:\/\/i0.wp.com\/lahoradelcampo.com.uy\/site\/wp-content\/uploads\/2024\/04\/chipsexportacionmadera.jpg\"><img data-recalc-dims=\"1\" loading=\"lazy\" decoding=\"async\" width=\"810\" height=\"405\" data-attachment-id=\"53751\" data-permalink=\"https:\/\/lahoradelcampo.com.uy\/site\/uruguay-exporto-chips-de-madera-a-la-ue-libres-de-deforestacion\/chipsexportacionmadera\/\" data-orig-file=\"https:\/\/i0.wp.com\/lahoradelcampo.com.uy\/site\/wp-content\/uploads\/2024\/04\/chipsexportacionmadera.jpg?fit=880%2C440&amp;ssl=1\" data-orig-size=\"880,440\" data-comments-opened=\"1\" data-image-meta=\"{&quot;aperture&quot;:&quot;0&quot;,&quot;credit&quot;:&quot;&quot;,&quot;camera&quot;:&quot;&quot;,&quot;caption&quot;:&quot;&quot;,&quot;created_timestamp&quot;:&quot;0&quot;,&quot;copyright&quot;:&quot;&quot;,&quot;focal_length&quot;:&quot;0&quot;,&quot;iso&quot;:&quot;0&quot;,&quot;shutter_speed&quot;:&quot;0&quot;,&quot;title&quot;:&quot;&quot;,&quot;orientation&quot;:&quot;1&quot;}\" data-image-title=\"chipsexportacionmadera\" data-image-description=\"\" data-image-caption=\"\" data-large-file=\"https:\/\/i0.wp.com\/lahoradelcampo.com.uy\/site\/wp-content\/uploads\/2024\/04\/chipsexportacionmadera.jpg?fit=810%2C405&amp;ssl=1\" src=\"https:\/\/i0.wp.com\/lahoradelcampo.com.uy\/site\/wp-content\/uploads\/2024\/04\/chipsexportacionmadera.jpg?resize=810%2C405\" alt=\"\" class=\"wp-image-53751\" srcset=\"https:\/\/i0.wp.com\/lahoradelcampo.com.uy\/site\/wp-content\/uploads\/2024\/04\/chipsexportacionmadera.jpg?w=880&amp;ssl=1 880w, https:\/\/i0.wp.com\/lahoradelcampo.com.uy\/site\/wp-content\/uploads\/2024\/04\/chipsexportacionmadera.jpg?resize=300%2C150&amp;ssl=1 300w, https:\/\/i0.wp.com\/lahoradelcampo.com.uy\/site\/wp-content\/uploads\/2024\/04\/chipsexportacionmadera.jpg?resize=768%2C384&amp;ssl=1 768w, https:\/\/i0.wp.com\/lahoradelcampo.com.uy\/site\/wp-content\/uploads\/2024\/04\/chipsexportacionmadera.jpg?resize=820%2C410&amp;ssl=1 820w\" sizes=\"auto, (max-width: 810px) 100vw, 810px\" \/><\/a><\/figure>\n\n\n\n<p>Ayer, 10 de abril, Uruguay realiz\u00f3 la primera exportaci\u00f3n de chips de madera en cumplimiento con la nueva normativa de la Uni\u00f3n Europea sobre productos libres de deforestaci\u00f3n. La entrada en vigor el 31 de diciembre de 2024 de la regulaci\u00f3n europea ha exigido a los pa\u00edses exportadores demostrar que sus productos no provienen de \u00e1reas afectadas por la deforestaci\u00f3n.<\/p>\n\n\n\n<p>Ante este desaf\u00edo regulatorio, el Ministerio de Ganader\u00eda, Agricultura y Pesca de Uruguay (MGAP), en colaboraci\u00f3n con la Direcci\u00f3n General Forestal y el respaldo de la Agencia Uruguaya de Cooperaci\u00f3n Internacional (AUCI), ha implementado un proyecto financiado por AL INVEST Verde durante los a\u00f1os 2023 y 2024. Este programa, auspiciado por la Uni\u00f3n Europea, se ha enfocado en asesorar a la Direcci\u00f3n General Forestal en la creaci\u00f3n de un sistema de certificaci\u00f3n p\u00fablica para garantizar el manejo sostenible de los bosques nativos del pa\u00eds.<\/p>\n\n\n\n<p>La implementaci\u00f3n de esta normativa implica la necesidad de una trazabilidad completa de los productos, desde su fase inicial de producci\u00f3n hasta su llegada al destino final. En este contexto, se ha llevado a cabo una experiencia piloto en colaboraci\u00f3n con Maderas del Uruguay (MADELUR), culminando en la preparaci\u00f3n de un embarque de chips hacia Portugal que cumple con todos los requisitos establecidos por la nueva regulaci\u00f3n.<\/p>\n\n\n\n<p>Para asegurar el cumplimiento de los est\u00e1ndares exigidos, se implement\u00f3 un proceso riguroso de georreferenciaci\u00f3n y geolocalizaci\u00f3n de los establecimientos y rodales de donde se extraer\u00eda la madera destinada a la producci\u00f3n de chips. Esta acci\u00f3n se complement\u00f3 con una evaluaci\u00f3n exhaustiva para verificar que no hubiera ocurrido deforestaci\u00f3n desde el a\u00f1o 2020 hasta la fecha, obteniendo la conformidad correspondiente por parte de las autoridades competentes.<\/p>\n\n\n\n<p>Salto, 11 de abril de 2024<\/p>\n","protected":false},"excerpt":{"rendered":"<p>Ayer, 10 de abril, Uruguay realiz\u00f3 la primera exportaci\u00f3n de chips de madera en cumplimiento con la nueva normativa de la Uni\u00f3n Europea sobre productos libres de deforestaci\u00f3n. La entrada [&hellip;]<\/p>\n","protected":false},"author":5,"featured_media":53751,"comment_status":"open","ping_status":"open","sticky":false,"template":"","format":"standard","meta":{"_price":"","_stock":"","_tribe_ticket_header":"","_tribe_default_ticket_provider":"","_tribe_ticket_capacity":"0","_ticket_start_date":"","_ticket_end_date":"","_tribe_ticket_show_description":"","_tribe_ticket_show_not_going":false,"_tribe_ticket_use_global_stock":"","_tribe_ticket_global_stock_level":"","_global_stock_mode":"","_global_stock_cap":"","_tribe_rsvp_for_event":"","_tribe_ticket_going_count":"","_tribe_ticket_not_going_count":"","_tribe_tickets_list":"[]","_tribe_ticket_has_attendee_info_fields":false,"h5ap_radio_sources":[],"_jetpack_newsletter_access":"","_jetpack_dont_email_post_to_subs":false,"_jetpack_newsletter_tier_id":0,"_jetpack_memberships_contains_paywalled_content":false,"_jetpack_memberships_contains_paid_content":false,"footnotes":""},"categories":[21,15],"tags":[],"class_list":["post-53750","post","type-post","status-publish","format-standard","has-post-thumbnail","hentry","category-actualidad","category-columnistas"],"jetpack_featured_media_url":"https:\/\/i0.wp.com\/lahoradelcampo.com.uy\/site\/wp-content\/uploads\/2024\/04\/chipsexportacionmadera.jpg?fit=880%2C440&ssl=1","jetpack_sharing_enabled":true,"jetpack_shortlink":"https:\/\/wp.me\/p99IaT-dYW","jetpack-related-posts":[{"id":54961,"url":"https:\/\/lahoradelcampo.com.uy\/site\/uruguay-presento-una-solida-propuesta-ante-las-exigencias-ambientales-de-la-ue\/","url_meta":{"origin":53750,"position":0},"title":"Uruguay presento una s\u00f3lida propuesta ante las exigencias ambientales de la UE","author":"La Hora del Campo","date":"25 octubre, 2024","format":false,"excerpt":"Uruguay ha presentado una s\u00f3lida propuesta ante las nuevas regulaciones de la Uni\u00f3n Europea sobre deforestaci\u00f3n, buscando destacarse como un pa\u00eds libre de deforestaci\u00f3n ilegal. En el marco de la Ley de Deforestaci\u00f3n de la UE (EUDR), nuestro pa\u00eds resalta su compromiso con la sostenibilidad, basado en su modelo de\u2026","rel":"","context":"En \u00abActualidad\u00bb","block_context":{"text":"Actualidad","link":"https:\/\/lahoradelcampo.com.uy\/site\/category\/actualidad\/"},"img":{"alt_text":"","src":"https:\/\/i0.wp.com\/lahoradelcampo.com.uy\/site\/wp-content\/uploads\/2024\/10\/INAC-paris1.jpg?fit=880%2C440&ssl=1&resize=350%2C200","width":350,"height":200,"srcset":"https:\/\/i0.wp.com\/lahoradelcampo.com.uy\/site\/wp-content\/uploads\/2024\/10\/INAC-paris1.jpg?fit=880%2C440&ssl=1&resize=350%2C200 1x, https:\/\/i0.wp.com\/lahoradelcampo.com.uy\/site\/wp-content\/uploads\/2024\/10\/INAC-paris1.jpg?fit=880%2C440&ssl=1&resize=525%2C300 1.5x, https:\/\/i0.wp.com\/lahoradelcampo.com.uy\/site\/wp-content\/uploads\/2024\/10\/INAC-paris1.jpg?fit=880%2C440&ssl=1&resize=700%2C400 2x"},"classes":[]},{"id":55011,"url":"https:\/\/lahoradelcampo.com.uy\/site\/uruguay-se-convierte-en-modelo-de-ganaderia-sostenible-en-conferencia-de-la-fao\/","url_meta":{"origin":53750,"position":1},"title":"Uruguay se convierte en modelo de ganader\u00eda sostenible en conferencia de la FAO","author":"La Hora del Campo","date":"31 octubre, 2024","format":false,"excerpt":"Del 4 al 6 de noviembre, el Centro de Convenciones de Punta del Este ser\u00e1 el escenario donde Uruguay presentar\u00e1 su modelo de ganader\u00eda sostenible ante l\u00edderes internacionales y expertos del sector c\u00e1rnico, como parte de la Conferencia Regional para la Transformaci\u00f3n Sostenible de la Ganader\u00eda, organizada por la Organizaci\u00f3n\u2026","rel":"","context":"En \u00abActualidad\u00bb","block_context":{"text":"Actualidad","link":"https:\/\/lahoradelcampo.com.uy\/site\/category\/actualidad\/"},"img":{"alt_text":"","src":"https:\/\/i0.wp.com\/lahoradelcampo.com.uy\/site\/wp-content\/uploads\/2024\/11\/Conradoferber1.jpg?fit=880%2C440&ssl=1&resize=350%2C200","width":350,"height":200,"srcset":"https:\/\/i0.wp.com\/lahoradelcampo.com.uy\/site\/wp-content\/uploads\/2024\/11\/Conradoferber1.jpg?fit=880%2C440&ssl=1&resize=350%2C200 1x, https:\/\/i0.wp.com\/lahoradelcampo.com.uy\/site\/wp-content\/uploads\/2024\/11\/Conradoferber1.jpg?fit=880%2C440&ssl=1&resize=525%2C300 1.5x, https:\/\/i0.wp.com\/lahoradelcampo.com.uy\/site\/wp-content\/uploads\/2024\/11\/Conradoferber1.jpg?fit=880%2C440&ssl=1&resize=700%2C400 2x"},"classes":[]},{"id":55161,"url":"https:\/\/lahoradelcampo.com.uy\/site\/uruguay-le-responde-a-carrefour-con-firmeza-nuestra-carne-cumple-los-estandares-mas-altos\/","url_meta":{"origin":53750,"position":2},"title":"Uruguay le responde a Carrefour con firmeza: \u00abNuestra carne cumple los est\u00e1ndares m\u00e1s altos\u00bb","author":"La Hora del Campo","date":"28 noviembre, 2024","format":false,"excerpt":"El Instituto Nacional de Carnes de Uruguay (INAC) respondi\u00f3 a las declaraciones del Director General de Carrefour, Alexandre Bompard, quien la semana pasada anunci\u00f3 en la red social X (Twitter) que la empresa dejar\u00eda de comercializar carne proveniente de los pa\u00edses del Mercosur. Este anunci\u00f3 ha generado varias repercusiones, la\u2026","rel":"","context":"En \u00abActualidad\u00bb","block_context":{"text":"Actualidad","link":"https:\/\/lahoradelcampo.com.uy\/site\/category\/actualidad\/"},"img":{"alt_text":"","src":"https:\/\/i0.wp.com\/lahoradelcampo.com.uy\/site\/wp-content\/uploads\/2024\/10\/ConradoFerbera.jpg?fit=880%2C440&ssl=1&resize=350%2C200","width":350,"height":200,"srcset":"https:\/\/i0.wp.com\/lahoradelcampo.com.uy\/site\/wp-content\/uploads\/2024\/10\/ConradoFerbera.jpg?fit=880%2C440&ssl=1&resize=350%2C200 1x, https:\/\/i0.wp.com\/lahoradelcampo.com.uy\/site\/wp-content\/uploads\/2024\/10\/ConradoFerbera.jpg?fit=880%2C440&ssl=1&resize=525%2C300 1.5x, https:\/\/i0.wp.com\/lahoradelcampo.com.uy\/site\/wp-content\/uploads\/2024\/10\/ConradoFerbera.jpg?fit=880%2C440&ssl=1&resize=700%2C400 2x"},"classes":[]},{"id":54464,"url":"https:\/\/lahoradelcampo.com.uy\/site\/mgap-y-aru-analizaron-el-comercio-internacional-y-desafios-sanitarios\/","url_meta":{"origin":53750,"position":3},"title":"MGAP y ARU analizaron el comercio internacional y desaf\u00edos sanitarios","author":"La Hora del Campo","date":"9 septiembre, 2024","format":false,"excerpt":"Este lunes 9 de septiembre, en el marco de la Expo Prado 2024, las autoridades del Ministerio de Ganader\u00eda, Agricultura y Pesca (MGAP) y la Asociaci\u00f3n Rural del Uruguay (ARU) se reunieron, como es tradicional, para discutir temas clave relacionados con el comercio internacional y las campa\u00f1as sanitarias. Uno de\u2026","rel":"","context":"En \u00abActualidad\u00bb","block_context":{"text":"Actualidad","link":"https:\/\/lahoradelcampo.com.uy\/site\/category\/actualidad\/"},"img":{"alt_text":"","src":"https:\/\/i0.wp.com\/lahoradelcampo.com.uy\/site\/wp-content\/uploads\/2024\/09\/PRADO-Mattos.jpg?fit=880%2C440&ssl=1&resize=350%2C200","width":350,"height":200,"srcset":"https:\/\/i0.wp.com\/lahoradelcampo.com.uy\/site\/wp-content\/uploads\/2024\/09\/PRADO-Mattos.jpg?fit=880%2C440&ssl=1&resize=350%2C200 1x, https:\/\/i0.wp.com\/lahoradelcampo.com.uy\/site\/wp-content\/uploads\/2024\/09\/PRADO-Mattos.jpg?fit=880%2C440&ssl=1&resize=525%2C300 1.5x, https:\/\/i0.wp.com\/lahoradelcampo.com.uy\/site\/wp-content\/uploads\/2024\/09\/PRADO-Mattos.jpg?fit=880%2C440&ssl=1&resize=700%2C400 2x"},"classes":[]},{"id":53076,"url":"https:\/\/lahoradelcampo.com.uy\/site\/uruguay-promovio-sus-carnes-en-el-congreso-mundial-de-la-carne-realizado-en-shanghai\/","url_meta":{"origin":53750,"position":4},"title":"Uruguay promovi\u00f3 sus carnes en el Congreso Mundial de la Carne realizado en Shanghai","author":"La Hora del Campo","date":"9 noviembre, 2023","format":false,"excerpt":"En el marco de la decimocuarta edici\u00f3n del Congreso Internacional de la Carne, celebrada en Shanghai, el presidente del Instituto Nacional de Carnes de Uruguay (INAC), Conrado Ferber, llev\u00f3 a cabo una presentaci\u00f3n destacada, en la que promovi\u00f3 la carne uruguaya y la marca sectorial del pa\u00eds. Este evento, que\u2026","rel":"","context":"En \u00abActualidad\u00bb","block_context":{"text":"Actualidad","link":"https:\/\/lahoradelcampo.com.uy\/site\/category\/actualidad\/"},"img":{"alt_text":"","src":"https:\/\/i0.wp.com\/lahoradelcampo.com.uy\/site\/wp-content\/uploads\/2023\/11\/INAC-FerberShanghai.jpg?fit=880%2C440&ssl=1&resize=350%2C200","width":350,"height":200,"srcset":"https:\/\/i0.wp.com\/lahoradelcampo.com.uy\/site\/wp-content\/uploads\/2023\/11\/INAC-FerberShanghai.jpg?fit=880%2C440&ssl=1&resize=350%2C200 1x, https:\/\/i0.wp.com\/lahoradelcampo.com.uy\/site\/wp-content\/uploads\/2023\/11\/INAC-FerberShanghai.jpg?fit=880%2C440&ssl=1&resize=525%2C300 1.5x, https:\/\/i0.wp.com\/lahoradelcampo.com.uy\/site\/wp-content\/uploads\/2023\/11\/INAC-FerberShanghai.jpg?fit=880%2C440&ssl=1&resize=700%2C400 2x"},"classes":[]},{"id":55044,"url":"https:\/\/lahoradelcampo.com.uy\/site\/uruguay-y-fao-apuntan-a-una-transformacion-sostenible-de-la-ganaderia\/","url_meta":{"origin":53750,"position":5},"title":"Uruguay y FAO apuntan a una transformaci\u00f3n sostenible de la ganader\u00eda","author":"La Hora del Campo","date":"6 noviembre, 2024","format":false,"excerpt":"En el marco de la primera Conferencia Regional para la Transformaci\u00f3n Sostenible de la Ganader\u00eda en Am\u00e9rica Latina y el Caribe, que comenz\u00f3 ayer y finaliza en el d\u00eda de hoy en Punta del Este, el presidente de la Rep\u00fablica, Dr. Luis Lacalle Pou, destac\u00f3 la importancia de incluir a\u2026","rel":"","context":"En \u00abActualidad\u00bb","block_context":{"text":"Actualidad","link":"https:\/\/lahoradelcampo.com.uy\/site\/category\/actualidad\/"},"img":{"alt_text":"","src":"https:\/\/i0.wp.com\/lahoradelcampo.com.uy\/site\/wp-content\/uploads\/2024\/11\/LacalleyFAO.jpg?fit=880%2C440&ssl=1&resize=350%2C200","width":350,"height":200,"srcset":"https:\/\/i0.wp.com\/lahoradelcampo.com.uy\/site\/wp-content\/uploads\/2024\/11\/LacalleyFAO.jpg?fit=880%2C440&ssl=1&resize=350%2C200 1x, https:\/\/i0.wp.com\/lahoradelcampo.com.uy\/site\/wp-content\/uploads\/2024\/11\/LacalleyFAO.jpg?fit=880%2C440&ssl=1&resize=525%2C300 1.5x, https:\/\/i0.wp.com\/lahoradelcampo.com.uy\/site\/wp-content\/uploads\/2024\/11\/LacalleyFAO.jpg?fit=880%2C440&ssl=1&resize=700%2C400 2x"},"classes":[]}],"jetpack_likes_enabled":true,"_links":{"self":[{"href":"https:\/\/lahoradelcampo.com.uy\/site\/wp-json\/wp\/v2\/posts\/53750","targetHints":{"allow":["GET"]}}],"collection":[{"href":"https:\/\/lahoradelcampo.com.uy\/site\/wp-json\/wp\/v2\/posts"}],"about":[{"href":"https:\/\/lahoradelcampo.com.uy\/site\/wp-json\/wp\/v2\/types\/post"}],"author":[{"embeddable":true,"href":"https:\/\/lahoradelcampo.com.uy\/site\/wp-json\/wp\/v2\/users\/5"}],"replies":[{"embeddable":true,"href":"https:\/\/lahoradelcampo.com.uy\/site\/wp-json\/wp\/v2\/comments?post=53750"}],"version-history":[{"count":1,"href":"https:\/\/lahoradelcampo.com.uy\/site\/wp-json\/wp\/v2\/posts\/53750\/revisions"}],"predecessor-version":[{"id":53752,"href":"https:\/\/lahoradelcampo.com.uy\/site\/wp-json\/wp\/v2\/posts\/53750\/revisions\/53752"}],"wp:featuredmedia":[{"embeddable":true,"href":"https:\/\/lahoradelcampo.com.uy\/site\/wp-json\/wp\/v2\/media\/53751"}],"wp:attachment":[{"href":"https:\/\/lahoradelcampo.com.uy\/site\/wp-json\/wp\/v2\/media?parent=53750"}],"wp:term":[{"taxonomy":"category","embeddable":true,"href":"https:\/\/lahoradelcampo.com.uy\/site\/wp-json\/wp\/v2\/categories?post=53750"},{"taxonomy":"post_tag","embeddable":true,"href":"https:\/\/lahoradelcampo.com.uy\/site\/wp-json\/wp\/v2\/tags?post=53750"}],"curies":[{"name":"wp","href":"https:\/\/api.w.org\/{rel}","templated":true}]}}