{"id":53743,"date":"2024-04-11T06:46:09","date_gmt":"2024-04-11T09:46:09","guid":{"rendered":"http:\/\/lahoradelcampo.com.uy\/site\/?p=53743"},"modified":"2024-04-11T06:46:11","modified_gmt":"2024-04-11T09:46:11","slug":"caf-festejo-40-anos-y-planteo-el-riesgo-del-atraso-cambiario","status":"publish","type":"post","link":"https:\/\/lahoradelcampo.com.uy\/site\/caf-festejo-40-anos-y-planteo-el-riesgo-del-atraso-cambiario\/","title":{"rendered":"CAF festej\u00f3 40 a\u00f1os y plante\u00f3 el riesgo del atraso cambiario"},"content":{"rendered":"\n<figure class=\"wp-block-image size-full\"><a href=\"https:\/\/i0.wp.com\/lahoradelcampo.com.uy\/site\/wp-content\/uploads\/2024\/04\/lacalle-CAF.jpg\"><img data-recalc-dims=\"1\" loading=\"lazy\" decoding=\"async\" width=\"810\" height=\"405\" data-attachment-id=\"53745\" data-permalink=\"https:\/\/lahoradelcampo.com.uy\/site\/caf-festejo-40-anos-y-planteo-el-riesgo-del-atraso-cambiario\/lacalle-caf\/\" data-orig-file=\"https:\/\/i0.wp.com\/lahoradelcampo.com.uy\/site\/wp-content\/uploads\/2024\/04\/lacalle-CAF.jpg?fit=880%2C440&amp;ssl=1\" data-orig-size=\"880,440\" data-comments-opened=\"1\" data-image-meta=\"{&quot;aperture&quot;:&quot;0&quot;,&quot;credit&quot;:&quot;&quot;,&quot;camera&quot;:&quot;&quot;,&quot;caption&quot;:&quot;&quot;,&quot;created_timestamp&quot;:&quot;0&quot;,&quot;copyright&quot;:&quot;&quot;,&quot;focal_length&quot;:&quot;0&quot;,&quot;iso&quot;:&quot;0&quot;,&quot;shutter_speed&quot;:&quot;0&quot;,&quot;title&quot;:&quot;&quot;,&quot;orientation&quot;:&quot;1&quot;}\" data-image-title=\"lacalle-CAF\" data-image-description=\"\" data-image-caption=\"\" data-large-file=\"https:\/\/i0.wp.com\/lahoradelcampo.com.uy\/site\/wp-content\/uploads\/2024\/04\/lacalle-CAF.jpg?fit=810%2C405&amp;ssl=1\" src=\"https:\/\/i0.wp.com\/lahoradelcampo.com.uy\/site\/wp-content\/uploads\/2024\/04\/lacalle-CAF.jpg?resize=810%2C405\" alt=\"\" class=\"wp-image-53745\" srcset=\"https:\/\/i0.wp.com\/lahoradelcampo.com.uy\/site\/wp-content\/uploads\/2024\/04\/lacalle-CAF.jpg?w=880&amp;ssl=1 880w, https:\/\/i0.wp.com\/lahoradelcampo.com.uy\/site\/wp-content\/uploads\/2024\/04\/lacalle-CAF.jpg?resize=300%2C150&amp;ssl=1 300w, https:\/\/i0.wp.com\/lahoradelcampo.com.uy\/site\/wp-content\/uploads\/2024\/04\/lacalle-CAF.jpg?resize=768%2C384&amp;ssl=1 768w, https:\/\/i0.wp.com\/lahoradelcampo.com.uy\/site\/wp-content\/uploads\/2024\/04\/lacalle-CAF.jpg?resize=820%2C410&amp;ssl=1 820w\" sizes=\"auto, (max-width: 810px) 100vw, 810px\" \/><\/a><\/figure>\n\n\n\n<p>En un emotivo acto celebrado en el Palacio Legislativo, las Cooperativas Agrarias Federadas (CAF) conmemoraron sus 40 a\u00f1os de existencia, en presencia de destacadas figuras pol\u00edticas y del sector agropecuario uruguayo. El evento, declarado de inter\u00e9s ministerial por los ministerios de Ganader\u00eda, Agricultura y Pesca (MGAP) y de Educaci\u00f3n y Cultura (MEC), cont\u00f3 con la participaci\u00f3n del presidente de la Rep\u00fablica, Luis Lacalle Pou, la vicepresidenta Beatriz Argim\u00f3n, y la presidenta de la C\u00e1mara de Diputados, Ana Olivera.<\/p>\n\n\n\n<p>Pablo Perdomo, presidente de CAF, destac\u00f3 la importancia del momento, se\u00f1alando que estos 40 a\u00f1os representan un hito significativo en la historia de la instituci\u00f3n. En su discurso, resalt\u00f3 la capacidad de las cooperativas de enfrentar desaf\u00edos y momentos dif\u00edciles, destacando la solidaridad, el compromiso y la ayuda mutua como valores fundamentales en su ADN.<\/p>\n\n\n\n<p>Perdomo hizo hincapi\u00e9 en la importancia de adaptarse a las circunstancias cambiantes, innovar y diversificar actividades, fortalecer alianzas y desarrollar nuevas estrategias para garantizar la viabilidad y sostenibilidad de las cooperativas a largo plazo.<\/p>\n\n\n\n<p>Asimismo, en un tono reflexivo, plante\u00f3 la necesidad de abordar los desaf\u00edos futuros, entre los que destac\u00f3 el riesgo del atraso cambiario y la importancia de incluir a las cooperativas en la Comisi\u00f3n Asesora de Pol\u00edtica Agropecuaria (Comap), con el objetivo de asegurar un desarrollo equitativo y sostenible del sector.<\/p>\n\n\n\n<p>Entre los puntos destacados de la jornada, el presidente de CAF, Juan Perdomo, aprovech\u00f3 la oportunidad para plantear ante el gobierno las preocupaciones m\u00e1s acuciantes del sector. Uno de los temas centrales fue el atraso cambiario, que ha impactado negativamente en el poder adquisitivo de los productores y en la sostenibilidad de las cooperativas. Perdomo inst\u00f3 a buscar soluciones efectivas para evitar que esta situaci\u00f3n ponga en riesgo el futuro del sector rural y el desarrollo de las comunidades.<\/p>\n\n\n\n<p>Adem\u00e1s, se abord\u00f3 la necesidad de integrar a las cooperativas en la Comisi\u00f3n de Aplicaci\u00f3n de la Ley de Inversiones (Comap), permiti\u00e9ndoles acceder a los incentivos necesarios para fomentar su crecimiento y generar empleo de calidad en el pa\u00eds. Perdomo subray\u00f3 la importancia de que las cooperativas puedan invertir y participar activamente en el desarrollo econ\u00f3mico y social del pa\u00eds.<\/p>\n\n\n\n<p>Por otro lado, se hizo hincapi\u00e9 en la importancia de un enfoque equilibrado en la normativa ambiental, que proteja el entorno natural sin imponer restricciones excesivas al sector productivo. En este sentido, se reclam\u00f3 una mayor participaci\u00f3n de CAF en la elaboraci\u00f3n de leyes que afecten al sector agropecuario, garantizando que se tomen en cuenta las necesidades y realidades de las cooperativas.<\/p>\n\n\n\n<p>Finalmente, se destac\u00f3 la importancia de simplificar los tr\u00e1mites administrativos y burocr\u00e1ticos para las cooperativas, facilitando la certificaci\u00f3n, trazabilidad e inocuidad de los productos. Perdomo hizo hincapi\u00e9 en la necesidad de que las normativas gubernamentales no obstaculicen el desarrollo de las cooperativas, sino que, por el contrario, las impulsen hacia un crecimiento sostenible y responsable.<\/p>\n\n\n\n<p>En este contexto, CAF presentar\u00e1 en julio un documento detallado con sus propuestas para el pr\u00f3ximo gobierno, enfatizando su papel como socias estrat\u00e9gicas y aliadas en la implementaci\u00f3n de pol\u00edticas p\u00fablicas que impulsen el desarrollo rural y agropecuario del pa\u00eds.<\/p>\n\n\n\n<p><strong>Lacalle Pou<\/strong><\/p>\n\n\n\n<p>El presidente de Uruguay, Luis Lacalle Pou, elogi\u00f3 el papel de CAF como una organizaci\u00f3n que no solo propone y critica, sino que tambi\u00e9n desempe\u00f1a una valiosa labor educativa. Destac\u00f3 la diversidad y relevancia de las cooperativas en el pa\u00eds, se\u00f1alando el caso de una de las marcas m\u00e1s importantes y exitosas en t\u00e9rminos de exportaci\u00f3n, que es una cooperativa. Adem\u00e1s, resalt\u00f3 el papel crucial de las cooperativas rurales peque\u00f1as en la subsistencia de sus miembros, especialmente en tiempos dif\u00edciles, donde act\u00faan como una red de apoyo vital.<\/p>\n\n\n\n<p>En cuanto al aspecto econ\u00f3mico, Lacalle Pou subray\u00f3 la relaci\u00f3n entre los procesos esenciales de las cooperativas y los valores de solidaridad y beneficio compartido. Enfatiz\u00f3 que este modelo refleja la sociedad moderna, donde el \u00e9xito individual est\u00e1 intr\u00ednsecamente ligado al bienestar com\u00fan.<\/p>\n\n\n\n<p>Por su parte, Beatriz Argim\u00f3n, vicepresidenta de Uruguay, felicit\u00f3 a CAF por sus 40 a\u00f1os de trayectoria, destacando la importancia de la asociaci\u00f3n nacional en el intercambio de acciones y el entendimiento de la idiosincrasia de quienes la integran. Expres\u00f3 su confianza en que, dado el s\u00f3lido posicionamiento nacional de CAF, la organizaci\u00f3n continuar\u00e1 enfrentando con \u00e9xito los desaf\u00edos futuros.<\/p>\n\n\n\n<p>Salto, 11 de abril de 2024<\/p>\n","protected":false},"excerpt":{"rendered":"<p>En un emotivo acto celebrado en el Palacio Legislativo, las Cooperativas Agrarias Federadas (CAF) conmemoraron sus 40 a\u00f1os de existencia, en presencia de destacadas figuras pol\u00edticas y del sector agropecuario [&hellip;]<\/p>\n","protected":false},"author":5,"featured_media":53745,"comment_status":"open","ping_status":"open","sticky":false,"template":"","format":"standard","meta":{"_price":"","_stock":"","_tribe_ticket_header":"","_tribe_default_ticket_provider":"","_tribe_ticket_capacity":"0","_ticket_start_date":"","_ticket_end_date":"","_tribe_ticket_show_description":"","_tribe_ticket_show_not_going":false,"_tribe_ticket_use_global_stock":"","_tribe_ticket_global_stock_level":"","_global_stock_mode":"","_global_stock_cap":"","_tribe_rsvp_for_event":"","_tribe_ticket_going_count":"","_tribe_ticket_not_going_count":"","_tribe_tickets_list":"[]","_tribe_ticket_has_attendee_info_fields":false,"h5ap_radio_sources":[],"_jetpack_newsletter_access":"","_jetpack_dont_email_post_to_subs":false,"_jetpack_newsletter_tier_id":0,"_jetpack_memberships_contains_paywalled_content":false,"_jetpack_memberships_contains_paid_content":false,"footnotes":""},"categories":[21,5],"tags":[],"class_list":["post-53743","post","type-post","status-publish","format-standard","has-post-thumbnail","hentry","category-actualidad","category-ganaderia"],"jetpack_featured_media_url":"https:\/\/i0.wp.com\/lahoradelcampo.com.uy\/site\/wp-content\/uploads\/2024\/04\/lacalle-CAF.jpg?fit=880%2C440&ssl=1","jetpack_sharing_enabled":true,"jetpack_shortlink":"https:\/\/wp.me\/p99IaT-dYP","jetpack-related-posts":[{"id":54049,"url":"https:\/\/lahoradelcampo.com.uy\/site\/caf-presento-85-propuestas-a-los-candidatos-presidenciales-con-representacion-parlamentar\/","url_meta":{"origin":53743,"position":0},"title":"CAF present\u00f3 85 propuestas a los candidatos presidenciales","author":"La Hora del Campo","date":"26 julio, 2024","format":false,"excerpt":"En un evento celebrado en la Torre de las Comunicaciones de Antel, las Cooperativas Agrarias Federadas (CAF) entregaron un documento con 85 propuestas a los candidatos a la presidencia de la Rep\u00fablica, que cuentan con representaci\u00f3n parlamentar en la actualidad. La actividad cont\u00f3 con la participaci\u00f3n de figuras pol\u00edticas destacadas,\u2026","rel":"","context":"En \u00abActualidad\u00bb","block_context":{"text":"Actualidad","link":"https:\/\/lahoradelcampo.com.uy\/site\/category\/actualidad\/"},"img":{"alt_text":"","src":"https:\/\/i0.wp.com\/lahoradelcampo.com.uy\/site\/wp-content\/uploads\/2024\/07\/CAF-Presidenciables.jpg?fit=880%2C440&ssl=1&resize=350%2C200","width":350,"height":200,"srcset":"https:\/\/i0.wp.com\/lahoradelcampo.com.uy\/site\/wp-content\/uploads\/2024\/07\/CAF-Presidenciables.jpg?fit=880%2C440&ssl=1&resize=350%2C200 1x, https:\/\/i0.wp.com\/lahoradelcampo.com.uy\/site\/wp-content\/uploads\/2024\/07\/CAF-Presidenciables.jpg?fit=880%2C440&ssl=1&resize=525%2C300 1.5x, https:\/\/i0.wp.com\/lahoradelcampo.com.uy\/site\/wp-content\/uploads\/2024\/07\/CAF-Presidenciables.jpg?fit=880%2C440&ssl=1&resize=700%2C400 2x"},"classes":[]},{"id":46393,"url":"https:\/\/lahoradelcampo.com.uy\/site\/caf-advierte-que-pueden-cuadruplicarse-los-aportes-a-la-seguridad-rural\/","url_meta":{"origin":53743,"position":1},"title":"CAF advierte que pueden cuadruplicarse los aportes a la seguridad rural","author":"La Hora del Campo","date":"17 octubre, 2022","format":false,"excerpt":"El presidente de Cooperativas Agrarias Federadas (CAF), Ing. Agr. Pablo Perdomo, dijo que se vienen cambios importantes en los aportes por parte del sector agropecuario, que puede dejar por el camino a muchos productores chicos y medianos, o llevarlos a la informalidad. Perdomo explic\u00f3 que CAF ha estado trabajando conjuntamente\u2026","rel":"","context":"En \u00abActualidad\u00bb","block_context":{"text":"Actualidad","link":"https:\/\/lahoradelcampo.com.uy\/site\/category\/actualidad\/"},"img":{"alt_text":"","src":"https:\/\/i0.wp.com\/lahoradelcampo.com.uy\/site\/wp-content\/uploads\/2022\/10\/CAF-PabloPerdomo1.jpg?fit=880%2C440&ssl=1&resize=350%2C200","width":350,"height":200,"srcset":"https:\/\/i0.wp.com\/lahoradelcampo.com.uy\/site\/wp-content\/uploads\/2022\/10\/CAF-PabloPerdomo1.jpg?fit=880%2C440&ssl=1&resize=350%2C200 1x, https:\/\/i0.wp.com\/lahoradelcampo.com.uy\/site\/wp-content\/uploads\/2022\/10\/CAF-PabloPerdomo1.jpg?fit=880%2C440&ssl=1&resize=525%2C300 1.5x, https:\/\/i0.wp.com\/lahoradelcampo.com.uy\/site\/wp-content\/uploads\/2022\/10\/CAF-PabloPerdomo1.jpg?fit=880%2C440&ssl=1&resize=700%2C400 2x"},"classes":[]},{"id":53543,"url":"https:\/\/lahoradelcampo.com.uy\/site\/adriana-nobre-sera-homenajeada-por-caf-en-el-dia-internacional-de-la-mujer\/","url_meta":{"origin":53743,"position":2},"title":"Adriana Nobre ser\u00e1 homenajeada por CAF en el D\u00eda Internacional de la Mujer","author":"La Hora del Campo","date":"6 marzo, 2024","format":false,"excerpt":"En conmemoraci\u00f3n al D\u00eda Internacional de la Mujer, Cooperativas Agrarias Federadas (CAF) prepara un homenaje a mujeres que han dejado, dejan y continuar\u00e1n dejando, una huella imborrable en el \u00e1mbito del cooperativismo agrario. La distinci\u00f3n se llevar\u00e1 a cabo el jueves 7 de marzo de 2024 a las 10 horas,\u2026","rel":"","context":"En \u00abActualidad\u00bb","block_context":{"text":"Actualidad","link":"https:\/\/lahoradelcampo.com.uy\/site\/category\/actualidad\/"},"img":{"alt_text":"","src":"https:\/\/i0.wp.com\/lahoradelcampo.com.uy\/site\/wp-content\/uploads\/2024\/03\/Adriana-Nobre-Calsal.jpg?fit=880%2C440&ssl=1&resize=350%2C200","width":350,"height":200,"srcset":"https:\/\/i0.wp.com\/lahoradelcampo.com.uy\/site\/wp-content\/uploads\/2024\/03\/Adriana-Nobre-Calsal.jpg?fit=880%2C440&ssl=1&resize=350%2C200 1x, https:\/\/i0.wp.com\/lahoradelcampo.com.uy\/site\/wp-content\/uploads\/2024\/03\/Adriana-Nobre-Calsal.jpg?fit=880%2C440&ssl=1&resize=525%2C300 1.5x, https:\/\/i0.wp.com\/lahoradelcampo.com.uy\/site\/wp-content\/uploads\/2024\/03\/Adriana-Nobre-Calsal.jpg?fit=880%2C440&ssl=1&resize=700%2C400 2x"},"classes":[]},{"id":37605,"url":"https:\/\/lahoradelcampo.com.uy\/site\/se-aprobo-linea-de-credito-para-compra-de-tierras-a-20-anos\/","url_meta":{"origin":53743,"position":3},"title":"Se aprob\u00f3 l\u00ednea de cr\u00e9dito para compra de tierras a 20 a\u00f1os","author":"La Hora del Campo","date":"15 diciembre, 2021","format":false,"excerpt":"En la \u00faltima reuni\u00f3n del 2021, del consejo directivo de Cooperativas Agrarias Federadas (CAF) en Lanera Piedra Alta, en Florida, el presidente del Banco Rep\u00fablica (BROU), confirm\u00f3 la aprobaci\u00f3n de una l\u00ednea de cr\u00e9dito para que productores puedan acceder a la compra de campos de hasta 200 hect\u00e1reas, \u00edndice coneat\u2026","rel":"","context":"En \u00abActualidad\u00bb","block_context":{"text":"Actualidad","link":"https:\/\/lahoradelcampo.com.uy\/site\/category\/actualidad\/"},"img":{"alt_text":"","src":"https:\/\/i0.wp.com\/lahoradelcampo.com.uy\/site\/wp-content\/uploads\/2021\/12\/CAF-reunionflorida.jpg?fit=880%2C440&ssl=1&resize=350%2C200","width":350,"height":200,"srcset":"https:\/\/i0.wp.com\/lahoradelcampo.com.uy\/site\/wp-content\/uploads\/2021\/12\/CAF-reunionflorida.jpg?fit=880%2C440&ssl=1&resize=350%2C200 1x, https:\/\/i0.wp.com\/lahoradelcampo.com.uy\/site\/wp-content\/uploads\/2021\/12\/CAF-reunionflorida.jpg?fit=880%2C440&ssl=1&resize=525%2C300 1.5x, https:\/\/i0.wp.com\/lahoradelcampo.com.uy\/site\/wp-content\/uploads\/2021\/12\/CAF-reunionflorida.jpg?fit=880%2C440&ssl=1&resize=700%2C400 2x"},"classes":[]},{"id":31732,"url":"https:\/\/lahoradelcampo.com.uy\/site\/se-realizaron-cambios-en-la-junta-directiva-del-ipa\/","url_meta":{"origin":53743,"position":4},"title":"Se realizaron cambios en la Junta Directiva del IPA","author":"La Hora del Campo","date":"1 julio, 2021","format":false,"excerpt":"Esta semana, tras la sesi\u00f3n de su Junta Directiva, asumieron nuevos delegados en el Instituto Plan Agropecuario (IPA). Con la presencia de las instituciones que est\u00e1n representadas en el principal organismo de extensi\u00f3n en ganader\u00eda y pasturas, la Junta Directiva del IPA qued\u00f3 conformada por: Ing. Agr. Esteban Carriquiry (Presidente),\u2026","rel":"","context":"En \u00abActualidad\u00bb","block_context":{"text":"Actualidad","link":"https:\/\/lahoradelcampo.com.uy\/site\/category\/actualidad\/"},"img":{"alt_text":"","src":"https:\/\/i0.wp.com\/lahoradelcampo.com.uy\/site\/wp-content\/uploads\/2021\/07\/IPA.jpg?fit=880%2C440&ssl=1&resize=350%2C200","width":350,"height":200,"srcset":"https:\/\/i0.wp.com\/lahoradelcampo.com.uy\/site\/wp-content\/uploads\/2021\/07\/IPA.jpg?fit=880%2C440&ssl=1&resize=350%2C200 1x, https:\/\/i0.wp.com\/lahoradelcampo.com.uy\/site\/wp-content\/uploads\/2021\/07\/IPA.jpg?fit=880%2C440&ssl=1&resize=525%2C300 1.5x, https:\/\/i0.wp.com\/lahoradelcampo.com.uy\/site\/wp-content\/uploads\/2021\/07\/IPA.jpg?fit=880%2C440&ssl=1&resize=700%2C400 2x"},"classes":[]},{"id":39887,"url":"https:\/\/lahoradelcampo.com.uy\/site\/firmaron-acuerdo-para-desarrollar-soluciones-digitales-para-el-ovino\/","url_meta":{"origin":53743,"position":5},"title":"Firmaron acuerdo para desarrollar soluciones digitales para el ovino","author":"La Hora del Campo","date":"15 marzo, 2022","format":false,"excerpt":"El Ministerio de Ganader\u00eda, Agricultura y Pesca (MGAP) junto al Instituto Interamericano de Cooperaci\u00f3n para la Agricultura (IICA), CAF \u2013banco de desarrollo de Am\u00e9rica Latina, el Instituto Nacional de Carnes (INAC) y el Secretariado Uruguayo de la Lana (SUL) firmaron, en esta jornada, un acuerdo de colaboraci\u00f3n interinstitucional para desarrollar\u2026","rel":"","context":"En \u00abActualidad\u00bb","block_context":{"text":"Actualidad","link":"https:\/\/lahoradelcampo.com.uy\/site\/category\/actualidad\/"},"img":{"alt_text":"","src":"https:\/\/i0.wp.com\/lahoradelcampo.com.uy\/site\/wp-content\/uploads\/2022\/03\/ovinos-iica.jpg?fit=880%2C440&ssl=1&resize=350%2C200","width":350,"height":200,"srcset":"https:\/\/i0.wp.com\/lahoradelcampo.com.uy\/site\/wp-content\/uploads\/2022\/03\/ovinos-iica.jpg?fit=880%2C440&ssl=1&resize=350%2C200 1x, https:\/\/i0.wp.com\/lahoradelcampo.com.uy\/site\/wp-content\/uploads\/2022\/03\/ovinos-iica.jpg?fit=880%2C440&ssl=1&resize=525%2C300 1.5x, https:\/\/i0.wp.com\/lahoradelcampo.com.uy\/site\/wp-content\/uploads\/2022\/03\/ovinos-iica.jpg?fit=880%2C440&ssl=1&resize=700%2C400 2x"},"classes":[]}],"jetpack_likes_enabled":true,"_links":{"self":[{"href":"https:\/\/lahoradelcampo.com.uy\/site\/wp-json\/wp\/v2\/posts\/53743","targetHints":{"allow":["GET"]}}],"collection":[{"href":"https:\/\/lahoradelcampo.com.uy\/site\/wp-json\/wp\/v2\/posts"}],"about":[{"href":"https:\/\/lahoradelcampo.com.uy\/site\/wp-json\/wp\/v2\/types\/post"}],"author":[{"embeddable":true,"href":"https:\/\/lahoradelcampo.com.uy\/site\/wp-json\/wp\/v2\/users\/5"}],"replies":[{"embeddable":true,"href":"https:\/\/lahoradelcampo.com.uy\/site\/wp-json\/wp\/v2\/comments?post=53743"}],"version-history":[{"count":1,"href":"https:\/\/lahoradelcampo.com.uy\/site\/wp-json\/wp\/v2\/posts\/53743\/revisions"}],"predecessor-version":[{"id":53746,"href":"https:\/\/lahoradelcampo.com.uy\/site\/wp-json\/wp\/v2\/posts\/53743\/revisions\/53746"}],"wp:featuredmedia":[{"embeddable":true,"href":"https:\/\/lahoradelcampo.com.uy\/site\/wp-json\/wp\/v2\/media\/53745"}],"wp:attachment":[{"href":"https:\/\/lahoradelcampo.com.uy\/site\/wp-json\/wp\/v2\/media?parent=53743"}],"wp:term":[{"taxonomy":"category","embeddable":true,"href":"https:\/\/lahoradelcampo.com.uy\/site\/wp-json\/wp\/v2\/categories?post=53743"},{"taxonomy":"post_tag","embeddable":true,"href":"https:\/\/lahoradelcampo.com.uy\/site\/wp-json\/wp\/v2\/tags?post=53743"}],"curies":[{"name":"wp","href":"https:\/\/api.w.org\/{rel}","templated":true}]}}