{"id":53740,"date":"2024-04-10T09:28:00","date_gmt":"2024-04-10T12:28:00","guid":{"rendered":"http:\/\/lahoradelcampo.com.uy\/site\/?p=53740"},"modified":"2024-04-10T12:30:55","modified_gmt":"2024-04-10T15:30:55","slug":"algodon-sube-la-produccion-en-turquia-y-las-exportaciones-en-brasil","status":"publish","type":"post","link":"https:\/\/lahoradelcampo.com.uy\/site\/algodon-sube-la-produccion-en-turquia-y-las-exportaciones-en-brasil\/","title":{"rendered":"Algod\u00f3n: Sube la producci\u00f3n en Turqu\u00eda y las exportaciones en Brasil"},"content":{"rendered":"\n<figure class=\"wp-block-image size-full\"><a href=\"https:\/\/i0.wp.com\/lahoradelcampo.com.uy\/site\/wp-content\/uploads\/2019\/12\/Algodon.jpg\"><img data-recalc-dims=\"1\" loading=\"lazy\" decoding=\"async\" width=\"810\" height=\"405\" data-attachment-id=\"16490\" data-permalink=\"https:\/\/lahoradelcampo.com.uy\/site\/area-de-algodon-crece-un-2-en-brasil\/algodon-2\/\" data-orig-file=\"https:\/\/i0.wp.com\/lahoradelcampo.com.uy\/site\/wp-content\/uploads\/2019\/12\/Algodon.jpg?fit=880%2C440&amp;ssl=1\" data-orig-size=\"880,440\" data-comments-opened=\"1\" data-image-meta=\"{&quot;aperture&quot;:&quot;0&quot;,&quot;credit&quot;:&quot;&quot;,&quot;camera&quot;:&quot;&quot;,&quot;caption&quot;:&quot;&quot;,&quot;created_timestamp&quot;:&quot;0&quot;,&quot;copyright&quot;:&quot;&quot;,&quot;focal_length&quot;:&quot;0&quot;,&quot;iso&quot;:&quot;0&quot;,&quot;shutter_speed&quot;:&quot;0&quot;,&quot;title&quot;:&quot;&quot;,&quot;orientation&quot;:&quot;1&quot;}\" data-image-title=\"Algodon\" data-image-description=\"\" data-image-caption=\"\" data-large-file=\"https:\/\/i0.wp.com\/lahoradelcampo.com.uy\/site\/wp-content\/uploads\/2019\/12\/Algodon.jpg?fit=810%2C405&amp;ssl=1\" src=\"https:\/\/i0.wp.com\/lahoradelcampo.com.uy\/site\/wp-content\/uploads\/2019\/12\/Algodon.jpg?resize=810%2C405\" alt=\"\" class=\"wp-image-16490\" srcset=\"https:\/\/i0.wp.com\/lahoradelcampo.com.uy\/site\/wp-content\/uploads\/2019\/12\/Algodon.jpg?w=880&amp;ssl=1 880w, https:\/\/i0.wp.com\/lahoradelcampo.com.uy\/site\/wp-content\/uploads\/2019\/12\/Algodon.jpg?resize=300%2C150&amp;ssl=1 300w, https:\/\/i0.wp.com\/lahoradelcampo.com.uy\/site\/wp-content\/uploads\/2019\/12\/Algodon.jpg?resize=768%2C384&amp;ssl=1 768w, https:\/\/i0.wp.com\/lahoradelcampo.com.uy\/site\/wp-content\/uploads\/2019\/12\/Algodon.jpg?resize=820%2C410&amp;ssl=1 820w\" sizes=\"auto, (max-width: 810px) 100vw, 810px\" \/><\/a><\/figure>\n\n\n\n<p>La producci\u00f3n de algod\u00f3n en Turqu\u00eda est\u00e1 prevista alcanzar los 3,766 millones de fardos durante la temporada 2024\/2025 (de agosto de 2024 a julio de 2025), seg\u00fan informes del Departamento de Agricultura de los Estados Unidos (USDA). Este dato marca un avance con respecto a la estimaci\u00f3n revisada de la temporada anterior, que se situ\u00f3 en 3,192 millones de fardos.<\/p>\n\n\n\n<p>Para la temporada 2024\/2025, se estima que las importaciones alcancen los 3,766 millones de fardos, en comparaci\u00f3n con los 3,445 millones de fardos de la temporada anterior. Por otro lado, la demanda interna se espera que totalice 7,509 millones de fardos, frente a los 7,119 millones de la cosecha previa.<\/p>\n\n\n\n<p>En cuanto a las exportaciones del pa\u00eds, se proyecta que alcancen los 574 mil fardos, marcando una reducci\u00f3n significativa con respecto a los 1,286 millones de fardos exportados en 2023\/24. Por \u00faltimo, se espera que los inventarios finales para 2024\/25 se sit\u00faen en 1,830 millones de fardos, en comparaci\u00f3n con los 2,381 millones de fardos en 2023\/24.<\/p>\n\n\n\n<p><strong>En Brasil suben las exportaciones en Abril<\/strong><\/p>\n\n\n\n<p>Durante el mes de abril, Brasil export\u00f3 un total de 53,867 mil toneladas de algod\u00f3n, equivalente a un promedio diario de 10,773 toneladas en cinco d\u00edas h\u00e1biles. Seg\u00fan el Ministerio de Econom\u00eda, estas exportaciones generaron una ingreso total de US$ 103,899 millones, con un promedio diario de US$ 20,779 millones.<\/p>\n\n\n\n<p>Comparado con el mismo periodo del a\u00f1o anterior, se observa un incremento del 218% en el volumen diario exportado (3,387 mil toneladas diarias en abril de 2023). Asimismo, la ganancia diaria experiment\u00f3 un incremento del 229,1% (US$ 6,314 millones diarios en abril de 2023).<\/p>\n\n\n\n<p>Salto, 10 de abril de 2024<\/p>\n","protected":false},"excerpt":{"rendered":"<p>La producci\u00f3n de algod\u00f3n en Turqu\u00eda est\u00e1 prevista alcanzar los 3,766 millones de fardos durante la temporada 2024\/2025 (de agosto de 2024 a julio de 2025), seg\u00fan informes del Departamento [&hellip;]<\/p>\n","protected":false},"author":5,"featured_media":16490,"comment_status":"open","ping_status":"open","sticky":false,"template":"","format":"standard","meta":{"_price":"","_stock":"","_tribe_ticket_header":"","_tribe_default_ticket_provider":"","_tribe_ticket_capacity":"0","_ticket_start_date":"","_ticket_end_date":"","_tribe_ticket_show_description":"","_tribe_ticket_show_not_going":false,"_tribe_ticket_use_global_stock":"","_tribe_ticket_global_stock_level":"","_global_stock_mode":"","_global_stock_cap":"","_tribe_rsvp_for_event":"","_tribe_ticket_going_count":"","_tribe_ticket_not_going_count":"","_tribe_tickets_list":"[]","_tribe_ticket_has_attendee_info_fields":false,"h5ap_radio_sources":[],"_jetpack_newsletter_access":"","_jetpack_dont_email_post_to_subs":false,"_jetpack_newsletter_tier_id":0,"_jetpack_memberships_contains_paywalled_content":false,"_jetpack_memberships_contains_paid_content":false,"footnotes":""},"categories":[21,15],"tags":[],"class_list":["post-53740","post","type-post","status-publish","format-standard","has-post-thumbnail","hentry","category-actualidad","category-columnistas"],"jetpack_featured_media_url":"https:\/\/i0.wp.com\/lahoradelcampo.com.uy\/site\/wp-content\/uploads\/2019\/12\/Algodon.jpg?fit=880%2C440&ssl=1","jetpack_sharing_enabled":true,"jetpack_shortlink":"https:\/\/wp.me\/p99IaT-dYM","jetpack-related-posts":[{"id":16488,"url":"https:\/\/lahoradelcampo.com.uy\/site\/area-de-algodon-crece-un-2-en-brasil\/","url_meta":{"origin":53740,"position":0},"title":"\u00c1rea de algod\u00f3n crece un 2% en Brasil","author":"La Hora del Campo","date":"20 diciembre, 2019","format":false,"excerpt":"De acuerdo al informe del Departamento de Agricultura de Estados Unidos (USDA por sus siglas en ingl\u00e9s) la producci\u00f3n de algod\u00f3n para la zafra 2019\/2020 en Brasil, alcanzar\u00eda 1,65 millones de hect\u00e1reas, un crecimiento del 2% frente a la zafra pasada. La cosecha est\u00e1 prevista en 12,67 millones de fardos\u2026","rel":"","context":"En \u00abActualidad\u00bb","block_context":{"text":"Actualidad","link":"https:\/\/lahoradelcampo.com.uy\/site\/category\/actualidad\/"},"img":{"alt_text":"","src":"https:\/\/i0.wp.com\/lahoradelcampo.com.uy\/site\/wp-content\/uploads\/2019\/12\/Algodon.jpg?fit=880%2C440&ssl=1&resize=350%2C200","width":350,"height":200,"srcset":"https:\/\/i0.wp.com\/lahoradelcampo.com.uy\/site\/wp-content\/uploads\/2019\/12\/Algodon.jpg?fit=880%2C440&ssl=1&resize=350%2C200 1x, https:\/\/i0.wp.com\/lahoradelcampo.com.uy\/site\/wp-content\/uploads\/2019\/12\/Algodon.jpg?fit=880%2C440&ssl=1&resize=525%2C300 1.5x, https:\/\/i0.wp.com\/lahoradelcampo.com.uy\/site\/wp-content\/uploads\/2019\/12\/Algodon.jpg?fit=880%2C440&ssl=1&resize=700%2C400 2x"},"classes":[]},{"id":7061,"url":"https:\/\/lahoradelcampo.com.uy\/site\/usda-preve-un-record-en-el-consumo-de-algodon-en-201819\/","url_meta":{"origin":53740,"position":1},"title":"USDA prev\u00e9 un r\u00e9cord en el consumo de algod\u00f3n en 2018\/19","author":"La Hora del Campo","date":"11 mayo, 2018","format":false,"excerpt":"El Departamento de Agricultura de los Estados Unidos (USDA, por sus siglas en ingl\u00e9s) di\u00f3 a conocer su primer informe de proyecciones sobre el a\u00f1o comercial 2018\/2019 para el algod\u00f3n a nivel mundial, donde se espera una ca\u00edda del 5.1% en los stocks mundiales de la fibra. En un an\u00e1lisis\u2026","rel":"","context":"En \u00abActualidad\u00bb","block_context":{"text":"Actualidad","link":"https:\/\/lahoradelcampo.com.uy\/site\/category\/actualidad\/"},"img":{"alt_text":"","src":"https:\/\/i0.wp.com\/lahoradelcampo.com.uy\/site\/wp-content\/uploads\/2018\/05\/Algodon.jpg?fit=880%2C440&ssl=1&resize=350%2C200","width":350,"height":200,"srcset":"https:\/\/i0.wp.com\/lahoradelcampo.com.uy\/site\/wp-content\/uploads\/2018\/05\/Algodon.jpg?fit=880%2C440&ssl=1&resize=350%2C200 1x, https:\/\/i0.wp.com\/lahoradelcampo.com.uy\/site\/wp-content\/uploads\/2018\/05\/Algodon.jpg?fit=880%2C440&ssl=1&resize=525%2C300 1.5x, https:\/\/i0.wp.com\/lahoradelcampo.com.uy\/site\/wp-content\/uploads\/2018\/05\/Algodon.jpg?fit=880%2C440&ssl=1&resize=700%2C400 2x"},"classes":[]},{"id":12431,"url":"https:\/\/lahoradelcampo.com.uy\/site\/comienzo-de-zafra-positivo-el-ime-gano-13-centavos-en-la-semana\/","url_meta":{"origin":53740,"position":2},"title":"Comienzo de zafra positivo, el IME gan\u00f3 13 centavos en la semana","author":"La Hora del Campo","date":"5 julio, 2019","format":false,"excerpt":"La primera semana de ventas de la nueva zafra en el mercado lanero australiano culmin\u00f3 en terreno positivo, con un Indicador de Mercados del Este (IME) que comienza recuperar parte del terreno p\u00e9rdido. En esta semana la calidad de la oferta inspir\u00f3 a una demanda decidida a adquirir lana para\u2026","rel":"","context":"En \u00abActualidad\u00bb","block_context":{"text":"Actualidad","link":"https:\/\/lahoradelcampo.com.uy\/site\/category\/actualidad\/"},"img":{"alt_text":"","src":"https:\/\/i0.wp.com\/lahoradelcampo.com.uy\/site\/wp-content\/uploads\/2018\/03\/Lanaa.jpg?fit=880%2C440&ssl=1&resize=350%2C200","width":350,"height":200,"srcset":"https:\/\/i0.wp.com\/lahoradelcampo.com.uy\/site\/wp-content\/uploads\/2018\/03\/Lanaa.jpg?fit=880%2C440&ssl=1&resize=350%2C200 1x, https:\/\/i0.wp.com\/lahoradelcampo.com.uy\/site\/wp-content\/uploads\/2018\/03\/Lanaa.jpg?fit=880%2C440&ssl=1&resize=525%2C300 1.5x, https:\/\/i0.wp.com\/lahoradelcampo.com.uy\/site\/wp-content\/uploads\/2018\/03\/Lanaa.jpg?fit=880%2C440&ssl=1&resize=700%2C400 2x"},"classes":[]},{"id":55219,"url":"https:\/\/lahoradelcampo.com.uy\/site\/produccion-de-algodon-en-brasil-rompe-record-en-23-24\/","url_meta":{"origin":53740,"position":3},"title":"Producci\u00f3n de algod\u00f3n en Brasil rompe r\u00e9cord en 23\/24","author":"La Hora del Campo","date":"4 diciembre, 2024","format":false,"excerpt":"La producci\u00f3n de algod\u00f3n en Brasil alcanzar\u00e1 un nivel hist\u00f3rico durante la temporada 2023\/24, con una estimaci\u00f3n de m\u00e1s de 3 millones de toneladas de pluma, seg\u00fan la Companhia Nacional de Abastecimento (Conab). El crecimiento estar\u00e1 impulsado por un aumento del 2,9 % en la superficie sembrada, que abarcar\u00e1 1,71\u2026","rel":"","context":"En \u00abActualidad\u00bb","block_context":{"text":"Actualidad","link":"https:\/\/lahoradelcampo.com.uy\/site\/category\/actualidad\/"},"img":{"alt_text":"","src":"https:\/\/i0.wp.com\/lahoradelcampo.com.uy\/site\/wp-content\/uploads\/2019\/12\/Algodon.jpg?fit=880%2C440&ssl=1&resize=350%2C200","width":350,"height":200,"srcset":"https:\/\/i0.wp.com\/lahoradelcampo.com.uy\/site\/wp-content\/uploads\/2019\/12\/Algodon.jpg?fit=880%2C440&ssl=1&resize=350%2C200 1x, https:\/\/i0.wp.com\/lahoradelcampo.com.uy\/site\/wp-content\/uploads\/2019\/12\/Algodon.jpg?fit=880%2C440&ssl=1&resize=525%2C300 1.5x, https:\/\/i0.wp.com\/lahoradelcampo.com.uy\/site\/wp-content\/uploads\/2019\/12\/Algodon.jpg?fit=880%2C440&ssl=1&resize=700%2C400 2x"},"classes":[]},{"id":42151,"url":"https:\/\/lahoradelcampo.com.uy\/site\/el-consumo-mundial-de-algodon-se-recupera-en-este-2021-22\/","url_meta":{"origin":53740,"position":4},"title":"El consumo mundial de algod\u00f3n se recupera en este 2021-22","author":"La Hora del Campo","date":"25 mayo, 2022","format":false,"excerpt":"El comit\u00e9 del algod\u00f3n de la Organizaci\u00f3n Mundial del Comercio, se reuni\u00f3 este mes de mayo y uno de los temas que se trabajaron tiene que ver con la producci\u00f3n y el comercio de la fibra natural en un mundo con disrupciones en la log\u00edstica y la resiliencia del sector\u2026","rel":"","context":"En \u00abActualidad\u00bb","block_context":{"text":"Actualidad","link":"https:\/\/lahoradelcampo.com.uy\/site\/category\/actualidad\/"},"img":{"alt_text":"","src":"https:\/\/i0.wp.com\/lahoradelcampo.com.uy\/site\/wp-content\/uploads\/2018\/05\/Algodon.jpg?fit=880%2C440&ssl=1&resize=350%2C200","width":350,"height":200,"srcset":"https:\/\/i0.wp.com\/lahoradelcampo.com.uy\/site\/wp-content\/uploads\/2018\/05\/Algodon.jpg?fit=880%2C440&ssl=1&resize=350%2C200 1x, https:\/\/i0.wp.com\/lahoradelcampo.com.uy\/site\/wp-content\/uploads\/2018\/05\/Algodon.jpg?fit=880%2C440&ssl=1&resize=525%2C300 1.5x, https:\/\/i0.wp.com\/lahoradelcampo.com.uy\/site\/wp-content\/uploads\/2018\/05\/Algodon.jpg?fit=880%2C440&ssl=1&resize=700%2C400 2x"},"classes":[]},{"id":55293,"url":"https:\/\/lahoradelcampo.com.uy\/site\/cierre-semanal-con-subas-en-el-ime-y-expectativas-de-recuperacion-para-2025\/","url_meta":{"origin":53740,"position":5},"title":"Cierre semanal con subas en el IME y expectativas de recuperaci\u00f3n para 2025","author":"La Hora del Campo","date":"21 diciembre, 2024","format":false,"excerpt":"El mercado lanero australiano concluy\u00f3 la \u00faltima semana de ventas del a\u00f1o 2024 con un repunte en su cotizaci\u00f3n del Indicador de Mercados del Este (IME) en ambas monedas. Sin embargo, el comportamiento es dispar, de acuerdo con la moneda en que se analice, al analizar los primeros seis meses\u2026","rel":"","context":"En \u00abActualidad\u00bb","block_context":{"text":"Actualidad","link":"https:\/\/lahoradelcampo.com.uy\/site\/category\/actualidad\/"},"img":{"alt_text":"","src":"https:\/\/i0.wp.com\/lahoradelcampo.com.uy\/site\/wp-content\/uploads\/2024\/12\/lanas-australias.jpg?fit=880%2C440&ssl=1&resize=350%2C200","width":350,"height":200,"srcset":"https:\/\/i0.wp.com\/lahoradelcampo.com.uy\/site\/wp-content\/uploads\/2024\/12\/lanas-australias.jpg?fit=880%2C440&ssl=1&resize=350%2C200 1x, https:\/\/i0.wp.com\/lahoradelcampo.com.uy\/site\/wp-content\/uploads\/2024\/12\/lanas-australias.jpg?fit=880%2C440&ssl=1&resize=525%2C300 1.5x, https:\/\/i0.wp.com\/lahoradelcampo.com.uy\/site\/wp-content\/uploads\/2024\/12\/lanas-australias.jpg?fit=880%2C440&ssl=1&resize=700%2C400 2x"},"classes":[]}],"jetpack_likes_enabled":true,"_links":{"self":[{"href":"https:\/\/lahoradelcampo.com.uy\/site\/wp-json\/wp\/v2\/posts\/53740","targetHints":{"allow":["GET"]}}],"collection":[{"href":"https:\/\/lahoradelcampo.com.uy\/site\/wp-json\/wp\/v2\/posts"}],"about":[{"href":"https:\/\/lahoradelcampo.com.uy\/site\/wp-json\/wp\/v2\/types\/post"}],"author":[{"embeddable":true,"href":"https:\/\/lahoradelcampo.com.uy\/site\/wp-json\/wp\/v2\/users\/5"}],"replies":[{"embeddable":true,"href":"https:\/\/lahoradelcampo.com.uy\/site\/wp-json\/wp\/v2\/comments?post=53740"}],"version-history":[{"count":1,"href":"https:\/\/lahoradelcampo.com.uy\/site\/wp-json\/wp\/v2\/posts\/53740\/revisions"}],"predecessor-version":[{"id":53741,"href":"https:\/\/lahoradelcampo.com.uy\/site\/wp-json\/wp\/v2\/posts\/53740\/revisions\/53741"}],"wp:featuredmedia":[{"embeddable":true,"href":"https:\/\/lahoradelcampo.com.uy\/site\/wp-json\/wp\/v2\/media\/16490"}],"wp:attachment":[{"href":"https:\/\/lahoradelcampo.com.uy\/site\/wp-json\/wp\/v2\/media?parent=53740"}],"wp:term":[{"taxonomy":"category","embeddable":true,"href":"https:\/\/lahoradelcampo.com.uy\/site\/wp-json\/wp\/v2\/categories?post=53740"},{"taxonomy":"post_tag","embeddable":true,"href":"https:\/\/lahoradelcampo.com.uy\/site\/wp-json\/wp\/v2\/tags?post=53740"}],"curies":[{"name":"wp","href":"https:\/\/api.w.org\/{rel}","templated":true}]}}