{"id":53737,"date":"2024-04-10T10:24:00","date_gmt":"2024-04-10T13:24:00","guid":{"rendered":"http:\/\/lahoradelcampo.com.uy\/site\/?p=53737"},"modified":"2024-04-10T12:28:21","modified_gmt":"2024-04-10T15:28:21","slug":"se-presento-la-guia-para-sistemas-ganaderos-climaticamente-inteligentes","status":"publish","type":"post","link":"https:\/\/lahoradelcampo.com.uy\/site\/se-presento-la-guia-para-sistemas-ganaderos-climaticamente-inteligentes\/","title":{"rendered":"Se present\u00f3 la gu\u00eda para sistemas ganaderos clim\u00e1ticamente inteligentes"},"content":{"rendered":"\n<figure class=\"wp-block-image size-full\"><a href=\"https:\/\/i0.wp.com\/lahoradelcampo.com.uy\/site\/wp-content\/uploads\/2024\/04\/Guiaganadera.jpg\"><img data-recalc-dims=\"1\" loading=\"lazy\" decoding=\"async\" width=\"810\" height=\"405\" data-attachment-id=\"53738\" data-permalink=\"https:\/\/lahoradelcampo.com.uy\/site\/se-presento-la-guia-para-sistemas-ganaderos-climaticamente-inteligentes\/guiaganadera\/\" data-orig-file=\"https:\/\/i0.wp.com\/lahoradelcampo.com.uy\/site\/wp-content\/uploads\/2024\/04\/Guiaganadera.jpg?fit=880%2C440&amp;ssl=1\" data-orig-size=\"880,440\" data-comments-opened=\"1\" data-image-meta=\"{&quot;aperture&quot;:&quot;0&quot;,&quot;credit&quot;:&quot;&quot;,&quot;camera&quot;:&quot;&quot;,&quot;caption&quot;:&quot;&quot;,&quot;created_timestamp&quot;:&quot;0&quot;,&quot;copyright&quot;:&quot;&quot;,&quot;focal_length&quot;:&quot;0&quot;,&quot;iso&quot;:&quot;0&quot;,&quot;shutter_speed&quot;:&quot;0&quot;,&quot;title&quot;:&quot;&quot;,&quot;orientation&quot;:&quot;1&quot;}\" data-image-title=\"Guiaganadera\" data-image-description=\"\" data-image-caption=\"\" data-large-file=\"https:\/\/i0.wp.com\/lahoradelcampo.com.uy\/site\/wp-content\/uploads\/2024\/04\/Guiaganadera.jpg?fit=810%2C405&amp;ssl=1\" src=\"https:\/\/i0.wp.com\/lahoradelcampo.com.uy\/site\/wp-content\/uploads\/2024\/04\/Guiaganadera.jpg?resize=810%2C405\" alt=\"\" class=\"wp-image-53738\" srcset=\"https:\/\/i0.wp.com\/lahoradelcampo.com.uy\/site\/wp-content\/uploads\/2024\/04\/Guiaganadera.jpg?w=880&amp;ssl=1 880w, https:\/\/i0.wp.com\/lahoradelcampo.com.uy\/site\/wp-content\/uploads\/2024\/04\/Guiaganadera.jpg?resize=300%2C150&amp;ssl=1 300w, https:\/\/i0.wp.com\/lahoradelcampo.com.uy\/site\/wp-content\/uploads\/2024\/04\/Guiaganadera.jpg?resize=768%2C384&amp;ssl=1 768w, https:\/\/i0.wp.com\/lahoradelcampo.com.uy\/site\/wp-content\/uploads\/2024\/04\/Guiaganadera.jpg?resize=820%2C410&amp;ssl=1 820w\" sizes=\"auto, (max-width: 810px) 100vw, 810px\" \/><\/a><\/figure>\n\n\n\n<p>El Instituto Nacional de Investigaci\u00f3n Agropecuaria (INIA), en colaboraci\u00f3n interinstitucional, ha lanzado una herramienta fundamental para la ganader\u00eda uruguaya: la gu\u00eda pr\u00e1ctica para el dise\u00f1o de sistemas ganaderos clim\u00e1ticamente inteligentes. Esta iniciativa surge como parte del Proyecto Ganader\u00eda y Clima, con el objetivo de mejorar y estabilizar los resultados productivos, econ\u00f3micos, ambientales y sociales de los sistemas ganaderos.<\/p>\n\n\n\n<p>La cr\u00eda vacuna en campo natural, piedra angular de la cadena productiva, demanda un profundo conocimiento aplicado para su adecuado manejo. El di\u00e1logo entre productores, extensionistas y centros de investigaci\u00f3n es crucial para la producci\u00f3n de este conocimiento. El proyecto Ganader\u00eda y Clima, realizado entre 2019 y 2023, promovi\u00f3 este di\u00e1logo con el fin de mejorar la sostenibilidad y resiliencia de la cr\u00eda vacuna basada en campo natural.<\/p>\n\n\n\n<p><strong>Un Enfoque Sist\u00e9mico para la Transici\u00f3n<\/strong><\/p>\n\n\n\n<p>Para lograr sistemas clim\u00e1ticamente inteligentes, se propone un enfoque sist\u00e9mico que reconozca la complejidad del sistema productivo. Esto implica comprender su funcionamiento actual y los objetivos de los productores. El enfoque de co-innovaci\u00f3n se presenta como clave para ordenar el trabajo y facilitar la transici\u00f3n hacia sistemas m\u00e1s sostenibles.<\/p>\n\n\n\n<p><strong>Una Gu\u00eda Did\u00e1ctica y Pr\u00e1ctica<\/strong><\/p>\n\n\n\n<p>La gu\u00eda elaborada por el INIA ofrece una secuencia did\u00e1ctica que combina textos explicativos, esquemas ilustrativos y fotograf\u00edas para facilitar la comprensi\u00f3n del tema. Se inicia con conceptos generales de ganader\u00eda clim\u00e1ticamente inteligente y la estrategia t\u00e9cnica para su dise\u00f1o. Luego, se profundiza en la din\u00e1mica de los sistemas ganaderos, haciendo hincapi\u00e9 en la producci\u00f3n, utilizaci\u00f3n y consumo del forraje. Adem\u00e1s, se presentan tecnolog\u00edas espec\u00edficas para sistemas ganaderos clim\u00e1ticamente inteligentes. Finalmente, se ilustran estas ideas con ejemplos concretos de casos que han transitado hacia sistemas m\u00e1s sostenibles durante el proyecto Ganader\u00eda y Clima.<\/p>\n\n\n\n<p><strong>Los Servicios Ecosist\u00e9micos en los Sistemas Pastoriles<\/strong><\/p>\n\n\n\n<p>\u00bfC\u00f3mo dise\u00f1ar sistemas ganaderos que sean inteligentes frente al clima y que, al mismo tiempo, conserven el ambiente mientras alcanzan niveles \u00f3ptimos de producci\u00f3n?<\/p>\n\n\n\n<p>Una respuesta clave radica en considerar la intensidad de pastoreo, entendida como la relaci\u00f3n entre la altura del forraje y la carga animal. La gesti\u00f3n cuidadosa de esta intensidad impacta directamente en diversos aspectos ambientales, desde la compactaci\u00f3n del suelo hasta la disponibilidad de agua para las plantas, pasando por la producci\u00f3n de ra\u00edces y el contenido de carbono org\u00e1nico en el suelo.<\/p>\n\n\n\n<p><strong>Categor\u00edas de Tecnolog\u00edas para la Transici\u00f3n<\/strong><\/p>\n\n\n\n<p>Para implementar la transici\u00f3n hacia sistemas ganaderos clim\u00e1ticamente inteligentes, la Gu\u00eda clasifica las tecnolog\u00edas en tres tipos fundamentales: estrat\u00e9gicas, t\u00e1cticas y de apoyo a la toma de decisiones.<\/p>\n\n\n\n<p><strong>Tecnolog\u00edas de Car\u00e1cter Estrat\u00e9gico:<\/strong> Estas tecnolog\u00edas son pilares fundamentales del sistema de producci\u00f3n y tienen un impacto a mediano y largo plazo. Definen la estructura del sistema y los momentos clave en el ciclo de producci\u00f3n.<\/p>\n\n\n\n<p>Entre ellas se incluyen el control de carga animal, la relaci\u00f3n entre lanar y vacuno, el momento y la duraci\u00f3n del entore, el destete definitivo, la edad de las vaquillonas al primer entore y el manejo diferencial de vacas prim\u00edparas.<\/p>\n\n\n\n<p><strong>Tecnolog\u00edas de Car\u00e1cter T\u00e1ctico:<\/strong> Las tecnolog\u00edas t\u00e1cticas permiten adaptarse o mitigar el impacto de las variaciones clim\u00e1ticas y las condiciones de los animales a lo largo de su ciclo productivo.<br>Entre estas se encuentran el destete temporario, el flushing, el destete temporario combinado con flushing y el destete precoz.<\/p>\n\n\n\n<p><strong>Tecnolog\u00edas de Apoyo a la Toma de Decisiones:<\/strong> Estas tecnolog\u00edas ayudan a controlar los procesos productivos y determinar el momento \u00f3ptimo para realizar ciertas acciones.<\/p>\n\n\n\n<p>El monitoreo y registro de la condici\u00f3n corporal, la estimaci\u00f3n de la disponibilidad de forraje, el diagn\u00f3stico de actividad ov\u00e1rica y el diagn\u00f3stico de pre\u00f1ez son fundamentales en este aspecto.<\/p>\n\n\n\n<p>Salto, 10 de abril de 2024<\/p>\n","protected":false},"excerpt":{"rendered":"<p>El Instituto Nacional de Investigaci\u00f3n Agropecuaria (INIA), en colaboraci\u00f3n interinstitucional, ha lanzado una herramienta fundamental para la ganader\u00eda uruguaya: la gu\u00eda pr\u00e1ctica para el dise\u00f1o de sistemas ganaderos clim\u00e1ticamente inteligentes. [&hellip;]<\/p>\n","protected":false},"author":5,"featured_media":53738,"comment_status":"open","ping_status":"open","sticky":false,"template":"","format":"standard","meta":{"_price":"","_stock":"","_tribe_ticket_header":"","_tribe_default_ticket_provider":"","_tribe_ticket_capacity":"0","_ticket_start_date":"","_ticket_end_date":"","_tribe_ticket_show_description":"","_tribe_ticket_show_not_going":false,"_tribe_ticket_use_global_stock":"","_tribe_ticket_global_stock_level":"","_global_stock_mode":"","_global_stock_cap":"","_tribe_rsvp_for_event":"","_tribe_ticket_going_count":"","_tribe_ticket_not_going_count":"","_tribe_tickets_list":"[]","_tribe_ticket_has_attendee_info_fields":false,"h5ap_radio_sources":[],"_jetpack_newsletter_access":"","_jetpack_dont_email_post_to_subs":false,"_jetpack_newsletter_tier_id":0,"_jetpack_memberships_contains_paywalled_content":false,"_jetpack_memberships_contains_paid_content":false,"footnotes":""},"categories":[21,5],"tags":[],"class_list":["post-53737","post","type-post","status-publish","format-standard","has-post-thumbnail","hentry","category-actualidad","category-ganaderia"],"jetpack_featured_media_url":"https:\/\/i0.wp.com\/lahoradelcampo.com.uy\/site\/wp-content\/uploads\/2024\/04\/Guiaganadera.jpg?fit=880%2C440&ssl=1","jetpack_sharing_enabled":true,"jetpack_shortlink":"https:\/\/wp.me\/p99IaT-dYJ","jetpack-related-posts":[{"id":53696,"url":"https:\/\/lahoradelcampo.com.uy\/site\/riego-en-sistemas-horticolas-ganaderos\/","url_meta":{"origin":53737,"position":0},"title":"Riego en sistemas hort\u00edcolas-ganaderos","author":"La Hora del Campo","date":"4 abril, 2024","format":false,"excerpt":"El programa \"Regando la ganader\u00eda del norte\", convoca para el viernes 12 de abril en el establecimiento de la familia Grilli-Ferreira, en la Colonia Osimani & Llerena, donde se presentaran los resultados de tres a\u00f1os de evaluaci\u00f3n del \"riego de forraje en sistemas hort\u00edcolas-ganaderos. En la particularidad de este predio,\u2026","rel":"","context":"En \u00abActualidad\u00bb","block_context":{"text":"Actualidad","link":"https:\/\/lahoradelcampo.com.uy\/site\/category\/actualidad\/"},"img":{"alt_text":"","src":"https:\/\/i0.wp.com\/lahoradelcampo.com.uy\/site\/wp-content\/uploads\/2024\/04\/grilli-riego.jpg?fit=880%2C440&ssl=1&resize=350%2C200","width":350,"height":200,"srcset":"https:\/\/i0.wp.com\/lahoradelcampo.com.uy\/site\/wp-content\/uploads\/2024\/04\/grilli-riego.jpg?fit=880%2C440&ssl=1&resize=350%2C200 1x, https:\/\/i0.wp.com\/lahoradelcampo.com.uy\/site\/wp-content\/uploads\/2024\/04\/grilli-riego.jpg?fit=880%2C440&ssl=1&resize=525%2C300 1.5x, https:\/\/i0.wp.com\/lahoradelcampo.com.uy\/site\/wp-content\/uploads\/2024\/04\/grilli-riego.jpg?fit=880%2C440&ssl=1&resize=700%2C400 2x"},"classes":[]},{"id":42689,"url":"https:\/\/lahoradelcampo.com.uy\/site\/ganaderia-y-clima-mejoro-un-20-el-ingreso-de-los-predios-ganaderos\/","url_meta":{"origin":53737,"position":1},"title":"Ganader\u00eda y Clima mejor\u00f3 un 20% el ingreso de los predios ganaderos","author":"La Hora del Campo","date":"13 junio, 2022","format":false,"excerpt":"Este viernes 10 de junio se presentaron los resultados del proyecto Producci\u00f3n Ganadera Clim\u00e1ticamente Inteligente y Restauraci\u00f3n del Suelo en Pastizales Uruguayos, m\u00e1s conocido como \u201cProyecto Ganader\u00eda y Clima\u201d. Los datos del primer a\u00f1o de estudio muestran que la gran mayor\u00eda de los predios que participan del proyecto lograron mejorar\u2026","rel":"","context":"En \u00abActualidad\u00bb","block_context":{"text":"Actualidad","link":"https:\/\/lahoradelcampo.com.uy\/site\/category\/actualidad\/"},"img":{"alt_text":"","src":"https:\/\/i0.wp.com\/lahoradelcampo.com.uy\/site\/wp-content\/uploads\/2022\/06\/MGAP-Ganaderiayclima.jpg?fit=880%2C440&ssl=1&resize=350%2C200","width":350,"height":200,"srcset":"https:\/\/i0.wp.com\/lahoradelcampo.com.uy\/site\/wp-content\/uploads\/2022\/06\/MGAP-Ganaderiayclima.jpg?fit=880%2C440&ssl=1&resize=350%2C200 1x, https:\/\/i0.wp.com\/lahoradelcampo.com.uy\/site\/wp-content\/uploads\/2022\/06\/MGAP-Ganaderiayclima.jpg?fit=880%2C440&ssl=1&resize=525%2C300 1.5x, https:\/\/i0.wp.com\/lahoradelcampo.com.uy\/site\/wp-content\/uploads\/2022\/06\/MGAP-Ganaderiayclima.jpg?fit=880%2C440&ssl=1&resize=700%2C400 2x"},"classes":[]},{"id":56670,"url":"https:\/\/lahoradelcampo.com.uy\/site\/arrendamientos-mas-contratos-mas-areapero-menor-valor-promedio-en-2024\/","url_meta":{"origin":53737,"position":2},"title":"Arrendamientos: M\u00e1s contratos, m\u00e1s \u00e1rea,pero menor valor promedio en 2024","author":"La Hora del Campo","date":"1 septiembre, 2025","format":false,"excerpt":"El Ministerio de Ganader\u00eda, Agricultura y Pesca (MGAP) dio a conocer el an\u00e1lisis del mercado de arrendamientos de tierras agropecuarias durante el a\u00f1o 2024, donde se observa un incremento del 18% en el volumen de hect\u00e1reas involucradas en los negocios respecto a 2023, en tanto que el valor promedio descendi\u00f3\u2026","rel":"","context":"En \u00abActualidad\u00bb","block_context":{"text":"Actualidad","link":"https:\/\/lahoradelcampo.com.uy\/site\/category\/actualidad\/"},"img":{"alt_text":"","src":"https:\/\/i0.wp.com\/lahoradelcampo.com.uy\/site\/wp-content\/uploads\/2025\/09\/arrendamietnos.jpg?fit=880%2C440&ssl=1&resize=350%2C200","width":350,"height":200,"srcset":"https:\/\/i0.wp.com\/lahoradelcampo.com.uy\/site\/wp-content\/uploads\/2025\/09\/arrendamietnos.jpg?fit=880%2C440&ssl=1&resize=350%2C200 1x, https:\/\/i0.wp.com\/lahoradelcampo.com.uy\/site\/wp-content\/uploads\/2025\/09\/arrendamietnos.jpg?fit=880%2C440&ssl=1&resize=525%2C300 1.5x, https:\/\/i0.wp.com\/lahoradelcampo.com.uy\/site\/wp-content\/uploads\/2025\/09\/arrendamietnos.jpg?fit=880%2C440&ssl=1&resize=700%2C400 2x"},"classes":[]},{"id":54662,"url":"https:\/\/lahoradelcampo.com.uy\/site\/plan-agropecuario-y-minerva-foods-impulsan-la-ganaderia-sostenible\/","url_meta":{"origin":53737,"position":3},"title":"Plan Agropecuario y Minerva Foods impulsan la ganader\u00eda sostenible","author":"La Hora del Campo","date":"25 septiembre, 2024","format":false,"excerpt":"El pasado martes 10 de septiembre, en el marco de la Expoprado 2024, se firm\u00f3 un acuerdo clave para la sostenibilidad de la producci\u00f3n ganadera en Uruguay. El convenio entre el Instituto Plan Agropecuario (IPA) y Minerva Foods, presentado por Esteban Carriquiry, Presidente del IPA, y Patricio Silveira, Presidente de\u2026","rel":"","context":"En \u00abActualidad\u00bb","block_context":{"text":"Actualidad","link":"https:\/\/lahoradelcampo.com.uy\/site\/category\/actualidad\/"},"img":{"alt_text":"","src":"https:\/\/i0.wp.com\/lahoradelcampo.com.uy\/site\/wp-content\/uploads\/2024\/09\/Planagropecuario-minerva.jpg?fit=880%2C440&ssl=1&resize=350%2C200","width":350,"height":200,"srcset":"https:\/\/i0.wp.com\/lahoradelcampo.com.uy\/site\/wp-content\/uploads\/2024\/09\/Planagropecuario-minerva.jpg?fit=880%2C440&ssl=1&resize=350%2C200 1x, https:\/\/i0.wp.com\/lahoradelcampo.com.uy\/site\/wp-content\/uploads\/2024\/09\/Planagropecuario-minerva.jpg?fit=880%2C440&ssl=1&resize=525%2C300 1.5x, https:\/\/i0.wp.com\/lahoradelcampo.com.uy\/site\/wp-content\/uploads\/2024\/09\/Planagropecuario-minerva.jpg?fit=880%2C440&ssl=1&resize=700%2C400 2x"},"classes":[]},{"id":49534,"url":"https:\/\/lahoradelcampo.com.uy\/site\/cnfr-e-inia-ejecutan-segunda-etapa-del-proyecto-ganaderia-familiar-resiliente\/","url_meta":{"origin":53737,"position":4},"title":"Ejecutan segunda etapa del proyecto Ganader\u00eda Familiar Resiliente","author":"La Hora del Campo","date":"29 marzo, 2023","format":false,"excerpt":"La Comisi\u00f3n Nacional de Fomento Rural (CNFR) y el Instituto Nacional de Investigaci\u00f3n Agropecuaria (INIA) comenzaron la segunda etapa del proyecto Ganader\u00eda Familiar Resiliente, financiada por la Fundaci\u00f3n Internacional y para Iberoam\u00e9rica de Administraci\u00f3n y Pol\u00edticas P\u00fablicas (Fiiapp) y el Instituto Nacional de Carnes (INAC). El proyecto tiene como objetivo\u2026","rel":"","context":"En \u00abActualidad\u00bb","block_context":{"text":"Actualidad","link":"https:\/\/lahoradelcampo.com.uy\/site\/category\/actualidad\/"},"img":{"alt_text":"","src":"https:\/\/i0.wp.com\/lahoradelcampo.com.uy\/site\/wp-content\/uploads\/2023\/03\/INIA-CNFR-Resilencia.jpg?fit=880%2C440&ssl=1&resize=350%2C200","width":350,"height":200,"srcset":"https:\/\/i0.wp.com\/lahoradelcampo.com.uy\/site\/wp-content\/uploads\/2023\/03\/INIA-CNFR-Resilencia.jpg?fit=880%2C440&ssl=1&resize=350%2C200 1x, https:\/\/i0.wp.com\/lahoradelcampo.com.uy\/site\/wp-content\/uploads\/2023\/03\/INIA-CNFR-Resilencia.jpg?fit=880%2C440&ssl=1&resize=525%2C300 1.5x, https:\/\/i0.wp.com\/lahoradelcampo.com.uy\/site\/wp-content\/uploads\/2023\/03\/INIA-CNFR-Resilencia.jpg?fit=880%2C440&ssl=1&resize=700%2C400 2x"},"classes":[]},{"id":37269,"url":"https:\/\/lahoradelcampo.com.uy\/site\/valor-de-la-hectarea-arrendada-subio-un-15-a-nivel-nacional\/","url_meta":{"origin":53737,"position":5},"title":"Valor de la hect\u00e1rea arrendada subi\u00f3 un 15% a nivel nacional","author":"La Hora del Campo","date":"7 diciembre, 2021","format":false,"excerpt":"La Direcci\u00f3n de Informaci\u00f3n y Estad\u00edsticas (DIEA) del Ministerio de Ganader\u00eda, Agricultura y Pesca, present\u00f3 el an\u00e1lisis de los negocios de arrendamientos de tierras a nivel pa\u00eds, durante el primer semestre de este a\u00f1o. Recordemos que este trabajo se basa en las transacciones realizadas entre enero y junio de este\u2026","rel":"","context":"En \u00abActualidad\u00bb","block_context":{"text":"Actualidad","link":"https:\/\/lahoradelcampo.com.uy\/site\/category\/actualidad\/"},"img":{"alt_text":"","src":"https:\/\/i0.wp.com\/lahoradelcampo.com.uy\/site\/wp-content\/uploads\/2021\/12\/Tierras-Arrendamientos.jpg?fit=880%2C440&ssl=1&resize=350%2C200","width":350,"height":200,"srcset":"https:\/\/i0.wp.com\/lahoradelcampo.com.uy\/site\/wp-content\/uploads\/2021\/12\/Tierras-Arrendamientos.jpg?fit=880%2C440&ssl=1&resize=350%2C200 1x, https:\/\/i0.wp.com\/lahoradelcampo.com.uy\/site\/wp-content\/uploads\/2021\/12\/Tierras-Arrendamientos.jpg?fit=880%2C440&ssl=1&resize=525%2C300 1.5x, https:\/\/i0.wp.com\/lahoradelcampo.com.uy\/site\/wp-content\/uploads\/2021\/12\/Tierras-Arrendamientos.jpg?fit=880%2C440&ssl=1&resize=700%2C400 2x"},"classes":[]}],"jetpack_likes_enabled":true,"_links":{"self":[{"href":"https:\/\/lahoradelcampo.com.uy\/site\/wp-json\/wp\/v2\/posts\/53737","targetHints":{"allow":["GET"]}}],"collection":[{"href":"https:\/\/lahoradelcampo.com.uy\/site\/wp-json\/wp\/v2\/posts"}],"about":[{"href":"https:\/\/lahoradelcampo.com.uy\/site\/wp-json\/wp\/v2\/types\/post"}],"author":[{"embeddable":true,"href":"https:\/\/lahoradelcampo.com.uy\/site\/wp-json\/wp\/v2\/users\/5"}],"replies":[{"embeddable":true,"href":"https:\/\/lahoradelcampo.com.uy\/site\/wp-json\/wp\/v2\/comments?post=53737"}],"version-history":[{"count":1,"href":"https:\/\/lahoradelcampo.com.uy\/site\/wp-json\/wp\/v2\/posts\/53737\/revisions"}],"predecessor-version":[{"id":53739,"href":"https:\/\/lahoradelcampo.com.uy\/site\/wp-json\/wp\/v2\/posts\/53737\/revisions\/53739"}],"wp:featuredmedia":[{"embeddable":true,"href":"https:\/\/lahoradelcampo.com.uy\/site\/wp-json\/wp\/v2\/media\/53738"}],"wp:attachment":[{"href":"https:\/\/lahoradelcampo.com.uy\/site\/wp-json\/wp\/v2\/media?parent=53737"}],"wp:term":[{"taxonomy":"category","embeddable":true,"href":"https:\/\/lahoradelcampo.com.uy\/site\/wp-json\/wp\/v2\/categories?post=53737"},{"taxonomy":"post_tag","embeddable":true,"href":"https:\/\/lahoradelcampo.com.uy\/site\/wp-json\/wp\/v2\/tags?post=53737"}],"curies":[{"name":"wp","href":"https:\/\/api.w.org\/{rel}","templated":true}]}}