{"id":53734,"date":"2024-04-10T10:24:25","date_gmt":"2024-04-10T13:24:25","guid":{"rendered":"http:\/\/lahoradelcampo.com.uy\/site\/?p=53734"},"modified":"2024-04-11T07:03:44","modified_gmt":"2024-04-11T10:03:44","slug":"terneros-promediaron-us-274-en-plaza-rural","status":"publish","type":"post","link":"https:\/\/lahoradelcampo.com.uy\/site\/terneros-promediaron-us-274-en-plaza-rural\/","title":{"rendered":"Terneros promediaron US$ 2,74 en Plaza Rural"},"content":{"rendered":"\n<figure class=\"wp-block-image size-full\"><a href=\"https:\/\/i0.wp.com\/lahoradelcampo.com.uy\/site\/wp-content\/uploads\/2023\/06\/Plaza-Rural-1.jpg\"><img data-recalc-dims=\"1\" loading=\"lazy\" decoding=\"async\" width=\"810\" height=\"405\" data-attachment-id=\"51399\" data-permalink=\"https:\/\/lahoradelcampo.com.uy\/site\/remate-270-de-plaza-rural-dias-con-tonos-diferentes-y-buena-colocacion\/plaza-rural-1-2\/\" data-orig-file=\"https:\/\/i0.wp.com\/lahoradelcampo.com.uy\/site\/wp-content\/uploads\/2023\/06\/Plaza-Rural-1.jpg?fit=880%2C440&amp;ssl=1\" data-orig-size=\"880,440\" data-comments-opened=\"1\" data-image-meta=\"{&quot;aperture&quot;:&quot;0&quot;,&quot;credit&quot;:&quot;&quot;,&quot;camera&quot;:&quot;&quot;,&quot;caption&quot;:&quot;&quot;,&quot;created_timestamp&quot;:&quot;0&quot;,&quot;copyright&quot;:&quot;&quot;,&quot;focal_length&quot;:&quot;0&quot;,&quot;iso&quot;:&quot;0&quot;,&quot;shutter_speed&quot;:&quot;0&quot;,&quot;title&quot;:&quot;&quot;,&quot;orientation&quot;:&quot;1&quot;}\" data-image-title=\"Plaza Rural 1\" data-image-description=\"\" data-image-caption=\"\" data-large-file=\"https:\/\/i0.wp.com\/lahoradelcampo.com.uy\/site\/wp-content\/uploads\/2023\/06\/Plaza-Rural-1.jpg?fit=810%2C405&amp;ssl=1\" src=\"https:\/\/i0.wp.com\/lahoradelcampo.com.uy\/site\/wp-content\/uploads\/2023\/06\/Plaza-Rural-1.jpg?resize=810%2C405\" alt=\"\" class=\"wp-image-51399\" srcset=\"https:\/\/i0.wp.com\/lahoradelcampo.com.uy\/site\/wp-content\/uploads\/2023\/06\/Plaza-Rural-1.jpg?w=880&amp;ssl=1 880w, https:\/\/i0.wp.com\/lahoradelcampo.com.uy\/site\/wp-content\/uploads\/2023\/06\/Plaza-Rural-1.jpg?resize=300%2C150&amp;ssl=1 300w, https:\/\/i0.wp.com\/lahoradelcampo.com.uy\/site\/wp-content\/uploads\/2023\/06\/Plaza-Rural-1.jpg?resize=768%2C384&amp;ssl=1 768w, https:\/\/i0.wp.com\/lahoradelcampo.com.uy\/site\/wp-content\/uploads\/2023\/06\/Plaza-Rural-1.jpg?resize=820%2C410&amp;ssl=1 820w\" sizes=\"auto, (max-width: 810px) 100vw, 810px\" \/><\/a><\/figure>\n\n\n\n<p>Con gran agilidad el consorcio Plaza Rural vendi\u00f3 este martes los 6.411 de la oferta de terneros (100%) en la primera jornada del remate 284 con Plaza Braford. <\/p>\n\n\n\n<p>Los terneros hicieron un promedio de US$ 2,74 (US$ 504 al bulto), con un m\u00ednimo de US$ 2,30 y un m\u00e1ximo de US$ 3,21. Los de hasta 140 kg promediaron US$ 3,05 (-3%), los de 140-180 kg hicieron US$ 2,82 (-1,5%) y los de m\u00e1s de 180 kg a US$ 2,68 (-0,01%).<\/p>\n\n\n\n<p>En tanto, las 2.131 terneras se pagaron a US$ 2,30 de promedio (-1,6%) con un 98% de ventas.<\/p>\n\n\n\n<p>En total sumados, terneros y terneras, se comercializaron 8.542 cabezas. La actividad del consorcio continuar\u00e1 este mi\u00e9rcoles y jueves para completar una oferta de 24.244 vacunos.<\/p>\n\n\n\n<figure class=\"wp-block-image size-large\"><a href=\"https:\/\/i0.wp.com\/lahoradelcampo.com.uy\/site\/wp-content\/uploads\/2024\/04\/plaza-1dia.png\"><img data-recalc-dims=\"1\" loading=\"lazy\" decoding=\"async\" width=\"810\" height=\"358\" data-attachment-id=\"53735\" data-permalink=\"https:\/\/lahoradelcampo.com.uy\/site\/terneros-promediaron-us-274-en-plaza-rural\/plaza-1dia\/\" data-orig-file=\"https:\/\/i0.wp.com\/lahoradelcampo.com.uy\/site\/wp-content\/uploads\/2024\/04\/plaza-1dia.png?fit=1918%2C846&amp;ssl=1\" data-orig-size=\"1918,846\" data-comments-opened=\"1\" data-image-meta=\"{&quot;aperture&quot;:&quot;0&quot;,&quot;credit&quot;:&quot;&quot;,&quot;camera&quot;:&quot;&quot;,&quot;caption&quot;:&quot;&quot;,&quot;created_timestamp&quot;:&quot;0&quot;,&quot;copyright&quot;:&quot;&quot;,&quot;focal_length&quot;:&quot;0&quot;,&quot;iso&quot;:&quot;0&quot;,&quot;shutter_speed&quot;:&quot;0&quot;,&quot;title&quot;:&quot;&quot;,&quot;orientation&quot;:&quot;0&quot;}\" data-image-title=\"plaza-1dia\" data-image-description=\"\" data-image-caption=\"\" data-large-file=\"https:\/\/i0.wp.com\/lahoradelcampo.com.uy\/site\/wp-content\/uploads\/2024\/04\/plaza-1dia.png?fit=810%2C358&amp;ssl=1\" src=\"https:\/\/i0.wp.com\/lahoradelcampo.com.uy\/site\/wp-content\/uploads\/2024\/04\/plaza-1dia.png?resize=810%2C358\" alt=\"\" class=\"wp-image-53735\" srcset=\"https:\/\/i0.wp.com\/lahoradelcampo.com.uy\/site\/wp-content\/uploads\/2024\/04\/plaza-1dia.png?resize=1024%2C452&amp;ssl=1 1024w, https:\/\/i0.wp.com\/lahoradelcampo.com.uy\/site\/wp-content\/uploads\/2024\/04\/plaza-1dia.png?resize=300%2C132&amp;ssl=1 300w, https:\/\/i0.wp.com\/lahoradelcampo.com.uy\/site\/wp-content\/uploads\/2024\/04\/plaza-1dia.png?resize=768%2C339&amp;ssl=1 768w, https:\/\/i0.wp.com\/lahoradelcampo.com.uy\/site\/wp-content\/uploads\/2024\/04\/plaza-1dia.png?resize=1536%2C678&amp;ssl=1 1536w, https:\/\/i0.wp.com\/lahoradelcampo.com.uy\/site\/wp-content\/uploads\/2024\/04\/plaza-1dia.png?w=1918&amp;ssl=1 1918w, https:\/\/i0.wp.com\/lahoradelcampo.com.uy\/site\/wp-content\/uploads\/2024\/04\/plaza-1dia.png?w=1620 1620w\" sizes=\"auto, (max-width: 810px) 100vw, 810px\" \/><\/a><\/figure>\n\n\n\n<p>Salto, 10 de abril de 2024<\/p>\n","protected":false},"excerpt":{"rendered":"<p>Con gran agilidad el consorcio Plaza Rural vendi\u00f3 este martes los 6.411 de la oferta de terneros (100%) en la primera jornada del remate 284 con Plaza Braford. Los terneros [&hellip;]<\/p>\n","protected":false},"author":5,"featured_media":51399,"comment_status":"open","ping_status":"open","sticky":false,"template":"","format":"standard","meta":{"_price":"","_stock":"","_tribe_ticket_header":"","_tribe_default_ticket_provider":"","_tribe_ticket_capacity":"0","_ticket_start_date":"","_ticket_end_date":"","_tribe_ticket_show_description":"","_tribe_ticket_show_not_going":false,"_tribe_ticket_use_global_stock":"","_tribe_ticket_global_stock_level":"","_global_stock_mode":"","_global_stock_cap":"","_tribe_rsvp_for_event":"","_tribe_ticket_going_count":"","_tribe_ticket_not_going_count":"","_tribe_tickets_list":"[]","_tribe_ticket_has_attendee_info_fields":false,"h5ap_radio_sources":[],"_jetpack_newsletter_access":"","_jetpack_dont_email_post_to_subs":false,"_jetpack_newsletter_tier_id":0,"_jetpack_memberships_contains_paywalled_content":false,"_jetpack_memberships_contains_paid_content":false,"footnotes":""},"categories":[21,5],"tags":[],"class_list":["post-53734","post","type-post","status-publish","format-standard","has-post-thumbnail","hentry","category-actualidad","category-ganaderia"],"jetpack_featured_media_url":"https:\/\/i0.wp.com\/lahoradelcampo.com.uy\/site\/wp-content\/uploads\/2023\/06\/Plaza-Rural-1.jpg?fit=880%2C440&ssl=1","jetpack_sharing_enabled":true,"jetpack_shortlink":"https:\/\/wp.me\/p99IaT-dYG","jetpack-related-posts":[{"id":24986,"url":"https:\/\/lahoradelcampo.com.uy\/site\/hoy-finalizan-las-ventas-de-plaza-rural\/","url_meta":{"origin":53734,"position":0},"title":"Ma\u00f1ana finalizan las ventas de Plaza Rural","author":"La Hora del Campo","date":"25 octubre, 2020","format":false,"excerpt":"Plaza Rural, luego de sus tres primeros d\u00edas de venta ya comercializo 17.300 vacunos, el 78 % de lo ofertado. Ma\u00f1ana lunes las ventas, a partir de las 09.00 horas, ofrecer\u00e1n 1.797 ovinos, 104 vacas de cr\u00eda, 2.093 vientres pre\u00f1ados, 187 vientres entorados, 1.726 piezas de cr\u00eda y 3 toros.\u2026","rel":"","context":"En \u00abActualidad\u00bb","block_context":{"text":"Actualidad","link":"https:\/\/lahoradelcampo.com.uy\/site\/category\/actualidad\/"},"img":{"alt_text":"","src":"https:\/\/i0.wp.com\/lahoradelcampo.com.uy\/site\/wp-content\/uploads\/2017\/10\/Plaza-Rural.jpg?fit=880%2C440&ssl=1&resize=350%2C200","width":350,"height":200,"srcset":"https:\/\/i0.wp.com\/lahoradelcampo.com.uy\/site\/wp-content\/uploads\/2017\/10\/Plaza-Rural.jpg?fit=880%2C440&ssl=1&resize=350%2C200 1x, https:\/\/i0.wp.com\/lahoradelcampo.com.uy\/site\/wp-content\/uploads\/2017\/10\/Plaza-Rural.jpg?fit=880%2C440&ssl=1&resize=525%2C300 1.5x, https:\/\/i0.wp.com\/lahoradelcampo.com.uy\/site\/wp-content\/uploads\/2017\/10\/Plaza-Rural.jpg?fit=880%2C440&ssl=1&resize=700%2C400 2x"},"classes":[]},{"id":19786,"url":"https:\/\/lahoradelcampo.com.uy\/site\/plaza-rural-vendio-el-88-de-los-terneros-en-us-220\/","url_meta":{"origin":53734,"position":1},"title":"Plaza Rural vendi\u00f3 el 88% de los terneros en US$ 2,20","author":"La Hora del Campo","date":"14 mayo, 2020","format":false,"excerpt":"En una extensa jornada de actividad el consorcio de rematadores de Plaza Rural cerr\u00f3 ayer la venta de las categor\u00edas de terneros, colocando un 88% del total ofertado. El mercado se comport\u00f3 de acuerdo a lo previsto por parte de los consignatarios y rematadores, con un ajuste del 4,9% en\u2026","rel":"","context":"En \u00abActualidad\u00bb","block_context":{"text":"Actualidad","link":"https:\/\/lahoradelcampo.com.uy\/site\/category\/actualidad\/"},"img":{"alt_text":"","src":"https:\/\/i0.wp.com\/lahoradelcampo.com.uy\/site\/wp-content\/uploads\/2017\/11\/Plaza.jpg?fit=880%2C440&ssl=1&resize=350%2C200","width":350,"height":200,"srcset":"https:\/\/i0.wp.com\/lahoradelcampo.com.uy\/site\/wp-content\/uploads\/2017\/11\/Plaza.jpg?fit=880%2C440&ssl=1&resize=350%2C200 1x, https:\/\/i0.wp.com\/lahoradelcampo.com.uy\/site\/wp-content\/uploads\/2017\/11\/Plaza.jpg?fit=880%2C440&ssl=1&resize=525%2C300 1.5x, https:\/\/i0.wp.com\/lahoradelcampo.com.uy\/site\/wp-content\/uploads\/2017\/11\/Plaza.jpg?fit=880%2C440&ssl=1&resize=700%2C400 2x"},"classes":[]},{"id":24906,"url":"https:\/\/lahoradelcampo.com.uy\/site\/plaza-rural-coloco-el-634-de-la-oferta-de-terneros\/","url_meta":{"origin":53734,"position":2},"title":"Plaza Rural coloc\u00f3 el 63,4%  de la oferta de terneros","author":"La Hora del Campo","date":"22 octubre, 2020","format":false,"excerpt":"Ayer se registr\u00f3 la primera jornada de ventas (de cuatro) que tiene este remate de Plaza Rural que sorprendi\u00f3 por el alto nivel de oferta que se concret\u00f3 para esta oportunidad. La ausencia de precipitaciones en varias zonas del pa\u00eds, terneros m\u00e1s pesados, casi haciendo el a\u00f1o y las pretensiones\u2026","rel":"","context":"En \u00abActualidad\u00bb","block_context":{"text":"Actualidad","link":"https:\/\/lahoradelcampo.com.uy\/site\/category\/actualidad\/"},"img":{"alt_text":"","src":"https:\/\/i0.wp.com\/lahoradelcampo.com.uy\/site\/wp-content\/uploads\/2020\/10\/plazarural.jpg?fit=880%2C440&ssl=1&resize=350%2C200","width":350,"height":200,"srcset":"https:\/\/i0.wp.com\/lahoradelcampo.com.uy\/site\/wp-content\/uploads\/2020\/10\/plazarural.jpg?fit=880%2C440&ssl=1&resize=350%2C200 1x, https:\/\/i0.wp.com\/lahoradelcampo.com.uy\/site\/wp-content\/uploads\/2020\/10\/plazarural.jpg?fit=880%2C440&ssl=1&resize=525%2C300 1.5x, https:\/\/i0.wp.com\/lahoradelcampo.com.uy\/site\/wp-content\/uploads\/2020\/10\/plazarural.jpg?fit=880%2C440&ssl=1&resize=700%2C400 2x"},"classes":[]},{"id":50204,"url":"https:\/\/lahoradelcampo.com.uy\/site\/plaza-rural-coloco-el-98-de-los-terneros-a-us-257\/","url_meta":{"origin":53734,"position":3},"title":"Plaza Rural coloc\u00f3 el 98% de los terneros a US$ 2,57","author":"La Hora del Campo","date":"26 abril, 2023","format":false,"excerpt":"El consorcio Plaza Rural realiz\u00f3 su segundo remate del 2021, Plaza Angus de abril, y en su primer d\u00eda de actividad se registr\u00f3 estabilidad en el precio del ternero. Con una oferta de 6.108 cabezas, se logr\u00f3 colocar el 98% de los animales con un precio promedio de US$ 2,57\u2026","rel":"","context":"En \u00abActualidad\u00bb","block_context":{"text":"Actualidad","link":"https:\/\/lahoradelcampo.com.uy\/site\/category\/actualidad\/"},"img":{"alt_text":"","src":"https:\/\/i0.wp.com\/lahoradelcampo.com.uy\/site\/wp-content\/uploads\/2022\/05\/PLazaRural-general.jpg?fit=880%2C440&ssl=1&resize=350%2C200","width":350,"height":200,"srcset":"https:\/\/i0.wp.com\/lahoradelcampo.com.uy\/site\/wp-content\/uploads\/2022\/05\/PLazaRural-general.jpg?fit=880%2C440&ssl=1&resize=350%2C200 1x, https:\/\/i0.wp.com\/lahoradelcampo.com.uy\/site\/wp-content\/uploads\/2022\/05\/PLazaRural-general.jpg?fit=880%2C440&ssl=1&resize=525%2C300 1.5x, https:\/\/i0.wp.com\/lahoradelcampo.com.uy\/site\/wp-content\/uploads\/2022\/05\/PLazaRural-general.jpg?fit=880%2C440&ssl=1&resize=700%2C400 2x"},"classes":[]},{"id":55503,"url":"https:\/\/lahoradelcampo.com.uy\/site\/se-vendieron-menos-terneros-en-remates-por-pantalla-pero-se-pagaron-88-mas-en-2024\/","url_meta":{"origin":53734,"position":4},"title":"Se vendieron menos terneros en remates por pantalla, pero se pagaron 8,8% m\u00e1s en 2024","author":"La Hora del Campo","date":"14 enero, 2025","format":false,"excerpt":"En los remates por pantalla del a\u00f1o 2024, contabilizando las ventas de Lote 21, Plaza Rural y Pantalla Uruguay, se comercializaron 106.466 terneros, que generaron una facturaci\u00f3n de 52.911.591d\u00f3lares, sin tener en cuenta los descuentos por beneficios que brinda cada consorcio de rematadores. Estos valores representan un aumento del 17,4%\u2026","rel":"","context":"En \u00abActualidad\u00bb","block_context":{"text":"Actualidad","link":"https:\/\/lahoradelcampo.com.uy\/site\/category\/actualidad\/"},"img":{"alt_text":"","src":"https:\/\/i0.wp.com\/lahoradelcampo.com.uy\/site\/wp-content\/uploads\/2025\/01\/Ternerospantallas.jpg?fit=880%2C440&ssl=1&resize=350%2C200","width":350,"height":200,"srcset":"https:\/\/i0.wp.com\/lahoradelcampo.com.uy\/site\/wp-content\/uploads\/2025\/01\/Ternerospantallas.jpg?fit=880%2C440&ssl=1&resize=350%2C200 1x, https:\/\/i0.wp.com\/lahoradelcampo.com.uy\/site\/wp-content\/uploads\/2025\/01\/Ternerospantallas.jpg?fit=880%2C440&ssl=1&resize=525%2C300 1.5x, https:\/\/i0.wp.com\/lahoradelcampo.com.uy\/site\/wp-content\/uploads\/2025\/01\/Ternerospantallas.jpg?fit=880%2C440&ssl=1&resize=700%2C400 2x"},"classes":[]},{"id":14811,"url":"https:\/\/lahoradelcampo.com.uy\/site\/las-terneras-promediaron-sobre-los-terneros-en-plaza-rural\/","url_meta":{"origin":53734,"position":5},"title":"Las terneras promediaron sobre los terneros en Plaza Rural","author":"La Hora del Campo","date":"4 octubre, 2019","format":false,"excerpt":"Un remate para sacar una foto, encuadrarla y recordarla por mucho tiempo. Valores firmes, agilidad en las ventas y el 98% de colocaci\u00f3n de la oferta en los dos d\u00edas de ventas. La oferta de hembras sorprendi\u00f3 en la jornada de ayer, con las terneras promediando por encima de los\u2026","rel":"","context":"En \u00abActualidad\u00bb","block_context":{"text":"Actualidad","link":"https:\/\/lahoradelcampo.com.uy\/site\/category\/actualidad\/"},"img":{"alt_text":"","src":"https:\/\/i0.wp.com\/lahoradelcampo.com.uy\/site\/wp-content\/uploads\/2017\/12\/plazarural.jpg?fit=880%2C440&ssl=1&resize=350%2C200","width":350,"height":200,"srcset":"https:\/\/i0.wp.com\/lahoradelcampo.com.uy\/site\/wp-content\/uploads\/2017\/12\/plazarural.jpg?fit=880%2C440&ssl=1&resize=350%2C200 1x, https:\/\/i0.wp.com\/lahoradelcampo.com.uy\/site\/wp-content\/uploads\/2017\/12\/plazarural.jpg?fit=880%2C440&ssl=1&resize=525%2C300 1.5x, https:\/\/i0.wp.com\/lahoradelcampo.com.uy\/site\/wp-content\/uploads\/2017\/12\/plazarural.jpg?fit=880%2C440&ssl=1&resize=700%2C400 2x"},"classes":[]}],"jetpack_likes_enabled":true,"_links":{"self":[{"href":"https:\/\/lahoradelcampo.com.uy\/site\/wp-json\/wp\/v2\/posts\/53734","targetHints":{"allow":["GET"]}}],"collection":[{"href":"https:\/\/lahoradelcampo.com.uy\/site\/wp-json\/wp\/v2\/posts"}],"about":[{"href":"https:\/\/lahoradelcampo.com.uy\/site\/wp-json\/wp\/v2\/types\/post"}],"author":[{"embeddable":true,"href":"https:\/\/lahoradelcampo.com.uy\/site\/wp-json\/wp\/v2\/users\/5"}],"replies":[{"embeddable":true,"href":"https:\/\/lahoradelcampo.com.uy\/site\/wp-json\/wp\/v2\/comments?post=53734"}],"version-history":[{"count":1,"href":"https:\/\/lahoradelcampo.com.uy\/site\/wp-json\/wp\/v2\/posts\/53734\/revisions"}],"predecessor-version":[{"id":53736,"href":"https:\/\/lahoradelcampo.com.uy\/site\/wp-json\/wp\/v2\/posts\/53734\/revisions\/53736"}],"wp:featuredmedia":[{"embeddable":true,"href":"https:\/\/lahoradelcampo.com.uy\/site\/wp-json\/wp\/v2\/media\/51399"}],"wp:attachment":[{"href":"https:\/\/lahoradelcampo.com.uy\/site\/wp-json\/wp\/v2\/media?parent=53734"}],"wp:term":[{"taxonomy":"category","embeddable":true,"href":"https:\/\/lahoradelcampo.com.uy\/site\/wp-json\/wp\/v2\/categories?post=53734"},{"taxonomy":"post_tag","embeddable":true,"href":"https:\/\/lahoradelcampo.com.uy\/site\/wp-json\/wp\/v2\/tags?post=53734"}],"curies":[{"name":"wp","href":"https:\/\/api.w.org\/{rel}","templated":true}]}}