{"id":53731,"date":"2024-04-10T12:11:20","date_gmt":"2024-04-10T15:11:20","guid":{"rendered":"http:\/\/lahoradelcampo.com.uy\/site\/?p=53731"},"modified":"2024-04-10T12:11:23","modified_gmt":"2024-04-10T15:11:23","slug":"en-el-norte-se-alcanzo-95-de-prenez-en-ganados-con-cria-al-pie","status":"publish","type":"post","link":"https:\/\/lahoradelcampo.com.uy\/site\/en-el-norte-se-alcanzo-95-de-prenez-en-ganados-con-cria-al-pie\/","title":{"rendered":"En el norte se alcanz\u00f3 95% de pre\u00f1ez en ganados con cr\u00eda al pie"},"content":{"rendered":"\n<figure class=\"wp-block-image size-full\"><a href=\"https:\/\/i0.wp.com\/lahoradelcampo.com.uy\/site\/wp-content\/uploads\/2024\/04\/criavacuna2.jpg\"><img data-recalc-dims=\"1\" loading=\"lazy\" decoding=\"async\" width=\"810\" height=\"405\" data-attachment-id=\"53732\" data-permalink=\"https:\/\/lahoradelcampo.com.uy\/site\/en-el-norte-se-alcanzo-95-de-prenez-en-ganados-con-cria-al-pie\/criavacuna2\/\" data-orig-file=\"https:\/\/i0.wp.com\/lahoradelcampo.com.uy\/site\/wp-content\/uploads\/2024\/04\/criavacuna2.jpg?fit=880%2C440&amp;ssl=1\" data-orig-size=\"880,440\" data-comments-opened=\"1\" data-image-meta=\"{&quot;aperture&quot;:&quot;0&quot;,&quot;credit&quot;:&quot;&quot;,&quot;camera&quot;:&quot;&quot;,&quot;caption&quot;:&quot;&quot;,&quot;created_timestamp&quot;:&quot;0&quot;,&quot;copyright&quot;:&quot;&quot;,&quot;focal_length&quot;:&quot;0&quot;,&quot;iso&quot;:&quot;0&quot;,&quot;shutter_speed&quot;:&quot;0&quot;,&quot;title&quot;:&quot;&quot;,&quot;orientation&quot;:&quot;1&quot;}\" data-image-title=\"criavacuna2\" data-image-description=\"\" data-image-caption=\"\" data-large-file=\"https:\/\/i0.wp.com\/lahoradelcampo.com.uy\/site\/wp-content\/uploads\/2024\/04\/criavacuna2.jpg?fit=810%2C405&amp;ssl=1\" src=\"https:\/\/i0.wp.com\/lahoradelcampo.com.uy\/site\/wp-content\/uploads\/2024\/04\/criavacuna2.jpg?resize=810%2C405\" alt=\"\" class=\"wp-image-53732\" srcset=\"https:\/\/i0.wp.com\/lahoradelcampo.com.uy\/site\/wp-content\/uploads\/2024\/04\/criavacuna2.jpg?w=880&amp;ssl=1 880w, https:\/\/i0.wp.com\/lahoradelcampo.com.uy\/site\/wp-content\/uploads\/2024\/04\/criavacuna2.jpg?resize=300%2C150&amp;ssl=1 300w, https:\/\/i0.wp.com\/lahoradelcampo.com.uy\/site\/wp-content\/uploads\/2024\/04\/criavacuna2.jpg?resize=768%2C384&amp;ssl=1 768w, https:\/\/i0.wp.com\/lahoradelcampo.com.uy\/site\/wp-content\/uploads\/2024\/04\/criavacuna2.jpg?resize=820%2C410&amp;ssl=1 820w\" sizes=\"auto, (max-width: 810px) 100vw, 810px\" \/><\/a><\/figure>\n\n\n\n<p>Al finalizar la zafra de reproductores, los m\u00e9dicos veterinarios en distintos puntos del pa\u00eds esperaban un buen nivel de pre\u00f1ez debido al cambio en las condicionantes clim\u00e1ticas y la condici\u00f3n corporal de los ganados. En estos momentos, con varios de los trabajos de ecograf\u00eda realizados, los resultados van confirmando las expectativas iniciales de una muy buena pre\u00f1ez.<\/p>\n\n\n\n<p>El Dr. \u00c1lvaro de Oliveira Madeira, m\u00e9dico veterinario en Artigas, dijo que \u00aben las ecograf\u00edas se viene dando aquel resultado esperado\u00bb en el norte del pa\u00eds. A modo de ejemplo se\u00f1al\u00f3 los resultados obtenidos en un predio en la zona de Catal\u00e1n en el departamento norte\u00f1o, donde se alcanz\u00f3 el 94% de pre\u00f1ez.<\/p>\n\n\n\n<p>El profesional dijo \u00abun ganado con cr\u00eda que se hizo un monitoreo en enero nos dio un 78% de pre\u00f1ez, a partir de ah\u00ed se realiz\u00f3 el repaso con toros y finalizado el proceso de entore logramos un resultado de un 94%\u00bb. De Oliveira Madeira se\u00f1al\u00f3 que \u00abestos resultados no es m\u00e1s que producto de la buena situaci\u00f3n clim\u00e1tica. La nutrici\u00f3n jug\u00f3 un papel fundamental y qued\u00f3 bien demostrado\u00bb.<\/p>\n\n\n\n<p>Sobre el mismo caso, indic\u00f3 que \u00aben 100 vacas donde se realiz\u00f3 los protocolos de inseminaci\u00f3n a tiempo fijo, cuando se realiz\u00f3 el monitoreo dio que el 78% estaban pre\u00f1adas a mitad de enero, ah\u00ed se retir\u00f3 todos los terneros y se sigui\u00f3 con un entore hasta el primero de marzo donde se retiraron los toros, en las 22 vacas que sobraron se manifestaron 16 pre\u00f1adas, o sea, alcanzamos un 94% de pre\u00f1ez ganado con cr\u00eda al pie\u00bb.<\/p>\n\n\n\n<p>En otro predio, donde \u00ablargamos los toros el 1 de noviembre, este ganado con cr\u00eda al pie tambi\u00e9n, obtuvimos un valor de un 90% de pre\u00f1ez\u00bb. De Oliveira Madeira remarc\u00f3 que \u00aben general, los porcentajes de pre\u00f1ez para ac\u00e1 para el norte van a ser muy buenos\u00bb.<\/p>\n\n\n\n<p>Salto, 10 de abril de 2024<\/p>\n","protected":false},"excerpt":{"rendered":"<p>Al finalizar la zafra de reproductores, los m\u00e9dicos veterinarios en distintos puntos del pa\u00eds esperaban un buen nivel de pre\u00f1ez debido al cambio en las condicionantes clim\u00e1ticas y la condici\u00f3n [&hellip;]<\/p>\n","protected":false},"author":5,"featured_media":53732,"comment_status":"open","ping_status":"open","sticky":false,"template":"","format":"standard","meta":{"_price":"","_stock":"","_tribe_ticket_header":"","_tribe_default_ticket_provider":"","_tribe_ticket_capacity":"0","_ticket_start_date":"","_ticket_end_date":"","_tribe_ticket_show_description":"","_tribe_ticket_show_not_going":false,"_tribe_ticket_use_global_stock":"","_tribe_ticket_global_stock_level":"","_global_stock_mode":"","_global_stock_cap":"","_tribe_rsvp_for_event":"","_tribe_ticket_going_count":"","_tribe_ticket_not_going_count":"","_tribe_tickets_list":"[]","_tribe_ticket_has_attendee_info_fields":false,"h5ap_radio_sources":[],"_jetpack_newsletter_access":"","_jetpack_dont_email_post_to_subs":false,"_jetpack_newsletter_tier_id":0,"_jetpack_memberships_contains_paywalled_content":false,"_jetpack_memberships_contains_paid_content":false,"footnotes":""},"categories":[21,5],"tags":[],"class_list":["post-53731","post","type-post","status-publish","format-standard","has-post-thumbnail","hentry","category-actualidad","category-ganaderia"],"jetpack_featured_media_url":"https:\/\/i0.wp.com\/lahoradelcampo.com.uy\/site\/wp-content\/uploads\/2024\/04\/criavacuna2.jpg?fit=880%2C440&ssl=1","jetpack_sharing_enabled":true,"jetpack_shortlink":"https:\/\/wp.me\/p99IaT-dYD","jetpack-related-posts":[{"id":12195,"url":"https:\/\/lahoradelcampo.com.uy\/site\/los-datos-de-prenez-fueron-del-86-al-78-al-norte-del-rio-negro\/","url_meta":{"origin":53731,"position":0},"title":"Los datos de pre\u00f1ez fueron del 86% al 78% al norte del R\u00edo Negro","author":"La Hora del Campo","date":"26 junio, 2019","format":false,"excerpt":"Se desarrolla en INIA Treinta y Tres el XVII taller de diagn\u00f3sticos de gestaci\u00f3n vacuna, donde se present\u00f3 en el primer bloque los resultados del norte del R\u00edo Negro, por parte del Dr. Lauro Art\u00eda de Paysand\u00fa, el Dr. Eduardo Texeira de Salto y el Dr. Pablo Marinho de Cerro\u2026","rel":"","context":"En \u00abActualidad\u00bb","block_context":{"text":"Actualidad","link":"https:\/\/lahoradelcampo.com.uy\/site\/category\/actualidad\/"},"img":{"alt_text":"","src":"https:\/\/i0.wp.com\/lahoradelcampo.com.uy\/site\/wp-content\/uploads\/2019\/06\/Pre%C3%B1ez.jpg?fit=880%2C440&ssl=1&resize=350%2C200","width":350,"height":200,"srcset":"https:\/\/i0.wp.com\/lahoradelcampo.com.uy\/site\/wp-content\/uploads\/2019\/06\/Pre%C3%B1ez.jpg?fit=880%2C440&ssl=1&resize=350%2C200 1x, https:\/\/i0.wp.com\/lahoradelcampo.com.uy\/site\/wp-content\/uploads\/2019\/06\/Pre%C3%B1ez.jpg?fit=880%2C440&ssl=1&resize=525%2C300 1.5x, https:\/\/i0.wp.com\/lahoradelcampo.com.uy\/site\/wp-content\/uploads\/2019\/06\/Pre%C3%B1ez.jpg?fit=880%2C440&ssl=1&resize=700%2C400 2x"},"classes":[]},{"id":54000,"url":"https:\/\/lahoradelcampo.com.uy\/site\/en-el-litoral-norte-la-prenez-se-situo-en-el-833\/","url_meta":{"origin":53731,"position":1},"title":"En el litoral norte la pre\u00f1ez se situ\u00f3 en el 83,3%","author":"La Hora del Campo","date":"21 junio, 2024","format":false,"excerpt":"En el litoral norte, Artigas, Paysand\u00fa y Salto, se visualiz\u00f3 un escenario totalmente diferente al del a\u00f1o pasado. Situaci\u00f3n que se debe fundamentalmente al cambio en el efecto clim\u00e1tico y su ascendencia sobre la producci\u00f3n de forraje y la recuperaci\u00f3n de la condici\u00f3n corporal de las vacas. Este a\u00f1o se\u2026","rel":"","context":"En \u00abActualidad\u00bb","block_context":{"text":"Actualidad","link":"https:\/\/lahoradelcampo.com.uy\/site\/category\/actualidad\/"},"img":{"alt_text":"","src":"https:\/\/i0.wp.com\/lahoradelcampo.com.uy\/site\/wp-content\/uploads\/2018\/01\/prenez.jpg?fit=880%2C440&ssl=1&resize=350%2C200","width":350,"height":200,"srcset":"https:\/\/i0.wp.com\/lahoradelcampo.com.uy\/site\/wp-content\/uploads\/2018\/01\/prenez.jpg?fit=880%2C440&ssl=1&resize=350%2C200 1x, https:\/\/i0.wp.com\/lahoradelcampo.com.uy\/site\/wp-content\/uploads\/2018\/01\/prenez.jpg?fit=880%2C440&ssl=1&resize=525%2C300 1.5x, https:\/\/i0.wp.com\/lahoradelcampo.com.uy\/site\/wp-content\/uploads\/2018\/01\/prenez.jpg?fit=880%2C440&ssl=1&resize=700%2C400 2x"},"classes":[]},{"id":31726,"url":"https:\/\/lahoradelcampo.com.uy\/site\/ganados-de-cria-evaluados-en-taller-de-inia-dieron-764-de-prenez\/","url_meta":{"origin":53731,"position":2},"title":"Ganados de cr\u00eda evaluados en taller de INIA dieron 76,4% de pre\u00f1ez","author":"La Hora del Campo","date":"1 julio, 2021","format":false,"excerpt":"El XIX Taller de Diagn\u00f3sticos de Gestaci\u00f3n Vacuna, organizado por INIA Treinta y Tres, dej\u00f3 un punto y medio m\u00e1s de pre\u00f1ez que en 2020, pero son m\u00e1s caras. En muchas zonas, incluso en las que ven\u00edan complicadas, porque sal\u00edan de una seca (como los departamentos del este), hubo mejores\u2026","rel":"","context":"En \u00abActualidad\u00bb","block_context":{"text":"Actualidad","link":"https:\/\/lahoradelcampo.com.uy\/site\/category\/actualidad\/"},"img":{"alt_text":"","src":"https:\/\/i0.wp.com\/lahoradelcampo.com.uy\/site\/wp-content\/uploads\/2020\/11\/criavacas.jpg?fit=880%2C440&ssl=1&resize=350%2C200","width":350,"height":200,"srcset":"https:\/\/i0.wp.com\/lahoradelcampo.com.uy\/site\/wp-content\/uploads\/2020\/11\/criavacas.jpg?fit=880%2C440&ssl=1&resize=350%2C200 1x, https:\/\/i0.wp.com\/lahoradelcampo.com.uy\/site\/wp-content\/uploads\/2020\/11\/criavacas.jpg?fit=880%2C440&ssl=1&resize=525%2C300 1.5x, https:\/\/i0.wp.com\/lahoradelcampo.com.uy\/site\/wp-content\/uploads\/2020\/11\/criavacas.jpg?fit=880%2C440&ssl=1&resize=700%2C400 2x"},"classes":[]},{"id":49175,"url":"https:\/\/lahoradelcampo.com.uy\/site\/hay-inseminaciones-a-tiempo-fijo-con-resultados-malos-no-superan-el-35\/","url_meta":{"origin":53731,"position":3},"title":"Hay inseminaciones a tiempo fijo con resultados malos, no superan el 35%","author":"La Hora del Campo","date":"14 marzo, 2023","format":false,"excerpt":"La seca reinante en el pa\u00eds est\u00e1 generando p\u00e9rdidas millonarias en todos los sectores productivos y en el caso de la ganader\u00eda, un negocio m\u00e1s a largo plazo, el mayor impacto es en la producci\u00f3n de terneros que incidir\u00e1 en los n\u00fameros econ\u00f3micos de los pr\u00f3ximos tres a\u00f1os. En este\u2026","rel":"","context":"En \u00abActualidad\u00bb","block_context":{"text":"Actualidad","link":"https:\/\/lahoradelcampo.com.uy\/site\/category\/actualidad\/"},"img":{"alt_text":"","src":"https:\/\/i0.wp.com\/lahoradelcampo.com.uy\/site\/wp-content\/uploads\/2023\/03\/SergioKmaid.jpg?fit=880%2C440&ssl=1&resize=350%2C200","width":350,"height":200,"srcset":"https:\/\/i0.wp.com\/lahoradelcampo.com.uy\/site\/wp-content\/uploads\/2023\/03\/SergioKmaid.jpg?fit=880%2C440&ssl=1&resize=350%2C200 1x, https:\/\/i0.wp.com\/lahoradelcampo.com.uy\/site\/wp-content\/uploads\/2023\/03\/SergioKmaid.jpg?fit=880%2C440&ssl=1&resize=525%2C300 1.5x, https:\/\/i0.wp.com\/lahoradelcampo.com.uy\/site\/wp-content\/uploads\/2023\/03\/SergioKmaid.jpg?fit=880%2C440&ssl=1&resize=700%2C400 2x"},"classes":[]},{"id":26302,"url":"https:\/\/lahoradelcampo.com.uy\/site\/ganados-de-cria-con-baja-condicion-corporal-para-el-entore\/","url_meta":{"origin":53731,"position":4},"title":"Ganados de cr\u00eda con baja condici\u00f3n corporal para el entore","author":"La Hora del Campo","date":"22 diciembre, 2020","format":false,"excerpt":"El estado del rodeo de cr\u00eda en general es regular y de acuerdo a las observaciones a nivel de campo las condiciones corporales de los vientres son menores a 4, indic\u00f3 el Instituto Plan Agropecuario en su informe al 15 de diciembre sobre la situaci\u00f3n de la ganader\u00eda a nivel\u2026","rel":"","context":"En \u00abActualidad\u00bb","block_context":{"text":"Actualidad","link":"https:\/\/lahoradelcampo.com.uy\/site\/category\/actualidad\/"},"img":{"alt_text":"","src":"https:\/\/i0.wp.com\/lahoradelcampo.com.uy\/site\/wp-content\/uploads\/2020\/11\/criavacas.jpg?fit=880%2C440&ssl=1&resize=350%2C200","width":350,"height":200,"srcset":"https:\/\/i0.wp.com\/lahoradelcampo.com.uy\/site\/wp-content\/uploads\/2020\/11\/criavacas.jpg?fit=880%2C440&ssl=1&resize=350%2C200 1x, https:\/\/i0.wp.com\/lahoradelcampo.com.uy\/site\/wp-content\/uploads\/2020\/11\/criavacas.jpg?fit=880%2C440&ssl=1&resize=525%2C300 1.5x, https:\/\/i0.wp.com\/lahoradelcampo.com.uy\/site\/wp-content\/uploads\/2020\/11\/criavacas.jpg?fit=880%2C440&ssl=1&resize=700%2C400 2x"},"classes":[]},{"id":56039,"url":"https:\/\/lahoradelcampo.com.uy\/site\/el-impacto-de-la-sequia-22-23-se-refleja-en-menores-tasas-de-prenez-en-el-norte-del-pais\/","url_meta":{"origin":53731,"position":5},"title":"El impacto de la sequ\u00eda 22-23 se refleja en menores tasas de pre\u00f1ez en el norte del pa\u00eds","author":"La Hora del Campo","date":"29 abril, 2025","format":false,"excerpt":"El Dr. Conrado Rodr\u00edguez, veterinario de Laboratorio Virbac, confirm\u00f3 que el monitoreo de los rodeos de cr\u00eda en el norte del pa\u00eds muestra una tendencia positiva en 2025, aunque se prev\u00e9 una leve disminuci\u00f3n en los porcentajes de pre\u00f1ez respecto al a\u00f1o anterior. Explic\u00f3 que, aunque a\u00fan falta el cierre\u2026","rel":"","context":"En \u00abActualidad\u00bb","block_context":{"text":"Actualidad","link":"https:\/\/lahoradelcampo.com.uy\/site\/category\/actualidad\/"},"img":{"alt_text":"","src":"https:\/\/i0.wp.com\/lahoradelcampo.com.uy\/site\/wp-content\/uploads\/2025\/04\/Dr-Conrado-rodriguez.jpg?fit=880%2C440&ssl=1&resize=350%2C200","width":350,"height":200,"srcset":"https:\/\/i0.wp.com\/lahoradelcampo.com.uy\/site\/wp-content\/uploads\/2025\/04\/Dr-Conrado-rodriguez.jpg?fit=880%2C440&ssl=1&resize=350%2C200 1x, https:\/\/i0.wp.com\/lahoradelcampo.com.uy\/site\/wp-content\/uploads\/2025\/04\/Dr-Conrado-rodriguez.jpg?fit=880%2C440&ssl=1&resize=525%2C300 1.5x, https:\/\/i0.wp.com\/lahoradelcampo.com.uy\/site\/wp-content\/uploads\/2025\/04\/Dr-Conrado-rodriguez.jpg?fit=880%2C440&ssl=1&resize=700%2C400 2x"},"classes":[]}],"jetpack_likes_enabled":true,"_links":{"self":[{"href":"https:\/\/lahoradelcampo.com.uy\/site\/wp-json\/wp\/v2\/posts\/53731","targetHints":{"allow":["GET"]}}],"collection":[{"href":"https:\/\/lahoradelcampo.com.uy\/site\/wp-json\/wp\/v2\/posts"}],"about":[{"href":"https:\/\/lahoradelcampo.com.uy\/site\/wp-json\/wp\/v2\/types\/post"}],"author":[{"embeddable":true,"href":"https:\/\/lahoradelcampo.com.uy\/site\/wp-json\/wp\/v2\/users\/5"}],"replies":[{"embeddable":true,"href":"https:\/\/lahoradelcampo.com.uy\/site\/wp-json\/wp\/v2\/comments?post=53731"}],"version-history":[{"count":1,"href":"https:\/\/lahoradelcampo.com.uy\/site\/wp-json\/wp\/v2\/posts\/53731\/revisions"}],"predecessor-version":[{"id":53733,"href":"https:\/\/lahoradelcampo.com.uy\/site\/wp-json\/wp\/v2\/posts\/53731\/revisions\/53733"}],"wp:featuredmedia":[{"embeddable":true,"href":"https:\/\/lahoradelcampo.com.uy\/site\/wp-json\/wp\/v2\/media\/53732"}],"wp:attachment":[{"href":"https:\/\/lahoradelcampo.com.uy\/site\/wp-json\/wp\/v2\/media?parent=53731"}],"wp:term":[{"taxonomy":"category","embeddable":true,"href":"https:\/\/lahoradelcampo.com.uy\/site\/wp-json\/wp\/v2\/categories?post=53731"},{"taxonomy":"post_tag","embeddable":true,"href":"https:\/\/lahoradelcampo.com.uy\/site\/wp-json\/wp\/v2\/tags?post=53731"}],"curies":[{"name":"wp","href":"https:\/\/api.w.org\/{rel}","templated":true}]}}