{"id":53728,"date":"2024-04-10T10:03:33","date_gmt":"2024-04-10T13:03:33","guid":{"rendered":"http:\/\/lahoradelcampo.com.uy\/site\/?p=53728"},"modified":"2024-04-11T07:03:58","modified_gmt":"2024-04-11T10:03:58","slug":"gdt-pulse-cerro-al-alza-y-cambio-la-tendenciaa-la-baja-de-marzo","status":"publish","type":"post","link":"https:\/\/lahoradelcampo.com.uy\/site\/gdt-pulse-cerro-al-alza-y-cambio-la-tendenciaa-la-baja-de-marzo\/","title":{"rendered":"GDT Pulse cerr\u00f3 al alza y cambio la tendenciaa la baja de marzo"},"content":{"rendered":"\n<figure class=\"wp-block-image size-full\"><a href=\"https:\/\/i0.wp.com\/lahoradelcampo.com.uy\/site\/wp-content\/uploads\/2024\/04\/GDT-Pulse48.jpg\"><img data-recalc-dims=\"1\" loading=\"lazy\" decoding=\"async\" width=\"810\" height=\"405\" data-attachment-id=\"53729\" data-permalink=\"https:\/\/lahoradelcampo.com.uy\/site\/gdt-pulse-cerro-al-alza-y-cambio-la-tendenciaa-la-baja-de-marzo\/gdt-pulse48\/\" data-orig-file=\"https:\/\/i0.wp.com\/lahoradelcampo.com.uy\/site\/wp-content\/uploads\/2024\/04\/GDT-Pulse48.jpg?fit=880%2C440&amp;ssl=1\" data-orig-size=\"880,440\" data-comments-opened=\"1\" data-image-meta=\"{&quot;aperture&quot;:&quot;0&quot;,&quot;credit&quot;:&quot;&quot;,&quot;camera&quot;:&quot;&quot;,&quot;caption&quot;:&quot;&quot;,&quot;created_timestamp&quot;:&quot;0&quot;,&quot;copyright&quot;:&quot;&quot;,&quot;focal_length&quot;:&quot;0&quot;,&quot;iso&quot;:&quot;0&quot;,&quot;shutter_speed&quot;:&quot;0&quot;,&quot;title&quot;:&quot;&quot;,&quot;orientation&quot;:&quot;1&quot;}\" data-image-title=\"GDT-Pulse48\" data-image-description=\"\" data-image-caption=\"\" data-large-file=\"https:\/\/i0.wp.com\/lahoradelcampo.com.uy\/site\/wp-content\/uploads\/2024\/04\/GDT-Pulse48.jpg?fit=810%2C405&amp;ssl=1\" src=\"https:\/\/i0.wp.com\/lahoradelcampo.com.uy\/site\/wp-content\/uploads\/2024\/04\/GDT-Pulse48.jpg?resize=810%2C405\" alt=\"\" class=\"wp-image-53729\" srcset=\"https:\/\/i0.wp.com\/lahoradelcampo.com.uy\/site\/wp-content\/uploads\/2024\/04\/GDT-Pulse48.jpg?w=880&amp;ssl=1 880w, https:\/\/i0.wp.com\/lahoradelcampo.com.uy\/site\/wp-content\/uploads\/2024\/04\/GDT-Pulse48.jpg?resize=300%2C150&amp;ssl=1 300w, https:\/\/i0.wp.com\/lahoradelcampo.com.uy\/site\/wp-content\/uploads\/2024\/04\/GDT-Pulse48.jpg?resize=768%2C384&amp;ssl=1 768w, https:\/\/i0.wp.com\/lahoradelcampo.com.uy\/site\/wp-content\/uploads\/2024\/04\/GDT-Pulse48.jpg?resize=820%2C410&amp;ssl=1 820w\" sizes=\"auto, (max-width: 810px) 100vw, 810px\" \/><\/a><\/figure>\n\n\n\n<p>La venta 48 de Global Dairy Trade (GDT) Pulse, luego de tres bajas consecutivas, quebr\u00f3 la tendencia y cotiz\u00f3 al alza (al igual que la licitaci\u00f3n tradicional de GDT). En esta oportunidad, con ventas \u00fanicamente de Fonterra, la leche en polvo entera (LPE), tanto regular como instant\u00e1nea, y leche en polvo descremada (LPD) cerraron con tendencia alcista, siendo las subas mayormente en la leche en polvo entera, que descremada.<\/p>\n\n\n\n<p>En esta venta se comercializaron 1.697 toneladas, un 11,9% menos que lo colocado en la venta anterior. De LPE se comercializaron 1.197 toneladas, un 4,2% menos que la licitaci\u00f3n anterior, en tanto que de LPD se comercializ\u00f3 500 toneladas, un 26,1% menos. El precio promedio obtenido para la leche en polvo entera (LPE) fue de US$ 3.241 por tonelada, lo que representa una suba del 5,1% respecto a la licitaci\u00f3n anterior del sistema Pulse (US$ 157).<\/p>\n\n\n\n<p>En la oportunidad se comercializ\u00f3 872 toneladas de LPE regular a US$\/ton 3.215, lo que marca una ca\u00edda del 6,2% en el volumen comercializado y una suba del 5% en el valor. Por su parte, de LPE instant\u00e1nea se comercializaron 325 toneladas con un promedio de US$\/ton 3.310, este volumen subi\u00f3 1,6% respecto a la venta previa y el valor tambi\u00e9n registr\u00f3 subas, en este caso del 4,9%. <\/p>\n\n\n\n<p>Por otro lado, la decimoquinta venta de leche en polvo descremada en el sistema Pulse tambi\u00e9n registr\u00f3 aumento en las cotizaciones, siendo en este caso del 3,2%. De este producto se ofertaron 500 toneladas, un 26,1% menos que en la licitaci\u00f3n Pulse anterior. El promedio fue de US$ 2.550 por tonelada, registrando as\u00ed una suba de US$ 80 respecto a la venta anterior.<\/p>\n\n\n\n<p>Las pr\u00f3ximas ventas para el mes de abril est\u00e1n previstas para el martes 16 de abril, con la licitaci\u00f3n tradicional N\u00b0 354. En el caso de GDT Pulse, quedan dos ventas para los d\u00edas martes 23 y 30 de abril.<\/p>\n\n\n\n<p>Salto, 10 de abril de 2024<\/p>\n","protected":false},"excerpt":{"rendered":"<p>La venta 48 de Global Dairy Trade (GDT) Pulse, luego de tres bajas consecutivas, quebr\u00f3 la tendencia y cotiz\u00f3 al alza (al igual que la licitaci\u00f3n tradicional de GDT). En [&hellip;]<\/p>\n","protected":false},"author":5,"featured_media":53729,"comment_status":"open","ping_status":"open","sticky":false,"template":"","format":"standard","meta":{"_price":"","_stock":"","_tribe_ticket_header":"","_tribe_default_ticket_provider":"","_tribe_ticket_capacity":"0","_ticket_start_date":"","_ticket_end_date":"","_tribe_ticket_show_description":"","_tribe_ticket_show_not_going":false,"_tribe_ticket_use_global_stock":"","_tribe_ticket_global_stock_level":"","_global_stock_mode":"","_global_stock_cap":"","_tribe_rsvp_for_event":"","_tribe_ticket_going_count":"","_tribe_ticket_not_going_count":"","_tribe_tickets_list":"[]","_tribe_ticket_has_attendee_info_fields":false,"h5ap_radio_sources":[],"_jetpack_newsletter_access":"","_jetpack_dont_email_post_to_subs":false,"_jetpack_newsletter_tier_id":0,"_jetpack_memberships_contains_paywalled_content":false,"_jetpack_memberships_contains_paid_content":false,"footnotes":""},"categories":[21,11],"tags":[],"class_list":["post-53728","post","type-post","status-publish","format-standard","has-post-thumbnail","hentry","category-actualidad","category-lecheria"],"jetpack_featured_media_url":"https:\/\/i0.wp.com\/lahoradelcampo.com.uy\/site\/wp-content\/uploads\/2024\/04\/GDT-Pulse48.jpg?fit=880%2C440&ssl=1","jetpack_sharing_enabled":true,"jetpack_shortlink":"https:\/\/wp.me\/p99IaT-dYA","jetpack-related-posts":[{"id":56356,"url":"https:\/\/lahoradelcampo.com.uy\/site\/la-leche-en-polvo-cotizo-al-alza-en-segunda-venta-pulse-del-mes\/","url_meta":{"origin":53728,"position":0},"title":"La leche en polvo cotiz\u00f3 al alza en segunda venta Pulse del mes","author":"La Hora del Campo","date":"23 julio, 2025","format":false,"excerpt":"En la venta del martes 22 de julio, la segunda del mes del sistema GDT Pulse, el mercado cambi\u00f3 la t\u00f3nica y cerr\u00f3 con tendencia alcista para la leche en polvo, tanto entera como descremada. La subasta 84 de Global Dairy Trade (GDT) Pulse, registr\u00f3 una suba del 1,7% para\u2026","rel":"","context":"En \u00abActualidad\u00bb","block_context":{"text":"Actualidad","link":"https:\/\/lahoradelcampo.com.uy\/site\/category\/actualidad\/"},"img":{"alt_text":"","src":"https:\/\/i0.wp.com\/lahoradelcampo.com.uy\/site\/wp-content\/uploads\/2025\/07\/Fonterra-PULSE22-7.jpg?fit=880%2C440&ssl=1&resize=350%2C200","width":350,"height":200,"srcset":"https:\/\/i0.wp.com\/lahoradelcampo.com.uy\/site\/wp-content\/uploads\/2025\/07\/Fonterra-PULSE22-7.jpg?fit=880%2C440&ssl=1&resize=350%2C200 1x, https:\/\/i0.wp.com\/lahoradelcampo.com.uy\/site\/wp-content\/uploads\/2025\/07\/Fonterra-PULSE22-7.jpg?fit=880%2C440&ssl=1&resize=525%2C300 1.5x, https:\/\/i0.wp.com\/lahoradelcampo.com.uy\/site\/wp-content\/uploads\/2025\/07\/Fonterra-PULSE22-7.jpg?fit=880%2C440&ssl=1&resize=700%2C400 2x"},"classes":[]},{"id":55986,"url":"https:\/\/lahoradelcampo.com.uy\/site\/subas-para-la-leche-en-polvo-entera-y-descremada-en-la-venta-gdt-pulse-77\/","url_meta":{"origin":53728,"position":1},"title":"Subas para la leche en polvo entera y descremada en la venta GDT Pulse 77","author":"La Hora del Campo","date":"23 abril, 2025","format":false,"excerpt":"La subasta 77 de Global Dairy Trade (GDT) Pulse, la segunda del mes de abril de 2025 en este sistema volvi\u00f3 a registrar subas en las dos leches en polvo. Seg\u00fan los datos de GDT, las ventas de la leche en polvo entera (LPE) registraron un aumento del 4,5% y\u2026","rel":"","context":"En \u00abActualidad\u00bb","block_context":{"text":"Actualidad","link":"https:\/\/lahoradelcampo.com.uy\/site\/category\/actualidad\/"},"img":{"alt_text":"","src":"https:\/\/i0.wp.com\/lahoradelcampo.com.uy\/site\/wp-content\/uploads\/2025\/04\/GDTPulse-77.jpg?fit=880%2C440&ssl=1&resize=350%2C200","width":350,"height":200,"srcset":"https:\/\/i0.wp.com\/lahoradelcampo.com.uy\/site\/wp-content\/uploads\/2025\/04\/GDTPulse-77.jpg?fit=880%2C440&ssl=1&resize=350%2C200 1x, https:\/\/i0.wp.com\/lahoradelcampo.com.uy\/site\/wp-content\/uploads\/2025\/04\/GDTPulse-77.jpg?fit=880%2C440&ssl=1&resize=525%2C300 1.5x, https:\/\/i0.wp.com\/lahoradelcampo.com.uy\/site\/wp-content\/uploads\/2025\/04\/GDTPulse-77.jpg?fit=880%2C440&ssl=1&resize=700%2C400 2x"},"classes":[]},{"id":53875,"url":"https:\/\/lahoradelcampo.com.uy\/site\/nueva-suba-para-las-leches-en-polvo-en-gdt-pulse\/","url_meta":{"origin":53728,"position":2},"title":"Nueva suba para las leches en polvo en GDT Pulse","author":"La Hora del Campo","date":"16 mayo, 2024","format":false,"excerpt":"La quincuag\u00e9sima subasta de Global Dairy Trade (GDT) Pulse, cerr\u00f3 con subas en ambas leches en polvo comercializadas. En esta oportunidad, con ventas \u00fanicamente de Fonterra, la leche en polvo entera (LPE), tanto regular como instant\u00e1nea, y leche en polvo descremada (LPD), cerraron con subas en sus cotizaciones, siendo mayores\u2026","rel":"","context":"En \u00abActualidad\u00bb","block_context":{"text":"Actualidad","link":"https:\/\/lahoradelcampo.com.uy\/site\/category\/actualidad\/"},"img":{"alt_text":"","src":"https:\/\/i0.wp.com\/lahoradelcampo.com.uy\/site\/wp-content\/uploads\/2024\/05\/Fonterra-GDTPulse50.jpg?fit=880%2C440&ssl=1&resize=350%2C200","width":350,"height":200,"srcset":"https:\/\/i0.wp.com\/lahoradelcampo.com.uy\/site\/wp-content\/uploads\/2024\/05\/Fonterra-GDTPulse50.jpg?fit=880%2C440&ssl=1&resize=350%2C200 1x, https:\/\/i0.wp.com\/lahoradelcampo.com.uy\/site\/wp-content\/uploads\/2024\/05\/Fonterra-GDTPulse50.jpg?fit=880%2C440&ssl=1&resize=525%2C300 1.5x, https:\/\/i0.wp.com\/lahoradelcampo.com.uy\/site\/wp-content\/uploads\/2024\/05\/Fonterra-GDTPulse50.jpg?fit=880%2C440&ssl=1&resize=700%2C400 2x"},"classes":[]},{"id":55820,"url":"https:\/\/lahoradelcampo.com.uy\/site\/gdt-pulse-marco-subas-en-la-leche-en-polvo-entera-y-descremada\/","url_meta":{"origin":53728,"position":3},"title":"GDT Pulse marc\u00f3 subas en la leche en polvo entera y descremada","author":"La Hora del Campo","date":"12 marzo, 2025","format":false,"excerpt":"La subasta 74 de Global Dairy Trade (GDT) Pulse, luego de la ca\u00edda en la \u00faltima venta Pulse de febrero y de la primera licitaci\u00f3n tradicional del pasado martes, marc\u00f3 subas en el promedio tanto de la leche en polvo entera como descremada. En esta oportunidad, con ventas \u00fanicamente de\u2026","rel":"","context":"En \u00abActualidad\u00bb","block_context":{"text":"Actualidad","link":"https:\/\/lahoradelcampo.com.uy\/site\/category\/actualidad\/"},"img":{"alt_text":"","src":"https:\/\/i0.wp.com\/lahoradelcampo.com.uy\/site\/wp-content\/uploads\/2025\/03\/GDT-PULSE2025.jpg?fit=880%2C440&ssl=1&resize=350%2C200","width":350,"height":200,"srcset":"https:\/\/i0.wp.com\/lahoradelcampo.com.uy\/site\/wp-content\/uploads\/2025\/03\/GDT-PULSE2025.jpg?fit=880%2C440&ssl=1&resize=350%2C200 1x, https:\/\/i0.wp.com\/lahoradelcampo.com.uy\/site\/wp-content\/uploads\/2025\/03\/GDT-PULSE2025.jpg?fit=880%2C440&ssl=1&resize=525%2C300 1.5x, https:\/\/i0.wp.com\/lahoradelcampo.com.uy\/site\/wp-content\/uploads\/2025\/03\/GDT-PULSE2025.jpg?fit=880%2C440&ssl=1&resize=700%2C400 2x"},"classes":[]},{"id":56098,"url":"https:\/\/lahoradelcampo.com.uy\/site\/leche-en-polvo-entera-continua-con-precios-historicos-en-gdt-pulse\/","url_meta":{"origin":53728,"position":4},"title":"Leche en polvo entera contin\u00faa con precios hist\u00f3ricos en GDT Pulse","author":"La Hora del Campo","date":"15 mayo, 2025","format":false,"excerpt":"En la jornada de ayer, 13 de mayo, se realiz\u00f3 la primera venta de leche en polvo descremada ofertada por la europea Arla en el sistema GDT Pulse, lo que hizo caer los valores de este producto, frente a una leche en polvo entera que sigue con precios hist\u00f3ricos. La\u2026","rel":"","context":"En \u00abActualidad\u00bb","block_context":{"text":"Actualidad","link":"https:\/\/lahoradelcampo.com.uy\/site\/category\/actualidad\/"},"img":{"alt_text":"","src":"https:\/\/i0.wp.com\/lahoradelcampo.com.uy\/site\/wp-content\/uploads\/2025\/05\/GDT-Pulse-13-5-25.jpg?fit=880%2C440&ssl=1&resize=350%2C200","width":350,"height":200,"srcset":"https:\/\/i0.wp.com\/lahoradelcampo.com.uy\/site\/wp-content\/uploads\/2025\/05\/GDT-Pulse-13-5-25.jpg?fit=880%2C440&ssl=1&resize=350%2C200 1x, https:\/\/i0.wp.com\/lahoradelcampo.com.uy\/site\/wp-content\/uploads\/2025\/05\/GDT-Pulse-13-5-25.jpg?fit=880%2C440&ssl=1&resize=525%2C300 1.5x, https:\/\/i0.wp.com\/lahoradelcampo.com.uy\/site\/wp-content\/uploads\/2025\/05\/GDT-Pulse-13-5-25.jpg?fit=880%2C440&ssl=1&resize=700%2C400 2x"},"classes":[]},{"id":55156,"url":"https:\/\/lahoradelcampo.com.uy\/site\/leche-en-polvo-entera-continua-con-su-tendencia-alcista-en-fonterra\/","url_meta":{"origin":53728,"position":5},"title":"Leche en polvo entera continua con su tendencia alcista en Fonterra","author":"La Hora del Campo","date":"27 noviembre, 2024","format":false,"excerpt":"La subasta 66 de Global Dairy Trade (GDT) Pulse volvi\u00f3 a mostrar un nuevo incremento (el cuarto consecutivo) en el precio promedio de la leche en polvo entera, mientras que la descremada registr\u00f3 un leve descenso, ofertadas \u00fanicamente por Fonterra. En la subasta de ayer, martes 26 de noviembre, se\u2026","rel":"","context":"En \u00abActualidad\u00bb","block_context":{"text":"Actualidad","link":"https:\/\/lahoradelcampo.com.uy\/site\/category\/actualidad\/"},"img":{"alt_text":"","src":"https:\/\/i0.wp.com\/lahoradelcampo.com.uy\/site\/wp-content\/uploads\/2017\/09\/Fonterra.jpg?fit=880%2C440&ssl=1&resize=350%2C200","width":350,"height":200,"srcset":"https:\/\/i0.wp.com\/lahoradelcampo.com.uy\/site\/wp-content\/uploads\/2017\/09\/Fonterra.jpg?fit=880%2C440&ssl=1&resize=350%2C200 1x, https:\/\/i0.wp.com\/lahoradelcampo.com.uy\/site\/wp-content\/uploads\/2017\/09\/Fonterra.jpg?fit=880%2C440&ssl=1&resize=525%2C300 1.5x, https:\/\/i0.wp.com\/lahoradelcampo.com.uy\/site\/wp-content\/uploads\/2017\/09\/Fonterra.jpg?fit=880%2C440&ssl=1&resize=700%2C400 2x"},"classes":[]}],"jetpack_likes_enabled":true,"_links":{"self":[{"href":"https:\/\/lahoradelcampo.com.uy\/site\/wp-json\/wp\/v2\/posts\/53728","targetHints":{"allow":["GET"]}}],"collection":[{"href":"https:\/\/lahoradelcampo.com.uy\/site\/wp-json\/wp\/v2\/posts"}],"about":[{"href":"https:\/\/lahoradelcampo.com.uy\/site\/wp-json\/wp\/v2\/types\/post"}],"author":[{"embeddable":true,"href":"https:\/\/lahoradelcampo.com.uy\/site\/wp-json\/wp\/v2\/users\/5"}],"replies":[{"embeddable":true,"href":"https:\/\/lahoradelcampo.com.uy\/site\/wp-json\/wp\/v2\/comments?post=53728"}],"version-history":[{"count":1,"href":"https:\/\/lahoradelcampo.com.uy\/site\/wp-json\/wp\/v2\/posts\/53728\/revisions"}],"predecessor-version":[{"id":53730,"href":"https:\/\/lahoradelcampo.com.uy\/site\/wp-json\/wp\/v2\/posts\/53728\/revisions\/53730"}],"wp:featuredmedia":[{"embeddable":true,"href":"https:\/\/lahoradelcampo.com.uy\/site\/wp-json\/wp\/v2\/media\/53729"}],"wp:attachment":[{"href":"https:\/\/lahoradelcampo.com.uy\/site\/wp-json\/wp\/v2\/media?parent=53728"}],"wp:term":[{"taxonomy":"category","embeddable":true,"href":"https:\/\/lahoradelcampo.com.uy\/site\/wp-json\/wp\/v2\/categories?post=53728"},{"taxonomy":"post_tag","embeddable":true,"href":"https:\/\/lahoradelcampo.com.uy\/site\/wp-json\/wp\/v2\/tags?post=53728"}],"curies":[{"name":"wp","href":"https:\/\/api.w.org\/{rel}","templated":true}]}}