{"id":53725,"date":"2024-04-10T12:00:48","date_gmt":"2024-04-10T15:00:48","guid":{"rendered":"http:\/\/lahoradelcampo.com.uy\/site\/?p=53725"},"modified":"2024-04-10T12:00:51","modified_gmt":"2024-04-10T15:00:51","slug":"el-fosfato-de-levamisol-tiene-menos-resistencia-en-parasitosis-gastrointestinales","status":"publish","type":"post","link":"https:\/\/lahoradelcampo.com.uy\/site\/el-fosfato-de-levamisol-tiene-menos-resistencia-en-parasitosis-gastrointestinales\/","title":{"rendered":"El fosfato de levamisol tiene menos resistencia en parasitosis gastrointestinales"},"content":{"rendered":"\n<figure class=\"wp-block-image size-full\"><a href=\"https:\/\/i0.wp.com\/lahoradelcampo.com.uy\/site\/wp-content\/uploads\/2024\/04\/Daniel-Salada.jpg\"><img data-recalc-dims=\"1\" loading=\"lazy\" decoding=\"async\" width=\"810\" height=\"405\" data-attachment-id=\"53726\" data-permalink=\"https:\/\/lahoradelcampo.com.uy\/site\/el-fosfato-de-levamisol-tiene-menos-resistencia-en-parasitosis-gastrointestinales\/daniel-salada-3\/\" data-orig-file=\"https:\/\/i0.wp.com\/lahoradelcampo.com.uy\/site\/wp-content\/uploads\/2024\/04\/Daniel-Salada.jpg?fit=880%2C440&amp;ssl=1\" data-orig-size=\"880,440\" data-comments-opened=\"1\" data-image-meta=\"{&quot;aperture&quot;:&quot;0&quot;,&quot;credit&quot;:&quot;&quot;,&quot;camera&quot;:&quot;&quot;,&quot;caption&quot;:&quot;&quot;,&quot;created_timestamp&quot;:&quot;0&quot;,&quot;copyright&quot;:&quot;&quot;,&quot;focal_length&quot;:&quot;0&quot;,&quot;iso&quot;:&quot;0&quot;,&quot;shutter_speed&quot;:&quot;0&quot;,&quot;title&quot;:&quot;&quot;,&quot;orientation&quot;:&quot;1&quot;}\" data-image-title=\"Daniel Salada\" data-image-description=\"\" data-image-caption=\"\" data-large-file=\"https:\/\/i0.wp.com\/lahoradelcampo.com.uy\/site\/wp-content\/uploads\/2024\/04\/Daniel-Salada.jpg?fit=810%2C405&amp;ssl=1\" src=\"https:\/\/i0.wp.com\/lahoradelcampo.com.uy\/site\/wp-content\/uploads\/2024\/04\/Daniel-Salada.jpg?resize=810%2C405\" alt=\"\" class=\"wp-image-53726\" srcset=\"https:\/\/i0.wp.com\/lahoradelcampo.com.uy\/site\/wp-content\/uploads\/2024\/04\/Daniel-Salada.jpg?w=880&amp;ssl=1 880w, https:\/\/i0.wp.com\/lahoradelcampo.com.uy\/site\/wp-content\/uploads\/2024\/04\/Daniel-Salada.jpg?resize=300%2C150&amp;ssl=1 300w, https:\/\/i0.wp.com\/lahoradelcampo.com.uy\/site\/wp-content\/uploads\/2024\/04\/Daniel-Salada.jpg?resize=768%2C384&amp;ssl=1 768w, https:\/\/i0.wp.com\/lahoradelcampo.com.uy\/site\/wp-content\/uploads\/2024\/04\/Daniel-Salada.jpg?resize=820%2C410&amp;ssl=1 820w\" sizes=\"auto, (max-width: 810px) 100vw, 810px\" \/><\/a><\/figure>\n\n\n\n<p>La resistencia a los principios activos en los par\u00e1sitos gastrointestinales ha venido creciendo y est\u00e1 determinando el producto m\u00e1s reciente en el tiempo, presente mayores niveles de resistencia que los anteriores. A modo de ejemplo, la Ivermectina que tiene 40 a\u00f1os en el pa\u00eds, tiene mayores porcentajes de resistencia que el fosfato de levamisol, que es un producto con m\u00e1s de 60 a\u00f1os en el mercado. <\/p>\n\n\n\n<p>El Dr. Daniel Salada, director t\u00e9cnico de Laboratorio Cibeles, indic\u00f3 que \u00abdesde el punto de vista del impacto productivo, los par\u00e1sitos gastrointestinales tienen una responsabilidad y un impacto enorme\u00bb, respecto a los ectopar\u00e1sitos, que en la actualidad est\u00e1 teniendo una mayor relevancia en el d\u00eda a d\u00eda de los productores, como lo es la garrapata.<\/p>\n\n\n\n<p>El veterinario record\u00f3 que \u00abhace 40 a\u00f1os, nosotros lanz\u00e1bamos la primera ivermectina, y hemos tenido muchos a\u00f1os de trabajo, pero justamente ese principio activo o ese grupo qu\u00edmico es el que m\u00e1s est\u00e1 fallando para el control de par\u00e1sitos gastrointestinales, incre\u00edblemente\u00bb. El profesional remarc\u00f3 que se debe \u00abalertar\u00bb a los productores que \u00abesa ivermectina hoy est\u00e1 dejando muchos par\u00e1sitos vivos que est\u00e1n impactando sobre la productividad\u00bb. <\/p>\n\n\n\n<p>Frente a esta problem\u00e1tica, Salada indic\u00f3 que en la actualidad hay solamente \u00abtres principios activos en forma inyectable\u00bb para el combate a los par\u00e1sitos gastrointestinales en vacunos, por lo que se ha comenzado, al igual que con el ovino en su momento, a realizar combinaciones de productos que permitan una mayor eficacia de control.<\/p>\n\n\n\n<p>\u00abCon solo tres principios activos, nos dimos cuenta de que la que peor funciona es justamente la m\u00e1s moderna, que tiene 40 a\u00f1os. Hoy en d\u00eda andan mejor los principios activos m\u00e1s viejos, los de 50 o 60 a\u00f1os que los de 40\u00bb dijo. En este sentido dijo que debido a que \u00abla ivermectina todav\u00eda funciona para algunos par\u00e1sitos y justamente en donde no funciona hay un producto antiguo que es el fosfato de levamisol, que todav\u00eda funciona muy bien\u00bb, Salada indic\u00f3 que se ha logrado combinar esas \u00abdos mol\u00e9culas en una formulaci\u00f3n estable y pronta para uso\u00bb que permitir\u00e1 una mayor eficacia en los controles.<\/p>\n\n\n\n<p>Salto, 10 de abril de 2024<\/p>\n","protected":false},"excerpt":{"rendered":"<p>La resistencia a los principios activos en los par\u00e1sitos gastrointestinales ha venido creciendo y est\u00e1 determinando el producto m\u00e1s reciente en el tiempo, presente mayores niveles de resistencia que los [&hellip;]<\/p>\n","protected":false},"author":5,"featured_media":53726,"comment_status":"open","ping_status":"open","sticky":false,"template":"","format":"standard","meta":{"_price":"","_stock":"","_tribe_ticket_header":"","_tribe_default_ticket_provider":"","_tribe_ticket_capacity":"0","_ticket_start_date":"","_ticket_end_date":"","_tribe_ticket_show_description":"","_tribe_ticket_show_not_going":false,"_tribe_ticket_use_global_stock":"","_tribe_ticket_global_stock_level":"","_global_stock_mode":"","_global_stock_cap":"","_tribe_rsvp_for_event":"","_tribe_ticket_going_count":"","_tribe_ticket_not_going_count":"","_tribe_tickets_list":"[]","_tribe_ticket_has_attendee_info_fields":false,"h5ap_radio_sources":[],"_jetpack_newsletter_access":"","_jetpack_dont_email_post_to_subs":false,"_jetpack_newsletter_tier_id":0,"_jetpack_memberships_contains_paywalled_content":false,"_jetpack_memberships_contains_paid_content":false,"footnotes":""},"categories":[21,5],"tags":[],"class_list":["post-53725","post","type-post","status-publish","format-standard","has-post-thumbnail","hentry","category-actualidad","category-ganaderia"],"jetpack_featured_media_url":"https:\/\/i0.wp.com\/lahoradelcampo.com.uy\/site\/wp-content\/uploads\/2024\/04\/Daniel-Salada.jpg?fit=880%2C440&ssl=1","jetpack_sharing_enabled":true,"jetpack_shortlink":"https:\/\/wp.me\/p99IaT-dYx","jetpack-related-posts":[{"id":54089,"url":"https:\/\/lahoradelcampo.com.uy\/site\/casi-el-100-de-los-predios-tienen-resistencia-a-la-ivermectina-para-parasitos-gastrointestinales\/","url_meta":{"origin":53725,"position":0},"title":"Casi el 100% de los predios tienen resistencia a la ivermectina para par\u00e1sitos gastrointestinales","author":"La Hora del Campo","date":"29 julio, 2024","format":false,"excerpt":"El Dr. Daniel Salada, director t\u00e9cnico de Compa\u00f1\u00eda Cibeles, explic\u00f3 que los par\u00e1sitos gastrointestinales son una de las principales limitantes en la ganancia de peso de los bovinos j\u00f3venes, especialmente hasta los dos a\u00f1os, debido a su falta de inmunidad. El profesional destac\u00f3 que la parasitosis es influenciada por el\u2026","rel":"","context":"En \u00abActualidad\u00bb","block_context":{"text":"Actualidad","link":"https:\/\/lahoradelcampo.com.uy\/site\/category\/actualidad\/"},"img":{"alt_text":"","src":"https:\/\/i0.wp.com\/lahoradelcampo.com.uy\/site\/wp-content\/uploads\/2024\/04\/Daniel-Salada.jpg?fit=880%2C440&ssl=1&resize=350%2C200","width":350,"height":200,"srcset":"https:\/\/i0.wp.com\/lahoradelcampo.com.uy\/site\/wp-content\/uploads\/2024\/04\/Daniel-Salada.jpg?fit=880%2C440&ssl=1&resize=350%2C200 1x, https:\/\/i0.wp.com\/lahoradelcampo.com.uy\/site\/wp-content\/uploads\/2024\/04\/Daniel-Salada.jpg?fit=880%2C440&ssl=1&resize=525%2C300 1.5x, https:\/\/i0.wp.com\/lahoradelcampo.com.uy\/site\/wp-content\/uploads\/2024\/04\/Daniel-Salada.jpg?fit=880%2C440&ssl=1&resize=700%2C400 2x"},"classes":[]},{"id":50755,"url":"https:\/\/lahoradelcampo.com.uy\/site\/parasitos-gastrointestinales-un-desafio-constante-para-la-salud-de-nuestros-animales\/","url_meta":{"origin":53725,"position":1},"title":"Par\u00e1sitos gastrointestinales: un desaf\u00edo constante para la salud de nuestros animales","author":"La Hora del Campo","date":"25 mayo, 2023","format":false,"excerpt":"En nuestro pa\u00eds, las condiciones ambientales propician el desarrollo de par\u00e1sitos gastrointestinales a lo largo de todo el a\u00f1o. Estudios han revelado que estos par\u00e1sitos pueden ocasionar p\u00e9rdidas significativas en cl\u00ednicas y terneros, llegando incluso a representar hasta un 20% de su peso vivo. Esto significa una disminuci\u00f3n de entre\u2026","rel":"","context":"En \u00abActualidad\u00bb","block_context":{"text":"Actualidad","link":"https:\/\/lahoradelcampo.com.uy\/site\/category\/actualidad\/"},"img":{"alt_text":"","src":"https:\/\/i0.wp.com\/lahoradelcampo.com.uy\/site\/wp-content\/uploads\/2023\/03\/Biogenesis-horacio.jpg?fit=880%2C440&ssl=1&resize=350%2C200","width":350,"height":200,"srcset":"https:\/\/i0.wp.com\/lahoradelcampo.com.uy\/site\/wp-content\/uploads\/2023\/03\/Biogenesis-horacio.jpg?fit=880%2C440&ssl=1&resize=350%2C200 1x, https:\/\/i0.wp.com\/lahoradelcampo.com.uy\/site\/wp-content\/uploads\/2023\/03\/Biogenesis-horacio.jpg?fit=880%2C440&ssl=1&resize=525%2C300 1.5x, https:\/\/i0.wp.com\/lahoradelcampo.com.uy\/site\/wp-content\/uploads\/2023\/03\/Biogenesis-horacio.jpg?fit=880%2C440&ssl=1&resize=700%2C400 2x"},"classes":[]},{"id":43099,"url":"https:\/\/lahoradelcampo.com.uy\/site\/los-parasitos-gastrointestinales-generan-importante-perdidas-economicas\/","url_meta":{"origin":53725,"position":2},"title":"Los par\u00e1sitos gastrointestinales generan importante p\u00e9rdidas econ\u00f3micas","author":"La Hora del Campo","date":"22 junio, 2022","format":false,"excerpt":"Los par\u00e1sitos gastrointestinales, debido a las condicionantes ambientales favorables que tiene el pa\u00eds, se desarrollan durante todo el a\u00f1o, en un ciclo que claramente se divide en dos. Una parte del ciclo se encuentra en el animal mismo y la segunda parte en las pasturas. Dr. Horacio Mederos, Director t\u00e9cnico\u2026","rel":"","context":"En \u00abActualidad\u00bb","block_context":{"text":"Actualidad","link":"https:\/\/lahoradelcampo.com.uy\/site\/category\/actualidad\/"},"img":{"alt_text":"","src":"https:\/\/i0.wp.com\/lahoradelcampo.com.uy\/site\/wp-content\/uploads\/2022\/05\/Biogenesis-Mederos.jpg?fit=880%2C440&ssl=1&resize=350%2C200","width":350,"height":200,"srcset":"https:\/\/i0.wp.com\/lahoradelcampo.com.uy\/site\/wp-content\/uploads\/2022\/05\/Biogenesis-Mederos.jpg?fit=880%2C440&ssl=1&resize=350%2C200 1x, https:\/\/i0.wp.com\/lahoradelcampo.com.uy\/site\/wp-content\/uploads\/2022\/05\/Biogenesis-Mederos.jpg?fit=880%2C440&ssl=1&resize=525%2C300 1.5x, https:\/\/i0.wp.com\/lahoradelcampo.com.uy\/site\/wp-content\/uploads\/2022\/05\/Biogenesis-Mederos.jpg?fit=880%2C440&ssl=1&resize=700%2C400 2x"},"classes":[]},{"id":55958,"url":"https:\/\/lahoradelcampo.com.uy\/site\/uruguay-es-referencia-en-la-lucha-genetica-contra-parasitos-en-ovinos\/","url_meta":{"origin":53725,"position":3},"title":"Uruguay es referencia en la lucha gen\u00e9tica contra par\u00e1sitos en ovinos","author":"La Hora del Campo","date":"22 abril, 2025","format":false,"excerpt":"Cient\u00edficos del Instituto Nacional de Investigaci\u00f3n Agropecuaria (INIA) en Uruguay lograron avances significativos en la selecci\u00f3n gen\u00e9tica de ovinos resistentes a nematodos gastrointestinales, responsables de importantes p\u00e9rdidas econ\u00f3micas en sistemas de pastoreo como el uruguayo, generan efectos negativos como disminuci\u00f3n en la producci\u00f3n de carne y lana. El estudio titulado\u2026","rel":"","context":"En \u00abActualidad\u00bb","block_context":{"text":"Actualidad","link":"https:\/\/lahoradelcampo.com.uy\/site\/category\/actualidad\/"},"img":{"alt_text":"","src":"https:\/\/i0.wp.com\/lahoradelcampo.com.uy\/site\/wp-content\/uploads\/2025\/04\/INIA-Ovinosa.jpg?fit=880%2C440&ssl=1&resize=350%2C200","width":350,"height":200,"srcset":"https:\/\/i0.wp.com\/lahoradelcampo.com.uy\/site\/wp-content\/uploads\/2025\/04\/INIA-Ovinosa.jpg?fit=880%2C440&ssl=1&resize=350%2C200 1x, https:\/\/i0.wp.com\/lahoradelcampo.com.uy\/site\/wp-content\/uploads\/2025\/04\/INIA-Ovinosa.jpg?fit=880%2C440&ssl=1&resize=525%2C300 1.5x, https:\/\/i0.wp.com\/lahoradelcampo.com.uy\/site\/wp-content\/uploads\/2025\/04\/INIA-Ovinosa.jpg?fit=880%2C440&ssl=1&resize=700%2C400 2x"},"classes":[]},{"id":40869,"url":"https:\/\/lahoradelcampo.com.uy\/site\/es-momento-de-cuidar-los-parasitos-gastrointestinales\/","url_meta":{"origin":53725,"position":4},"title":"Es momento de cuidar los par\u00e1sitos gastrointestinales","author":"La Hora del Campo","date":"18 abril, 2022","format":false,"excerpt":"Es momento de tener cuidados con las categor\u00edas j\u00f3venes debido al incremento de problemas con los par\u00e1sitos gastrointestinales. El Dr. Juan Andr\u00e9s Garc\u00eda Pintos, integrante del equipo t\u00e9cnico de Biog\u00e9nesis Bag\u00f3 brinda recomendaciones a seguir en este momento tan importante para el sector ganadero. https:\/\/youtu.be\/aAkodgbXGeM Biog\u00e9nesis Bag\u00f3 una empresa global,\u2026","rel":"","context":"En \u00abActualidad\u00bb","block_context":{"text":"Actualidad","link":"https:\/\/lahoradelcampo.com.uy\/site\/category\/actualidad\/"},"img":{"alt_text":"","src":"https:\/\/i0.wp.com\/lahoradelcampo.com.uy\/site\/wp-content\/uploads\/2022\/04\/Biogenesis-tachi.jpg?fit=880%2C440&ssl=1&resize=350%2C200","width":350,"height":200,"srcset":"https:\/\/i0.wp.com\/lahoradelcampo.com.uy\/site\/wp-content\/uploads\/2022\/04\/Biogenesis-tachi.jpg?fit=880%2C440&ssl=1&resize=350%2C200 1x, https:\/\/i0.wp.com\/lahoradelcampo.com.uy\/site\/wp-content\/uploads\/2022\/04\/Biogenesis-tachi.jpg?fit=880%2C440&ssl=1&resize=525%2C300 1.5x, https:\/\/i0.wp.com\/lahoradelcampo.com.uy\/site\/wp-content\/uploads\/2022\/04\/Biogenesis-tachi.jpg?fit=880%2C440&ssl=1&resize=700%2C400 2x"},"classes":[]},{"id":51069,"url":"https:\/\/lahoradelcampo.com.uy\/site\/resistencia-parasitaria-un-desafio-creciente-en-la-salud-animal\/","url_meta":{"origin":53725,"position":5},"title":"Resistencia parasitaria: un desaf\u00edo creciente en la salud animal","author":"La Hora del Campo","date":"6 junio, 2023","format":false,"excerpt":"https:\/\/youtu.be\/UCGg1mzNxU4 La resistencia parasitaria se ha convertido en un problema cada vez m\u00e1s relevante en el \u00e1mbito de la salud animal. Los antihelm\u00ednticos, que son utilizados para controlar los par\u00e1sitos, se consideran un recurso no renovable. Una vez que los par\u00e1sitos desarrollan resistencia a estos productos, se vuelven ineficaces y\u2026","rel":"","context":"En \u00abActualidad\u00bb","block_context":{"text":"Actualidad","link":"https:\/\/lahoradelcampo.com.uy\/site\/category\/actualidad\/"},"img":{"alt_text":"","src":"https:\/\/i0.wp.com\/lahoradelcampo.com.uy\/site\/wp-content\/uploads\/2023\/06\/Biogenesis-bago-horacio.jpg?fit=880%2C440&ssl=1&resize=350%2C200","width":350,"height":200,"srcset":"https:\/\/i0.wp.com\/lahoradelcampo.com.uy\/site\/wp-content\/uploads\/2023\/06\/Biogenesis-bago-horacio.jpg?fit=880%2C440&ssl=1&resize=350%2C200 1x, https:\/\/i0.wp.com\/lahoradelcampo.com.uy\/site\/wp-content\/uploads\/2023\/06\/Biogenesis-bago-horacio.jpg?fit=880%2C440&ssl=1&resize=525%2C300 1.5x, https:\/\/i0.wp.com\/lahoradelcampo.com.uy\/site\/wp-content\/uploads\/2023\/06\/Biogenesis-bago-horacio.jpg?fit=880%2C440&ssl=1&resize=700%2C400 2x"},"classes":[]}],"jetpack_likes_enabled":true,"_links":{"self":[{"href":"https:\/\/lahoradelcampo.com.uy\/site\/wp-json\/wp\/v2\/posts\/53725","targetHints":{"allow":["GET"]}}],"collection":[{"href":"https:\/\/lahoradelcampo.com.uy\/site\/wp-json\/wp\/v2\/posts"}],"about":[{"href":"https:\/\/lahoradelcampo.com.uy\/site\/wp-json\/wp\/v2\/types\/post"}],"author":[{"embeddable":true,"href":"https:\/\/lahoradelcampo.com.uy\/site\/wp-json\/wp\/v2\/users\/5"}],"replies":[{"embeddable":true,"href":"https:\/\/lahoradelcampo.com.uy\/site\/wp-json\/wp\/v2\/comments?post=53725"}],"version-history":[{"count":1,"href":"https:\/\/lahoradelcampo.com.uy\/site\/wp-json\/wp\/v2\/posts\/53725\/revisions"}],"predecessor-version":[{"id":53727,"href":"https:\/\/lahoradelcampo.com.uy\/site\/wp-json\/wp\/v2\/posts\/53725\/revisions\/53727"}],"wp:featuredmedia":[{"embeddable":true,"href":"https:\/\/lahoradelcampo.com.uy\/site\/wp-json\/wp\/v2\/media\/53726"}],"wp:attachment":[{"href":"https:\/\/lahoradelcampo.com.uy\/site\/wp-json\/wp\/v2\/media?parent=53725"}],"wp:term":[{"taxonomy":"category","embeddable":true,"href":"https:\/\/lahoradelcampo.com.uy\/site\/wp-json\/wp\/v2\/categories?post=53725"},{"taxonomy":"post_tag","embeddable":true,"href":"https:\/\/lahoradelcampo.com.uy\/site\/wp-json\/wp\/v2\/tags?post=53725"}],"curies":[{"name":"wp","href":"https:\/\/api.w.org\/{rel}","templated":true}]}}