{"id":53720,"date":"2024-04-05T10:45:44","date_gmt":"2024-04-05T13:45:44","guid":{"rendered":"http:\/\/lahoradelcampo.com.uy\/site\/?p=53720"},"modified":"2024-04-05T10:45:46","modified_gmt":"2024-04-05T13:45:46","slug":"el-costo-de-la-esquila-no-cambia-la-cuenta-en-las-razas-carniceras","status":"publish","type":"post","link":"https:\/\/lahoradelcampo.com.uy\/site\/el-costo-de-la-esquila-no-cambia-la-cuenta-en-las-razas-carniceras\/","title":{"rendered":"El costo de la esquila no cambia la cuenta en las razas carniceras"},"content":{"rendered":"\n<figure class=\"wp-block-image size-full\"><a href=\"https:\/\/i0.wp.com\/lahoradelcampo.com.uy\/site\/wp-content\/uploads\/2024\/04\/Texel-majada.jpg\"><img data-recalc-dims=\"1\" loading=\"lazy\" decoding=\"async\" width=\"810\" height=\"405\" data-attachment-id=\"53721\" data-permalink=\"https:\/\/lahoradelcampo.com.uy\/site\/el-costo-de-la-esquila-no-cambia-la-cuenta-en-las-razas-carniceras\/texel-majada\/\" data-orig-file=\"https:\/\/i0.wp.com\/lahoradelcampo.com.uy\/site\/wp-content\/uploads\/2024\/04\/Texel-majada.jpg?fit=880%2C440&amp;ssl=1\" data-orig-size=\"880,440\" data-comments-opened=\"1\" data-image-meta=\"{&quot;aperture&quot;:&quot;0&quot;,&quot;credit&quot;:&quot;&quot;,&quot;camera&quot;:&quot;&quot;,&quot;caption&quot;:&quot;&quot;,&quot;created_timestamp&quot;:&quot;0&quot;,&quot;copyright&quot;:&quot;&quot;,&quot;focal_length&quot;:&quot;0&quot;,&quot;iso&quot;:&quot;0&quot;,&quot;shutter_speed&quot;:&quot;0&quot;,&quot;title&quot;:&quot;&quot;,&quot;orientation&quot;:&quot;1&quot;}\" data-image-title=\"Texel-majada\" data-image-description=\"\" data-image-caption=\"\" data-large-file=\"https:\/\/i0.wp.com\/lahoradelcampo.com.uy\/site\/wp-content\/uploads\/2024\/04\/Texel-majada.jpg?fit=810%2C405&amp;ssl=1\" src=\"https:\/\/i0.wp.com\/lahoradelcampo.com.uy\/site\/wp-content\/uploads\/2024\/04\/Texel-majada.jpg?resize=810%2C405\" alt=\"\" class=\"wp-image-53721\" srcset=\"https:\/\/i0.wp.com\/lahoradelcampo.com.uy\/site\/wp-content\/uploads\/2024\/04\/Texel-majada.jpg?w=880&amp;ssl=1 880w, https:\/\/i0.wp.com\/lahoradelcampo.com.uy\/site\/wp-content\/uploads\/2024\/04\/Texel-majada.jpg?resize=300%2C150&amp;ssl=1 300w, https:\/\/i0.wp.com\/lahoradelcampo.com.uy\/site\/wp-content\/uploads\/2024\/04\/Texel-majada.jpg?resize=768%2C384&amp;ssl=1 768w, https:\/\/i0.wp.com\/lahoradelcampo.com.uy\/site\/wp-content\/uploads\/2024\/04\/Texel-majada.jpg?resize=820%2C410&amp;ssl=1 820w\" sizes=\"auto, (max-width: 810px) 100vw, 810px\" \/><\/a><\/figure>\n\n\n\n<p>El valor de las lanas de 28 micras y m\u00e1s gruesas, hoy no conforman las expectativas de los productores y en varias oportunidades es uno de los cuestionamientos de quienes analizan la apuesta por las razas carniceras, donde la esquila en algunos casos pasa a ser un costo dentro del sistema productivo.<\/p>\n\n\n\n<p>El presidente de la Sociedad de Criadores de Texel, Lucas Lacava, dijo que \u201cla cuenta que tiene que hacer el criador es tener una buena se\u00f1alada.&nbsp; No permitirse se\u00f1alar menos de 120% y destetar un buen cordero para sacarlo lo antes posible del sistema, preferentemente al destete, o sea, sacarlo de la oveja el cami\u00f3n. Ese negocio es imbatible\u201d.<\/p>\n\n\n\n<p>El ovejero reconoci\u00f3 que \u201cel costo de la esquila, sin duda que es un costo\u201d pero remarc\u00f3 \u201cpara m\u00ed no cambia la cuenta\u201d. Lacava explic\u00f3 que \u201csi le sacamos, dependiendo de la zona, dos d\u00f3lares para la esquila al conjunto de lo que produzca esa unidad productiva como oveja, no hace la diferencia\u201d.<\/p>\n\n\n\n<p>Remarc\u00f3 que en las razas carniceras \u201cel foco principal tiene que estar en producir el mejor cordero posible, la mayor cantidad de corderos en el menor tiempo posible\u201d y en ese sentido remarc\u00f3 las cualidades de la raza, \u201cpor su destacada velocidad de crecimiento y facilidad de terminaci\u00f3n\u201d.<\/p>\n\n\n\n<p>Salto, 5 de abril de 2024<\/p>\n","protected":false},"excerpt":{"rendered":"<p>El valor de las lanas de 28 micras y m\u00e1s gruesas, hoy no conforman las expectativas de los productores y en varias oportunidades es uno de los cuestionamientos de quienes [&hellip;]<\/p>\n","protected":false},"author":5,"featured_media":53721,"comment_status":"open","ping_status":"open","sticky":false,"template":"","format":"standard","meta":{"_price":"","_stock":"","_tribe_ticket_header":"","_tribe_default_ticket_provider":"","_tribe_ticket_capacity":"0","_ticket_start_date":"","_ticket_end_date":"","_tribe_ticket_show_description":"","_tribe_ticket_show_not_going":false,"_tribe_ticket_use_global_stock":"","_tribe_ticket_global_stock_level":"","_global_stock_mode":"","_global_stock_cap":"","_tribe_rsvp_for_event":"","_tribe_ticket_going_count":"","_tribe_ticket_not_going_count":"","_tribe_tickets_list":"[]","_tribe_ticket_has_attendee_info_fields":false,"h5ap_radio_sources":[],"_jetpack_newsletter_access":"","_jetpack_dont_email_post_to_subs":false,"_jetpack_newsletter_tier_id":0,"_jetpack_memberships_contains_paywalled_content":false,"_jetpack_memberships_contains_paid_content":false,"footnotes":""},"categories":[21,13],"tags":[],"class_list":["post-53720","post","type-post","status-publish","format-standard","has-post-thumbnail","hentry","category-actualidad","category-ovinos"],"jetpack_featured_media_url":"https:\/\/i0.wp.com\/lahoradelcampo.com.uy\/site\/wp-content\/uploads\/2024\/04\/Texel-majada.jpg?fit=880%2C440&ssl=1","jetpack_sharing_enabled":true,"jetpack_shortlink":"https:\/\/wp.me\/p99IaT-dYs","jetpack-related-posts":[{"id":44973,"url":"https:\/\/lahoradelcampo.com.uy\/site\/razas-carniceras-y-prolificas-se-destacan-en-evaluacion-de-carne-ovina-en-la-eemac\/","url_meta":{"origin":53720,"position":0},"title":"Razas carniceras y prol\u00edficas se destacan en evaluaci\u00f3n de carne ovina en la EEMAC","author":"La Hora del Campo","date":"26 agosto, 2022","format":false,"excerpt":"En las instalaciones de la Estaci\u00f3n Experimental Dr. Mario A. Cassinoni (EEMAC) de la Facultad de Agronom\u00eda en Paysand\u00fa, se est\u00e1 evaluando la calidad de carne ovina en proyectos que adem\u00e1s tienen en cuenta la calidad de la lana. Puntualmente en lo que hace referencia a la calidad de la\u2026","rel":"","context":"En \u00abActualidad\u00bb","block_context":{"text":"Actualidad","link":"https:\/\/lahoradelcampo.com.uy\/site\/category\/actualidad\/"},"img":{"alt_text":"","src":"https:\/\/i0.wp.com\/lahoradelcampo.com.uy\/site\/wp-content\/uploads\/2022\/08\/EEMAC-JUANFranco.jpg?fit=880%2C440&ssl=1&resize=350%2C200","width":350,"height":200,"srcset":"https:\/\/i0.wp.com\/lahoradelcampo.com.uy\/site\/wp-content\/uploads\/2022\/08\/EEMAC-JUANFranco.jpg?fit=880%2C440&ssl=1&resize=350%2C200 1x, https:\/\/i0.wp.com\/lahoradelcampo.com.uy\/site\/wp-content\/uploads\/2022\/08\/EEMAC-JUANFranco.jpg?fit=880%2C440&ssl=1&resize=525%2C300 1.5x, https:\/\/i0.wp.com\/lahoradelcampo.com.uy\/site\/wp-content\/uploads\/2022\/08\/EEMAC-JUANFranco.jpg?fit=880%2C440&ssl=1&resize=700%2C400 2x"},"classes":[]},{"id":53357,"url":"https:\/\/lahoradelcampo.com.uy\/site\/los-problemas-del-ovino-estande-la-portera-hacia-afuera\/","url_meta":{"origin":53720,"position":1},"title":"Los problemas del ovino est\u00e1nde la portera hacia afuera","author":"La Hora del Campo","date":"11 enero, 2024","format":false,"excerpt":"La producci\u00f3n ovina est\u00e1 algunas se\u00f1ales que son claras y otras que no tanto. Por el lado de las lanas, pr\u00e1cticamente ha dejado de ser un tema de discusi\u00f3n el afinar la fibra o migrar hacia un sistema de producci\u00f3n de lanas finas, porque m\u00e1s all\u00e1 de las variabilidades de\u2026","rel":"","context":"En \u00abActualidad\u00bb","block_context":{"text":"Actualidad","link":"https:\/\/lahoradelcampo.com.uy\/site\/category\/actualidad\/"},"img":{"alt_text":"","src":"https:\/\/i0.wp.com\/lahoradelcampo.com.uy\/site\/wp-content\/uploads\/2024\/01\/GianniBianchi.jpg?fit=880%2C440&ssl=1&resize=350%2C200","width":350,"height":200,"srcset":"https:\/\/i0.wp.com\/lahoradelcampo.com.uy\/site\/wp-content\/uploads\/2024\/01\/GianniBianchi.jpg?fit=880%2C440&ssl=1&resize=350%2C200 1x, https:\/\/i0.wp.com\/lahoradelcampo.com.uy\/site\/wp-content\/uploads\/2024\/01\/GianniBianchi.jpg?fit=880%2C440&ssl=1&resize=525%2C300 1.5x, https:\/\/i0.wp.com\/lahoradelcampo.com.uy\/site\/wp-content\/uploads\/2024\/01\/GianniBianchi.jpg?fit=880%2C440&ssl=1&resize=700%2C400 2x"},"classes":[]},{"id":53016,"url":"https:\/\/lahoradelcampo.com.uy\/site\/san-rafael-gano-el-primer-concurso-de-borregas-del-salto-ovino\/","url_meta":{"origin":53720,"position":2},"title":"San Rafael gan\u00f3 el primer concurso de borregas del Salto Ovino","author":"La Hora del Campo","date":"6 noviembre, 2023","format":false,"excerpt":"El segundo d\u00eda de actividad del Salto Ovino se desarroll\u00f3 el primer concurso de borregas, en el cual se vieron algunos detalles que se pueden mejorar a futuro, pero que al igual que el concurso de corderos, mostr\u00f3 un alto nivel de los animales expuestos, en todas las categor\u00edas. En\u2026","rel":"","context":"En \u00abActualidad\u00bb","block_context":{"text":"Actualidad","link":"https:\/\/lahoradelcampo.com.uy\/site\/category\/actualidad\/"},"img":{"alt_text":"","src":"https:\/\/i0.wp.com\/lahoradelcampo.com.uy\/site\/wp-content\/uploads\/2023\/11\/Concurso-de-borregas.jpg?fit=880%2C440&ssl=1&resize=350%2C200","width":350,"height":200,"srcset":"https:\/\/i0.wp.com\/lahoradelcampo.com.uy\/site\/wp-content\/uploads\/2023\/11\/Concurso-de-borregas.jpg?fit=880%2C440&ssl=1&resize=350%2C200 1x, https:\/\/i0.wp.com\/lahoradelcampo.com.uy\/site\/wp-content\/uploads\/2023\/11\/Concurso-de-borregas.jpg?fit=880%2C440&ssl=1&resize=525%2C300 1.5x, https:\/\/i0.wp.com\/lahoradelcampo.com.uy\/site\/wp-content\/uploads\/2023\/11\/Concurso-de-borregas.jpg?fit=880%2C440&ssl=1&resize=700%2C400 2x"},"classes":[]},{"id":29020,"url":"https:\/\/lahoradelcampo.com.uy\/site\/en-el-futuro-las-lanas-finas-tienen-espacio-para-seguir-disminuyendo-el-diametro-y-las-lanas-medias\/","url_meta":{"origin":53720,"position":3},"title":"En el futuro \u00ablas lanas finas tienen espacio para seguir disminuyendo el di\u00e1metro\u00bb \u00bfy las lanas medias?","author":"La Hora del Campo","date":"5 abril, 2021","format":false,"excerpt":"En un momento donde se ha analizado el avance que tuvieron las lanas finas en su colocaci\u00f3n a nivel internacional, dada la disminuci\u00f3n de su micronaje, y las dificultades que se observan para la venta de las lanas de 28 micras y m\u00e1s gruesas, en un di\u00e1logo mantenido con el\u2026","rel":"","context":"En \u00abActualidad\u00bb","block_context":{"text":"Actualidad","link":"https:\/\/lahoradelcampo.com.uy\/site\/category\/actualidad\/"},"img":{"alt_text":"","src":"https:\/\/i0.wp.com\/lahoradelcampo.com.uy\/site\/wp-content\/uploads\/2019\/08\/Roberto-Cardellino.jpg?fit=880%2C440&ssl=1&resize=350%2C200","width":350,"height":200,"srcset":"https:\/\/i0.wp.com\/lahoradelcampo.com.uy\/site\/wp-content\/uploads\/2019\/08\/Roberto-Cardellino.jpg?fit=880%2C440&ssl=1&resize=350%2C200 1x, https:\/\/i0.wp.com\/lahoradelcampo.com.uy\/site\/wp-content\/uploads\/2019\/08\/Roberto-Cardellino.jpg?fit=880%2C440&ssl=1&resize=525%2C300 1.5x, https:\/\/i0.wp.com\/lahoradelcampo.com.uy\/site\/wp-content\/uploads\/2019\/08\/Roberto-Cardellino.jpg?fit=880%2C440&ssl=1&resize=700%2C400 2x"},"classes":[]},{"id":841,"url":"https:\/\/lahoradelcampo.com.uy\/site\/presentan-consorcio-de-razas-carniceras-ovinas-el-miercoles\/","url_meta":{"origin":53720,"position":4},"title":"Presentan consorcio de razas carniceras ovinas el mi\u00e9rcoles","author":"La Hora del Campo","date":"10 septiembre, 2017","format":false,"excerpt":"El mi\u00e9rcoles 13 de setiembre en el stand de INIA a las 17 horas se realizar\u00e1 la presentaci\u00f3n del Consorcio Agroindustrial de \u00a0la Carne Ovina. Diego Riccetto, presidente de la Sociedad de Criadores de Texel del Uruguay, dijo \"estamos muy motivados porque creemos que est\u00e1 ser\u00e1 una herramienta muy importante\u2026","rel":"","context":"En \u00abActualidad\u00bb","block_context":{"text":"Actualidad","link":"https:\/\/lahoradelcampo.com.uy\/site\/category\/actualidad\/"},"img":{"alt_text":"","src":"https:\/\/i0.wp.com\/lahoradelcampo.com.uy\/site\/wp-content\/uploads\/2017\/09\/Texel-Diego-Riccetto.jpg?fit=880%2C440&ssl=1&resize=350%2C200","width":350,"height":200,"srcset":"https:\/\/i0.wp.com\/lahoradelcampo.com.uy\/site\/wp-content\/uploads\/2017\/09\/Texel-Diego-Riccetto.jpg?fit=880%2C440&ssl=1&resize=350%2C200 1x, https:\/\/i0.wp.com\/lahoradelcampo.com.uy\/site\/wp-content\/uploads\/2017\/09\/Texel-Diego-Riccetto.jpg?fit=880%2C440&ssl=1&resize=525%2C300 1.5x, https:\/\/i0.wp.com\/lahoradelcampo.com.uy\/site\/wp-content\/uploads\/2017\/09\/Texel-Diego-Riccetto.jpg?fit=880%2C440&ssl=1&resize=700%2C400 2x"},"classes":[]},{"id":48961,"url":"https:\/\/lahoradelcampo.com.uy\/site\/tedesco-el-ovino-es-complementario-y-no-competitivo\/","url_meta":{"origin":53720,"position":5},"title":"Tedesco: El ovino \u00abes complementario y no competitivo\u00bb","author":"La Hora del Campo","date":"1 marzo, 2023","format":false,"excerpt":"\u201cLa oveja es una especie que Uruguay no la puede perder, independientemente de la raza que crie el productor, porque se necesita este complemento para la producci\u00f3n agropecuaria\u201d, se\u00f1al\u00f3 el ex Presidente del Secretariado Uruguayo de la Lana (SUL) y reconocido criador corredialista, Alejandro Tedesco, enfatizando que \u201ces complementaria y\u2026","rel":"","context":"En \u00abActualidad\u00bb","block_context":{"text":"Actualidad","link":"https:\/\/lahoradelcampo.com.uy\/site\/category\/actualidad\/"},"img":{"alt_text":"","src":"https:\/\/i0.wp.com\/lahoradelcampo.com.uy\/site\/wp-content\/uploads\/2023\/03\/Tedesco-Alejandro.jpg?fit=880%2C440&ssl=1&resize=350%2C200","width":350,"height":200,"srcset":"https:\/\/i0.wp.com\/lahoradelcampo.com.uy\/site\/wp-content\/uploads\/2023\/03\/Tedesco-Alejandro.jpg?fit=880%2C440&ssl=1&resize=350%2C200 1x, https:\/\/i0.wp.com\/lahoradelcampo.com.uy\/site\/wp-content\/uploads\/2023\/03\/Tedesco-Alejandro.jpg?fit=880%2C440&ssl=1&resize=525%2C300 1.5x, https:\/\/i0.wp.com\/lahoradelcampo.com.uy\/site\/wp-content\/uploads\/2023\/03\/Tedesco-Alejandro.jpg?fit=880%2C440&ssl=1&resize=700%2C400 2x"},"classes":[]}],"jetpack_likes_enabled":true,"_links":{"self":[{"href":"https:\/\/lahoradelcampo.com.uy\/site\/wp-json\/wp\/v2\/posts\/53720","targetHints":{"allow":["GET"]}}],"collection":[{"href":"https:\/\/lahoradelcampo.com.uy\/site\/wp-json\/wp\/v2\/posts"}],"about":[{"href":"https:\/\/lahoradelcampo.com.uy\/site\/wp-json\/wp\/v2\/types\/post"}],"author":[{"embeddable":true,"href":"https:\/\/lahoradelcampo.com.uy\/site\/wp-json\/wp\/v2\/users\/5"}],"replies":[{"embeddable":true,"href":"https:\/\/lahoradelcampo.com.uy\/site\/wp-json\/wp\/v2\/comments?post=53720"}],"version-history":[{"count":1,"href":"https:\/\/lahoradelcampo.com.uy\/site\/wp-json\/wp\/v2\/posts\/53720\/revisions"}],"predecessor-version":[{"id":53722,"href":"https:\/\/lahoradelcampo.com.uy\/site\/wp-json\/wp\/v2\/posts\/53720\/revisions\/53722"}],"wp:featuredmedia":[{"embeddable":true,"href":"https:\/\/lahoradelcampo.com.uy\/site\/wp-json\/wp\/v2\/media\/53721"}],"wp:attachment":[{"href":"https:\/\/lahoradelcampo.com.uy\/site\/wp-json\/wp\/v2\/media?parent=53720"}],"wp:term":[{"taxonomy":"category","embeddable":true,"href":"https:\/\/lahoradelcampo.com.uy\/site\/wp-json\/wp\/v2\/categories?post=53720"},{"taxonomy":"post_tag","embeddable":true,"href":"https:\/\/lahoradelcampo.com.uy\/site\/wp-json\/wp\/v2\/tags?post=53720"}],"curies":[{"name":"wp","href":"https:\/\/api.w.org\/{rel}","templated":true}]}}