{"id":53718,"date":"2024-04-05T10:39:11","date_gmt":"2024-04-05T13:39:11","guid":{"rendered":"http:\/\/lahoradelcampo.com.uy\/site\/?p=53718"},"modified":"2024-04-05T10:39:13","modified_gmt":"2024-04-05T13:39:13","slug":"el-19-de-mayo-se-larga-la-marcha-de-caballos-criollos","status":"publish","type":"post","link":"https:\/\/lahoradelcampo.com.uy\/site\/el-19-de-mayo-se-larga-la-marcha-de-caballos-criollos\/","title":{"rendered":"El 19 de mayo se larga la marcha de caballos criollos"},"content":{"rendered":"\n<figure class=\"wp-block-image size-full\"><a href=\"https:\/\/i0.wp.com\/lahoradelcampo.com.uy\/site\/wp-content\/uploads\/2017\/10\/Criollos-marcheros.jpg\"><img data-recalc-dims=\"1\" loading=\"lazy\" decoding=\"async\" width=\"810\" height=\"405\" data-attachment-id=\"2413\" data-permalink=\"https:\/\/lahoradelcampo.com.uy\/site\/imponente-definicion-de-la-marchita-de-criollos\/criollos-marcheros\/\" data-orig-file=\"https:\/\/i0.wp.com\/lahoradelcampo.com.uy\/site\/wp-content\/uploads\/2017\/10\/Criollos-marcheros.jpg?fit=880%2C440&amp;ssl=1\" data-orig-size=\"880,440\" data-comments-opened=\"1\" data-image-meta=\"{&quot;aperture&quot;:&quot;0&quot;,&quot;credit&quot;:&quot;Vicente-Manuel-Tort&quot;,&quot;camera&quot;:&quot;&quot;,&quot;caption&quot;:&quot;&quot;,&quot;created_timestamp&quot;:&quot;0&quot;,&quot;copyright&quot;:&quot;Presidencia de la Republica - Sec.Com.Inst.&quot;,&quot;focal_length&quot;:&quot;0&quot;,&quot;iso&quot;:&quot;0&quot;,&quot;shutter_speed&quot;:&quot;0&quot;,&quot;title&quot;:&quot;&quot;,&quot;orientation&quot;:&quot;1&quot;}\" data-image-title=\"Criollos marcheros\" data-image-description=\"\" data-image-caption=\"\" data-large-file=\"https:\/\/i0.wp.com\/lahoradelcampo.com.uy\/site\/wp-content\/uploads\/2017\/10\/Criollos-marcheros.jpg?fit=810%2C405&amp;ssl=1\" src=\"https:\/\/i0.wp.com\/lahoradelcampo.com.uy\/site\/wp-content\/uploads\/2017\/10\/Criollos-marcheros.jpg?resize=810%2C405\" alt=\"\" class=\"wp-image-2413\" srcset=\"https:\/\/i0.wp.com\/lahoradelcampo.com.uy\/site\/wp-content\/uploads\/2017\/10\/Criollos-marcheros.jpg?w=880&amp;ssl=1 880w, https:\/\/i0.wp.com\/lahoradelcampo.com.uy\/site\/wp-content\/uploads\/2017\/10\/Criollos-marcheros.jpg?resize=300%2C150&amp;ssl=1 300w, https:\/\/i0.wp.com\/lahoradelcampo.com.uy\/site\/wp-content\/uploads\/2017\/10\/Criollos-marcheros.jpg?resize=768%2C384&amp;ssl=1 768w, https:\/\/i0.wp.com\/lahoradelcampo.com.uy\/site\/wp-content\/uploads\/2017\/10\/Criollos-marcheros.jpg?resize=820%2C410&amp;ssl=1 820w\" sizes=\"auto, (max-width: 810px) 100vw, 810px\" \/><\/a><\/figure>\n\n\n\n<p>La prueba m\u00e1s importante de la Sociedad de Criadores de Caballos del Uruguay (SCCCU), la Marcha Funcional en su quincuag\u00e9simo tercera edici\u00f3n, se desarrollar\u00e1 este a\u00f1o del domingo 19 de mayo al 2 de junio en el departamento de Artigas, con el local Chiflero de la Asociaci\u00f3n Agropecuaria de Artigas, como epicentro de la prueba.<\/p>\n\n\n\n<p>La edici\u00f3n 2024 lleva el nombre de \u201cMar\u00eda Iewdiukow\u201d, seg\u00fan indic\u00f3 Mauro Villamor, presidente de la Agremiaci\u00f3n de Criadores de Caballos Criollos de Artigas, que es \u201ccriadora de caballos criollos en el departamento de R\u00edo Negro\u201d y proviene de una familia con historia en la cr\u00eda del criollo en Cerro Largo.<\/p>\n\n\n\n<p>La criadora que ingres\u00f3 a la directiva de la SCCCU en el a\u00f1o 1994, ha tenido una \u201cdestacad\u00edsima\u201d actuaci\u00f3n como dirigente que durante muchos a\u00f1os en la Comisi\u00f3n Directiva, actuando como Secretaria en varios per\u00edodos as\u00ed como tambi\u00e9n Tesorera.<\/p>\n\n\n\n<p>\u201cCon su caba\u00f1a Don Miguel, compartida con sus hermanas, mantuvo la l\u00ednea seguida por su padre, criando caballos de Resistencia cuyo origen era cerrado de Gallinal. Sus animales tuvieron destacados desempe\u00f1os en las diferentes competencias\u201d dice un comunicado emitido por la gremial en sus redes sociales.<\/p>\n\n\n\n<p>En la agenda del evento, est\u00e1 previsto comenzar la concentraci\u00f3n de los animales participantes el 19 de abril, un mes antes como es tradicional, en el predio \u201cLa Concordia\u201d de Juan Manuel Narbondo, en la zona de Mataperros.&nbsp;<\/p>\n\n\n\n<p>Las inscripciones est\u00e1n abiertas, y hasta hoy 5 de abril tendr\u00e1n un valor de US$ 420 para los socios y de US$ 600 para quienes a\u00fan no lo son. En tanto que a partir del 6 de abril los valores pasaran a ser de US$ 520 y US$ 700 respectivamente.<\/p>\n\n\n\n<p>Salto, 5 de abril de 2024<\/p>\n","protected":false},"excerpt":{"rendered":"<p>La prueba m\u00e1s importante de la Sociedad de Criadores de Caballos del Uruguay (SCCCU), la Marcha Funcional en su quincuag\u00e9simo tercera edici\u00f3n, se desarrollar\u00e1 este a\u00f1o del domingo 19 de [&hellip;]<\/p>\n","protected":false},"author":5,"featured_media":2413,"comment_status":"open","ping_status":"open","sticky":false,"template":"","format":"standard","meta":{"_price":"","_stock":"","_tribe_ticket_header":"","_tribe_default_ticket_provider":"","_tribe_ticket_capacity":"0","_ticket_start_date":"","_ticket_end_date":"","_tribe_ticket_show_description":"","_tribe_ticket_show_not_going":false,"_tribe_ticket_use_global_stock":"","_tribe_ticket_global_stock_level":"","_global_stock_mode":"","_global_stock_cap":"","_tribe_rsvp_for_event":"","_tribe_ticket_going_count":"","_tribe_ticket_not_going_count":"","_tribe_tickets_list":"[]","_tribe_ticket_has_attendee_info_fields":false,"h5ap_radio_sources":[],"_jetpack_newsletter_access":"","_jetpack_dont_email_post_to_subs":false,"_jetpack_newsletter_tier_id":0,"_jetpack_memberships_contains_paywalled_content":false,"_jetpack_memberships_contains_paid_content":false,"footnotes":""},"categories":[21,23],"tags":[],"class_list":["post-53718","post","type-post","status-publish","format-standard","has-post-thumbnail","hentry","category-actualidad","category-equinos"],"jetpack_featured_media_url":"https:\/\/i0.wp.com\/lahoradelcampo.com.uy\/site\/wp-content\/uploads\/2017\/10\/Criollos-marcheros.jpg?fit=880%2C440&ssl=1","jetpack_sharing_enabled":true,"jetpack_shortlink":"https:\/\/wp.me\/p99IaT-dYq","jetpack-related-posts":[{"id":50008,"url":"https:\/\/lahoradelcampo.com.uy\/site\/24-de-abril-cierran-las-pre-inscripciones-para-la-marcha-de-criollos\/","url_meta":{"origin":53718,"position":0},"title":"24 de abril cierran las pre-inscripciones para la Marcha de Criollos","author":"La Hora del Campo","date":"16 abril, 2023","format":false,"excerpt":"La Sociedad de Criadores de Caballos Criollos del Uruguay (SCCCU) se prepara para celebrar la 52\u00b0 edici\u00f3n de la Marcha Funcional \"Carlos M\u00e1spoli\" y, junto a la Federaci\u00f3n Internacional de Criadores de Caballos Criollos (FICCC), la 8\u00b0 edici\u00f3n de la Marcha FICCC. Esta competici\u00f3n de resistencia y rusticidad se llevar\u00e1\u2026","rel":"","context":"En \u00abActualidad\u00bb","block_context":{"text":"Actualidad","link":"https:\/\/lahoradelcampo.com.uy\/site\/category\/actualidad\/"},"img":{"alt_text":"","src":"https:\/\/i0.wp.com\/lahoradelcampo.com.uy\/site\/wp-content\/uploads\/2021\/08\/Marchacriollos.jpg?fit=880%2C440&ssl=1&resize=350%2C200","width":350,"height":200,"srcset":"https:\/\/i0.wp.com\/lahoradelcampo.com.uy\/site\/wp-content\/uploads\/2021\/08\/Marchacriollos.jpg?fit=880%2C440&ssl=1&resize=350%2C200 1x, https:\/\/i0.wp.com\/lahoradelcampo.com.uy\/site\/wp-content\/uploads\/2021\/08\/Marchacriollos.jpg?fit=880%2C440&ssl=1&resize=525%2C300 1.5x, https:\/\/i0.wp.com\/lahoradelcampo.com.uy\/site\/wp-content\/uploads\/2021\/08\/Marchacriollos.jpg?fit=880%2C440&ssl=1&resize=700%2C400 2x"},"classes":[]},{"id":35933,"url":"https:\/\/lahoradelcampo.com.uy\/site\/criollos-realizaran-la-marcha-en-florida-y-la-ficcc-en-flores\/","url_meta":{"origin":53718,"position":1},"title":"Criollos realizar\u00e1n la marcha en Florida y la FICCC en Flores","author":"La Hora del Campo","date":"26 octubre, 2021","format":false,"excerpt":"La Sociedad de Criadores de Caballos Criollos del Uruguay (SCCCU) comenz\u00f3 a organizar su agenda para el 2022, con las fechas ya programadas para sus principales actividades. En este sentido la Exposici\u00f3n de Oto\u00f1o se realizar\u00e1 del 4 al 8 de mayo, la Marcha Funcional de Caballos Criollos se realizar\u00e1\u2026","rel":"","context":"En \u00abActualidad\u00bb","block_context":{"text":"Actualidad","link":"https:\/\/lahoradelcampo.com.uy\/site\/category\/actualidad\/"},"img":{"alt_text":"","src":"https:\/\/i0.wp.com\/lahoradelcampo.com.uy\/site\/wp-content\/uploads\/2019\/05\/Criollos.jpg?fit=880%2C440&ssl=1&resize=350%2C200","width":350,"height":200,"srcset":"https:\/\/i0.wp.com\/lahoradelcampo.com.uy\/site\/wp-content\/uploads\/2019\/05\/Criollos.jpg?fit=880%2C440&ssl=1&resize=350%2C200 1x, https:\/\/i0.wp.com\/lahoradelcampo.com.uy\/site\/wp-content\/uploads\/2019\/05\/Criollos.jpg?fit=880%2C440&ssl=1&resize=525%2C300 1.5x, https:\/\/i0.wp.com\/lahoradelcampo.com.uy\/site\/wp-content\/uploads\/2019\/05\/Criollos.jpg?fit=880%2C440&ssl=1&resize=700%2C400 2x"},"classes":[]},{"id":50284,"url":"https:\/\/lahoradelcampo.com.uy\/site\/julio-con-intensa-actividad-de-criollos-en-artigas\/","url_meta":{"origin":53718,"position":2},"title":"Julio con intensa actividad de criollos en Artigas","author":"La Hora del Campo","date":"8 mayo, 2023","format":false,"excerpt":"La Agremiaci\u00f3n de Criadores de Caballos Criollos de Artigas anuncia tres actividades destacadas para el \u00faltimo fin de semana de julio de 2023 en el Local Chiflero de la Asociaci\u00f3n Agropecuaria de Artigas.El viernes 28 y el s\u00e1bado 29 de julio se llevar\u00e1 a cabo el Redom\u00f3n, una clasificatoria a\u2026","rel":"","context":"En \u00abActualidad\u00bb","block_context":{"text":"Actualidad","link":"https:\/\/lahoradelcampo.com.uy\/site\/category\/actualidad\/"},"img":{"alt_text":"","src":"https:\/\/i0.wp.com\/lahoradelcampo.com.uy\/site\/wp-content\/uploads\/2020\/08\/criolloswebpaleteadas.jpg?fit=880%2C440&ssl=1&resize=350%2C200","width":350,"height":200,"srcset":"https:\/\/i0.wp.com\/lahoradelcampo.com.uy\/site\/wp-content\/uploads\/2020\/08\/criolloswebpaleteadas.jpg?fit=880%2C440&ssl=1&resize=350%2C200 1x, https:\/\/i0.wp.com\/lahoradelcampo.com.uy\/site\/wp-content\/uploads\/2020\/08\/criolloswebpaleteadas.jpg?fit=880%2C440&ssl=1&resize=525%2C300 1.5x, https:\/\/i0.wp.com\/lahoradelcampo.com.uy\/site\/wp-content\/uploads\/2020\/08\/criolloswebpaleteadas.jpg?fit=880%2C440&ssl=1&resize=700%2C400 2x"},"classes":[]},{"id":42497,"url":"https:\/\/lahoradelcampo.com.uy\/site\/cabana-el-rumbo-gano-la-edicion-51-de-la-marcha-de-criollos\/","url_meta":{"origin":53718,"position":3},"title":"Caba\u00f1a \u00abEl Rumbo\u00bb gan\u00f3 la edici\u00f3n 51 de la marcha de criollos","author":"La Hora del Campo","date":"7 junio, 2022","format":false,"excerpt":"El fin de semana finaliz\u00f3 la 51\u00b0 edici\u00f3n de la Marcha Funcional de Caballos Criollos denominada \"Matilde Gallinal\" en el departamento de Florida, donde la caba\u00f1a \"El Rumbo\" de la familia De Souza logr\u00f3 la victoria al igual que el a\u00f1o pasado en Salto y la caba\u00f1a Don Salvador gan\u00f3\u2026","rel":"","context":"En \u00abActualidad\u00bb","block_context":{"text":"Actualidad","link":"https:\/\/lahoradelcampo.com.uy\/site\/category\/actualidad\/"},"img":{"alt_text":"","src":"https:\/\/i0.wp.com\/lahoradelcampo.com.uy\/site\/wp-content\/uploads\/2022\/06\/marchacriollos-desouza.jpg?fit=880%2C440&ssl=1&resize=350%2C200","width":350,"height":200,"srcset":"https:\/\/i0.wp.com\/lahoradelcampo.com.uy\/site\/wp-content\/uploads\/2022\/06\/marchacriollos-desouza.jpg?fit=880%2C440&ssl=1&resize=350%2C200 1x, https:\/\/i0.wp.com\/lahoradelcampo.com.uy\/site\/wp-content\/uploads\/2022\/06\/marchacriollos-desouza.jpg?fit=880%2C440&ssl=1&resize=525%2C300 1.5x, https:\/\/i0.wp.com\/lahoradelcampo.com.uy\/site\/wp-content\/uploads\/2022\/06\/marchacriollos-desouza.jpg?fit=880%2C440&ssl=1&resize=700%2C400 2x"},"classes":[]},{"id":56152,"url":"https:\/\/lahoradelcampo.com.uy\/site\/dos-saltenas-hicieron-historia-de-la-54a-marcha-funcional-de-caballos-criollos-en-lavalleja\/","url_meta":{"origin":53718,"position":4},"title":"Dos salte\u00f1as hicieron historia de la 54\u00aa Marcha Funcional de Caballos Criollos en Lavalleja","author":"La Hora del Campo","date":"6 junio, 2025","format":false,"excerpt":"En la \u00faltima etapa libre de la 54.\u00aa Marcha Funcional de Caballos Criollos en el departamento de Lavalleja, las mujeres salte\u00f1as que lideraban en las dos categor\u00edas, mayores y menores, ratificaron su impronta en el camino y se han convertido en las primeras mujeres en ganar esta prueba. La prueba\u2026","rel":"","context":"En \u00abActualidad\u00bb","block_context":{"text":"Actualidad","link":"https:\/\/lahoradelcampo.com.uy\/site\/category\/actualidad\/"},"img":{"alt_text":"","src":"https:\/\/i0.wp.com\/lahoradelcampo.com.uy\/site\/wp-content\/uploads\/2025\/06\/criollos-marchaminas.jpg?fit=880%2C440&ssl=1&resize=350%2C200","width":350,"height":200,"srcset":"https:\/\/i0.wp.com\/lahoradelcampo.com.uy\/site\/wp-content\/uploads\/2025\/06\/criollos-marchaminas.jpg?fit=880%2C440&ssl=1&resize=350%2C200 1x, https:\/\/i0.wp.com\/lahoradelcampo.com.uy\/site\/wp-content\/uploads\/2025\/06\/criollos-marchaminas.jpg?fit=880%2C440&ssl=1&resize=525%2C300 1.5x, https:\/\/i0.wp.com\/lahoradelcampo.com.uy\/site\/wp-content\/uploads\/2025\/06\/criollos-marchaminas.jpg?fit=880%2C440&ssl=1&resize=700%2C400 2x"},"classes":[]},{"id":10041,"url":"https:\/\/lahoradelcampo.com.uy\/site\/concentracion-para-la-marcha-funcional-de-caballos-criollos-comienza-el-26-de-abril\/","url_meta":{"origin":53718,"position":5},"title":"Concentraci\u00f3n para la Marcha funcional de caballos criollos comienza el 26 de abril","author":"La Hora del Campo ADMIN","date":"22 abril, 2019","format":false,"excerpt":"El pr\u00f3ximo viernes 26 de abril comienza la concentraci\u00f3n de criollos para la 49a Marcha Funcional de Caballos Criollos del Uruguay a realizarse en Melo, Cerr\u00f3 Largo. El ingreso a la concentraci\u00f3n se realizar\u00e1 hasta el viernes a la hora 18 en la estancia Do\u00f1a Sof\u00eda en Paraje Zapallar en\u2026","rel":"","context":"En \u00abActualidad\u00bb","block_context":{"text":"Actualidad","link":"https:\/\/lahoradelcampo.com.uy\/site\/category\/actualidad\/"},"img":{"alt_text":"","src":"https:\/\/i0.wp.com\/lahoradelcampo.com.uy\/site\/wp-content\/uploads\/2019\/04\/Adobe_20190422_073033.jpg?fit=880%2C440&ssl=1&resize=350%2C200","width":350,"height":200,"srcset":"https:\/\/i0.wp.com\/lahoradelcampo.com.uy\/site\/wp-content\/uploads\/2019\/04\/Adobe_20190422_073033.jpg?fit=880%2C440&ssl=1&resize=350%2C200 1x, https:\/\/i0.wp.com\/lahoradelcampo.com.uy\/site\/wp-content\/uploads\/2019\/04\/Adobe_20190422_073033.jpg?fit=880%2C440&ssl=1&resize=525%2C300 1.5x, https:\/\/i0.wp.com\/lahoradelcampo.com.uy\/site\/wp-content\/uploads\/2019\/04\/Adobe_20190422_073033.jpg?fit=880%2C440&ssl=1&resize=700%2C400 2x"},"classes":[]}],"jetpack_likes_enabled":true,"_links":{"self":[{"href":"https:\/\/lahoradelcampo.com.uy\/site\/wp-json\/wp\/v2\/posts\/53718","targetHints":{"allow":["GET"]}}],"collection":[{"href":"https:\/\/lahoradelcampo.com.uy\/site\/wp-json\/wp\/v2\/posts"}],"about":[{"href":"https:\/\/lahoradelcampo.com.uy\/site\/wp-json\/wp\/v2\/types\/post"}],"author":[{"embeddable":true,"href":"https:\/\/lahoradelcampo.com.uy\/site\/wp-json\/wp\/v2\/users\/5"}],"replies":[{"embeddable":true,"href":"https:\/\/lahoradelcampo.com.uy\/site\/wp-json\/wp\/v2\/comments?post=53718"}],"version-history":[{"count":1,"href":"https:\/\/lahoradelcampo.com.uy\/site\/wp-json\/wp\/v2\/posts\/53718\/revisions"}],"predecessor-version":[{"id":53719,"href":"https:\/\/lahoradelcampo.com.uy\/site\/wp-json\/wp\/v2\/posts\/53718\/revisions\/53719"}],"wp:featuredmedia":[{"embeddable":true,"href":"https:\/\/lahoradelcampo.com.uy\/site\/wp-json\/wp\/v2\/media\/2413"}],"wp:attachment":[{"href":"https:\/\/lahoradelcampo.com.uy\/site\/wp-json\/wp\/v2\/media?parent=53718"}],"wp:term":[{"taxonomy":"category","embeddable":true,"href":"https:\/\/lahoradelcampo.com.uy\/site\/wp-json\/wp\/v2\/categories?post=53718"},{"taxonomy":"post_tag","embeddable":true,"href":"https:\/\/lahoradelcampo.com.uy\/site\/wp-json\/wp\/v2\/tags?post=53718"}],"curies":[{"name":"wp","href":"https:\/\/api.w.org\/{rel}","templated":true}]}}