{"id":53716,"date":"2024-04-05T06:59:27","date_gmt":"2024-04-05T09:59:27","guid":{"rendered":"http:\/\/lahoradelcampo.com.uy\/site\/?p=53716"},"modified":"2024-04-05T10:36:55","modified_gmt":"2024-04-05T13:36:55","slug":"rinde-en-entre-rios-supera-los-7-900-kilos-de-arroz-por-hectarea","status":"publish","type":"post","link":"https:\/\/lahoradelcampo.com.uy\/site\/rinde-en-entre-rios-supera-los-7-900-kilos-de-arroz-por-hectarea\/","title":{"rendered":"Rinde en Entre R\u00edos supera los 7.900 kilos de arroz por hect\u00e1rea"},"content":{"rendered":"\n<figure class=\"wp-block-image size-full\"><a href=\"https:\/\/i0.wp.com\/lahoradelcampo.com.uy\/site\/wp-content\/uploads\/2018\/03\/Arroz-web.jpg\"><img data-recalc-dims=\"1\" loading=\"lazy\" decoding=\"async\" width=\"810\" height=\"405\" data-attachment-id=\"6283\" data-permalink=\"https:\/\/lahoradelcampo.com.uy\/site\/aumento-de-la-demanda-sube-precio-del-arroz-en-brasil\/arroz-web\/\" data-orig-file=\"https:\/\/i0.wp.com\/lahoradelcampo.com.uy\/site\/wp-content\/uploads\/2018\/03\/Arroz-web.jpg?fit=880%2C440&amp;ssl=1\" data-orig-size=\"880,440\" data-comments-opened=\"1\" data-image-meta=\"{&quot;aperture&quot;:&quot;0&quot;,&quot;credit&quot;:&quot;Vicente-Manuel-Tort&quot;,&quot;camera&quot;:&quot;&quot;,&quot;caption&quot;:&quot;&quot;,&quot;created_timestamp&quot;:&quot;0&quot;,&quot;copyright&quot;:&quot;Presidencia de la Republica - Sec.Com.Inst.&quot;,&quot;focal_length&quot;:&quot;0&quot;,&quot;iso&quot;:&quot;0&quot;,&quot;shutter_speed&quot;:&quot;0&quot;,&quot;title&quot;:&quot;&quot;,&quot;orientation&quot;:&quot;1&quot;}\" data-image-title=\"Arroz web\" data-image-description=\"\" data-image-caption=\"\" data-large-file=\"https:\/\/i0.wp.com\/lahoradelcampo.com.uy\/site\/wp-content\/uploads\/2018\/03\/Arroz-web.jpg?fit=810%2C405&amp;ssl=1\" src=\"https:\/\/i0.wp.com\/lahoradelcampo.com.uy\/site\/wp-content\/uploads\/2018\/03\/Arroz-web.jpg?resize=810%2C405\" alt=\"\" class=\"wp-image-6283\" srcset=\"https:\/\/i0.wp.com\/lahoradelcampo.com.uy\/site\/wp-content\/uploads\/2018\/03\/Arroz-web.jpg?w=880&amp;ssl=1 880w, https:\/\/i0.wp.com\/lahoradelcampo.com.uy\/site\/wp-content\/uploads\/2018\/03\/Arroz-web.jpg?resize=300%2C150&amp;ssl=1 300w, https:\/\/i0.wp.com\/lahoradelcampo.com.uy\/site\/wp-content\/uploads\/2018\/03\/Arroz-web.jpg?resize=768%2C384&amp;ssl=1 768w, https:\/\/i0.wp.com\/lahoradelcampo.com.uy\/site\/wp-content\/uploads\/2018\/03\/Arroz-web.jpg?resize=820%2C410&amp;ssl=1 820w\" sizes=\"auto, (max-width: 810px) 100vw, 810px\" \/><\/a><\/figure>\n\n\n\n<p>En la provincia de Entre R\u00edos, el avance de la cosecha de arroz alcanza un promedio del 42 % de la superficie sembrada para el ciclo 2023\/24, que comprende un \u00e1rea de 58.600 hect\u00e1reas, seg\u00fan informaci\u00f3n proporcionada por el Sistema de Informaci\u00f3n de la Bolsa de Cereales de Entre R\u00edos (SIBER).<\/p>\n\n\n\n<p>El rendimiento promedio provincial hasta el momento ha superado el registro de la \u00faltima campa\u00f1a, que se situ\u00f3 en 7.388 kg\/ha. Para el presente ciclo, el rendimiento promedio del \u00e1rea cosechada se estima en torno a los 7.917 kg\/ha, lo que indica un desempe\u00f1o positivo en comparaci\u00f3n con la temporada anterior.<\/p>\n\n\n\n<p>En cuanto a la calidad del grano, se destaca que presenta buenos est\u00e1ndares, con \u00edndices bajos de quebrado, manchado y vano, lo que augura un producto final de calidad para los productores de la regi\u00f3n.<\/p>\n\n\n\n<p>No obstante, se reporta la p\u00e9rdida de \u00e1rea debido a las tormentas y el exceso de lluvias, que han provocado el volcamiento de un porcentaje de plantas. A pesar de estos contratiempos, se espera que la cosecha contin\u00fae desarroll\u00e1ndose con buenos resultados en t\u00e9rminos generales.<\/p>\n\n\n\n<p>Salto, 5 de abril de 2024<\/p>\n","protected":false},"excerpt":{"rendered":"<p>En la provincia de Entre R\u00edos, el avance de la cosecha de arroz alcanza un promedio del 42 % de la superficie sembrada para el ciclo 2023\/24, que comprende un [&hellip;]<\/p>\n","protected":false},"author":5,"featured_media":6283,"comment_status":"open","ping_status":"open","sticky":false,"template":"","format":"standard","meta":{"_price":"","_stock":"","_tribe_ticket_header":"","_tribe_default_ticket_provider":"","_tribe_ticket_capacity":"0","_ticket_start_date":"","_ticket_end_date":"","_tribe_ticket_show_description":"","_tribe_ticket_show_not_going":false,"_tribe_ticket_use_global_stock":"","_tribe_ticket_global_stock_level":"","_global_stock_mode":"","_global_stock_cap":"","_tribe_rsvp_for_event":"","_tribe_ticket_going_count":"","_tribe_ticket_not_going_count":"","_tribe_tickets_list":"[]","_tribe_ticket_has_attendee_info_fields":false,"h5ap_radio_sources":[],"_jetpack_newsletter_access":"","_jetpack_dont_email_post_to_subs":false,"_jetpack_newsletter_tier_id":0,"_jetpack_memberships_contains_paywalled_content":false,"_jetpack_memberships_contains_paid_content":false,"footnotes":""},"categories":[21,15],"tags":[],"class_list":["post-53716","post","type-post","status-publish","format-standard","has-post-thumbnail","hentry","category-actualidad","category-columnistas"],"jetpack_featured_media_url":"https:\/\/i0.wp.com\/lahoradelcampo.com.uy\/site\/wp-content\/uploads\/2018\/03\/Arroz-web.jpg?fit=880%2C440&ssl=1","jetpack_sharing_enabled":true,"jetpack_shortlink":"https:\/\/wp.me\/p99IaT-dYo","jetpack-related-posts":[{"id":20498,"url":"https:\/\/lahoradelcampo.com.uy\/site\/el-arroz-alcanzo-8-620-kilos-por-hectarea-de-rendimiento\/","url_meta":{"origin":53716,"position":0},"title":"El arroz alcanz\u00f3 8.620 kilos por hect\u00e1rea de rendimiento","author":"La Hora del Campo","date":"2 junio, 2020","format":false,"excerpt":"El \u00e1rea arrocera en el pa\u00eds cay\u00f3 un 3,2% de acuerdo a la informaci\u00f3n relevada por el Ministerio de Ganader\u00eda, Agricultura y Pesca en su encuesta arrocera 2020, publicada en la jornada de ayer, donde adem\u00e1s se marca un aumento del 4% en los rendimientos por hect\u00e1rea respecto a la\u2026","rel":"","context":"En \u00abActualidad\u00bb","block_context":{"text":"Actualidad","link":"https:\/\/lahoradelcampo.com.uy\/site\/category\/actualidad\/"},"img":{"alt_text":"","src":"https:\/\/i0.wp.com\/lahoradelcampo.com.uy\/site\/wp-content\/uploads\/2020\/06\/Arroz-rendimientos.jpg?fit=880%2C440&ssl=1&resize=350%2C200","width":350,"height":200,"srcset":"https:\/\/i0.wp.com\/lahoradelcampo.com.uy\/site\/wp-content\/uploads\/2020\/06\/Arroz-rendimientos.jpg?fit=880%2C440&ssl=1&resize=350%2C200 1x, https:\/\/i0.wp.com\/lahoradelcampo.com.uy\/site\/wp-content\/uploads\/2020\/06\/Arroz-rendimientos.jpg?fit=880%2C440&ssl=1&resize=525%2C300 1.5x, https:\/\/i0.wp.com\/lahoradelcampo.com.uy\/site\/wp-content\/uploads\/2020\/06\/Arroz-rendimientos.jpg?fit=880%2C440&ssl=1&resize=700%2C400 2x"},"classes":[]},{"id":50919,"url":"https:\/\/lahoradelcampo.com.uy\/site\/diea-informo-un-promedio-de-9-336-kilos-por-hectarea-parala-zafra-arrocera-2022-23\/","url_meta":{"origin":53716,"position":1},"title":"DIEA inform\u00f3 un promedio de 9.336 kilos por hect\u00e1rea parala zafra arrocera 2022\/23","author":"La Hora del Campo","date":"31 mayo, 2023","format":false,"excerpt":"El Ministerio de Ganader\u00eda, Agricultura y Pesca, a trav\u00e9s de Estad\u00edsticas Agropecuarias (DIEA), ha dado a conocer los resultados de la Encuesta de Arroz correspondiente a la zafra 2022\/23, realizada en mayo de 2023. El objetivo principal fue obtener estimaciones de \u00e1rea sembrada y producci\u00f3n a nivel nacional para las\u2026","rel":"","context":"En \u00abActualidad\u00bb","block_context":{"text":"Actualidad","link":"https:\/\/lahoradelcampo.com.uy\/site\/category\/actualidad\/"},"img":{"alt_text":"","src":"https:\/\/i0.wp.com\/lahoradelcampo.com.uy\/site\/wp-content\/uploads\/2023\/05\/DIEA-ARROZ.jpg?fit=880%2C440&ssl=1&resize=350%2C200","width":350,"height":200,"srcset":"https:\/\/i0.wp.com\/lahoradelcampo.com.uy\/site\/wp-content\/uploads\/2023\/05\/DIEA-ARROZ.jpg?fit=880%2C440&ssl=1&resize=350%2C200 1x, https:\/\/i0.wp.com\/lahoradelcampo.com.uy\/site\/wp-content\/uploads\/2023\/05\/DIEA-ARROZ.jpg?fit=880%2C440&ssl=1&resize=525%2C300 1.5x, https:\/\/i0.wp.com\/lahoradelcampo.com.uy\/site\/wp-content\/uploads\/2023\/05\/DIEA-ARROZ.jpg?fit=880%2C440&ssl=1&resize=700%2C400 2x"},"classes":[]},{"id":51017,"url":"https:\/\/lahoradelcampo.com.uy\/site\/la-zafra-arrocera-2022-2023-alcanza-un-record-en-productividad\/","url_meta":{"origin":53716,"position":2},"title":"La zafra arrocera 2022-2023 alcanza un r\u00e9cord en productividad","author":"La Hora del Campo","date":"2 junio, 2023","format":false,"excerpt":"La sede del Instituto Nacional de Investigaci\u00f3n Agropecuaria (INIA) en Treinta y Tres fue el escenario para el desarrollo del 19\u00b0 Taller de Evaluaci\u00f3n de zafra y an\u00e1lisis tecnol\u00f3gico de arroz 22\/23, en el cual se presentaron los datos relacionados con la cosecha de arroz en el per\u00edodo mencionado. Uno\u2026","rel":"","context":"En \u00abActualidad\u00bb","block_context":{"text":"Actualidad","link":"https:\/\/lahoradelcampo.com.uy\/site\/category\/actualidad\/"},"img":{"alt_text":"","src":"https:\/\/i0.wp.com\/lahoradelcampo.com.uy\/site\/wp-content\/uploads\/2023\/06\/aca-zafra-arrocera.jpg?fit=880%2C440&ssl=1&resize=350%2C200","width":350,"height":200,"srcset":"https:\/\/i0.wp.com\/lahoradelcampo.com.uy\/site\/wp-content\/uploads\/2023\/06\/aca-zafra-arrocera.jpg?fit=880%2C440&ssl=1&resize=350%2C200 1x, https:\/\/i0.wp.com\/lahoradelcampo.com.uy\/site\/wp-content\/uploads\/2023\/06\/aca-zafra-arrocera.jpg?fit=880%2C440&ssl=1&resize=525%2C300 1.5x, https:\/\/i0.wp.com\/lahoradelcampo.com.uy\/site\/wp-content\/uploads\/2023\/06\/aca-zafra-arrocera.jpg?fit=880%2C440&ssl=1&resize=700%2C400 2x"},"classes":[]},{"id":16830,"url":"https:\/\/lahoradelcampo.com.uy\/site\/area-de-trigo-aumento-20-segun-diea\/","url_meta":{"origin":53716,"position":3},"title":"\u00c1rea de trigo  aument\u00f3 20%,   seg\u00fan DIEA","author":"La Hora del Campo","date":"14 enero, 2020","format":false,"excerpt":"La Direcci\u00f3n de Informaci\u00f3n y Estad\u00edsticas Agropecuarias del Ministerio de Ganader\u00eda, Agricultura y Pesca (DIEA) estim\u00f3 un aumento en la producci\u00f3n de trigo 2019\/2020 respecto al ciclo anterior, una ca\u00edda en la producci\u00f3n de cebada y un salto en la producci\u00f3n de colza y carinata. El \u00e1rea total sembrada con\u2026","rel":"","context":"En \u00abActualidad\u00bb","block_context":{"text":"Actualidad","link":"https:\/\/lahoradelcampo.com.uy\/site\/category\/actualidad\/"},"img":{"alt_text":"","src":"https:\/\/i0.wp.com\/lahoradelcampo.com.uy\/site\/wp-content\/uploads\/2017\/09\/Trigo-cosecha.jpg?fit=880%2C440&ssl=1&resize=350%2C200","width":350,"height":200,"srcset":"https:\/\/i0.wp.com\/lahoradelcampo.com.uy\/site\/wp-content\/uploads\/2017\/09\/Trigo-cosecha.jpg?fit=880%2C440&ssl=1&resize=350%2C200 1x, https:\/\/i0.wp.com\/lahoradelcampo.com.uy\/site\/wp-content\/uploads\/2017\/09\/Trigo-cosecha.jpg?fit=880%2C440&ssl=1&resize=525%2C300 1.5x, https:\/\/i0.wp.com\/lahoradelcampo.com.uy\/site\/wp-content\/uploads\/2017\/09\/Trigo-cosecha.jpg?fit=880%2C440&ssl=1&resize=700%2C400 2x"},"classes":[]},{"id":30520,"url":"https:\/\/lahoradelcampo.com.uy\/site\/arroceros-cerraron-la-cosecha-con-9-400-kilos-por-ha-a-nivel-pais\/","url_meta":{"origin":53716,"position":4},"title":"Arroceros cerraron la cosecha con 9.400 kilos por ha. a nivel pa\u00eds","author":"La Hora del Campo","date":"25 mayo, 2021","format":false,"excerpt":"La Asociaci\u00f3n de Cultivadores de Arroz del Uruguay dio a conocer su an\u00e1lisis del final de la cosecha, con un total de 143.247 hect\u00e1reas cosechadas. De este total el norte signific\u00f3 el 23% del \u00e1rea, en centro el 34% y el este del pa\u00eds el 43%. El rendimiento promedio del\u2026","rel":"","context":"En \u00abActualidad\u00bb","block_context":{"text":"Actualidad","link":"https:\/\/lahoradelcampo.com.uy\/site\/category\/actualidad\/"},"img":{"alt_text":"","src":"https:\/\/i0.wp.com\/lahoradelcampo.com.uy\/site\/wp-content\/uploads\/2019\/04\/arroz-1.jpg?fit=880%2C440&ssl=1&resize=350%2C200","width":350,"height":200,"srcset":"https:\/\/i0.wp.com\/lahoradelcampo.com.uy\/site\/wp-content\/uploads\/2019\/04\/arroz-1.jpg?fit=880%2C440&ssl=1&resize=350%2C200 1x, https:\/\/i0.wp.com\/lahoradelcampo.com.uy\/site\/wp-content\/uploads\/2019\/04\/arroz-1.jpg?fit=880%2C440&ssl=1&resize=525%2C300 1.5x, https:\/\/i0.wp.com\/lahoradelcampo.com.uy\/site\/wp-content\/uploads\/2019\/04\/arroz-1.jpg?fit=880%2C440&ssl=1&resize=700%2C400 2x"},"classes":[]},{"id":21852,"url":"https:\/\/lahoradelcampo.com.uy\/site\/area-de-cultivos-de-verano-para-grano-cayo-un-45\/","url_meta":{"origin":53716,"position":5},"title":"\u00c1rea de cultivos de verano  para grano cay\u00f3 un 4,5%","author":"La Hora del Campo","date":"15 julio, 2020","format":false,"excerpt":"La Direcci\u00f3n de Informaci\u00f3n y Estad\u00edsticas del Ministerio de Ganader\u00eda, Agricultura y Pesca (MGAP) dio a conocer el resultado de su encuesta agr\u00edcola invierno 2020, en la que brindo informaci\u00f3n sobre el \u00e1rea sembrada de los cultivos de verano y las estimaciones para los cultivos de invierno. De acuerdo a\u2026","rel":"","context":"En \u00abActualidad\u00bb","block_context":{"text":"Actualidad","link":"https:\/\/lahoradelcampo.com.uy\/site\/category\/actualidad\/"},"img":{"alt_text":"","src":"https:\/\/i0.wp.com\/lahoradelcampo.com.uy\/site\/wp-content\/uploads\/2020\/07\/Maizweb.jpg?fit=880%2C440&ssl=1&resize=350%2C200","width":350,"height":200,"srcset":"https:\/\/i0.wp.com\/lahoradelcampo.com.uy\/site\/wp-content\/uploads\/2020\/07\/Maizweb.jpg?fit=880%2C440&ssl=1&resize=350%2C200 1x, https:\/\/i0.wp.com\/lahoradelcampo.com.uy\/site\/wp-content\/uploads\/2020\/07\/Maizweb.jpg?fit=880%2C440&ssl=1&resize=525%2C300 1.5x, https:\/\/i0.wp.com\/lahoradelcampo.com.uy\/site\/wp-content\/uploads\/2020\/07\/Maizweb.jpg?fit=880%2C440&ssl=1&resize=700%2C400 2x"},"classes":[]}],"jetpack_likes_enabled":true,"_links":{"self":[{"href":"https:\/\/lahoradelcampo.com.uy\/site\/wp-json\/wp\/v2\/posts\/53716","targetHints":{"allow":["GET"]}}],"collection":[{"href":"https:\/\/lahoradelcampo.com.uy\/site\/wp-json\/wp\/v2\/posts"}],"about":[{"href":"https:\/\/lahoradelcampo.com.uy\/site\/wp-json\/wp\/v2\/types\/post"}],"author":[{"embeddable":true,"href":"https:\/\/lahoradelcampo.com.uy\/site\/wp-json\/wp\/v2\/users\/5"}],"replies":[{"embeddable":true,"href":"https:\/\/lahoradelcampo.com.uy\/site\/wp-json\/wp\/v2\/comments?post=53716"}],"version-history":[{"count":1,"href":"https:\/\/lahoradelcampo.com.uy\/site\/wp-json\/wp\/v2\/posts\/53716\/revisions"}],"predecessor-version":[{"id":53717,"href":"https:\/\/lahoradelcampo.com.uy\/site\/wp-json\/wp\/v2\/posts\/53716\/revisions\/53717"}],"wp:featuredmedia":[{"embeddable":true,"href":"https:\/\/lahoradelcampo.com.uy\/site\/wp-json\/wp\/v2\/media\/6283"}],"wp:attachment":[{"href":"https:\/\/lahoradelcampo.com.uy\/site\/wp-json\/wp\/v2\/media?parent=53716"}],"wp:term":[{"taxonomy":"category","embeddable":true,"href":"https:\/\/lahoradelcampo.com.uy\/site\/wp-json\/wp\/v2\/categories?post=53716"},{"taxonomy":"post_tag","embeddable":true,"href":"https:\/\/lahoradelcampo.com.uy\/site\/wp-json\/wp\/v2\/tags?post=53716"}],"curies":[{"name":"wp","href":"https:\/\/api.w.org\/{rel}","templated":true}]}}