{"id":53713,"date":"2024-04-05T07:39:11","date_gmt":"2024-04-05T10:39:11","guid":{"rendered":"http:\/\/lahoradelcampo.com.uy\/site\/?p=53713"},"modified":"2024-04-05T07:39:12","modified_gmt":"2024-04-05T10:39:12","slug":"37-de-avance-de-la-cosecha-arrocera-con-perdidas-por-eventos-climaticos","status":"publish","type":"post","link":"https:\/\/lahoradelcampo.com.uy\/site\/37-de-avance-de-la-cosecha-arrocera-con-perdidas-por-eventos-climaticos\/","title":{"rendered":"37% de avance de la cosecha arrocera, con p\u00e9rdidas por eventos clim\u00e1ticos"},"content":{"rendered":"\n<figure class=\"wp-block-image size-full\"><a href=\"https:\/\/i0.wp.com\/lahoradelcampo.com.uy\/site\/wp-content\/uploads\/2024\/04\/aca-cosecha-arroz.jpg\"><img data-recalc-dims=\"1\" loading=\"lazy\" decoding=\"async\" width=\"810\" height=\"405\" data-attachment-id=\"53714\" data-permalink=\"https:\/\/lahoradelcampo.com.uy\/site\/37-de-avance-de-la-cosecha-arrocera-con-perdidas-por-eventos-climaticos\/aca-cosecha-arroz\/\" data-orig-file=\"https:\/\/i0.wp.com\/lahoradelcampo.com.uy\/site\/wp-content\/uploads\/2024\/04\/aca-cosecha-arroz.jpg?fit=880%2C440&amp;ssl=1\" data-orig-size=\"880,440\" data-comments-opened=\"1\" data-image-meta=\"{&quot;aperture&quot;:&quot;0&quot;,&quot;credit&quot;:&quot;&quot;,&quot;camera&quot;:&quot;&quot;,&quot;caption&quot;:&quot;&quot;,&quot;created_timestamp&quot;:&quot;0&quot;,&quot;copyright&quot;:&quot;&quot;,&quot;focal_length&quot;:&quot;0&quot;,&quot;iso&quot;:&quot;0&quot;,&quot;shutter_speed&quot;:&quot;0&quot;,&quot;title&quot;:&quot;&quot;,&quot;orientation&quot;:&quot;1&quot;}\" data-image-title=\"aca-cosecha-arroz\" data-image-description=\"\" data-image-caption=\"\" data-large-file=\"https:\/\/i0.wp.com\/lahoradelcampo.com.uy\/site\/wp-content\/uploads\/2024\/04\/aca-cosecha-arroz.jpg?fit=810%2C405&amp;ssl=1\" src=\"https:\/\/i0.wp.com\/lahoradelcampo.com.uy\/site\/wp-content\/uploads\/2024\/04\/aca-cosecha-arroz.jpg?resize=810%2C405\" alt=\"\" class=\"wp-image-53714\" srcset=\"https:\/\/i0.wp.com\/lahoradelcampo.com.uy\/site\/wp-content\/uploads\/2024\/04\/aca-cosecha-arroz.jpg?w=880&amp;ssl=1 880w, https:\/\/i0.wp.com\/lahoradelcampo.com.uy\/site\/wp-content\/uploads\/2024\/04\/aca-cosecha-arroz.jpg?resize=300%2C150&amp;ssl=1 300w, https:\/\/i0.wp.com\/lahoradelcampo.com.uy\/site\/wp-content\/uploads\/2024\/04\/aca-cosecha-arroz.jpg?resize=768%2C384&amp;ssl=1 768w, https:\/\/i0.wp.com\/lahoradelcampo.com.uy\/site\/wp-content\/uploads\/2024\/04\/aca-cosecha-arroz.jpg?resize=820%2C410&amp;ssl=1 820w\" sizes=\"auto, (max-width: 810px) 100vw, 810px\" \/><\/a><\/figure>\n\n\n\n<p>La zafra arrocera 23-24 en Uruguay alcanz\u00f3 un 37% de los trabajos de cosecha, sobre un \u00e1rea de 148.629 hect\u00e1reas sembradas a nivel pa\u00eds. La cosecha se ha encontrado con problemas clim\u00e1ticos que han atrasado las tareas.<\/p>\n\n\n\n<p>A nivel regional, el avance de siembra var\u00eda, con el Norte liderando con un 63%, seguido por el Centro con un 37% y el Este con un 30%. Sin embargo, estos n\u00fameros se han visto afectados por los acontecimientos clim\u00e1ticos recientes que han obstaculizado las actividades agr\u00edcolas.<\/p>\n\n\n\n<p>Comparado con el mismo per\u00edodo del a\u00f1o anterior, el avance de cosecha es significativamente menor. Mientras que el a\u00f1o pasado para esta misma fecha ya se hab\u00eda cosechado la mitad del \u00e1rea total, este a\u00f1o apenas se ha alcanzado el 37%. Los efectos de las condiciones clim\u00e1ticas extremas se hacen evidentes en los cultivos de arroz, con p\u00e9rdidas de producci\u00f3n a nivel nacional.<\/p>\n\n\n\n<p>La zona este del pa\u00eds ha sido la m\u00e1s afectada, con informes que sugieren p\u00e9rdidas de entre 4 a 15 bolsas por hect\u00e1rea, dependiendo del \u00e1rea relevada. Aunque se mantiene un ritmo de cosecha adecuado, las precipitaciones pronosticadas para los pr\u00f3ximos d\u00edas podr\u00edan ralentizar a\u00fan m\u00e1s las labores agr\u00edcolas.<\/p>\n\n\n\n<p>Salto, 5 de abril de 2024<\/p>\n","protected":false},"excerpt":{"rendered":"<p>La zafra arrocera 23-24 en Uruguay alcanz\u00f3 un 37% de los trabajos de cosecha, sobre un \u00e1rea de 148.629 hect\u00e1reas sembradas a nivel pa\u00eds. La cosecha se ha encontrado con [&hellip;]<\/p>\n","protected":false},"author":5,"featured_media":53714,"comment_status":"open","ping_status":"open","sticky":false,"template":"","format":"standard","meta":{"_price":"","_stock":"","_tribe_ticket_header":"","_tribe_default_ticket_provider":"","_tribe_ticket_capacity":"0","_ticket_start_date":"","_ticket_end_date":"","_tribe_ticket_show_description":"","_tribe_ticket_show_not_going":false,"_tribe_ticket_use_global_stock":"","_tribe_ticket_global_stock_level":"","_global_stock_mode":"","_global_stock_cap":"","_tribe_rsvp_for_event":"","_tribe_ticket_going_count":"","_tribe_ticket_not_going_count":"","_tribe_tickets_list":"[]","_tribe_ticket_has_attendee_info_fields":false,"h5ap_radio_sources":[],"_jetpack_newsletter_access":"","_jetpack_dont_email_post_to_subs":false,"_jetpack_newsletter_tier_id":0,"_jetpack_memberships_contains_paywalled_content":false,"_jetpack_memberships_contains_paid_content":false,"footnotes":""},"categories":[21,7],"tags":[],"class_list":["post-53713","post","type-post","status-publish","format-standard","has-post-thumbnail","hentry","category-actualidad","category-agricultura"],"jetpack_featured_media_url":"https:\/\/i0.wp.com\/lahoradelcampo.com.uy\/site\/wp-content\/uploads\/2024\/04\/aca-cosecha-arroz.jpg?fit=880%2C440&ssl=1","jetpack_sharing_enabled":true,"jetpack_shortlink":"https:\/\/wp.me\/p99IaT-dYl","jetpack-related-posts":[{"id":53764,"url":"https:\/\/lahoradelcampo.com.uy\/site\/cosecha-arrocera-supera-las-72-800-hectareas-a-nivel-pais\/","url_meta":{"origin":53713,"position":0},"title":"Cosecha arrocera supera las 72.800 hect\u00e1reas a nivel pa\u00eds","author":"La Hora del Campo","date":"10 abril, 2024","format":false,"excerpt":"La cosecha arrocera enfrenta desaf\u00edos importantes este a\u00f1o, debido al comportamiento del clima, que est\u00e1 siendo adverso para las labores de cosecha del cereal, seg\u00fan el \u00faltimo relevamiento de la Asociaci\u00f3n de Cultivadores de Arroz del Uruguay (ACA). Con una superficie sembrada de 148.629 hect\u00e1reas en esta zafra, los productores\u2026","rel":"","context":"En \u00abActualidad\u00bb","block_context":{"text":"Actualidad","link":"https:\/\/lahoradelcampo.com.uy\/site\/category\/actualidad\/"},"img":{"alt_text":"","src":"https:\/\/i0.wp.com\/lahoradelcampo.com.uy\/site\/wp-content\/uploads\/2024\/04\/Zafra-arrocera.jpg?fit=880%2C440&ssl=1&resize=350%2C200","width":350,"height":200,"srcset":"https:\/\/i0.wp.com\/lahoradelcampo.com.uy\/site\/wp-content\/uploads\/2024\/04\/Zafra-arrocera.jpg?fit=880%2C440&ssl=1&resize=350%2C200 1x, https:\/\/i0.wp.com\/lahoradelcampo.com.uy\/site\/wp-content\/uploads\/2024\/04\/Zafra-arrocera.jpg?fit=880%2C440&ssl=1&resize=525%2C300 1.5x, https:\/\/i0.wp.com\/lahoradelcampo.com.uy\/site\/wp-content\/uploads\/2024\/04\/Zafra-arrocera.jpg?fit=880%2C440&ssl=1&resize=700%2C400 2x"},"classes":[]},{"id":56068,"url":"https:\/\/lahoradelcampo.com.uy\/site\/cosecha-arrocera-llega-al-86-del-area-en-el-pais\/","url_meta":{"origin":53713,"position":1},"title":"Cosecha arrocera llega al 86% del \u00e1rea en el pa\u00eds","author":"La Hora del Campo","date":"5 mayo, 2025","format":false,"excerpt":"La cosecha de arroz avanza a paso firme, alcanzando un promedio del 86% de la superficie total sembrada para la zafra 2024\/25. Con un \u00e1rea cultivada que totaliz\u00f3 182.874 hect\u00e1reas, el pa\u00eds se encamina hacia la finalizaci\u00f3n de las labores de recolecci\u00f3n. El progreso de la cosecha muestra que la\u2026","rel":"","context":"En \u00abActualidad\u00bb","block_context":{"text":"Actualidad","link":"https:\/\/lahoradelcampo.com.uy\/site\/category\/actualidad\/"},"img":{"alt_text":"","src":"https:\/\/i0.wp.com\/lahoradelcampo.com.uy\/site\/wp-content\/uploads\/2025\/05\/arroz-cosecha.jpg?fit=880%2C440&ssl=1&resize=350%2C200","width":350,"height":200,"srcset":"https:\/\/i0.wp.com\/lahoradelcampo.com.uy\/site\/wp-content\/uploads\/2025\/05\/arroz-cosecha.jpg?fit=880%2C440&ssl=1&resize=350%2C200 1x, https:\/\/i0.wp.com\/lahoradelcampo.com.uy\/site\/wp-content\/uploads\/2025\/05\/arroz-cosecha.jpg?fit=880%2C440&ssl=1&resize=525%2C300 1.5x, https:\/\/i0.wp.com\/lahoradelcampo.com.uy\/site\/wp-content\/uploads\/2025\/05\/arroz-cosecha.jpg?fit=880%2C440&ssl=1&resize=700%2C400 2x"},"classes":[]},{"id":40407,"url":"https:\/\/lahoradelcampo.com.uy\/site\/cosecha-arrocera-lleva-un-38-de-avance\/","url_meta":{"origin":53713,"position":2},"title":"Cosecha arrocera lleva un 38% de avance","author":"La Hora del Campo","date":"30 marzo, 2022","format":false,"excerpt":"La cosecha de arroz est\u00e9 a\u00f1o comenz\u00f3 antes de lo previsto, debido a las condicionantes clim\u00e1ticas en el norte del pa\u00eds,\u00a0 y hasta el momento lleva un 38% de avance de un \u00e1rea total de 163.800 hect\u00e1reas, de acuerdo al \u00faltimo relevamiento realizado por la Asociaci\u00f3n de Cultivadores de Arroz\u2026","rel":"","context":"En \u00abActualidad\u00bb","block_context":{"text":"Actualidad","link":"https:\/\/lahoradelcampo.com.uy\/site\/category\/actualidad\/"},"img":{"alt_text":"","src":"https:\/\/i0.wp.com\/lahoradelcampo.com.uy\/site\/wp-content\/uploads\/2019\/04\/arroz-1.jpg?fit=880%2C440&ssl=1&resize=350%2C200","width":350,"height":200,"srcset":"https:\/\/i0.wp.com\/lahoradelcampo.com.uy\/site\/wp-content\/uploads\/2019\/04\/arroz-1.jpg?fit=880%2C440&ssl=1&resize=350%2C200 1x, https:\/\/i0.wp.com\/lahoradelcampo.com.uy\/site\/wp-content\/uploads\/2019\/04\/arroz-1.jpg?fit=880%2C440&ssl=1&resize=525%2C300 1.5x, https:\/\/i0.wp.com\/lahoradelcampo.com.uy\/site\/wp-content\/uploads\/2019\/04\/arroz-1.jpg?fit=880%2C440&ssl=1&resize=700%2C400 2x"},"classes":[]},{"id":55883,"url":"https:\/\/lahoradelcampo.com.uy\/site\/avanza-la-cosecha-arrocera-con-buen-ritmo-y-rendimientos-alentadores\/","url_meta":{"origin":53713,"position":3},"title":"Avanza la cosecha arrocera con buen ritmo y rendimientos alentadores","author":"La Hora del Campo","date":"13 abril, 2025","format":false,"excerpt":"De acuerdo con el informe elaborado por la Asociaci\u00f3n de Cultivadores de Arroz del Uruguay (ACA), la zafra arrocera 2024-2025 avanza con un 55% del \u00e1rea cosechada a nivel nacional, sobre un total sembrado de 182.874 hect\u00e1reas. La regi\u00f3n Norte lidera el ritmo con un 70% de avance, seguida por\u2026","rel":"","context":"En \u00abActualidad\u00bb","block_context":{"text":"Actualidad","link":"https:\/\/lahoradelcampo.com.uy\/site\/category\/actualidad\/"},"img":{"alt_text":"","src":"https:\/\/i0.wp.com\/lahoradelcampo.com.uy\/site\/wp-content\/uploads\/2025\/04\/Arrocero-1.jpg?fit=880%2C440&ssl=1&resize=350%2C200","width":350,"height":200,"srcset":"https:\/\/i0.wp.com\/lahoradelcampo.com.uy\/site\/wp-content\/uploads\/2025\/04\/Arrocero-1.jpg?fit=880%2C440&ssl=1&resize=350%2C200 1x, https:\/\/i0.wp.com\/lahoradelcampo.com.uy\/site\/wp-content\/uploads\/2025\/04\/Arrocero-1.jpg?fit=880%2C440&ssl=1&resize=525%2C300 1.5x, https:\/\/i0.wp.com\/lahoradelcampo.com.uy\/site\/wp-content\/uploads\/2025\/04\/Arrocero-1.jpg?fit=880%2C440&ssl=1&resize=700%2C400 2x"},"classes":[]},{"id":40733,"url":"https:\/\/lahoradelcampo.com.uy\/site\/avance-de-la-cosecha-arrocera-alcanzo-el-50-del-area\/","url_meta":{"origin":53713,"position":4},"title":"Avance de la cosecha arrocera alcanz\u00f3 el 50% del \u00e1rea","author":"La Hora del Campo","date":"12 abril, 2022","format":false,"excerpt":"La Asociaci\u00f3n de Cultivadores de Arroz del Uruguay emiti\u00f3 un nuevo informe de actualizaci\u00f3n del avance de la cosecha arrocera en nuestro pa\u00eds. De acuerdo a la informaci\u00f3n brindada por la gremial, se ha levantado la mitad del \u00e1rea sembrada en la presente zafra 2021-2022, que recordemos est\u00e1 ubicada en\u2026","rel":"","context":"En \u00abActualidad\u00bb","block_context":{"text":"Actualidad","link":"https:\/\/lahoradelcampo.com.uy\/site\/category\/actualidad\/"},"img":{"alt_text":"","src":"https:\/\/i0.wp.com\/lahoradelcampo.com.uy\/site\/wp-content\/uploads\/2019\/04\/arroz-1.jpg?fit=880%2C440&ssl=1&resize=350%2C200","width":350,"height":200,"srcset":"https:\/\/i0.wp.com\/lahoradelcampo.com.uy\/site\/wp-content\/uploads\/2019\/04\/arroz-1.jpg?fit=880%2C440&ssl=1&resize=350%2C200 1x, https:\/\/i0.wp.com\/lahoradelcampo.com.uy\/site\/wp-content\/uploads\/2019\/04\/arroz-1.jpg?fit=880%2C440&ssl=1&resize=525%2C300 1.5x, https:\/\/i0.wp.com\/lahoradelcampo.com.uy\/site\/wp-content\/uploads\/2019\/04\/arroz-1.jpg?fit=880%2C440&ssl=1&resize=700%2C400 2x"},"classes":[]},{"id":41261,"url":"https:\/\/lahoradelcampo.com.uy\/site\/cosecha-arrocera-2021-2022-en-el-87\/","url_meta":{"origin":53713,"position":5},"title":"Cosecha arrocera 2021-2022 en el 87%","author":"La Hora del Campo","date":"28 abril, 2022","format":false,"excerpt":"La Asociaci\u00f3n de Cultivadores de Arroz (ACA) present\u00f3 ayer mi\u00e9rcoles el avance de la cosecha arrocera 2021-2022, la cual alcanz\u00f3 el 87% de un \u00e1rea total de 163.800 hect\u00e1reas. Seg\u00fan inform\u00f3 la gremial, contin\u00faa la t\u00f3nica que ha marcado la zafra y a pesar de las lluvias de los \u00faltimos\u2026","rel":"","context":"En \u00abActualidad\u00bb","block_context":{"text":"Actualidad","link":"https:\/\/lahoradelcampo.com.uy\/site\/category\/actualidad\/"},"img":{"alt_text":"","src":"https:\/\/i0.wp.com\/lahoradelcampo.com.uy\/site\/wp-content\/uploads\/2019\/04\/arroz-1.jpg?fit=880%2C440&ssl=1&resize=350%2C200","width":350,"height":200,"srcset":"https:\/\/i0.wp.com\/lahoradelcampo.com.uy\/site\/wp-content\/uploads\/2019\/04\/arroz-1.jpg?fit=880%2C440&ssl=1&resize=350%2C200 1x, https:\/\/i0.wp.com\/lahoradelcampo.com.uy\/site\/wp-content\/uploads\/2019\/04\/arroz-1.jpg?fit=880%2C440&ssl=1&resize=525%2C300 1.5x, https:\/\/i0.wp.com\/lahoradelcampo.com.uy\/site\/wp-content\/uploads\/2019\/04\/arroz-1.jpg?fit=880%2C440&ssl=1&resize=700%2C400 2x"},"classes":[]}],"jetpack_likes_enabled":true,"_links":{"self":[{"href":"https:\/\/lahoradelcampo.com.uy\/site\/wp-json\/wp\/v2\/posts\/53713","targetHints":{"allow":["GET"]}}],"collection":[{"href":"https:\/\/lahoradelcampo.com.uy\/site\/wp-json\/wp\/v2\/posts"}],"about":[{"href":"https:\/\/lahoradelcampo.com.uy\/site\/wp-json\/wp\/v2\/types\/post"}],"author":[{"embeddable":true,"href":"https:\/\/lahoradelcampo.com.uy\/site\/wp-json\/wp\/v2\/users\/5"}],"replies":[{"embeddable":true,"href":"https:\/\/lahoradelcampo.com.uy\/site\/wp-json\/wp\/v2\/comments?post=53713"}],"version-history":[{"count":1,"href":"https:\/\/lahoradelcampo.com.uy\/site\/wp-json\/wp\/v2\/posts\/53713\/revisions"}],"predecessor-version":[{"id":53715,"href":"https:\/\/lahoradelcampo.com.uy\/site\/wp-json\/wp\/v2\/posts\/53713\/revisions\/53715"}],"wp:featuredmedia":[{"embeddable":true,"href":"https:\/\/lahoradelcampo.com.uy\/site\/wp-json\/wp\/v2\/media\/53714"}],"wp:attachment":[{"href":"https:\/\/lahoradelcampo.com.uy\/site\/wp-json\/wp\/v2\/media?parent=53713"}],"wp:term":[{"taxonomy":"category","embeddable":true,"href":"https:\/\/lahoradelcampo.com.uy\/site\/wp-json\/wp\/v2\/categories?post=53713"},{"taxonomy":"post_tag","embeddable":true,"href":"https:\/\/lahoradelcampo.com.uy\/site\/wp-json\/wp\/v2\/tags?post=53713"}],"curies":[{"name":"wp","href":"https:\/\/api.w.org\/{rel}","templated":true}]}}