{"id":53710,"date":"2024-04-05T07:33:43","date_gmt":"2024-04-05T10:33:43","guid":{"rendered":"http:\/\/lahoradelcampo.com.uy\/site\/?p=53710"},"modified":"2024-04-05T07:33:44","modified_gmt":"2024-04-05T10:33:44","slug":"india-es-un-mercado-de-alto-valor-para-las-lanas-merinas","status":"publish","type":"post","link":"https:\/\/lahoradelcampo.com.uy\/site\/india-es-un-mercado-de-alto-valor-para-las-lanas-merinas\/","title":{"rendered":"India es un mercado de alto valor para las lanas merinas"},"content":{"rendered":"\n<figure class=\"wp-block-image size-full\"><a href=\"https:\/\/i0.wp.com\/lahoradelcampo.com.uy\/site\/wp-content\/uploads\/2024\/04\/DjalmaPuppo.jpg\"><img data-recalc-dims=\"1\" loading=\"lazy\" decoding=\"async\" width=\"810\" height=\"405\" data-attachment-id=\"53711\" data-permalink=\"https:\/\/lahoradelcampo.com.uy\/site\/india-es-un-mercado-de-alto-valor-para-las-lanas-merinas\/djalmapuppo\/\" data-orig-file=\"https:\/\/i0.wp.com\/lahoradelcampo.com.uy\/site\/wp-content\/uploads\/2024\/04\/DjalmaPuppo.jpg?fit=880%2C440&amp;ssl=1\" data-orig-size=\"880,440\" data-comments-opened=\"1\" data-image-meta=\"{&quot;aperture&quot;:&quot;0&quot;,&quot;credit&quot;:&quot;&quot;,&quot;camera&quot;:&quot;&quot;,&quot;caption&quot;:&quot;&quot;,&quot;created_timestamp&quot;:&quot;0&quot;,&quot;copyright&quot;:&quot;&quot;,&quot;focal_length&quot;:&quot;0&quot;,&quot;iso&quot;:&quot;0&quot;,&quot;shutter_speed&quot;:&quot;0&quot;,&quot;title&quot;:&quot;&quot;,&quot;orientation&quot;:&quot;1&quot;}\" data-image-title=\"DjalmaPuppo\" data-image-description=\"\" data-image-caption=\"\" data-large-file=\"https:\/\/i0.wp.com\/lahoradelcampo.com.uy\/site\/wp-content\/uploads\/2024\/04\/DjalmaPuppo.jpg?fit=810%2C405&amp;ssl=1\" src=\"https:\/\/i0.wp.com\/lahoradelcampo.com.uy\/site\/wp-content\/uploads\/2024\/04\/DjalmaPuppo.jpg?resize=810%2C405\" alt=\"\" class=\"wp-image-53711\" srcset=\"https:\/\/i0.wp.com\/lahoradelcampo.com.uy\/site\/wp-content\/uploads\/2024\/04\/DjalmaPuppo.jpg?w=880&amp;ssl=1 880w, https:\/\/i0.wp.com\/lahoradelcampo.com.uy\/site\/wp-content\/uploads\/2024\/04\/DjalmaPuppo.jpg?resize=300%2C150&amp;ssl=1 300w, https:\/\/i0.wp.com\/lahoradelcampo.com.uy\/site\/wp-content\/uploads\/2024\/04\/DjalmaPuppo.jpg?resize=768%2C384&amp;ssl=1 768w, https:\/\/i0.wp.com\/lahoradelcampo.com.uy\/site\/wp-content\/uploads\/2024\/04\/DjalmaPuppo.jpg?resize=820%2C410&amp;ssl=1 820w\" sizes=\"auto, (max-width: 810px) 100vw, 810px\" \/><\/a><\/figure>\n\n\n\n<p>Con los mercados de China y Europa, los principales destinos para la lana uruguaya, presentando dificultades para concretar negocios y valores inferiores a los propuestos meses atr\u00e1s, India surge como un potencial destino para las lanas finas de alta calidad de Uruguay, seg\u00fan explic\u00f3 exportador de lanas en estado natural, Djalma Puppo.<\/p>\n\n\n\n<p>El empresario y productor, dijo que \u201cUruguay est\u00e1 muy enfocado en China y Europa, pero ten\u00e9s el mercado de India, donde creo que hay mucho para hacer\u201d. Explic\u00f3 que \u201ces otra cultura, est\u00e1 muy lejos, y no conoce las lanas uruguayas de calidad. Es un mercado que para m\u00ed hay much\u00edsimo para hacer\u201d.<\/p>\n\n\n\n<p>Puppo dijo que, en su viaje en setiembre del a\u00f1o pasado, se encontr\u00f3 con un mercado indio donde \u201cUruguay vende lana de baja calidad y hay empresas hind\u00faes que compran lana de muy buena calidad, pero compran Australia, no la compran en Uruguay\u201d. Respecto a los micronajes, dijo que se trata de lanas de 17, 18 micras y m\u00e1s finas, pero remarc\u00f3 que es un mercado que \u201chay que trabajarlo m\u00e1s\u201d.<\/p>\n\n\n\n<p>Salto, 5 de abril de 2024<\/p>\n","protected":false},"excerpt":{"rendered":"<p>Con los mercados de China y Europa, los principales destinos para la lana uruguaya, presentando dificultades para concretar negocios y valores inferiores a los propuestos meses atr\u00e1s, India surge como [&hellip;]<\/p>\n","protected":false},"author":5,"featured_media":53711,"comment_status":"open","ping_status":"open","sticky":false,"template":"","format":"standard","meta":{"_price":"","_stock":"","_tribe_ticket_header":"","_tribe_default_ticket_provider":"","_tribe_ticket_capacity":"0","_ticket_start_date":"","_ticket_end_date":"","_tribe_ticket_show_description":"","_tribe_ticket_show_not_going":false,"_tribe_ticket_use_global_stock":"","_tribe_ticket_global_stock_level":"","_global_stock_mode":"","_global_stock_cap":"","_tribe_rsvp_for_event":"","_tribe_ticket_going_count":"","_tribe_ticket_not_going_count":"","_tribe_tickets_list":"[]","_tribe_ticket_has_attendee_info_fields":false,"h5ap_radio_sources":[],"_jetpack_newsletter_access":"","_jetpack_dont_email_post_to_subs":false,"_jetpack_newsletter_tier_id":0,"_jetpack_memberships_contains_paywalled_content":false,"_jetpack_memberships_contains_paid_content":false,"footnotes":""},"categories":[21,13],"tags":[],"class_list":["post-53710","post","type-post","status-publish","format-standard","has-post-thumbnail","hentry","category-actualidad","category-ovinos"],"jetpack_featured_media_url":"https:\/\/i0.wp.com\/lahoradelcampo.com.uy\/site\/wp-content\/uploads\/2024\/04\/DjalmaPuppo.jpg?fit=880%2C440&ssl=1","jetpack_sharing_enabled":true,"jetpack_shortlink":"https:\/\/wp.me\/p99IaT-dYi","jetpack-related-posts":[{"id":36763,"url":"https:\/\/lahoradelcampo.com.uy\/site\/hay-dificultad-para-colocar-las-lanas-de-zafras-anteriores-sin-certificacion\/","url_meta":{"origin":53710,"position":0},"title":"Hay dificultad para colocar las lanas de zafras anteriores sin certificaci\u00f3n","author":"La Hora del Campo","date":"19 noviembre, 2021","format":false,"excerpt":"En las \u00faltimas semanas se ha marcado una importante corrida por lanas finas con certificaciones, pero al mismo tiempo, productores que tienen zafras de a\u00f1os anteriores, sin certificaci\u00f3n se est\u00e1n encontrando con problemas para colocar sus lanas, ya que la diferencia entre lotes es de un d\u00f3lar o superior en\u2026","rel":"","context":"En \u00abActualidad\u00bb","block_context":{"text":"Actualidad","link":"https:\/\/lahoradelcampo.com.uy\/site\/category\/actualidad\/"},"img":{"alt_text":"","src":"https:\/\/i0.wp.com\/lahoradelcampo.com.uy\/site\/wp-content\/uploads\/2021\/05\/Juliogaudin.jpg?fit=880%2C440&ssl=1&resize=350%2C200","width":350,"height":200,"srcset":"https:\/\/i0.wp.com\/lahoradelcampo.com.uy\/site\/wp-content\/uploads\/2021\/05\/Juliogaudin.jpg?fit=880%2C440&ssl=1&resize=350%2C200 1x, https:\/\/i0.wp.com\/lahoradelcampo.com.uy\/site\/wp-content\/uploads\/2021\/05\/Juliogaudin.jpg?fit=880%2C440&ssl=1&resize=525%2C300 1.5x, https:\/\/i0.wp.com\/lahoradelcampo.com.uy\/site\/wp-content\/uploads\/2021\/05\/Juliogaudin.jpg?fit=880%2C440&ssl=1&resize=700%2C400 2x"},"classes":[]},{"id":18186,"url":"https:\/\/lahoradelcampo.com.uy\/site\/si-el-tema-sanitario-humano-no-se-arregla-lo-demas-viene-en-segunda-prioridad\/","url_meta":{"origin":53710,"position":1},"title":"\u00abS\u00ed el tema sanitario humano no se arregla,  lo dem\u00e1s viene en segunda prioridad\u00bb","author":"La Hora del Campo","date":"20 marzo, 2020","format":false,"excerpt":"\"No hay dos a\u00f1os iguales\" comenz\u00f3 diciendo el principal de Lanas Trinidad, Pedro Otegui, en di\u00e1logo con La Hora del Campo sobre la situaci\u00f3n de la zafra lanera y la lectura actual del mercado, con dificultades importantes m\u00e1s all\u00e1 de las fronteras de Uruguay y al mismo tiempo tambi\u00e9n porteras\u2026","rel":"","context":"En \u00abActualidad\u00bb","block_context":{"text":"Actualidad","link":"https:\/\/lahoradelcampo.com.uy\/site\/category\/actualidad\/"},"img":{"alt_text":"","src":"https:\/\/i0.wp.com\/lahoradelcampo.com.uy\/site\/wp-content\/uploads\/2020\/03\/Pedro-Otegui.jpg?fit=880%2C440&ssl=1&resize=350%2C200","width":350,"height":200,"srcset":"https:\/\/i0.wp.com\/lahoradelcampo.com.uy\/site\/wp-content\/uploads\/2020\/03\/Pedro-Otegui.jpg?fit=880%2C440&ssl=1&resize=350%2C200 1x, https:\/\/i0.wp.com\/lahoradelcampo.com.uy\/site\/wp-content\/uploads\/2020\/03\/Pedro-Otegui.jpg?fit=880%2C440&ssl=1&resize=525%2C300 1.5x, https:\/\/i0.wp.com\/lahoradelcampo.com.uy\/site\/wp-content\/uploads\/2020\/03\/Pedro-Otegui.jpg?fit=880%2C440&ssl=1&resize=700%2C400 2x"},"classes":[]},{"id":31688,"url":"https:\/\/lahoradelcampo.com.uy\/site\/la-relacion-de-precios-entre-las-lanas-cruzas-y-las-finas-es-historica\/","url_meta":{"origin":53710,"position":2},"title":"\u00abLa relaci\u00f3n de precios entre las lanas cruzas y las finas, es hist\u00f3rica\u00bb","author":"La Hora del Campo","date":"30 junio, 2021","format":false,"excerpt":"La zafra lanera 2020-2021 tuvo un per\u00edodo de bajas constantes a nivel del mercado lanero australiano hasta setiembre del a\u00f1o pasado, reflejando fuertemente los efectos de la pandemia del Covid-19 sobre un mercado minorista que sufri\u00f3 la ausencia de consumidores a nivel de las tiendas. Luego comenz\u00f3 un per\u00edodo de\u2026","rel":"","context":"En \u00abActualidad\u00bb","block_context":{"text":"Actualidad","link":"https:\/\/lahoradelcampo.com.uy\/site\/category\/actualidad\/"},"img":{"alt_text":"","src":"https:\/\/i0.wp.com\/lahoradelcampo.com.uy\/site\/wp-content\/uploads\/2020\/04\/Saavedra.jpg?fit=880%2C440&ssl=1&resize=350%2C200","width":350,"height":200,"srcset":"https:\/\/i0.wp.com\/lahoradelcampo.com.uy\/site\/wp-content\/uploads\/2020\/04\/Saavedra.jpg?fit=880%2C440&ssl=1&resize=350%2C200 1x, https:\/\/i0.wp.com\/lahoradelcampo.com.uy\/site\/wp-content\/uploads\/2020\/04\/Saavedra.jpg?fit=880%2C440&ssl=1&resize=525%2C300 1.5x, https:\/\/i0.wp.com\/lahoradelcampo.com.uy\/site\/wp-content\/uploads\/2020\/04\/Saavedra.jpg?fit=880%2C440&ssl=1&resize=700%2C400 2x"},"classes":[]},{"id":19764,"url":"https:\/\/lahoradelcampo.com.uy\/site\/la-exportacion-de-lana-en-sucio-tambien-esta-paralizada\/","url_meta":{"origin":53710,"position":3},"title":"La exportaci\u00f3n de lana en sucio  tambi\u00e9n est\u00e1 paralizada","author":"La Hora del Campo","date":"14 mayo, 2020","format":false,"excerpt":"En las \u00faltimas semanas hablamos de la par\u00e1lisis en la industria lanera con plantas que a\u00fan contin\u00faan sin operativa. En las \u00faltimas horas estuvimos en di\u00e1logo con Djalma Puppo, exportador de lana en sucio, un sector que tambi\u00e9n est\u00e1 paralizado completamente en la actualidad, sin demanda desde el exterior y\u2026","rel":"","context":"En \u00abActualidad\u00bb","block_context":{"text":"Actualidad","link":"https:\/\/lahoradelcampo.com.uy\/site\/category\/actualidad\/"},"img":{"alt_text":"","src":"https:\/\/i0.wp.com\/lahoradelcampo.com.uy\/site\/wp-content\/uploads\/2020\/05\/lana-1.jpg?fit=880%2C440&ssl=1&resize=350%2C200","width":350,"height":200,"srcset":"https:\/\/i0.wp.com\/lahoradelcampo.com.uy\/site\/wp-content\/uploads\/2020\/05\/lana-1.jpg?fit=880%2C440&ssl=1&resize=350%2C200 1x, https:\/\/i0.wp.com\/lahoradelcampo.com.uy\/site\/wp-content\/uploads\/2020\/05\/lana-1.jpg?fit=880%2C440&ssl=1&resize=525%2C300 1.5x, https:\/\/i0.wp.com\/lahoradelcampo.com.uy\/site\/wp-content\/uploads\/2020\/05\/lana-1.jpg?fit=880%2C440&ssl=1&resize=700%2C400 2x"},"classes":[]},{"id":55373,"url":"https:\/\/lahoradelcampo.com.uy\/site\/la-incognita-es-saber-como-reaccionara-europa-y-la-demanda-para-las-lanas-finas-dijo-guzman-silva\/","url_meta":{"origin":53710,"position":4},"title":"\u00abLa inc\u00f3gnita es saber c\u00f3mo reaccionar\u00e1 Europa y la demanda para las lanas finas\u00bb dijo Guzm\u00e1n Silva","author":"La Hora del Campo","date":"3 enero, 2025","format":false,"excerpt":"Guzm\u00e1n Silva, integrante de Tops Fray Marcos, dijo que \"la foto de esta primera parte de la zafra es que sobr\u00f3 lana fina\". En su an\u00e1lisis de la primera mitad de la zafra lanera 2024-2025, indic\u00f3 que \"la comercializaci\u00f3n de lana fina fue muy puntual, en determinados momentos, determinados lotes\u2026","rel":"","context":"En \u00abActualidad\u00bb","block_context":{"text":"Actualidad","link":"https:\/\/lahoradelcampo.com.uy\/site\/category\/actualidad\/"},"img":{"alt_text":"","src":"https:\/\/i0.wp.com\/lahoradelcampo.com.uy\/site\/wp-content\/uploads\/2017\/09\/Guzman-Silva-top-Fray-marcos.jpg?fit=880%2C440&ssl=1&resize=350%2C200","width":350,"height":200,"srcset":"https:\/\/i0.wp.com\/lahoradelcampo.com.uy\/site\/wp-content\/uploads\/2017\/09\/Guzman-Silva-top-Fray-marcos.jpg?fit=880%2C440&ssl=1&resize=350%2C200 1x, https:\/\/i0.wp.com\/lahoradelcampo.com.uy\/site\/wp-content\/uploads\/2017\/09\/Guzman-Silva-top-Fray-marcos.jpg?fit=880%2C440&ssl=1&resize=525%2C300 1.5x, https:\/\/i0.wp.com\/lahoradelcampo.com.uy\/site\/wp-content\/uploads\/2017\/09\/Guzman-Silva-top-Fray-marcos.jpg?fit=880%2C440&ssl=1&resize=700%2C400 2x"},"classes":[]},{"id":14989,"url":"https:\/\/lahoradelcampo.com.uy\/site\/si-tuviese-que-vender-la-lana-esperaria-a-ver-que-pasa-con-el-mercado\/","url_meta":{"origin":53710,"position":5},"title":"\u00abSi tuviese que vender la lana esperar\u00eda a ver qu\u00e9 pasa con el mercado\u00bb","author":"La Hora del Campo","date":"14 octubre, 2019","format":false,"excerpt":"En el marco de la Expo Salto 2019 dialogamos con Hugo Surraco de Lanas Trinidad sobre la realidad de esta zafra lanera, que a pesar de sus vaivenes a nivel internacional acumula una importante baja de precios y no logra conformarse una corriente de negocios a nivel de nuestro pa\u00eds.\u2026","rel":"","context":"En \u00abActualidad\u00bb","block_context":{"text":"Actualidad","link":"https:\/\/lahoradelcampo.com.uy\/site\/category\/actualidad\/"},"img":{"alt_text":"","src":"https:\/\/i0.wp.com\/lahoradelcampo.com.uy\/site\/wp-content\/uploads\/2019\/10\/HugoSurraco.jpg?fit=880%2C440&ssl=1&resize=350%2C200","width":350,"height":200,"srcset":"https:\/\/i0.wp.com\/lahoradelcampo.com.uy\/site\/wp-content\/uploads\/2019\/10\/HugoSurraco.jpg?fit=880%2C440&ssl=1&resize=350%2C200 1x, https:\/\/i0.wp.com\/lahoradelcampo.com.uy\/site\/wp-content\/uploads\/2019\/10\/HugoSurraco.jpg?fit=880%2C440&ssl=1&resize=525%2C300 1.5x, https:\/\/i0.wp.com\/lahoradelcampo.com.uy\/site\/wp-content\/uploads\/2019\/10\/HugoSurraco.jpg?fit=880%2C440&ssl=1&resize=700%2C400 2x"},"classes":[]}],"jetpack_likes_enabled":true,"_links":{"self":[{"href":"https:\/\/lahoradelcampo.com.uy\/site\/wp-json\/wp\/v2\/posts\/53710","targetHints":{"allow":["GET"]}}],"collection":[{"href":"https:\/\/lahoradelcampo.com.uy\/site\/wp-json\/wp\/v2\/posts"}],"about":[{"href":"https:\/\/lahoradelcampo.com.uy\/site\/wp-json\/wp\/v2\/types\/post"}],"author":[{"embeddable":true,"href":"https:\/\/lahoradelcampo.com.uy\/site\/wp-json\/wp\/v2\/users\/5"}],"replies":[{"embeddable":true,"href":"https:\/\/lahoradelcampo.com.uy\/site\/wp-json\/wp\/v2\/comments?post=53710"}],"version-history":[{"count":1,"href":"https:\/\/lahoradelcampo.com.uy\/site\/wp-json\/wp\/v2\/posts\/53710\/revisions"}],"predecessor-version":[{"id":53712,"href":"https:\/\/lahoradelcampo.com.uy\/site\/wp-json\/wp\/v2\/posts\/53710\/revisions\/53712"}],"wp:featuredmedia":[{"embeddable":true,"href":"https:\/\/lahoradelcampo.com.uy\/site\/wp-json\/wp\/v2\/media\/53711"}],"wp:attachment":[{"href":"https:\/\/lahoradelcampo.com.uy\/site\/wp-json\/wp\/v2\/media?parent=53710"}],"wp:term":[{"taxonomy":"category","embeddable":true,"href":"https:\/\/lahoradelcampo.com.uy\/site\/wp-json\/wp\/v2\/categories?post=53710"},{"taxonomy":"post_tag","embeddable":true,"href":"https:\/\/lahoradelcampo.com.uy\/site\/wp-json\/wp\/v2\/tags?post=53710"}],"curies":[{"name":"wp","href":"https:\/\/api.w.org\/{rel}","templated":true}]}}