{"id":53708,"date":"2024-04-05T07:28:32","date_gmt":"2024-04-05T10:28:32","guid":{"rendered":"http:\/\/lahoradelcampo.com.uy\/site\/?p=53708"},"modified":"2024-04-05T07:28:34","modified_gmt":"2024-04-05T10:28:34","slug":"con-aumento-de-la-oferta-se-retoma-las-ventas-de-lanas-en-australia","status":"publish","type":"post","link":"https:\/\/lahoradelcampo.com.uy\/site\/con-aumento-de-la-oferta-se-retoma-las-ventas-de-lanas-en-australia\/","title":{"rendered":"Con aumento de la oferta, se retoma las ventas de lanas en Australia"},"content":{"rendered":"\n<figure class=\"wp-block-image size-full\"><a href=\"https:\/\/i0.wp.com\/lahoradelcampo.com.uy\/site\/wp-content\/uploads\/2017\/11\/lanas.jpg\"><img data-recalc-dims=\"1\" loading=\"lazy\" decoding=\"async\" width=\"810\" height=\"405\" data-attachment-id=\"3829\" data-permalink=\"https:\/\/lahoradelcampo.com.uy\/site\/nuevo-maximo-para-la-zafra-en-el-mercado-lanero-australiano\/lanas-9\/\" data-orig-file=\"https:\/\/i0.wp.com\/lahoradelcampo.com.uy\/site\/wp-content\/uploads\/2017\/11\/lanas.jpg?fit=880%2C440&amp;ssl=1\" data-orig-size=\"880,440\" data-comments-opened=\"1\" data-image-meta=\"{&quot;aperture&quot;:&quot;0&quot;,&quot;credit&quot;:&quot;Vicente-Manuel-Tort&quot;,&quot;camera&quot;:&quot;&quot;,&quot;caption&quot;:&quot;&quot;,&quot;created_timestamp&quot;:&quot;0&quot;,&quot;copyright&quot;:&quot;Presidencia de la Republica - Sec.Com.Inst.&quot;,&quot;focal_length&quot;:&quot;0&quot;,&quot;iso&quot;:&quot;0&quot;,&quot;shutter_speed&quot;:&quot;0&quot;,&quot;title&quot;:&quot;&quot;,&quot;orientation&quot;:&quot;1&quot;}\" data-image-title=\"lanas\" data-image-description=\"\" data-image-caption=\"\" data-large-file=\"https:\/\/i0.wp.com\/lahoradelcampo.com.uy\/site\/wp-content\/uploads\/2017\/11\/lanas.jpg?fit=810%2C405&amp;ssl=1\" src=\"https:\/\/i0.wp.com\/lahoradelcampo.com.uy\/site\/wp-content\/uploads\/2017\/11\/lanas.jpg?resize=810%2C405\" alt=\"\" class=\"wp-image-3829\" srcset=\"https:\/\/i0.wp.com\/lahoradelcampo.com.uy\/site\/wp-content\/uploads\/2017\/11\/lanas.jpg?w=880&amp;ssl=1 880w, https:\/\/i0.wp.com\/lahoradelcampo.com.uy\/site\/wp-content\/uploads\/2017\/11\/lanas.jpg?resize=300%2C150&amp;ssl=1 300w, https:\/\/i0.wp.com\/lahoradelcampo.com.uy\/site\/wp-content\/uploads\/2017\/11\/lanas.jpg?resize=768%2C384&amp;ssl=1 768w, https:\/\/i0.wp.com\/lahoradelcampo.com.uy\/site\/wp-content\/uploads\/2017\/11\/lanas.jpg?resize=820%2C410&amp;ssl=1 820w\" sizes=\"auto, (max-width: 810px) 100vw, 810px\" \/><\/a><\/figure>\n\n\n\n<p>Luego de un mes de bajas en el indicador y el tradicional receso de Pascuas en el mercado lanero australiano, los tres centros de ventas volver\u00e1n a estar activos la pr\u00f3xima semana, pero con un incremento en la oferta pre-inscripta, que seg\u00fan Australian Wool Exchange (Awex) superar\u00e1 los 53.000 fardos.<\/p>\n\n\n\n<p>La pasada semana, cerrando el mes de marzo, el Indicador de Mercados del Este (IME) cerr\u00f3 en US$ 7,45 por kilogramo base limpia, registrando un descenso del 1,4% respecto al cierre de febrero. Por su parte, en la moneda australiana, el indicador cotiz\u00f3 a A$ 11,42.<\/p>\n\n\n\n<p>En el caso de las lanas merinas, las ca\u00eddas fueron mayores en los menores micronajes. En las 19 micras, el mercado cerr\u00f3 el pasado 27 de marzo en US$ 9,13 en promedio, descendiendo un 0,7%, en tanto que las lanas de 16,5 micras registraron una ca\u00edda del 3,4%, cotizando a US$ 11,75.<\/p>\n\n\n\n<p>En las lanas de medias y gruesas, en las 28 micras se registr\u00f3 un descenso del 2,4%. El promedio de ambos mercados cerr\u00f3 en US$ 2,28.<\/p>\n\n\n\n<p>La pasada semana, Awex informaba una oferta de 47.385 fardos, para el retorno del receso de pascuas, sin embargo, se actualiz\u00f3 la informaci\u00f3n en la jornada de ayer, indicando un incremento del 13%. En total se estar\u00e1n ofertando 53.632 fardos, distribuidos en 14.191 fardos en Sidney, 27.979 en Melbourne y 11.462 fardos en Fremantle.<\/p>\n\n\n\n<p>Salto, 5 de abril de 2024<\/p>\n","protected":false},"excerpt":{"rendered":"<p>Luego de un mes de bajas en el indicador y el tradicional receso de Pascuas en el mercado lanero australiano, los tres centros de ventas volver\u00e1n a estar activos la [&hellip;]<\/p>\n","protected":false},"author":5,"featured_media":3829,"comment_status":"open","ping_status":"open","sticky":false,"template":"","format":"standard","meta":{"_price":"","_stock":"","_tribe_ticket_header":"","_tribe_default_ticket_provider":"","_tribe_ticket_capacity":"0","_ticket_start_date":"","_ticket_end_date":"","_tribe_ticket_show_description":"","_tribe_ticket_show_not_going":false,"_tribe_ticket_use_global_stock":"","_tribe_ticket_global_stock_level":"","_global_stock_mode":"","_global_stock_cap":"","_tribe_rsvp_for_event":"","_tribe_ticket_going_count":"","_tribe_ticket_not_going_count":"","_tribe_tickets_list":"[]","_tribe_ticket_has_attendee_info_fields":false,"h5ap_radio_sources":[],"_jetpack_newsletter_access":"","_jetpack_dont_email_post_to_subs":false,"_jetpack_newsletter_tier_id":0,"_jetpack_memberships_contains_paywalled_content":false,"_jetpack_memberships_contains_paid_content":false,"footnotes":""},"categories":[21,13],"tags":[],"class_list":["post-53708","post","type-post","status-publish","format-standard","has-post-thumbnail","hentry","category-actualidad","category-ovinos"],"jetpack_featured_media_url":"https:\/\/i0.wp.com\/lahoradelcampo.com.uy\/site\/wp-content\/uploads\/2017\/11\/lanas.jpg?fit=880%2C440&ssl=1","jetpack_sharing_enabled":true,"jetpack_shortlink":"https:\/\/wp.me\/p99IaT-dYg","jetpack-related-posts":[{"id":48503,"url":"https:\/\/lahoradelcampo.com.uy\/site\/buena-demanda-y-subas-en-el-ime-para-iniciar-el-mes-de-febrero\/","url_meta":{"origin":53708,"position":0},"title":"Buena demanda y subas en el IME para iniciar el mes de febrero","author":"La Hora del Campo","date":"6 febrero, 2023","format":false,"excerpt":"El mercado lanero australiano cerr\u00f3 enero con bajas en d\u00f3lares estadounidenses y abri\u00f3 febrero con subas, que permitieron sumar la sexta semana consecutiva de subas en el Indicador de mercados del este (IME), analizado en la moneda estadounidense. Desde la semana cerrada el pasado 23 de noviembre de 2022, el\u2026","rel":"","context":"En \u00abActualidad\u00bb","block_context":{"text":"Actualidad","link":"https:\/\/lahoradelcampo.com.uy\/site\/category\/actualidad\/"},"img":{"alt_text":"","src":"https:\/\/i0.wp.com\/lahoradelcampo.com.uy\/site\/wp-content\/uploads\/2023\/02\/Lana-australiana1.jpg?fit=880%2C440&ssl=1&resize=350%2C200","width":350,"height":200,"srcset":"https:\/\/i0.wp.com\/lahoradelcampo.com.uy\/site\/wp-content\/uploads\/2023\/02\/Lana-australiana1.jpg?fit=880%2C440&ssl=1&resize=350%2C200 1x, https:\/\/i0.wp.com\/lahoradelcampo.com.uy\/site\/wp-content\/uploads\/2023\/02\/Lana-australiana1.jpg?fit=880%2C440&ssl=1&resize=525%2C300 1.5x, https:\/\/i0.wp.com\/lahoradelcampo.com.uy\/site\/wp-content\/uploads\/2023\/02\/Lana-australiana1.jpg?fit=880%2C440&ssl=1&resize=700%2C400 2x"},"classes":[]},{"id":53655,"url":"https:\/\/lahoradelcampo.com.uy\/site\/el-ime-perdio-14-en-el-mes-de-marzo\/","url_meta":{"origin":53708,"position":1},"title":"El IME perdi\u00f3 1,4% en el mes de marzo","author":"La Hora del Campo","date":"31 marzo, 2024","format":false,"excerpt":"El mes de marzo cerr\u00f3 con una baja del 1,4% en el Indicador de Mercados del Este (IME) respecto al cierre de febrero. Seg\u00fan los datos de Australian Wool Exchange (Awex) el indicador cerr\u00f3 el pasado mes de febrero en US$ 7,55 por kilogramo base limpia, en tanto que en\u2026","rel":"","context":"En \u00abActualidad\u00bb","block_context":{"text":"Actualidad","link":"https:\/\/lahoradelcampo.com.uy\/site\/category\/actualidad\/"},"img":{"alt_text":"","src":"https:\/\/i0.wp.com\/lahoradelcampo.com.uy\/site\/wp-content\/uploads\/2018\/03\/Lanaa.jpg?fit=880%2C440&ssl=1&resize=350%2C200","width":350,"height":200,"srcset":"https:\/\/i0.wp.com\/lahoradelcampo.com.uy\/site\/wp-content\/uploads\/2018\/03\/Lanaa.jpg?fit=880%2C440&ssl=1&resize=350%2C200 1x, https:\/\/i0.wp.com\/lahoradelcampo.com.uy\/site\/wp-content\/uploads\/2018\/03\/Lanaa.jpg?fit=880%2C440&ssl=1&resize=525%2C300 1.5x, https:\/\/i0.wp.com\/lahoradelcampo.com.uy\/site\/wp-content\/uploads\/2018\/03\/Lanaa.jpg?fit=880%2C440&ssl=1&resize=700%2C400 2x"},"classes":[]},{"id":28026,"url":"https:\/\/lahoradelcampo.com.uy\/site\/el-ime-cerro-la-semana-en-us-1040-1-por-debajo-de-2020\/","url_meta":{"origin":53708,"position":2},"title":"El IME cerr\u00f3 la semana en US$ 10,40, 1% por debajo de 2020","author":"La Hora del Campo","date":"26 febrero, 2021","format":false,"excerpt":"El Indicador de Mercados del Este (IME) lleg\u00f3 a los US$ 10,40 esta semana, ganando 18 centavos y posicion\u00e1ndose \u00fanicamente un 1% por debajo del cierre del mes de febrero del 2020. El contexto general del mercado registr\u00f3 vaivenes en el tipo de cambio y al mismo tiempo en la\u2026","rel":"","context":"En \u00abActualidad\u00bb","block_context":{"text":"Actualidad","link":"https:\/\/lahoradelcampo.com.uy\/site\/category\/actualidad\/"},"img":{"alt_text":"","src":"https:\/\/i0.wp.com\/lahoradelcampo.com.uy\/site\/wp-content\/uploads\/2021\/01\/Lanaaustralia.jpg?fit=880%2C440&ssl=1&resize=350%2C200","width":350,"height":200,"srcset":"https:\/\/i0.wp.com\/lahoradelcampo.com.uy\/site\/wp-content\/uploads\/2021\/01\/Lanaaustralia.jpg?fit=880%2C440&ssl=1&resize=350%2C200 1x, https:\/\/i0.wp.com\/lahoradelcampo.com.uy\/site\/wp-content\/uploads\/2021\/01\/Lanaaustralia.jpg?fit=880%2C440&ssl=1&resize=525%2C300 1.5x, https:\/\/i0.wp.com\/lahoradelcampo.com.uy\/site\/wp-content\/uploads\/2021\/01\/Lanaaustralia.jpg?fit=880%2C440&ssl=1&resize=700%2C400 2x"},"classes":[]},{"id":11355,"url":"https:\/\/lahoradelcampo.com.uy\/site\/mayo-cerro-con-el-ime-recuperandose-luego-de-una-fuerte-baja\/","url_meta":{"origin":53708,"position":3},"title":"Mayo cerr\u00f3 con el IME recuper\u00e1ndose luego de una fuerte baja","author":"La Hora del Campo","date":"31 mayo, 2019","format":false,"excerpt":"El mercado lanero australiano cerr\u00f3 el mes de mayo con el Indicador de Mercados del Este recuper\u00e1ndose luego de tres semanas de bajas consecutivas. En las dos jornadas de ventas de esta semana la demanda se mostr\u00f3 m\u00e1s activa ante un bajo volumen de oferta y lanas que mostraron una\u2026","rel":"","context":"En \u00abActualidad\u00bb","block_context":{"text":"Actualidad","link":"https:\/\/lahoradelcampo.com.uy\/site\/category\/actualidad\/"},"img":{"alt_text":"","src":"https:\/\/i0.wp.com\/lahoradelcampo.com.uy\/site\/wp-content\/uploads\/2019\/05\/lanas-australia-a.jpg?fit=880%2C440&ssl=1&resize=350%2C200","width":350,"height":200,"srcset":"https:\/\/i0.wp.com\/lahoradelcampo.com.uy\/site\/wp-content\/uploads\/2019\/05\/lanas-australia-a.jpg?fit=880%2C440&ssl=1&resize=350%2C200 1x, https:\/\/i0.wp.com\/lahoradelcampo.com.uy\/site\/wp-content\/uploads\/2019\/05\/lanas-australia-a.jpg?fit=880%2C440&ssl=1&resize=525%2C300 1.5x, https:\/\/i0.wp.com\/lahoradelcampo.com.uy\/site\/wp-content\/uploads\/2019\/05\/lanas-australia-a.jpg?fit=880%2C440&ssl=1&resize=700%2C400 2x"},"classes":[]},{"id":50312,"url":"https:\/\/lahoradelcampo.com.uy\/site\/primera-semana-de-mayo-cerro-con-subas-en-el-ime\/","url_meta":{"origin":53708,"position":4},"title":"Primera semana de mayo cerr\u00f3 con subas en el IME","author":"La Hora del Campo","date":"8 mayo, 2023","format":false,"excerpt":"La semana del 1 al 4 de mayo ha sido favorable para los precios de las lanas finas de buena calidad a excelente en el Indicador de Mercados del Este (IME), que ha registrado un incremento de ocho centavos en la suma de los dos d\u00edas de ventas y un\u2026","rel":"","context":"En \u00abActualidad\u00bb","block_context":{"text":"Actualidad","link":"https:\/\/lahoradelcampo.com.uy\/site\/category\/actualidad\/"},"img":{"alt_text":"","src":"https:\/\/i0.wp.com\/lahoradelcampo.com.uy\/site\/wp-content\/uploads\/2023\/02\/Lana-Australia4.jpg?fit=880%2C440&ssl=1&resize=350%2C200","width":350,"height":200,"srcset":"https:\/\/i0.wp.com\/lahoradelcampo.com.uy\/site\/wp-content\/uploads\/2023\/02\/Lana-Australia4.jpg?fit=880%2C440&ssl=1&resize=350%2C200 1x, https:\/\/i0.wp.com\/lahoradelcampo.com.uy\/site\/wp-content\/uploads\/2023\/02\/Lana-Australia4.jpg?fit=880%2C440&ssl=1&resize=525%2C300 1.5x, https:\/\/i0.wp.com\/lahoradelcampo.com.uy\/site\/wp-content\/uploads\/2023\/02\/Lana-Australia4.jpg?fit=880%2C440&ssl=1&resize=700%2C400 2x"},"classes":[]},{"id":3515,"url":"https:\/\/lahoradelcampo.com.uy\/site\/ime-en-australia-alcanzan-los-us-1252-en-una-semana-positiva\/","url_meta":{"origin":53708,"position":5},"title":"IME en Australia alcanzan los U$S 12,52 en una semana positiva","author":"La Hora del Campo","date":"3 noviembre, 2017","format":false,"excerpt":"Luego de la fluctuaci\u00f3n que generaran las monedas al comienzo de la pasada semana, el mercado lanero australiano volvi\u00f3 a retomar su tendencia alcista y se acerca a los m\u00e1ximos de la zafra registrados en el mes de agosto de U$S 12,81. Al cierre de la semana, este jueves, el\u2026","rel":"","context":"En \u00abActualidad\u00bb","block_context":{"text":"Actualidad","link":"https:\/\/lahoradelcampo.com.uy\/site\/category\/actualidad\/"},"img":{"alt_text":"","src":"https:\/\/i0.wp.com\/lahoradelcampo.com.uy\/site\/wp-content\/uploads\/2017\/11\/Lanas.jpg?fit=880%2C440&ssl=1&resize=350%2C200","width":350,"height":200,"srcset":"https:\/\/i0.wp.com\/lahoradelcampo.com.uy\/site\/wp-content\/uploads\/2017\/11\/Lanas.jpg?fit=880%2C440&ssl=1&resize=350%2C200 1x, https:\/\/i0.wp.com\/lahoradelcampo.com.uy\/site\/wp-content\/uploads\/2017\/11\/Lanas.jpg?fit=880%2C440&ssl=1&resize=525%2C300 1.5x, https:\/\/i0.wp.com\/lahoradelcampo.com.uy\/site\/wp-content\/uploads\/2017\/11\/Lanas.jpg?fit=880%2C440&ssl=1&resize=700%2C400 2x"},"classes":[]}],"jetpack_likes_enabled":true,"_links":{"self":[{"href":"https:\/\/lahoradelcampo.com.uy\/site\/wp-json\/wp\/v2\/posts\/53708","targetHints":{"allow":["GET"]}}],"collection":[{"href":"https:\/\/lahoradelcampo.com.uy\/site\/wp-json\/wp\/v2\/posts"}],"about":[{"href":"https:\/\/lahoradelcampo.com.uy\/site\/wp-json\/wp\/v2\/types\/post"}],"author":[{"embeddable":true,"href":"https:\/\/lahoradelcampo.com.uy\/site\/wp-json\/wp\/v2\/users\/5"}],"replies":[{"embeddable":true,"href":"https:\/\/lahoradelcampo.com.uy\/site\/wp-json\/wp\/v2\/comments?post=53708"}],"version-history":[{"count":1,"href":"https:\/\/lahoradelcampo.com.uy\/site\/wp-json\/wp\/v2\/posts\/53708\/revisions"}],"predecessor-version":[{"id":53709,"href":"https:\/\/lahoradelcampo.com.uy\/site\/wp-json\/wp\/v2\/posts\/53708\/revisions\/53709"}],"wp:featuredmedia":[{"embeddable":true,"href":"https:\/\/lahoradelcampo.com.uy\/site\/wp-json\/wp\/v2\/media\/3829"}],"wp:attachment":[{"href":"https:\/\/lahoradelcampo.com.uy\/site\/wp-json\/wp\/v2\/media?parent=53708"}],"wp:term":[{"taxonomy":"category","embeddable":true,"href":"https:\/\/lahoradelcampo.com.uy\/site\/wp-json\/wp\/v2\/categories?post=53708"},{"taxonomy":"post_tag","embeddable":true,"href":"https:\/\/lahoradelcampo.com.uy\/site\/wp-json\/wp\/v2\/tags?post=53708"}],"curies":[{"name":"wp","href":"https:\/\/api.w.org\/{rel}","templated":true}]}}