{"id":53705,"date":"2024-04-05T07:20:41","date_gmt":"2024-04-05T10:20:41","guid":{"rendered":"http:\/\/lahoradelcampo.com.uy\/site\/?p=53705"},"modified":"2024-04-05T07:20:43","modified_gmt":"2024-04-05T10:20:43","slug":"terneros-subieron-15-a-us-522-el-bulto-en-lote-21","status":"publish","type":"post","link":"https:\/\/lahoradelcampo.com.uy\/site\/terneros-subieron-15-a-us-522-el-bulto-en-lote-21\/","title":{"rendered":"Terneros subieron 1,5% a US$ 522 el bulto en Lote 21"},"content":{"rendered":"\n<figure class=\"wp-block-image size-full\"><a href=\"https:\/\/i0.wp.com\/lahoradelcampo.com.uy\/site\/wp-content\/uploads\/2024\/04\/lote21-abril.jpg\"><img data-recalc-dims=\"1\" loading=\"lazy\" decoding=\"async\" width=\"810\" height=\"405\" data-attachment-id=\"53706\" data-permalink=\"https:\/\/lahoradelcampo.com.uy\/site\/terneros-subieron-15-a-us-522-el-bulto-en-lote-21\/lote21-abril\/\" data-orig-file=\"https:\/\/i0.wp.com\/lahoradelcampo.com.uy\/site\/wp-content\/uploads\/2024\/04\/lote21-abril.jpg?fit=880%2C440&amp;ssl=1\" data-orig-size=\"880,440\" data-comments-opened=\"1\" data-image-meta=\"{&quot;aperture&quot;:&quot;0&quot;,&quot;credit&quot;:&quot;&quot;,&quot;camera&quot;:&quot;&quot;,&quot;caption&quot;:&quot;&quot;,&quot;created_timestamp&quot;:&quot;0&quot;,&quot;copyright&quot;:&quot;&quot;,&quot;focal_length&quot;:&quot;0&quot;,&quot;iso&quot;:&quot;0&quot;,&quot;shutter_speed&quot;:&quot;0&quot;,&quot;title&quot;:&quot;&quot;,&quot;orientation&quot;:&quot;1&quot;}\" data-image-title=\"lote21-abril\" data-image-description=\"\" data-image-caption=\"\" data-large-file=\"https:\/\/i0.wp.com\/lahoradelcampo.com.uy\/site\/wp-content\/uploads\/2024\/04\/lote21-abril.jpg?fit=810%2C405&amp;ssl=1\" src=\"https:\/\/i0.wp.com\/lahoradelcampo.com.uy\/site\/wp-content\/uploads\/2024\/04\/lote21-abril.jpg?resize=810%2C405\" alt=\"\" class=\"wp-image-53706\" srcset=\"https:\/\/i0.wp.com\/lahoradelcampo.com.uy\/site\/wp-content\/uploads\/2024\/04\/lote21-abril.jpg?w=880&amp;ssl=1 880w, https:\/\/i0.wp.com\/lahoradelcampo.com.uy\/site\/wp-content\/uploads\/2024\/04\/lote21-abril.jpg?resize=300%2C150&amp;ssl=1 300w, https:\/\/i0.wp.com\/lahoradelcampo.com.uy\/site\/wp-content\/uploads\/2024\/04\/lote21-abril.jpg?resize=768%2C384&amp;ssl=1 768w, https:\/\/i0.wp.com\/lahoradelcampo.com.uy\/site\/wp-content\/uploads\/2024\/04\/lote21-abril.jpg?resize=820%2C410&amp;ssl=1 820w\" sizes=\"auto, (max-width: 810px) 100vw, 810px\" \/><\/a><\/figure>\n\n\n\n<p>El consorcio Lote 21 culmin\u00f3 su primera jornada de reposici\u00f3n con un mercado mayormente s\u00f3lido el pasado jueves. Los terneros, destacados en la actividad, lograron un promedio de US$ 2,66 por kg en pie, equivalente a US$ 522 por bulto, representando un aumento del 1,5% en comparaci\u00f3n con el \u00faltimo remate de marzo.<\/p>\n\n\n\n<p>En otros segmentos, la escalera de novillos de 1 a 2 a\u00f1os obtuvo un valor de US$ 2,19 (-1%), mientras que la de 2 a 3 a\u00f1os ascendi\u00f3 a US$ 2,08 (+5,2%). Por otro lado, los novillos de m\u00e1s de 3 a\u00f1os se comercializaron en US$ 1,95 (-0,1%). Las vacas de invernada, por su parte, registraron un precio promedio de US$ 1,60, reflejando un incremento del 3,7%. <\/p>\n\n\n\n<p>La actividad en Lote21 continuar\u00e1 este viernes con la subasta de toda la escalera de vientres y ovinos.<\/p>\n\n\n\n<p>Salto, 5 de abril de 2024<\/p>\n","protected":false},"excerpt":{"rendered":"<p>El consorcio Lote 21 culmin\u00f3 su primera jornada de reposici\u00f3n con un mercado mayormente s\u00f3lido el pasado jueves. Los terneros, destacados en la actividad, lograron un promedio de US$ 2,66 [&hellip;]<\/p>\n","protected":false},"author":5,"featured_media":53706,"comment_status":"open","ping_status":"open","sticky":false,"template":"","format":"standard","meta":{"_price":"","_stock":"","_tribe_ticket_header":"","_tribe_default_ticket_provider":"","_tribe_ticket_capacity":"0","_ticket_start_date":"","_ticket_end_date":"","_tribe_ticket_show_description":"","_tribe_ticket_show_not_going":false,"_tribe_ticket_use_global_stock":"","_tribe_ticket_global_stock_level":"","_global_stock_mode":"","_global_stock_cap":"","_tribe_rsvp_for_event":"","_tribe_ticket_going_count":"","_tribe_ticket_not_going_count":"","_tribe_tickets_list":"[]","_tribe_ticket_has_attendee_info_fields":false,"h5ap_radio_sources":[],"_jetpack_newsletter_access":"","_jetpack_dont_email_post_to_subs":false,"_jetpack_newsletter_tier_id":0,"_jetpack_memberships_contains_paywalled_content":false,"_jetpack_memberships_contains_paid_content":false,"footnotes":""},"categories":[21,5],"tags":[],"class_list":["post-53705","post","type-post","status-publish","format-standard","has-post-thumbnail","hentry","category-actualidad","category-ganaderia"],"jetpack_featured_media_url":"https:\/\/i0.wp.com\/lahoradelcampo.com.uy\/site\/wp-content\/uploads\/2024\/04\/lote21-abril.jpg?fit=880%2C440&ssl=1","jetpack_sharing_enabled":true,"jetpack_shortlink":"https:\/\/wp.me\/p99IaT-dYd","jetpack-related-posts":[{"id":41981,"url":"https:\/\/lahoradelcampo.com.uy\/site\/plaza-rural-coloco-el-957-de-ventas-en-la-primera-jornada-del-plaza-angus\/","url_meta":{"origin":53705,"position":0},"title":"Plaza Rural coloc\u00f3 el 95,7% de ventas en la primera jornada del Plaza Angus","author":"La Hora del Campo","date":"19 mayo, 2022","format":false,"excerpt":"Plaza Rural concret\u00f3 en la jornada de ayer la primera jornada de ventas de su remate 248, que incluye el Plaza Angus, con un 95,7% de colocaci\u00f3n. Donde con m\u00e1s de ocho horas de remate y una oferta que super\u00f3 los 6.000 terneros, se registr\u00f3 un baja del 4,7% en\u2026","rel":"","context":"En \u00abActualidad\u00bb","block_context":{"text":"Actualidad","link":"https:\/\/lahoradelcampo.com.uy\/site\/category\/actualidad\/"},"img":{"alt_text":"","src":"https:\/\/i0.wp.com\/lahoradelcampo.com.uy\/site\/wp-content\/uploads\/2022\/05\/PLazaRural-general.jpg?fit=880%2C440&ssl=1&resize=350%2C200","width":350,"height":200,"srcset":"https:\/\/i0.wp.com\/lahoradelcampo.com.uy\/site\/wp-content\/uploads\/2022\/05\/PLazaRural-general.jpg?fit=880%2C440&ssl=1&resize=350%2C200 1x, https:\/\/i0.wp.com\/lahoradelcampo.com.uy\/site\/wp-content\/uploads\/2022\/05\/PLazaRural-general.jpg?fit=880%2C440&ssl=1&resize=525%2C300 1.5x, https:\/\/i0.wp.com\/lahoradelcampo.com.uy\/site\/wp-content\/uploads\/2022\/05\/PLazaRural-general.jpg?fit=880%2C440&ssl=1&resize=700%2C400 2x"},"classes":[]},{"id":49698,"url":"https:\/\/lahoradelcampo.com.uy\/site\/en-marzo-se-remataron-19-369-terneros-a-us-240\/","url_meta":{"origin":53705,"position":1},"title":"En marzo se remataron 19.369 terneros a US$ 2,40","author":"La Hora del Campo","date":"3 abril, 2023","format":false,"excerpt":"Seg\u00fan los datos recopilados durante el mes de marzo de 2023, la comercializaci\u00f3n de terneros en las ocho ventas virtuales de Plaza Rural, Lote 21 y Pantalla Uruguay alcanz\u00f3 un volumen total de 19.369 animales, con un valor promedio de US$ 2,40 al kilo o US$ 369 al bulto. El\u2026","rel":"","context":"En \u00abActualidad\u00bb","block_context":{"text":"Actualidad","link":"https:\/\/lahoradelcampo.com.uy\/site\/category\/actualidad\/"},"img":{"alt_text":"","src":"https:\/\/i0.wp.com\/lahoradelcampo.com.uy\/site\/wp-content\/uploads\/2023\/01\/Ternero.jpg?fit=880%2C440&ssl=1&resize=350%2C200","width":350,"height":200,"srcset":"https:\/\/i0.wp.com\/lahoradelcampo.com.uy\/site\/wp-content\/uploads\/2023\/01\/Ternero.jpg?fit=880%2C440&ssl=1&resize=350%2C200 1x, https:\/\/i0.wp.com\/lahoradelcampo.com.uy\/site\/wp-content\/uploads\/2023\/01\/Ternero.jpg?fit=880%2C440&ssl=1&resize=525%2C300 1.5x, https:\/\/i0.wp.com\/lahoradelcampo.com.uy\/site\/wp-content\/uploads\/2023\/01\/Ternero.jpg?fit=880%2C440&ssl=1&resize=700%2C400 2x"},"classes":[]},{"id":19786,"url":"https:\/\/lahoradelcampo.com.uy\/site\/plaza-rural-vendio-el-88-de-los-terneros-en-us-220\/","url_meta":{"origin":53705,"position":2},"title":"Plaza Rural vendi\u00f3 el 88% de los terneros en US$ 2,20","author":"La Hora del Campo","date":"14 mayo, 2020","format":false,"excerpt":"En una extensa jornada de actividad el consorcio de rematadores de Plaza Rural cerr\u00f3 ayer la venta de las categor\u00edas de terneros, colocando un 88% del total ofertado. El mercado se comport\u00f3 de acuerdo a lo previsto por parte de los consignatarios y rematadores, con un ajuste del 4,9% en\u2026","rel":"","context":"En \u00abActualidad\u00bb","block_context":{"text":"Actualidad","link":"https:\/\/lahoradelcampo.com.uy\/site\/category\/actualidad\/"},"img":{"alt_text":"","src":"https:\/\/i0.wp.com\/lahoradelcampo.com.uy\/site\/wp-content\/uploads\/2017\/11\/Plaza.jpg?fit=880%2C440&ssl=1&resize=350%2C200","width":350,"height":200,"srcset":"https:\/\/i0.wp.com\/lahoradelcampo.com.uy\/site\/wp-content\/uploads\/2017\/11\/Plaza.jpg?fit=880%2C440&ssl=1&resize=350%2C200 1x, https:\/\/i0.wp.com\/lahoradelcampo.com.uy\/site\/wp-content\/uploads\/2017\/11\/Plaza.jpg?fit=880%2C440&ssl=1&resize=525%2C300 1.5x, https:\/\/i0.wp.com\/lahoradelcampo.com.uy\/site\/wp-content\/uploads\/2017\/11\/Plaza.jpg?fit=880%2C440&ssl=1&resize=700%2C400 2x"},"classes":[]},{"id":12753,"url":"https:\/\/lahoradelcampo.com.uy\/site\/plaza-rural-coloco-el-100-de-la-oferta-de-invernada\/","url_meta":{"origin":53705,"position":3},"title":"Plaza Rural coloc\u00f3 el 100% de la oferta de invernada","author":"La Hora del Campo","date":"16 julio, 2019","format":false,"excerpt":"En su primer d\u00eda de ventas del remate 209, los integrantes del consorcio de Plaza Rural colocaron los 8.844 vacunos propuestos por los vendedores, comercializando el 100% de la oferta en un mercado demandado y con ajuste de valores en las categor\u00edas de terneros, novillos de m\u00e1s de 3 a\u00f1os\u2026","rel":"","context":"En \u00abActualidad\u00bb","block_context":{"text":"Actualidad","link":"https:\/\/lahoradelcampo.com.uy\/site\/category\/actualidad\/"},"img":{"alt_text":"","src":"https:\/\/i0.wp.com\/lahoradelcampo.com.uy\/site\/wp-content\/uploads\/2019\/07\/plaza-rural.jpg?fit=880%2C440&ssl=1&resize=350%2C200","width":350,"height":200,"srcset":"https:\/\/i0.wp.com\/lahoradelcampo.com.uy\/site\/wp-content\/uploads\/2019\/07\/plaza-rural.jpg?fit=880%2C440&ssl=1&resize=350%2C200 1x, https:\/\/i0.wp.com\/lahoradelcampo.com.uy\/site\/wp-content\/uploads\/2019\/07\/plaza-rural.jpg?fit=880%2C440&ssl=1&resize=525%2C300 1.5x, https:\/\/i0.wp.com\/lahoradelcampo.com.uy\/site\/wp-content\/uploads\/2019\/07\/plaza-rural.jpg?fit=880%2C440&ssl=1&resize=700%2C400 2x"},"classes":[]},{"id":53782,"url":"https:\/\/lahoradelcampo.com.uy\/site\/lotes-de-terneros-en-salto-cotizan-a-us-262-en-las-pantallas\/","url_meta":{"origin":53705,"position":4},"title":"Lotes de terneros en Salto, cotizan a US$ 2,62 en las pantallas","author":"La Hora del Campo","date":"17 abril, 2024","format":false,"excerpt":"En nuestro departamento, se llevan comercializados hasta el momento 1.770 terneros a un promedio de US$ 2,62 al kilo o US$ 513 al bulto. El precio m\u00e1ximo fue para un lote de 162 kilos, ganado 100% Hereford, siendo este al mayor valor para los terneros entre 140 y 200 kilos.\u2026","rel":"","context":"En \u00abActualidad\u00bb","block_context":{"text":"Actualidad","link":"https:\/\/lahoradelcampo.com.uy\/site\/category\/actualidad\/"},"img":{"alt_text":"","src":"https:\/\/i0.wp.com\/lahoradelcampo.com.uy\/site\/wp-content\/uploads\/2024\/04\/Ternerosangus.jpg?fit=880%2C440&ssl=1&resize=350%2C200","width":350,"height":200,"srcset":"https:\/\/i0.wp.com\/lahoradelcampo.com.uy\/site\/wp-content\/uploads\/2024\/04\/Ternerosangus.jpg?fit=880%2C440&ssl=1&resize=350%2C200 1x, https:\/\/i0.wp.com\/lahoradelcampo.com.uy\/site\/wp-content\/uploads\/2024\/04\/Ternerosangus.jpg?fit=880%2C440&ssl=1&resize=525%2C300 1.5x, https:\/\/i0.wp.com\/lahoradelcampo.com.uy\/site\/wp-content\/uploads\/2024\/04\/Ternerosangus.jpg?fit=880%2C440&ssl=1&resize=700%2C400 2x"},"classes":[]},{"id":24906,"url":"https:\/\/lahoradelcampo.com.uy\/site\/plaza-rural-coloco-el-634-de-la-oferta-de-terneros\/","url_meta":{"origin":53705,"position":5},"title":"Plaza Rural coloc\u00f3 el 63,4%  de la oferta de terneros","author":"La Hora del Campo","date":"22 octubre, 2020","format":false,"excerpt":"Ayer se registr\u00f3 la primera jornada de ventas (de cuatro) que tiene este remate de Plaza Rural que sorprendi\u00f3 por el alto nivel de oferta que se concret\u00f3 para esta oportunidad. La ausencia de precipitaciones en varias zonas del pa\u00eds, terneros m\u00e1s pesados, casi haciendo el a\u00f1o y las pretensiones\u2026","rel":"","context":"En \u00abActualidad\u00bb","block_context":{"text":"Actualidad","link":"https:\/\/lahoradelcampo.com.uy\/site\/category\/actualidad\/"},"img":{"alt_text":"","src":"https:\/\/i0.wp.com\/lahoradelcampo.com.uy\/site\/wp-content\/uploads\/2020\/10\/plazarural.jpg?fit=880%2C440&ssl=1&resize=350%2C200","width":350,"height":200,"srcset":"https:\/\/i0.wp.com\/lahoradelcampo.com.uy\/site\/wp-content\/uploads\/2020\/10\/plazarural.jpg?fit=880%2C440&ssl=1&resize=350%2C200 1x, https:\/\/i0.wp.com\/lahoradelcampo.com.uy\/site\/wp-content\/uploads\/2020\/10\/plazarural.jpg?fit=880%2C440&ssl=1&resize=525%2C300 1.5x, https:\/\/i0.wp.com\/lahoradelcampo.com.uy\/site\/wp-content\/uploads\/2020\/10\/plazarural.jpg?fit=880%2C440&ssl=1&resize=700%2C400 2x"},"classes":[]}],"jetpack_likes_enabled":true,"_links":{"self":[{"href":"https:\/\/lahoradelcampo.com.uy\/site\/wp-json\/wp\/v2\/posts\/53705","targetHints":{"allow":["GET"]}}],"collection":[{"href":"https:\/\/lahoradelcampo.com.uy\/site\/wp-json\/wp\/v2\/posts"}],"about":[{"href":"https:\/\/lahoradelcampo.com.uy\/site\/wp-json\/wp\/v2\/types\/post"}],"author":[{"embeddable":true,"href":"https:\/\/lahoradelcampo.com.uy\/site\/wp-json\/wp\/v2\/users\/5"}],"replies":[{"embeddable":true,"href":"https:\/\/lahoradelcampo.com.uy\/site\/wp-json\/wp\/v2\/comments?post=53705"}],"version-history":[{"count":1,"href":"https:\/\/lahoradelcampo.com.uy\/site\/wp-json\/wp\/v2\/posts\/53705\/revisions"}],"predecessor-version":[{"id":53707,"href":"https:\/\/lahoradelcampo.com.uy\/site\/wp-json\/wp\/v2\/posts\/53705\/revisions\/53707"}],"wp:featuredmedia":[{"embeddable":true,"href":"https:\/\/lahoradelcampo.com.uy\/site\/wp-json\/wp\/v2\/media\/53706"}],"wp:attachment":[{"href":"https:\/\/lahoradelcampo.com.uy\/site\/wp-json\/wp\/v2\/media?parent=53705"}],"wp:term":[{"taxonomy":"category","embeddable":true,"href":"https:\/\/lahoradelcampo.com.uy\/site\/wp-json\/wp\/v2\/categories?post=53705"},{"taxonomy":"post_tag","embeddable":true,"href":"https:\/\/lahoradelcampo.com.uy\/site\/wp-json\/wp\/v2\/tags?post=53705"}],"curies":[{"name":"wp","href":"https:\/\/api.w.org\/{rel}","templated":true}]}}