{"id":53702,"date":"2024-04-04T07:07:47","date_gmt":"2024-04-04T10:07:47","guid":{"rendered":"http:\/\/lahoradelcampo.com.uy\/site\/?p=53702"},"modified":"2024-04-04T07:07:49","modified_gmt":"2024-04-04T10:07:49","slug":"las-51a-jornadas-uruguayas-de-buiatria-seran-entre-el-6-y-7-de-junio","status":"publish","type":"post","link":"https:\/\/lahoradelcampo.com.uy\/site\/las-51a-jornadas-uruguayas-de-buiatria-seran-entre-el-6-y-7-de-junio\/","title":{"rendered":"Las 51\u00aa Jornadas Uruguayas de Buiatr\u00eda ser\u00e1n entre el 6 y 7 de junio"},"content":{"rendered":"\n<figure class=\"wp-block-image size-full\"><a href=\"https:\/\/i0.wp.com\/lahoradelcampo.com.uy\/site\/wp-content\/uploads\/2024\/04\/buiatria1.jpg\"><img data-recalc-dims=\"1\" loading=\"lazy\" decoding=\"async\" width=\"810\" height=\"405\" data-attachment-id=\"53703\" data-permalink=\"https:\/\/lahoradelcampo.com.uy\/site\/las-51a-jornadas-uruguayas-de-buiatria-seran-entre-el-6-y-7-de-junio\/buiatria1\/\" data-orig-file=\"https:\/\/i0.wp.com\/lahoradelcampo.com.uy\/site\/wp-content\/uploads\/2024\/04\/buiatria1.jpg?fit=880%2C440&amp;ssl=1\" data-orig-size=\"880,440\" data-comments-opened=\"1\" data-image-meta=\"{&quot;aperture&quot;:&quot;0&quot;,&quot;credit&quot;:&quot;&quot;,&quot;camera&quot;:&quot;&quot;,&quot;caption&quot;:&quot;&quot;,&quot;created_timestamp&quot;:&quot;0&quot;,&quot;copyright&quot;:&quot;&quot;,&quot;focal_length&quot;:&quot;0&quot;,&quot;iso&quot;:&quot;0&quot;,&quot;shutter_speed&quot;:&quot;0&quot;,&quot;title&quot;:&quot;&quot;,&quot;orientation&quot;:&quot;1&quot;}\" data-image-title=\"buiatria1\" data-image-description=\"\" data-image-caption=\"\" data-large-file=\"https:\/\/i0.wp.com\/lahoradelcampo.com.uy\/site\/wp-content\/uploads\/2024\/04\/buiatria1.jpg?fit=810%2C405&amp;ssl=1\" src=\"https:\/\/i0.wp.com\/lahoradelcampo.com.uy\/site\/wp-content\/uploads\/2024\/04\/buiatria1.jpg?resize=810%2C405\" alt=\"\" class=\"wp-image-53703\" srcset=\"https:\/\/i0.wp.com\/lahoradelcampo.com.uy\/site\/wp-content\/uploads\/2024\/04\/buiatria1.jpg?w=880&amp;ssl=1 880w, https:\/\/i0.wp.com\/lahoradelcampo.com.uy\/site\/wp-content\/uploads\/2024\/04\/buiatria1.jpg?resize=300%2C150&amp;ssl=1 300w, https:\/\/i0.wp.com\/lahoradelcampo.com.uy\/site\/wp-content\/uploads\/2024\/04\/buiatria1.jpg?resize=768%2C384&amp;ssl=1 768w, https:\/\/i0.wp.com\/lahoradelcampo.com.uy\/site\/wp-content\/uploads\/2024\/04\/buiatria1.jpg?resize=820%2C410&amp;ssl=1 820w\" sizes=\"auto, (max-width: 810px) 100vw, 810px\" \/><\/a><\/figure>\n\n\n\n<p>El Centro M\u00e9dico Veterinario de Paysand\u00fa (CMVP) se prepara para recibir a destacados expertos nacionales e internacionales en las 51\u00aa Jornadas Uruguayas de Buiatr\u00eda, un evento emblem\u00e1tico que tendr\u00e1 lugar los d\u00edas jueves 6 y viernes 7 de junio, con tres cursos adicionales programados para el s\u00e1bado 8. La Dra. Gloria Arnaud, presidenta del Comit\u00e9 Organizador, ha anunciado que el programa est\u00e1 pr\u00e1cticamente completo y que se abordar\u00e1n temas de vanguardia en la profesi\u00f3n veterinaria.<\/p>\n\n\n\n<p>El acto inaugural se llevar\u00e1 a cabo el jueves 6 a las 12.30 horas, marcando el inicio de dos d\u00edas intensos de intercambio profesional y actualizaci\u00f3n en el campo de la Buiatr\u00eda.<\/p>\n\n\n\n<p><strong>Enfermedades Parasitarias y Nutrici\u00f3n Animal<\/strong><\/p>\n\n\n\n<p>El Simposio de Enfermedades Parasitarias, que se realizar\u00e1 el jueves 6 desde las 9 horas en Sala 1, abordar\u00e1 aspectos fundamentales del control de d\u00edpteros hemat\u00f3fagos en ganader\u00eda, la epidemiolog\u00eda y control de Fasciola hep\u00e1tica, as\u00ed como m\u00e9todos de prevenci\u00f3n para el complejo de Tristeza Parasitaria Bovina. Destacados expertos como el Lic. Rodrigo Ferreira Kr\u00fcger, el Dr. Luis \u00c1lvarez y el Dr. Pablo Parodi compartir\u00e1n sus conocimientos y experiencias.<\/p>\n\n\n\n<p>Por otra parte, el Simposio de Nutrici\u00f3n Animal, tambi\u00e9n el jueves en Sala 1 en horas de la tarde, ofrecer\u00e1 una mirada profunda sobre la nutrici\u00f3n en el per\u00edodo de transici\u00f3n, las p\u00e9rdidas subcl\u00ednicas por deficiencias vitam\u00ednicas-minerales y alternativas de manejo nutricional en el post-destete temprano.<\/p>\n\n\n\n<p><strong>Adaptaci\u00f3n de los Sistemas al Cambio Clim\u00e1tico<\/strong><\/p>\n\n\n\n<p>El Simposio de Adaptaci\u00f3n de los Sistemas al Cambio Clim\u00e1tico, a realizarse en Sala 2 el jueves 6 desde las 9 horas, ser\u00e1 una oportunidad para explorar c\u00f3mo enfrentar los desaf\u00edos del cambio clim\u00e1tico en el \u00e1mbito agropecuario. Expertos como el Ing. Agr. Walter E. Baethgen, el Ing. Agr. Oscar Blumetto, el Lic. Marcelo Barreiro y la Ing. Agr. Elly Navajas compartir\u00e1n sus investigaciones y reflexiones sobre este tema crucial, seguido de una mesa redonda para profundizar en las discusiones.<\/p>\n\n\n\n<p><strong>Bovinos de Leche<\/strong><\/p>\n\n\n\n<p>El Simposio de Bovinos de Leche, ser\u00e1 en la tarde del jueves en Sala 2, una oportunidad para conocer las \u00faltimas actualizaciones sobre los sistemas de crianza, las principales dificultades en la crianza de terneros en Uruguay y las medidas de control para la salud mamaria en rodeos lecheros. Ponentes como el Dr. Carlos Catracchia, el Dr. Dar\u00edo Caffarena y el Dr. Marcos Mu\u00f1oz compartir\u00e1n su expertise y recomendaciones para optimizar la lecher\u00eda.<\/p>\n\n\n\n<p><strong>Reproducci\u00f3n Animal y Mercados de Carnes<\/strong><\/p>\n\n\n\n<p>Uno de los aspectos m\u00e1s destacados del evento ser\u00e1 el Simposio de Reproducci\u00f3n Animal, que se llevar\u00e1 a cabo el viernes 7 de junio. Este simposio abordar\u00e1 temas como los factores que afectan el \u00e9xito de la inseminaci\u00f3n artificial en el ganado de carne, la fertilizaci\u00f3n de embriones in vitro y la importancia de la calidad seminal en la fertilidad del rodeo.<\/p>\n\n\n\n<p>Por otro lado, el Simposio de Mercados y Comercializaci\u00f3n de Carnes ofrecer\u00e1 un an\u00e1lisis profundo de la situaci\u00f3n de los mercados para los productos pecuarios, as\u00ed como casos pr\u00e1cticos sobre certificaci\u00f3n de procesos y sistemas en ganado bovino y ovino.<\/p>\n\n\n\n<p><strong>Cl\u00ednica de Rumiantes<\/strong><\/p>\n\n\n\n<p>En cuanto a la Cl\u00ednica de Rumiantes, se destacan las conferencias sobre enfermedades del aparato digestivo en los rumiantes, con la participaci\u00f3n de reconocidos expertos. Este simposio ofrecer\u00e1 informaci\u00f3n valiosa sobre el diagn\u00f3stico y tratamiento de enfermedades que afectan a los rumiantes.<br>Inscripciones y Beneficios<\/p>\n\n\n\n<p>El Comit\u00e9 Organizador ha dispuesto bonificaciones para aquellos que se inscriban anticipadamente. Hasta el 10 de Mayo, los costos de inscripci\u00f3n son los siguientes: Socios de la SMVU: U$S 220. No socios: U$S 245. Estudiantes de posgrado: U$S 200. Estudiantes de grado: U$S 150.<\/p>\n\n\n\n<p>Para quienes opten por inscribirse hasta el 31 de Mayo, los precios ser\u00e1n los siguientes: Socios de la SMVU: U$S 250. No socios: U$S 320. Estudiantes de posgrado: U$S 250. Estudiantes de grado: U$S 190.<\/p>\n\n\n\n<p>Aquellas personas que decidan inscribirse el d\u00eda del evento deber\u00e1n abonar los siguientes montos: Socios de la SMVU: U$S 310. No socios: U$S 350. Estudiantes de posgrado: U$S 295. Estudiantes de grado: U$S 220.<\/p>\n\n\n\n<p><strong>Cursillos Destacados<\/strong><\/p>\n\n\n\n<p>En esta edici\u00f3n de las Jornadas Uruguayas de Buiatr\u00eda se ofrecer\u00e1n tres cursillos de alta relevancia, dirigidos por expertos en cada \u00e1rea.<\/p>\n\n\n\n<p>Examen androl\u00f3gico en toros: nuevas tecnolog\u00edas en el diagn\u00f3stico. Participan los doctores Jorge Chac\u00f3n, Jorge Gil y Lauro Art\u00eda.<\/p>\n\n\n\n<p>Programas de control de salud mamaria del rodeo: implementaci\u00f3n y medidas de control y prevenci\u00f3n y estrategias para el monitoreo. Participan los doctores Marcos Mu\u00f1oz y Edgardo Gianneechini.<\/p>\n\n\n\n<p>Evaluaci\u00f3n cl\u00ednica en rumiantes: claves para establecer un diagn\u00f3stico preciso. Participan los doctores Rodolfo Souto y Lourdes Adrien.<\/p>\n\n\n\n<p>Cada curso tendr\u00e1 un costo: U$S 60 (inscriptos a las jornadas); U$S 120 (no inscriptos a las jornadas).<\/p>\n\n\n\n<p>Salto, 4 de abril de 2024<\/p>\n","protected":false},"excerpt":{"rendered":"<p>El Centro M\u00e9dico Veterinario de Paysand\u00fa (CMVP) se prepara para recibir a destacados expertos nacionales e internacionales en las 51\u00aa Jornadas Uruguayas de Buiatr\u00eda, un evento emblem\u00e1tico que tendr\u00e1 lugar [&hellip;]<\/p>\n","protected":false},"author":5,"featured_media":53703,"comment_status":"open","ping_status":"open","sticky":false,"template":"","format":"standard","meta":{"_price":"","_stock":"","_tribe_ticket_header":"","_tribe_default_ticket_provider":"","_tribe_ticket_capacity":"0","_ticket_start_date":"","_ticket_end_date":"","_tribe_ticket_show_description":"","_tribe_ticket_show_not_going":false,"_tribe_ticket_use_global_stock":"","_tribe_ticket_global_stock_level":"","_global_stock_mode":"","_global_stock_cap":"","_tribe_rsvp_for_event":"","_tribe_ticket_going_count":"","_tribe_ticket_not_going_count":"","_tribe_tickets_list":"[]","_tribe_ticket_has_attendee_info_fields":false,"h5ap_radio_sources":[],"_jetpack_newsletter_access":"","_jetpack_dont_email_post_to_subs":false,"_jetpack_newsletter_tier_id":0,"_jetpack_memberships_contains_paywalled_content":false,"_jetpack_memberships_contains_paid_content":false,"footnotes":""},"categories":[21,5],"tags":[],"class_list":["post-53702","post","type-post","status-publish","format-standard","has-post-thumbnail","hentry","category-actualidad","category-ganaderia"],"jetpack_featured_media_url":"https:\/\/i0.wp.com\/lahoradelcampo.com.uy\/site\/wp-content\/uploads\/2024\/04\/buiatria1.jpg?fit=880%2C440&ssl=1","jetpack_sharing_enabled":true,"jetpack_shortlink":"https:\/\/wp.me\/p99IaT-dYa","jetpack-related-posts":[{"id":51079,"url":"https:\/\/lahoradelcampo.com.uy\/site\/el-jueves-comienzan-las-50a-jornadas-uruguayas-de-buiatria\/","url_meta":{"origin":53702,"position":0},"title":"El jueves comienzan las 50\u00aa Jornadas Uruguayas de Buiatr\u00eda","author":"La Hora del Campo","date":"6 junio, 2023","format":false,"excerpt":"Este jueves dar\u00e1 inicio un evento trascendental para el \u00e1mbito veterinario: las 50\u00aa Jornadas Uruguayas de Buiatr\u00eda y el 20\u00ba Congreso Latinoamericano. La ciudad de Paysand\u00fa ser\u00e1 el escenario de este encuentro, que contar\u00e1 con la presencia destacada del presidente de la Rep\u00fablica, Luis Lacalle Pou. Es la primera vez\u2026","rel":"","context":"En \u00abActualidad\u00bb","block_context":{"text":"Actualidad","link":"https:\/\/lahoradelcampo.com.uy\/site\/category\/actualidad\/"},"img":{"alt_text":"","src":"https:\/\/i0.wp.com\/lahoradelcampo.com.uy\/site\/wp-content\/uploads\/2023\/06\/Jornadabuiatria.jpg?fit=880%2C440&ssl=1&resize=350%2C200","width":350,"height":200,"srcset":"https:\/\/i0.wp.com\/lahoradelcampo.com.uy\/site\/wp-content\/uploads\/2023\/06\/Jornadabuiatria.jpg?fit=880%2C440&ssl=1&resize=350%2C200 1x, https:\/\/i0.wp.com\/lahoradelcampo.com.uy\/site\/wp-content\/uploads\/2023\/06\/Jornadabuiatria.jpg?fit=880%2C440&ssl=1&resize=525%2C300 1.5x, https:\/\/i0.wp.com\/lahoradelcampo.com.uy\/site\/wp-content\/uploads\/2023\/06\/Jornadabuiatria.jpg?fit=880%2C440&ssl=1&resize=700%2C400 2x"},"classes":[]},{"id":11291,"url":"https:\/\/lahoradelcampo.com.uy\/site\/jornadas-uruguayas-de-buiatria-comienzan-el-5-de-junio-en-paysandu\/","url_meta":{"origin":53702,"position":1},"title":"Jornadas Uruguayas de Buiatr\u00eda comienzan el 5 de junio en Paysand\u00fa","author":"La Hora del Campo","date":"30 mayo, 2019","format":false,"excerpt":"\u201cEs el evento de la profesi\u00f3n veterinaria m\u00e1s importante del pa\u00eds y no necesita que se le desee suerte, porque como ha ocurrido en todos estos a\u00f1os, la ha tenido\u201d, dijo el doctor Jos\u00e9 Gallero, asesor de la Direcci\u00f3n General de los Servicios Ganaderos del Ministerio de Ganader\u00eda, Agricultura y\u2026","rel":"","context":"En \u00abActualidad\u00bb","block_context":{"text":"Actualidad","link":"https:\/\/lahoradelcampo.com.uy\/site\/category\/actualidad\/"},"img":{"alt_text":"","src":"https:\/\/i0.wp.com\/lahoradelcampo.com.uy\/site\/wp-content\/uploads\/2019\/05\/buiatria.jpg?fit=880%2C440&ssl=1&resize=350%2C200","width":350,"height":200,"srcset":"https:\/\/i0.wp.com\/lahoradelcampo.com.uy\/site\/wp-content\/uploads\/2019\/05\/buiatria.jpg?fit=880%2C440&ssl=1&resize=350%2C200 1x, https:\/\/i0.wp.com\/lahoradelcampo.com.uy\/site\/wp-content\/uploads\/2019\/05\/buiatria.jpg?fit=880%2C440&ssl=1&resize=525%2C300 1.5x, https:\/\/i0.wp.com\/lahoradelcampo.com.uy\/site\/wp-content\/uploads\/2019\/05\/buiatria.jpg?fit=880%2C440&ssl=1&resize=700%2C400 2x"},"classes":[]},{"id":42177,"url":"https:\/\/lahoradelcampo.com.uy\/site\/las-jornadas-de-buiatria-vuelven-a-la-presencialidad\/","url_meta":{"origin":53702,"position":2},"title":"Las jornadas de buiatr\u00eda vuelven a la presencialidad","author":"La Hora del Campo","date":"27 mayo, 2022","format":false,"excerpt":"La 49\u00aa edici\u00f3n de las Jornadas Uruguayas de Buiatr\u00eda se realizar\u00e1 los d\u00edas jueves 9 y viernes 10 de junio a nivel del Sal\u00f3n Egeo y el s\u00e1bado 11 de junio con una serie de cursillos en la estaci\u00f3n de la Facultad de Agronom\u00eda (EEMAC) en Paysand\u00fa. En el lanzamiento\u2026","rel":"","context":"En \u00abActualidad\u00bb","block_context":{"text":"Actualidad","link":"https:\/\/lahoradelcampo.com.uy\/site\/category\/actualidad\/"},"img":{"alt_text":"","src":"https:\/\/i0.wp.com\/lahoradelcampo.com.uy\/site\/wp-content\/uploads\/2022\/05\/Buiatria-lanzamiento22.jpg?fit=880%2C440&ssl=1&resize=350%2C200","width":350,"height":200,"srcset":"https:\/\/i0.wp.com\/lahoradelcampo.com.uy\/site\/wp-content\/uploads\/2022\/05\/Buiatria-lanzamiento22.jpg?fit=880%2C440&ssl=1&resize=350%2C200 1x, https:\/\/i0.wp.com\/lahoradelcampo.com.uy\/site\/wp-content\/uploads\/2022\/05\/Buiatria-lanzamiento22.jpg?fit=880%2C440&ssl=1&resize=525%2C300 1.5x, https:\/\/i0.wp.com\/lahoradelcampo.com.uy\/site\/wp-content\/uploads\/2022\/05\/Buiatria-lanzamiento22.jpg?fit=880%2C440&ssl=1&resize=700%2C400 2x"},"classes":[]},{"id":30800,"url":"https:\/\/lahoradelcampo.com.uy\/site\/ya-esta-en-marcha-las-xlviii-jornadas-uruguayas-de-buiatria-100-virtual\/","url_meta":{"origin":53702,"position":3},"title":"Ya est\u00e1 en marcha las XLVIII jornadas uruguayas de Buiatr\u00eda 100% virtual","author":"La Hora del Campo","date":"2 junio, 2021","format":false,"excerpt":"El lunes 31 de mayo dieron comienzo las 48a Jornadas de Buiatr\u00eda en Paysand\u00fa, siendo este a\u00f1o, por motivo de la pandemia, realizada de forma 100% virtual. Como es tradicional se realiza por simposios y este a\u00f1o se ha extendido a cinco d\u00edas, ayer estuvieron los t\u00e9cnicos en lecher\u00eda y\u2026","rel":"","context":"En \u00abActualidad\u00bb","block_context":{"text":"Actualidad","link":"https:\/\/lahoradelcampo.com.uy\/site\/category\/actualidad\/"},"img":{"alt_text":"","src":"https:\/\/i0.wp.com\/lahoradelcampo.com.uy\/site\/wp-content\/uploads\/2021\/06\/buiatria3.jpg?fit=880%2C440&ssl=1&resize=350%2C200","width":350,"height":200,"srcset":"https:\/\/i0.wp.com\/lahoradelcampo.com.uy\/site\/wp-content\/uploads\/2021\/06\/buiatria3.jpg?fit=880%2C440&ssl=1&resize=350%2C200 1x, https:\/\/i0.wp.com\/lahoradelcampo.com.uy\/site\/wp-content\/uploads\/2021\/06\/buiatria3.jpg?fit=880%2C440&ssl=1&resize=525%2C300 1.5x, https:\/\/i0.wp.com\/lahoradelcampo.com.uy\/site\/wp-content\/uploads\/2021\/06\/buiatria3.jpg?fit=880%2C440&ssl=1&resize=700%2C400 2x"},"classes":[]},{"id":40255,"url":"https:\/\/lahoradelcampo.com.uy\/site\/jornadas-de-buiatria-seran-presenciales-entre-el-9-y-11-de-junio\/","url_meta":{"origin":53702,"position":4},"title":"Jornadas de Buiatr\u00eda ser\u00e1n presenciales entre el 9 y 11 de junio","author":"La Hora del Campo","date":"25 marzo, 2022","format":false,"excerpt":"En junio de 2019 fue la \u00faltima vez que las tradicionales Jornadas Uruguayas de Buiatr\u00eda, que se desarrollan en Paysand\u00fa desde 1972, se realizaron de forma presencial. Este a\u00f1o, el sal\u00f3n Egeo ser\u00e1 el lugar indicado para que m\u00e9dicos veterinarios de Uruguay y otros pa\u00edses, vuelven a encontrarse durante 3\u2026","rel":"","context":"En \u00abActualidad\u00bb","block_context":{"text":"Actualidad","link":"https:\/\/lahoradelcampo.com.uy\/site\/category\/actualidad\/"},"img":{"alt_text":"","src":"https:\/\/i0.wp.com\/lahoradelcampo.com.uy\/site\/wp-content\/uploads\/2022\/03\/Buiatria-1.jpg?fit=880%2C440&ssl=1&resize=350%2C200","width":350,"height":200,"srcset":"https:\/\/i0.wp.com\/lahoradelcampo.com.uy\/site\/wp-content\/uploads\/2022\/03\/Buiatria-1.jpg?fit=880%2C440&ssl=1&resize=350%2C200 1x, https:\/\/i0.wp.com\/lahoradelcampo.com.uy\/site\/wp-content\/uploads\/2022\/03\/Buiatria-1.jpg?fit=880%2C440&ssl=1&resize=525%2C300 1.5x, https:\/\/i0.wp.com\/lahoradelcampo.com.uy\/site\/wp-content\/uploads\/2022\/03\/Buiatria-1.jpg?fit=880%2C440&ssl=1&resize=700%2C400 2x"},"classes":[]},{"id":56191,"url":"https:\/\/lahoradelcampo.com.uy\/site\/estrategias-reproductivas-y-lanzamiento-de-progestar-de-la-mano-de-biogenesis-bago-en-las-jornadas-de-buiatria-2025\/","url_meta":{"origin":53702,"position":5},"title":"Estrategias reproductivas y lanzamiento de Progestar de la mano de Biog\u00e9nesis Bag\u00f3 en las Jornadas de Buiatr\u00eda 2025","author":"La Hora del Campo","date":"10 junio, 2025","format":false,"excerpt":"En el marco de las Jornadas Uruguayas de Buiatr\u00eda 2025, que se celebrar\u00e1 los d\u00edas 12 y 13 de junio en el sal\u00f3n EGEO, Paysand\u00fa, Uruguay, Biog\u00e9nesis Bag\u00f3 presentar\u00e1 una doble propuesta que promete captar la atenci\u00f3n de veterinarios, productores y especialistas del sector. Una charla t\u00e9cnica exclusiva a cargo\u2026","rel":"","context":"En \u00abActualidad\u00bb","block_context":{"text":"Actualidad","link":"https:\/\/lahoradelcampo.com.uy\/site\/category\/actualidad\/"},"img":{"alt_text":"","src":"https:\/\/i0.wp.com\/lahoradelcampo.com.uy\/site\/wp-content\/uploads\/2025\/06\/Ignacio-Arrospide.jpg?fit=880%2C440&ssl=1&resize=350%2C200","width":350,"height":200,"srcset":"https:\/\/i0.wp.com\/lahoradelcampo.com.uy\/site\/wp-content\/uploads\/2025\/06\/Ignacio-Arrospide.jpg?fit=880%2C440&ssl=1&resize=350%2C200 1x, https:\/\/i0.wp.com\/lahoradelcampo.com.uy\/site\/wp-content\/uploads\/2025\/06\/Ignacio-Arrospide.jpg?fit=880%2C440&ssl=1&resize=525%2C300 1.5x, https:\/\/i0.wp.com\/lahoradelcampo.com.uy\/site\/wp-content\/uploads\/2025\/06\/Ignacio-Arrospide.jpg?fit=880%2C440&ssl=1&resize=700%2C400 2x"},"classes":[]}],"jetpack_likes_enabled":true,"_links":{"self":[{"href":"https:\/\/lahoradelcampo.com.uy\/site\/wp-json\/wp\/v2\/posts\/53702","targetHints":{"allow":["GET"]}}],"collection":[{"href":"https:\/\/lahoradelcampo.com.uy\/site\/wp-json\/wp\/v2\/posts"}],"about":[{"href":"https:\/\/lahoradelcampo.com.uy\/site\/wp-json\/wp\/v2\/types\/post"}],"author":[{"embeddable":true,"href":"https:\/\/lahoradelcampo.com.uy\/site\/wp-json\/wp\/v2\/users\/5"}],"replies":[{"embeddable":true,"href":"https:\/\/lahoradelcampo.com.uy\/site\/wp-json\/wp\/v2\/comments?post=53702"}],"version-history":[{"count":1,"href":"https:\/\/lahoradelcampo.com.uy\/site\/wp-json\/wp\/v2\/posts\/53702\/revisions"}],"predecessor-version":[{"id":53704,"href":"https:\/\/lahoradelcampo.com.uy\/site\/wp-json\/wp\/v2\/posts\/53702\/revisions\/53704"}],"wp:featuredmedia":[{"embeddable":true,"href":"https:\/\/lahoradelcampo.com.uy\/site\/wp-json\/wp\/v2\/media\/53703"}],"wp:attachment":[{"href":"https:\/\/lahoradelcampo.com.uy\/site\/wp-json\/wp\/v2\/media?parent=53702"}],"wp:term":[{"taxonomy":"category","embeddable":true,"href":"https:\/\/lahoradelcampo.com.uy\/site\/wp-json\/wp\/v2\/categories?post=53702"},{"taxonomy":"post_tag","embeddable":true,"href":"https:\/\/lahoradelcampo.com.uy\/site\/wp-json\/wp\/v2\/tags?post=53702"}],"curies":[{"name":"wp","href":"https:\/\/api.w.org\/{rel}","templated":true}]}}