{"id":53699,"date":"2024-04-04T06:57:05","date_gmt":"2024-04-04T09:57:05","guid":{"rendered":"http:\/\/lahoradelcampo.com.uy\/site\/?p=53699"},"modified":"2024-04-04T06:57:07","modified_gmt":"2024-04-04T09:57:07","slug":"inspecciones-de-criollos-para-el-mes-de-abril-en-el-norte","status":"publish","type":"post","link":"https:\/\/lahoradelcampo.com.uy\/site\/inspecciones-de-criollos-para-el-mes-de-abril-en-el-norte\/","title":{"rendered":"Inspecciones de criollos para el mes de abril en el norte"},"content":{"rendered":"\n<figure class=\"wp-block-image size-full\"><a href=\"https:\/\/i0.wp.com\/lahoradelcampo.com.uy\/site\/wp-content\/uploads\/2024\/04\/criollos-inspecciones.jpg\"><img data-recalc-dims=\"1\" loading=\"lazy\" decoding=\"async\" width=\"810\" height=\"405\" data-attachment-id=\"53700\" data-permalink=\"https:\/\/lahoradelcampo.com.uy\/site\/inspecciones-de-criollos-para-el-mes-de-abril-en-el-norte\/criollos-inspecciones\/\" data-orig-file=\"https:\/\/i0.wp.com\/lahoradelcampo.com.uy\/site\/wp-content\/uploads\/2024\/04\/criollos-inspecciones.jpg?fit=880%2C440&amp;ssl=1\" data-orig-size=\"880,440\" data-comments-opened=\"1\" data-image-meta=\"{&quot;aperture&quot;:&quot;0&quot;,&quot;credit&quot;:&quot;&quot;,&quot;camera&quot;:&quot;&quot;,&quot;caption&quot;:&quot;&quot;,&quot;created_timestamp&quot;:&quot;0&quot;,&quot;copyright&quot;:&quot;&quot;,&quot;focal_length&quot;:&quot;0&quot;,&quot;iso&quot;:&quot;0&quot;,&quot;shutter_speed&quot;:&quot;0&quot;,&quot;title&quot;:&quot;&quot;,&quot;orientation&quot;:&quot;1&quot;}\" data-image-title=\"criollos-inspecciones\" data-image-description=\"\" data-image-caption=\"\" data-large-file=\"https:\/\/i0.wp.com\/lahoradelcampo.com.uy\/site\/wp-content\/uploads\/2024\/04\/criollos-inspecciones.jpg?fit=810%2C405&amp;ssl=1\" src=\"https:\/\/i0.wp.com\/lahoradelcampo.com.uy\/site\/wp-content\/uploads\/2024\/04\/criollos-inspecciones.jpg?resize=810%2C405\" alt=\"\" class=\"wp-image-53700\" srcset=\"https:\/\/i0.wp.com\/lahoradelcampo.com.uy\/site\/wp-content\/uploads\/2024\/04\/criollos-inspecciones.jpg?w=880&amp;ssl=1 880w, https:\/\/i0.wp.com\/lahoradelcampo.com.uy\/site\/wp-content\/uploads\/2024\/04\/criollos-inspecciones.jpg?resize=300%2C150&amp;ssl=1 300w, https:\/\/i0.wp.com\/lahoradelcampo.com.uy\/site\/wp-content\/uploads\/2024\/04\/criollos-inspecciones.jpg?resize=768%2C384&amp;ssl=1 768w, https:\/\/i0.wp.com\/lahoradelcampo.com.uy\/site\/wp-content\/uploads\/2024\/04\/criollos-inspecciones.jpg?resize=820%2C410&amp;ssl=1 820w\" sizes=\"auto, (max-width: 810px) 100vw, 810px\" \/><\/a><\/figure>\n\n\n\n<p>Seg\u00fan se inform\u00f3 por la Sociedad de Criadores de Caballos Criollos del Uruguay (SCCCU), en la jornada de hoy, jueves 4 de abril, Mario Musto ser\u00e1 quien realice inspecciones en el predio de Eduardo Mattiauda en Paysand\u00fa. En tanto que ma\u00f1ana viernes 5 se trendr\u00e1 inspecciones en \u00abLa Pac\u00edfica\u00bb y en \u00abEl Cardo\u00bb por parte de Miguel Larriera, cerrando la semana el s\u00e1bado 6 se inspecciona en el local Chiflero de Artigas por parte de Renzo Mazzilli.<\/p>\n\n\n\n<p>Los trabajos de inspecciones en el norte contin\u00faan el 11 de abril, a cargo de Guillermo Sanguinetti, en \u00abEl Totoral\u00bb. El 17 de abril Mauricio Alfonso realizar\u00e1 inspecciones en el local Gastel\u00fa y en \u00abSalpay\u00bb, mientras que el 22 de abril Renzo Mazzilli inspeccionar\u00e1 en \u00abSan Telmo\u00bb y en el predio de las Hnas. Iewdikow.<\/p>\n\n\n\n<p>El 24 de abril, se realizan las \u00faltimas inspecciones del mes en el norte, en la Rural de Tacuaremb\u00f3 y en el predio \u00abLa Navidad\u00bb a cargo de Mauricio Cuello.<\/p>\n\n\n\n<p>Salto, 4 de abril de 2024<\/p>\n","protected":false},"excerpt":{"rendered":"<p>Seg\u00fan se inform\u00f3 por la Sociedad de Criadores de Caballos Criollos del Uruguay (SCCCU), en la jornada de hoy, jueves 4 de abril, Mario Musto ser\u00e1 quien realice inspecciones en [&hellip;]<\/p>\n","protected":false},"author":5,"featured_media":53700,"comment_status":"open","ping_status":"open","sticky":false,"template":"","format":"standard","meta":{"_price":"","_stock":"","_tribe_ticket_header":"","_tribe_default_ticket_provider":"","_tribe_ticket_capacity":"0","_ticket_start_date":"","_ticket_end_date":"","_tribe_ticket_show_description":"","_tribe_ticket_show_not_going":false,"_tribe_ticket_use_global_stock":"","_tribe_ticket_global_stock_level":"","_global_stock_mode":"","_global_stock_cap":"","_tribe_rsvp_for_event":"","_tribe_ticket_going_count":"","_tribe_ticket_not_going_count":"","_tribe_tickets_list":"[]","_tribe_ticket_has_attendee_info_fields":false,"h5ap_radio_sources":[],"_jetpack_newsletter_access":"","_jetpack_dont_email_post_to_subs":false,"_jetpack_newsletter_tier_id":0,"_jetpack_memberships_contains_paywalled_content":false,"_jetpack_memberships_contains_paid_content":false,"footnotes":""},"categories":[21,23],"tags":[],"class_list":["post-53699","post","type-post","status-publish","format-standard","has-post-thumbnail","hentry","category-actualidad","category-equinos"],"jetpack_featured_media_url":"https:\/\/i0.wp.com\/lahoradelcampo.com.uy\/site\/wp-content\/uploads\/2024\/04\/criollos-inspecciones.jpg?fit=880%2C440&ssl=1","jetpack_sharing_enabled":true,"jetpack_shortlink":"https:\/\/wp.me\/p99IaT-dY7","jetpack-related-posts":[{"id":40417,"url":"https:\/\/lahoradelcampo.com.uy\/site\/comenzaron-las-inspecciones-de-criollos-2\/","url_meta":{"origin":53699,"position":0},"title":"Comenzaron las inspecciones de criollos","author":"La Hora del Campo","date":"30 marzo, 2022","format":false,"excerpt":"Comenz\u00f3 una nueva gira de Inspecciones de la Sociedad de Criadores de Caballos Criollos del Uruguay, que se extender\u00e1 hasta el 30 de abril. En esta oportunidad se inspecciona la generaci\u00f3n 2019 o de a\u00f1os anteriores. El mi\u00e9rcoles 6 de abril comenzar\u00e1n los trabajos en el norte, a partir de\u2026","rel":"","context":"En \u00abActualidad\u00bb","block_context":{"text":"Actualidad","link":"https:\/\/lahoradelcampo.com.uy\/site\/category\/actualidad\/"},"img":{"alt_text":"","src":"https:\/\/i0.wp.com\/lahoradelcampo.com.uy\/site\/wp-content\/uploads\/2021\/03\/criollos1.jpg?fit=880%2C440&ssl=1&resize=350%2C200","width":350,"height":200,"srcset":"https:\/\/i0.wp.com\/lahoradelcampo.com.uy\/site\/wp-content\/uploads\/2021\/03\/criollos1.jpg?fit=880%2C440&ssl=1&resize=350%2C200 1x, https:\/\/i0.wp.com\/lahoradelcampo.com.uy\/site\/wp-content\/uploads\/2021\/03\/criollos1.jpg?fit=880%2C440&ssl=1&resize=525%2C300 1.5x, https:\/\/i0.wp.com\/lahoradelcampo.com.uy\/site\/wp-content\/uploads\/2021\/03\/criollos1.jpg?fit=880%2C440&ssl=1&resize=700%2C400 2x"},"classes":[]},{"id":49482,"url":"https:\/\/lahoradelcampo.com.uy\/site\/calendario-de-inspecciones-de-caballos-criollos\/","url_meta":{"origin":53699,"position":1},"title":"Calendario de inspecciones de caballos criollos","author":"La Hora del Campo","date":"26 marzo, 2023","format":false,"excerpt":"La Sociedad de Criadores de Caballos Criollos del Uruguay ha anunciado su calendario de inspecciones 2023, en el cual se visitarias distintos puntos del pa\u00eds, donde los inspectores de la SCCCU examinar\u00e1n caballos criollos para determinar si cumplen con los est\u00e1ndares de la raza. En el litoral norte del pa\u00eds,\u2026","rel":"","context":"En \u00abActualidad\u00bb","block_context":{"text":"Actualidad","link":"https:\/\/lahoradelcampo.com.uy\/site\/category\/actualidad\/"},"img":{"alt_text":"","src":"https:\/\/i0.wp.com\/lahoradelcampo.com.uy\/site\/wp-content\/uploads\/2020\/08\/criollosinspeccionesweb.jpg?fit=880%2C440&ssl=1&resize=350%2C200","width":350,"height":200,"srcset":"https:\/\/i0.wp.com\/lahoradelcampo.com.uy\/site\/wp-content\/uploads\/2020\/08\/criollosinspeccionesweb.jpg?fit=880%2C440&ssl=1&resize=350%2C200 1x, https:\/\/i0.wp.com\/lahoradelcampo.com.uy\/site\/wp-content\/uploads\/2020\/08\/criollosinspeccionesweb.jpg?fit=880%2C440&ssl=1&resize=525%2C300 1.5x, https:\/\/i0.wp.com\/lahoradelcampo.com.uy\/site\/wp-content\/uploads\/2020\/08\/criollosinspeccionesweb.jpg?fit=880%2C440&ssl=1&resize=700%2C400 2x"},"classes":[]},{"id":6331,"url":"https:\/\/lahoradelcampo.com.uy\/site\/comenzaron-las-inspecciones-de-criollos\/","url_meta":{"origin":53699,"position":2},"title":"Comenzaron las inspecciones de criollos","author":"La Hora del Campo","date":"2 abril, 2018","format":false,"excerpt":"Comenz\u00f3 la tradicional actividad de inspecciones que realiza todos los a\u00f1os la Sociedad de Criadores de Caballos Criollos del Uruguay (Scccu) por todo el pa\u00eds, durante este mes de abril. Aqu\u00ed en el litoral norte del pa\u00eds, las actividades comenzaran a partir de este mi\u00e9rcoles en Paysand\u00fa. Inspecciones: Mi\u00e9rcoles 4:\u2026","rel":"","context":"En \u00abActualidad\u00bb","block_context":{"text":"Actualidad","link":"https:\/\/lahoradelcampo.com.uy\/site\/category\/actualidad\/"},"img":{"alt_text":"","src":"https:\/\/i0.wp.com\/lahoradelcampo.com.uy\/site\/wp-content\/uploads\/2018\/04\/criollos.jpg?fit=880%2C440&ssl=1&resize=350%2C200","width":350,"height":200,"srcset":"https:\/\/i0.wp.com\/lahoradelcampo.com.uy\/site\/wp-content\/uploads\/2018\/04\/criollos.jpg?fit=880%2C440&ssl=1&resize=350%2C200 1x, https:\/\/i0.wp.com\/lahoradelcampo.com.uy\/site\/wp-content\/uploads\/2018\/04\/criollos.jpg?fit=880%2C440&ssl=1&resize=525%2C300 1.5x, https:\/\/i0.wp.com\/lahoradelcampo.com.uy\/site\/wp-content\/uploads\/2018\/04\/criollos.jpg?fit=880%2C440&ssl=1&resize=700%2C400 2x"},"classes":[]},{"id":28344,"url":"https:\/\/lahoradelcampo.com.uy\/site\/criollos-comenzaron-inspecciones-esta-semana\/","url_meta":{"origin":53699,"position":3},"title":"Criollos comenzaron  inspecciones esta semana","author":"La Hora del Campo","date":"9 marzo, 2021","format":false,"excerpt":"La Sociedad de Criadores de Caballos Criollos del Uruguay (SCCCU) comenz\u00f3 una larga agenda de inspecciones que se realizaran en todo el pa\u00eds durante lo que resta de marzo y parte del mes de abril. Esta semana la agenda est\u00e1 prevista para el departamento de Paysand\u00fa, cuando hablamos del norte.\u2026","rel":"","context":"En \u00abActualidad\u00bb","block_context":{"text":"Actualidad","link":"https:\/\/lahoradelcampo.com.uy\/site\/category\/actualidad\/"},"img":{"alt_text":"","src":"https:\/\/i0.wp.com\/lahoradelcampo.com.uy\/site\/wp-content\/uploads\/2021\/03\/criollos1.jpg?fit=880%2C440&ssl=1&resize=350%2C200","width":350,"height":200,"srcset":"https:\/\/i0.wp.com\/lahoradelcampo.com.uy\/site\/wp-content\/uploads\/2021\/03\/criollos1.jpg?fit=880%2C440&ssl=1&resize=350%2C200 1x, https:\/\/i0.wp.com\/lahoradelcampo.com.uy\/site\/wp-content\/uploads\/2021\/03\/criollos1.jpg?fit=880%2C440&ssl=1&resize=525%2C300 1.5x, https:\/\/i0.wp.com\/lahoradelcampo.com.uy\/site\/wp-content\/uploads\/2021\/03\/criollos1.jpg?fit=880%2C440&ssl=1&resize=700%2C400 2x"},"classes":[]},{"id":21022,"url":"https:\/\/lahoradelcampo.com.uy\/site\/criollos-realizan-inspecciones-en-agosto\/","url_meta":{"origin":53699,"position":4},"title":"Criollos realizan inspecciones en agosto","author":"La Hora del Campo","date":"17 junio, 2020","format":false,"excerpt":"La Sociedad de Criadores de Caballos Criollos del Uruguay (SCCCU) confirm\u00f3 que la gira de inspecciones 2020, que tradicionalmente se realiza en el mes de marzo, se realizar\u00e1 en el mes de agosto. La gremial dio a conocer que el viernes 17 de julio vencer\u00e1 el plazo para realizar la\u2026","rel":"","context":"En \u00abActualidad\u00bb","block_context":{"text":"Actualidad","link":"https:\/\/lahoradelcampo.com.uy\/site\/category\/actualidad\/"},"img":{"alt_text":"","src":"https:\/\/i0.wp.com\/lahoradelcampo.com.uy\/site\/wp-content\/uploads\/2017\/09\/Criollos-ingreso.jpg?fit=880%2C440&ssl=1&resize=350%2C200","width":350,"height":200,"srcset":"https:\/\/i0.wp.com\/lahoradelcampo.com.uy\/site\/wp-content\/uploads\/2017\/09\/Criollos-ingreso.jpg?fit=880%2C440&ssl=1&resize=350%2C200 1x, https:\/\/i0.wp.com\/lahoradelcampo.com.uy\/site\/wp-content\/uploads\/2017\/09\/Criollos-ingreso.jpg?fit=880%2C440&ssl=1&resize=525%2C300 1.5x, https:\/\/i0.wp.com\/lahoradelcampo.com.uy\/site\/wp-content\/uploads\/2017\/09\/Criollos-ingreso.jpg?fit=880%2C440&ssl=1&resize=700%2C400 2x"},"classes":[]},{"id":36293,"url":"https:\/\/lahoradelcampo.com.uy\/site\/scccu-se-encuentra-realizando-inspecciones-en-europa\/","url_meta":{"origin":53699,"position":5},"title":"SCCCU se encuentra realizando inspecciones en Europa","author":"La Hora del Campo","date":"5 noviembre, 2021","format":false,"excerpt":"El Dr. Mart\u00edn Gurm\u00e9ndez, integrante de la Sociedad de Criadores de Caballos Criollos del Uruguay (SCCCU), se encuentra realizando inspecciones de la raza en Europa. En esta oportunidad acompa\u00f1ado por el Presidente de la Sociedad de Criadores de Caballos Criollos del Uruguay (SCCCU), Diego De Brum. En esta oportunidad se\u2026","rel":"","context":"En \u00abActualidad\u00bb","block_context":{"text":"Actualidad","link":"https:\/\/lahoradelcampo.com.uy\/site\/category\/actualidad\/"},"img":{"alt_text":"","src":"https:\/\/i0.wp.com\/lahoradelcampo.com.uy\/site\/wp-content\/uploads\/2021\/11\/Criollos-europa.jpg?fit=880%2C440&ssl=1&resize=350%2C200","width":350,"height":200,"srcset":"https:\/\/i0.wp.com\/lahoradelcampo.com.uy\/site\/wp-content\/uploads\/2021\/11\/Criollos-europa.jpg?fit=880%2C440&ssl=1&resize=350%2C200 1x, https:\/\/i0.wp.com\/lahoradelcampo.com.uy\/site\/wp-content\/uploads\/2021\/11\/Criollos-europa.jpg?fit=880%2C440&ssl=1&resize=525%2C300 1.5x, https:\/\/i0.wp.com\/lahoradelcampo.com.uy\/site\/wp-content\/uploads\/2021\/11\/Criollos-europa.jpg?fit=880%2C440&ssl=1&resize=700%2C400 2x"},"classes":[]}],"jetpack_likes_enabled":true,"_links":{"self":[{"href":"https:\/\/lahoradelcampo.com.uy\/site\/wp-json\/wp\/v2\/posts\/53699","targetHints":{"allow":["GET"]}}],"collection":[{"href":"https:\/\/lahoradelcampo.com.uy\/site\/wp-json\/wp\/v2\/posts"}],"about":[{"href":"https:\/\/lahoradelcampo.com.uy\/site\/wp-json\/wp\/v2\/types\/post"}],"author":[{"embeddable":true,"href":"https:\/\/lahoradelcampo.com.uy\/site\/wp-json\/wp\/v2\/users\/5"}],"replies":[{"embeddable":true,"href":"https:\/\/lahoradelcampo.com.uy\/site\/wp-json\/wp\/v2\/comments?post=53699"}],"version-history":[{"count":1,"href":"https:\/\/lahoradelcampo.com.uy\/site\/wp-json\/wp\/v2\/posts\/53699\/revisions"}],"predecessor-version":[{"id":53701,"href":"https:\/\/lahoradelcampo.com.uy\/site\/wp-json\/wp\/v2\/posts\/53699\/revisions\/53701"}],"wp:featuredmedia":[{"embeddable":true,"href":"https:\/\/lahoradelcampo.com.uy\/site\/wp-json\/wp\/v2\/media\/53700"}],"wp:attachment":[{"href":"https:\/\/lahoradelcampo.com.uy\/site\/wp-json\/wp\/v2\/media?parent=53699"}],"wp:term":[{"taxonomy":"category","embeddable":true,"href":"https:\/\/lahoradelcampo.com.uy\/site\/wp-json\/wp\/v2\/categories?post=53699"},{"taxonomy":"post_tag","embeddable":true,"href":"https:\/\/lahoradelcampo.com.uy\/site\/wp-json\/wp\/v2\/tags?post=53699"}],"curies":[{"name":"wp","href":"https:\/\/api.w.org\/{rel}","templated":true}]}}