{"id":53696,"date":"2024-04-04T06:52:22","date_gmt":"2024-04-04T09:52:22","guid":{"rendered":"http:\/\/lahoradelcampo.com.uy\/site\/?p=53696"},"modified":"2024-04-04T06:52:25","modified_gmt":"2024-04-04T09:52:25","slug":"riego-en-sistemas-horticolas-ganaderos","status":"publish","type":"post","link":"https:\/\/lahoradelcampo.com.uy\/site\/riego-en-sistemas-horticolas-ganaderos\/","title":{"rendered":"Riego en sistemas hort\u00edcolas-ganaderos"},"content":{"rendered":"\n<figure class=\"wp-block-image size-full\"><a href=\"https:\/\/i0.wp.com\/lahoradelcampo.com.uy\/site\/wp-content\/uploads\/2024\/04\/grilli-riego.jpg\"><img data-recalc-dims=\"1\" loading=\"lazy\" decoding=\"async\" width=\"810\" height=\"405\" data-attachment-id=\"53697\" data-permalink=\"https:\/\/lahoradelcampo.com.uy\/site\/riego-en-sistemas-horticolas-ganaderos\/grilli-riego\/\" data-orig-file=\"https:\/\/i0.wp.com\/lahoradelcampo.com.uy\/site\/wp-content\/uploads\/2024\/04\/grilli-riego.jpg?fit=880%2C440&amp;ssl=1\" data-orig-size=\"880,440\" data-comments-opened=\"1\" data-image-meta=\"{&quot;aperture&quot;:&quot;0&quot;,&quot;credit&quot;:&quot;&quot;,&quot;camera&quot;:&quot;&quot;,&quot;caption&quot;:&quot;&quot;,&quot;created_timestamp&quot;:&quot;0&quot;,&quot;copyright&quot;:&quot;&quot;,&quot;focal_length&quot;:&quot;0&quot;,&quot;iso&quot;:&quot;0&quot;,&quot;shutter_speed&quot;:&quot;0&quot;,&quot;title&quot;:&quot;&quot;,&quot;orientation&quot;:&quot;1&quot;}\" data-image-title=\"grilli-riego\" data-image-description=\"\" data-image-caption=\"\" data-large-file=\"https:\/\/i0.wp.com\/lahoradelcampo.com.uy\/site\/wp-content\/uploads\/2024\/04\/grilli-riego.jpg?fit=810%2C405&amp;ssl=1\" src=\"https:\/\/i0.wp.com\/lahoradelcampo.com.uy\/site\/wp-content\/uploads\/2024\/04\/grilli-riego.jpg?resize=810%2C405\" alt=\"\" class=\"wp-image-53697\" srcset=\"https:\/\/i0.wp.com\/lahoradelcampo.com.uy\/site\/wp-content\/uploads\/2024\/04\/grilli-riego.jpg?w=880&amp;ssl=1 880w, https:\/\/i0.wp.com\/lahoradelcampo.com.uy\/site\/wp-content\/uploads\/2024\/04\/grilli-riego.jpg?resize=300%2C150&amp;ssl=1 300w, https:\/\/i0.wp.com\/lahoradelcampo.com.uy\/site\/wp-content\/uploads\/2024\/04\/grilli-riego.jpg?resize=768%2C384&amp;ssl=1 768w, https:\/\/i0.wp.com\/lahoradelcampo.com.uy\/site\/wp-content\/uploads\/2024\/04\/grilli-riego.jpg?resize=820%2C410&amp;ssl=1 820w\" sizes=\"auto, (max-width: 810px) 100vw, 810px\" \/><\/a><\/figure>\n\n\n\n<p>El programa \u00abRegando la ganader\u00eda del norte\u00bb, convoca para el viernes 12 de abril en el establecimiento de la familia Grilli-Ferreira, en la Colonia Osimani &amp; Llerena, donde se presentaran los resultados de tres a\u00f1os de evaluaci\u00f3n del \u00abriego de forraje en sistemas hort\u00edcolas-ganaderos.<\/p>\n\n\n\n<p>En la particularidad de este predio, de acuerdo a la informaci\u00f3n brindada en jornadas anteriores, se riega pasto elefante para la alimentaci\u00f3n del ganado vacuno.<\/p>\n\n\n\n<p>La jornada es gratuita, abierta a todo p\u00fablico y comenzar\u00e1 a las 16 horas. Desde el programa se solicita la inscripci\u00f3n previa a trav\u00e9s de la p\u00e1gina web de INIA (inia.uy) para una mejor organizaci\u00f3n.<\/p>\n\n\n\n<p>Salto, 4 de abril de 2024<\/p>\n","protected":false},"excerpt":{"rendered":"<p>El programa \u00abRegando la ganader\u00eda del norte\u00bb, convoca para el viernes 12 de abril en el establecimiento de la familia Grilli-Ferreira, en la Colonia Osimani &amp; Llerena, donde se presentaran [&hellip;]<\/p>\n","protected":false},"author":5,"featured_media":53697,"comment_status":"open","ping_status":"open","sticky":false,"template":"","format":"standard","meta":{"_price":"","_stock":"","_tribe_ticket_header":"","_tribe_default_ticket_provider":"","_tribe_ticket_capacity":"0","_ticket_start_date":"","_ticket_end_date":"","_tribe_ticket_show_description":"","_tribe_ticket_show_not_going":false,"_tribe_ticket_use_global_stock":"","_tribe_ticket_global_stock_level":"","_global_stock_mode":"","_global_stock_cap":"","_tribe_rsvp_for_event":"","_tribe_ticket_going_count":"","_tribe_ticket_not_going_count":"","_tribe_tickets_list":"[]","_tribe_ticket_has_attendee_info_fields":false,"h5ap_radio_sources":[],"_jetpack_newsletter_access":"","_jetpack_dont_email_post_to_subs":false,"_jetpack_newsletter_tier_id":0,"_jetpack_memberships_contains_paywalled_content":false,"_jetpack_memberships_contains_paid_content":false,"footnotes":""},"categories":[21,5],"tags":[],"class_list":["post-53696","post","type-post","status-publish","format-standard","has-post-thumbnail","hentry","category-actualidad","category-ganaderia"],"jetpack_featured_media_url":"https:\/\/i0.wp.com\/lahoradelcampo.com.uy\/site\/wp-content\/uploads\/2024\/04\/grilli-riego.jpg?fit=880%2C440&ssl=1","jetpack_sharing_enabled":true,"jetpack_shortlink":"https:\/\/wp.me\/p99IaT-dY4","jetpack-related-posts":[{"id":49862,"url":"https:\/\/lahoradelcampo.com.uy\/site\/rubros-horticolas-bajo-riego-mantienen-su-nivel-de-produccion-en-salto\/","url_meta":{"origin":53696,"position":0},"title":"Rubros hort\u00edcolas bajo riego mantienen su nivel de producci\u00f3n en Salto","author":"La Hora del Campo","date":"11 abril, 2023","format":false,"excerpt":"El sector agropecuario se ha visto afectado negativamente por la sequ\u00eda. En el caso de los rubros hort\u00edcolas, los mayores impactos han sido en los cultivos de secano donde se han registrado rendimientos muy bajos y, en algunos casos no se llegaron a implantar. Sin embargo, los cultivos bajo cobertura\u2026","rel":"","context":"En \u00abActualidad\u00bb","block_context":{"text":"Actualidad","link":"https:\/\/lahoradelcampo.com.uy\/site\/category\/actualidad\/"},"img":{"alt_text":"","src":"https:\/\/i0.wp.com\/lahoradelcampo.com.uy\/site\/wp-content\/uploads\/2020\/06\/Italo-tenca-web.jpg?fit=880%2C440&ssl=1&resize=350%2C200","width":350,"height":200,"srcset":"https:\/\/i0.wp.com\/lahoradelcampo.com.uy\/site\/wp-content\/uploads\/2020\/06\/Italo-tenca-web.jpg?fit=880%2C440&ssl=1&resize=350%2C200 1x, https:\/\/i0.wp.com\/lahoradelcampo.com.uy\/site\/wp-content\/uploads\/2020\/06\/Italo-tenca-web.jpg?fit=880%2C440&ssl=1&resize=525%2C300 1.5x, https:\/\/i0.wp.com\/lahoradelcampo.com.uy\/site\/wp-content\/uploads\/2020\/06\/Italo-tenca-web.jpg?fit=880%2C440&ssl=1&resize=700%2C400 2x"},"classes":[]},{"id":47479,"url":"https:\/\/lahoradelcampo.com.uy\/site\/destacada-jornada-sobre-riego-en-sistemas-ganaderos-se-realizo-en-artigas\/","url_meta":{"origin":53696,"position":1},"title":"Destacada jornada sobre riego en sistemas ganaderos se realiz\u00f3 en Artigas","author":"La Hora del Campo","date":"6 diciembre, 2022","format":false,"excerpt":"Con la presencia del Ministro de Ganader\u00eda, Agricultura y Pesca, Ing. Agr. Fernando Mattos, entre los 106 participantes, se realiz\u00f3 en la jornada de ayer la segunda reuni\u00f3n del proyecto Regando la Ganader\u00eda del Norte. Recordemos que la primera se realiz\u00f3 a mediados de a\u00f1o en el predio de la\u2026","rel":"","context":"En \u00abActualidad\u00bb","block_context":{"text":"Actualidad","link":"https:\/\/lahoradelcampo.com.uy\/site\/category\/actualidad\/"},"img":{"alt_text":"","src":"https:\/\/i0.wp.com\/lahoradelcampo.com.uy\/site\/wp-content\/uploads\/2022\/12\/riegoenartigas.jpg?fit=880%2C440&ssl=1&resize=350%2C200","width":350,"height":200,"srcset":"https:\/\/i0.wp.com\/lahoradelcampo.com.uy\/site\/wp-content\/uploads\/2022\/12\/riegoenartigas.jpg?fit=880%2C440&ssl=1&resize=350%2C200 1x, https:\/\/i0.wp.com\/lahoradelcampo.com.uy\/site\/wp-content\/uploads\/2022\/12\/riegoenartigas.jpg?fit=880%2C440&ssl=1&resize=525%2C300 1.5x, https:\/\/i0.wp.com\/lahoradelcampo.com.uy\/site\/wp-content\/uploads\/2022\/12\/riegoenartigas.jpg?fit=880%2C440&ssl=1&resize=700%2C400 2x"},"classes":[]},{"id":47505,"url":"https:\/\/lahoradelcampo.com.uy\/site\/se-analizara-la-ley-de-riego-para-mejorar-los-beneficios-tributarios\/","url_meta":{"origin":53696,"position":2},"title":"Se analizar\u00e1 la ley de riego para mejorar los beneficios tributarios","author":"La Hora del Campo","date":"7 diciembre, 2022","format":false,"excerpt":"En el intercambio entre los productores y los t\u00e9cnicos, en el medio de las pasturas, se le planteo al ministro Fernando Mattos, la necesidad de pol\u00edticas de impulso al sector para que estos proyectos de riego se extiendan a otros productores ganaderos, partiendo de la base de los altos costos\u2026","rel":"","context":"En \u00abActualidad\u00bb","block_context":{"text":"Actualidad","link":"https:\/\/lahoradelcampo.com.uy\/site\/category\/actualidad\/"},"img":{"alt_text":"","src":"https:\/\/i0.wp.com\/lahoradelcampo.com.uy\/site\/wp-content\/uploads\/2022\/12\/Riego-fajas.jpg?fit=880%2C440&ssl=1&resize=350%2C200","width":350,"height":200,"srcset":"https:\/\/i0.wp.com\/lahoradelcampo.com.uy\/site\/wp-content\/uploads\/2022\/12\/Riego-fajas.jpg?fit=880%2C440&ssl=1&resize=350%2C200 1x, https:\/\/i0.wp.com\/lahoradelcampo.com.uy\/site\/wp-content\/uploads\/2022\/12\/Riego-fajas.jpg?fit=880%2C440&ssl=1&resize=525%2C300 1.5x, https:\/\/i0.wp.com\/lahoradelcampo.com.uy\/site\/wp-content\/uploads\/2022\/12\/Riego-fajas.jpg?fit=880%2C440&ssl=1&resize=700%2C400 2x"},"classes":[]},{"id":53737,"url":"https:\/\/lahoradelcampo.com.uy\/site\/se-presento-la-guia-para-sistemas-ganaderos-climaticamente-inteligentes\/","url_meta":{"origin":53696,"position":3},"title":"Se present\u00f3 la gu\u00eda para sistemas ganaderos clim\u00e1ticamente inteligentes","author":"La Hora del Campo","date":"10 abril, 2024","format":false,"excerpt":"El Instituto Nacional de Investigaci\u00f3n Agropecuaria (INIA), en colaboraci\u00f3n interinstitucional, ha lanzado una herramienta fundamental para la ganader\u00eda uruguaya: la gu\u00eda pr\u00e1ctica para el dise\u00f1o de sistemas ganaderos clim\u00e1ticamente inteligentes. Esta iniciativa surge como parte del Proyecto Ganader\u00eda y Clima, con el objetivo de mejorar y estabilizar los resultados productivos,\u2026","rel":"","context":"En \u00abActualidad\u00bb","block_context":{"text":"Actualidad","link":"https:\/\/lahoradelcampo.com.uy\/site\/category\/actualidad\/"},"img":{"alt_text":"","src":"https:\/\/i0.wp.com\/lahoradelcampo.com.uy\/site\/wp-content\/uploads\/2024\/04\/Guiaganadera.jpg?fit=880%2C440&ssl=1&resize=350%2C200","width":350,"height":200,"srcset":"https:\/\/i0.wp.com\/lahoradelcampo.com.uy\/site\/wp-content\/uploads\/2024\/04\/Guiaganadera.jpg?fit=880%2C440&ssl=1&resize=350%2C200 1x, https:\/\/i0.wp.com\/lahoradelcampo.com.uy\/site\/wp-content\/uploads\/2024\/04\/Guiaganadera.jpg?fit=880%2C440&ssl=1&resize=525%2C300 1.5x, https:\/\/i0.wp.com\/lahoradelcampo.com.uy\/site\/wp-content\/uploads\/2024\/04\/Guiaganadera.jpg?fit=880%2C440&ssl=1&resize=700%2C400 2x"},"classes":[]},{"id":49996,"url":"https:\/\/lahoradelcampo.com.uy\/site\/inia-realizo-actividad-sobre-fertirriego-en-la-colonia-gestido\/","url_meta":{"origin":53696,"position":4},"title":"INIA realiz\u00f3 actividad sobre Fertirriego en la Colonia Gestido","author":"La Hora del Campo","date":"16 abril, 2023","format":false,"excerpt":"INIA Salto Grande organiz\u00f3 una actividad sobre \"Fertirriego en Cultivos Hort\u00edcolas: Manejo del agua y nutrientes basado en herramientas de monitoreo a campo\". El evento se llev\u00f3 a cabo en el predio de la Familia Gallino, en la Colonia Gestido, departamento de Salto, Uruguay. Durante la actividad, se discuti\u00f3 la\u2026","rel":"","context":"En \u00abActualidad\u00bb","block_context":{"text":"Actualidad","link":"https:\/\/lahoradelcampo.com.uy\/site\/category\/actualidad\/"},"img":{"alt_text":"","src":"https:\/\/i0.wp.com\/lahoradelcampo.com.uy\/site\/wp-content\/uploads\/2023\/04\/INIA-fertirriego.jpg?fit=880%2C440&ssl=1&resize=350%2C200","width":350,"height":200,"srcset":"https:\/\/i0.wp.com\/lahoradelcampo.com.uy\/site\/wp-content\/uploads\/2023\/04\/INIA-fertirriego.jpg?fit=880%2C440&ssl=1&resize=350%2C200 1x, https:\/\/i0.wp.com\/lahoradelcampo.com.uy\/site\/wp-content\/uploads\/2023\/04\/INIA-fertirriego.jpg?fit=880%2C440&ssl=1&resize=525%2C300 1.5x, https:\/\/i0.wp.com\/lahoradelcampo.com.uy\/site\/wp-content\/uploads\/2023\/04\/INIA-fertirriego.jpg?fit=880%2C440&ssl=1&resize=700%2C400 2x"},"classes":[]},{"id":55138,"url":"https:\/\/lahoradelcampo.com.uy\/site\/el-riego-como-clave-para-transformar-la-ganaderia-en-el-norte\/","url_meta":{"origin":53696,"position":5},"title":"El riego como clave para transformar la ganader\u00eda en el norte","author":"La Hora del Campo","date":"19 noviembre, 2024","format":false,"excerpt":"El pasado 9 de noviembre se realiz\u00f3 en la Estaci\u00f3n Experimental INIA Salto Grande, una jornada denominada \"Experiencias y oportunidades del Riego para el Norte del pa\u00eds\". La misma tuvo como objetivo presentar los \u00faltimos resultados y el cierre del proyecto en el predio de la familia Grilli, en la\u2026","rel":"","context":"En \u00abActualidad\u00bb","block_context":{"text":"Actualidad","link":"https:\/\/lahoradelcampo.com.uy\/site\/category\/actualidad\/"},"img":{"alt_text":"","src":"https:\/\/i0.wp.com\/lahoradelcampo.com.uy\/site\/wp-content\/uploads\/2024\/11\/INIA-Riegojornada.jpg?fit=880%2C440&ssl=1&resize=350%2C200","width":350,"height":200,"srcset":"https:\/\/i0.wp.com\/lahoradelcampo.com.uy\/site\/wp-content\/uploads\/2024\/11\/INIA-Riegojornada.jpg?fit=880%2C440&ssl=1&resize=350%2C200 1x, https:\/\/i0.wp.com\/lahoradelcampo.com.uy\/site\/wp-content\/uploads\/2024\/11\/INIA-Riegojornada.jpg?fit=880%2C440&ssl=1&resize=525%2C300 1.5x, https:\/\/i0.wp.com\/lahoradelcampo.com.uy\/site\/wp-content\/uploads\/2024\/11\/INIA-Riegojornada.jpg?fit=880%2C440&ssl=1&resize=700%2C400 2x"},"classes":[]}],"jetpack_likes_enabled":true,"_links":{"self":[{"href":"https:\/\/lahoradelcampo.com.uy\/site\/wp-json\/wp\/v2\/posts\/53696","targetHints":{"allow":["GET"]}}],"collection":[{"href":"https:\/\/lahoradelcampo.com.uy\/site\/wp-json\/wp\/v2\/posts"}],"about":[{"href":"https:\/\/lahoradelcampo.com.uy\/site\/wp-json\/wp\/v2\/types\/post"}],"author":[{"embeddable":true,"href":"https:\/\/lahoradelcampo.com.uy\/site\/wp-json\/wp\/v2\/users\/5"}],"replies":[{"embeddable":true,"href":"https:\/\/lahoradelcampo.com.uy\/site\/wp-json\/wp\/v2\/comments?post=53696"}],"version-history":[{"count":1,"href":"https:\/\/lahoradelcampo.com.uy\/site\/wp-json\/wp\/v2\/posts\/53696\/revisions"}],"predecessor-version":[{"id":53698,"href":"https:\/\/lahoradelcampo.com.uy\/site\/wp-json\/wp\/v2\/posts\/53696\/revisions\/53698"}],"wp:featuredmedia":[{"embeddable":true,"href":"https:\/\/lahoradelcampo.com.uy\/site\/wp-json\/wp\/v2\/media\/53697"}],"wp:attachment":[{"href":"https:\/\/lahoradelcampo.com.uy\/site\/wp-json\/wp\/v2\/media?parent=53696"}],"wp:term":[{"taxonomy":"category","embeddable":true,"href":"https:\/\/lahoradelcampo.com.uy\/site\/wp-json\/wp\/v2\/categories?post=53696"},{"taxonomy":"post_tag","embeddable":true,"href":"https:\/\/lahoradelcampo.com.uy\/site\/wp-json\/wp\/v2\/tags?post=53696"}],"curies":[{"name":"wp","href":"https:\/\/api.w.org\/{rel}","templated":true}]}}